{"id":16266,"date":"2024-11-16T06:48:10","date_gmt":"2024-11-16T05:48:10","guid":{"rendered":"https:\/\/footdavant.fr\/actualites\/nouvelles-du-transfert-de-man-united-les-red-devils-envisagent-des-mouvements-pour-deux-defenseurs-tres-apprecies-de-la-premier-league\/"},"modified":"2024-11-16T06:48:11","modified_gmt":"2024-11-16T05:48:11","slug":"nouvelles-du-transfert-de-man-united-les-red-devils-envisagent-des-mouvements-pour-deux-defenseurs-tres-apprecies-de-la-premier-league","status":"publish","type":"post","link":"https:\/\/footdavant.fr\/actualites\/nouvelles-du-transfert-de-man-united-les-red-devils-envisagent-des-mouvements-pour-deux-defenseurs-tres-apprecies-de-la-premier-league\/","title":{"rendered":"Nouvelles du transfert de Man United: les Red Devils envisagent des mouvements pour deux d\u00e9fenseurs tr\u00e8s appr\u00e9ci\u00e9s de la Premier League"},"content":{"rendered":"<p>Manchester United pourrait remplacer le d\u00e9fenseur central d&#39;Everton Jarrad Branthwaite et l&#39;arri\u00e8re gauche de Bournemouth Milos Kerkez l&#39;\u00e9t\u00e9 prochain.<\/p>\n<div id=\"article_body\" itemprop=\"articleBody\">\n<h3 class=\"firstPara\">\n<strong class=\"autotag\">Manchester United<\/strong> aurait pu d\u00e9m\u00e9nager pour <strong class=\"autotag\">Everton<\/strong> d\u00e9fenseur central <strong class=\"autotag\">Jarrad Branthwaite<\/strong> et <strong class=\"autotag\">Bournemouth<\/strong> arri\u00e8re gauche <strong class=\"autotag\">Milos Kerkez<\/strong> lors du mercato de l&#39;\u00e9t\u00e9 prochain.<\/h3>\n<p>Branthwaite \u00e9tait fortement li\u00e9 \u00e0 un d\u00e9m\u00e9nagement \u00e0 Old Trafford lors de la r\u00e9cente fen\u00eatre de transfert, mais l&#39;Anglais a finalement \u00e9t\u00e9 exclu d&#39;un transfert \u00e0 Old Trafford, Everton souhaitant jusqu&#39;\u00e0 75 millions de livres sterling pour ses services.<\/p>\n<p>Man United a plut\u00f4t sign\u00e9 <strong class=\"autotag\">L\u00e9ny Yoro<\/strong> et <strong class=\"autotag\">Matthijs de Ligt<\/strong> pour renforcer leurs options de d\u00e9fenseur central, mais il est fort probable qu&#39;il y aura un autre ajout dans ce domaine lors du march\u00e9 de l&#39;\u00e9t\u00e9 prochain.<\/p>\n<p><strong class=\"autotag\">Victor Lindelof<\/strong>, <strong class=\"autotag\">Harry Maguire<\/strong> et <strong class=\"autotag\">Jonny Evans<\/strong> pourraient tous partir en 2025, ce qui ouvrirait de la place dans l&#39;\u00e9quipe pour un autre d\u00e9fenseur central, et selon <em>FootballTransferts<\/em>Man United a toujours un int\u00e9r\u00eat de longue date pour Branthwaite.<\/p>\n<p>Le rapport affirme que des responsables du club estiment que Branthwaite est id\u00e9al pour le r\u00f4le d&#39;arri\u00e8re central gauche, qui pourrait potentiellement \u00eatre dans les trois derniers si le nouvel entra\u00eeneur-chef <strong class=\"autotag\">Ruben Amorim<\/strong> utilise ce syst\u00e8me \u00e0 Old Trafford.<\/p>\n<p class=\"imgI\">\n<h2 class=\"k3\">Man United \u00ab\u00a0veut Branthwaite et Kerkez l&#39;\u00e9t\u00e9 prochain\u00a0\u00bb<\/h2>\n<p>Branthwaite, 22 ans, a un contrat \u00e0 Goodison Park jusqu&#39;en juin 2027, et on pense qu&#39;Everton maintiendra sa valorisation et ne le laissera probablement pas partir pour moins de 65 millions de livres sterling.<\/p>\n<p>Kerkez, quant \u00e0 lui, a \u00e9galement \u00e9t\u00e9 associ\u00e9 \u00e0 un transfert \u00e0 Old Trafford, et les Diables rouges seraient int\u00e9ress\u00e9s par la signature de l&#39;international hongrois \u00e0 l&#39;\u00e9t\u00e9 2025.<\/p>\n<p>Le joueur de 20 ans a quitt\u00e9 l&#39;AZ Alkmaar pour Bournemouth en juillet 2023 et a repr\u00e9sent\u00e9 les Cherries \u00e0 44 reprises toutes comp\u00e9titions confondues, d\u00e9livrant trois passes d\u00e9cisives.<\/p>\n<p>La performance exceptionnelle de Kerkez cette saison a eu lieu contre Manchester City, le d\u00e9fenseur fournissant deux passes d\u00e9cisives dans un match <strong>Victoire 2-1 pour Bournemouth<\/strong> au Vitality Stadium, tout en impressionnant par sa performance d\u00e9fensive.<\/p>\n<p class=\"imgI\"><img decoding=\"async\" loading=\"lazy\" class=\"l\" src=\"https:\/\/footdavant.fr\/actualites\/wp-content\/uploads\/2024\/11\/1731736090_320_Nouvelles-du-transfert-de-Man-United-les-Red-Devils-envisagent.jpg\" title=\"Le d\u00e9fenseur de Manchester United Luke Shaw le 18 f\u00e9vrier 2024\" alt=\"Le d\u00e9fenseur de Manchester United Luke Shaw le 18 f\u00e9vrier 2024\" width=\"640\" height=\"480\"><\/p>\n<h2 class=\"k3\">Des inqui\u00e9tudes subsistent concernant Shaw et Malacia<\/h2>\n<p><strong class=\"autotag\">Luc Shaw<\/strong> est d\u00e9sormais de retour \u00e0 l&#39;entra\u00eenement complet avec Man United, apr\u00e8s s&#39;\u00eatre remis du probl\u00e8me au mollet qui l&#39;a tenu \u00e0 l&#39;\u00e9cart au cours des premiers mois de la campagne, tandis que <strong class=\"autotag\">Tyrell Malacia<\/strong> pr\u00e9sent\u00e9 pour les moins de 21 ans mardi soir.<\/p>\n<p><strong>Malacia a jou\u00e9 45 minutes du choc de l&#39;\u00e9quipe contre Huddersfield Town en Coupe EFL<\/strong>ce qui s&#39;est av\u00e9r\u00e9 \u00eatre sa premi\u00e8re action depuis mai 2023, apr\u00e8s avoir eu du mal \u00e0 surmonter une grave blessure au genou.<\/p>\n<p>Man United dispose d\u00e9sormais, en th\u00e9orie, de deux arri\u00e8res gauches disponibles, ce qui n&#39;a pas \u00e9t\u00e9 le cas depuis la campagne 2022-23, mais des inqui\u00e9tudes subsistent quant \u00e0 leur forme physique \u00e0 long terme.<\/p>\n<p>En effet, Shaw a \u00e9t\u00e9 aux prises avec un certain nombre de probl\u00e8mes musculaires au cours des derni\u00e8res saisons, alors qu&#39;il n&#39;est pas clair si Malacia sera capable de retrouver le type de niveau de performance dont il a fait preuve lors de sa premi\u00e8re campagne \u00e0 Old Trafford.<\/p>\n<p>En cons\u00e9quence, le club envisagerait de recruter un arri\u00e8re gauche, capable de jouer en tant qu&#39;arri\u00e8re gauche, le nouvel entra\u00eeneur-chef Amorim devant utiliser une formation 3-4-3.<\/p>\n<\/div>\n","protected":false},"excerpt":{"rendered":"<p>Manchester United pourrait remplacer le d\u00e9fenseur central d&#39;Everton Jarrad Branthwaite et l&#39;arri\u00e8re gauche de Bournemouth Milos Kerkez l&#39;\u00e9t\u00e9 prochain. Manchester United aurait pu d\u00e9m\u00e9nager pour<\/p>\n","protected":false},"author":1,"featured_media":16267,"comment_status":"closed","ping_status":"","sticky":false,"template":"","format":"standard","meta":{"footnotes":""},"categories":[5],"tags":[7058,2499,12,857,265,699,202,93,24,4923,461,51,201,536,700,852,13],"yoast_head":"<!-- This site is optimized with the Yoast SEO plugin v21.0 - https:\/\/yoast.com\/wordpress\/plugins\/seo\/ -->\n<title>Nouvelles du transfert de Man United: les Red Devils envisagent des mouvements pour deux d\u00e9fenseurs tr\u00e8s appr\u00e9ci\u00e9s de la Premier League<\/title>\n<meta name=\"robots\" content=\"index, follow, max-snippet:-1, max-image-preview:large, max-video-preview:-1\" \/>\n<link rel=\"canonical\" href=\"https:\/\/footdavant.fr\/actualites\/nouvelles-du-transfert-de-man-united-les-red-devils-envisagent-des-mouvements-pour-deux-defenseurs-tres-apprecies-de-la-premier-league\/\" \/>\n<meta property=\"og:locale\" content=\"fr_FR\" \/>\n<meta property=\"og:type\" content=\"article\" \/>\n<meta property=\"og:title\" content=\"Nouvelles du transfert de Man United: les Red Devils envisagent des mouvements pour deux d\u00e9fenseurs tr\u00e8s appr\u00e9ci\u00e9s de la Premier League\" \/>\n<meta property=\"og:description\" content=\"Manchester United pourrait remplacer le d\u00e9fenseur central d&#039;Everton Jarrad Branthwaite et l&#039;arri\u00e8re gauche de Bournemouth Milos Kerkez l&#039;\u00e9t\u00e9 prochain. Manchester United aurait pu d\u00e9m\u00e9nager pour\" \/>\n<meta property=\"og:url\" content=\"https:\/\/footdavant.fr\/actualites\/nouvelles-du-transfert-de-man-united-les-red-devils-envisagent-des-mouvements-pour-deux-defenseurs-tres-apprecies-de-la-premier-league\/\" \/>\n<meta property=\"og:site_name\" content=\"Foot d&#039;avant\" \/>\n<meta property=\"article:publisher\" content=\"https:\/\/www.facebook.com\/Footdavant\/\" \/>\n<meta property=\"article:published_time\" content=\"2024-11-16T05:48:10+00:00\" \/>\n<meta property=\"article:modified_time\" content=\"2024-11-16T05:48:11+00:00\" \/>\n<meta property=\"og:image\" content=\"https:\/\/footdavant.fr\/actualites\/wp-content\/uploads\/2024\/11\/Nouvelles-du-transfert-de-Man-United-les-Red-Devils-envisagent.jpg\" \/>\n\t<meta property=\"og:image:width\" content=\"640\" \/>\n\t<meta property=\"og:image:height\" content=\"480\" \/>\n\t<meta property=\"og:image:type\" content=\"image\/jpeg\" \/>\n<meta name=\"author\" content=\"Cl\u00e9ment\" \/>\n<meta name=\"twitter:card\" content=\"summary_large_image\" \/>\n<meta name=\"twitter:creator\" content=\"@FootdavantFr\" \/>\n<meta name=\"twitter:site\" content=\"@FootdavantFr\" \/>\n<meta name=\"twitter:label1\" content=\"\u00c9crit par\" \/>\n\t<meta name=\"twitter:data1\" content=\"Cl\u00e9ment\" \/>\n\t<meta name=\"twitter:label2\" content=\"Dur\u00e9e de lecture estim\u00e9e\" \/>\n\t<meta name=\"twitter:data2\" content=\"3 minutes\" \/>\n<script type=\"application\/ld+json\" class=\"yoast-schema-graph\">{\"@context\":\"https:\/\/schema.org\",\"@graph\":[{\"@type\":\"Article\",\"@id\":\"https:\/\/footdavant.fr\/actualites\/nouvelles-du-transfert-de-man-united-les-red-devils-envisagent-des-mouvements-pour-deux-defenseurs-tres-apprecies-de-la-premier-league\/#article\",\"isPartOf\":{\"@id\":\"https:\/\/footdavant.fr\/actualites\/nouvelles-du-transfert-de-man-united-les-red-devils-envisagent-des-mouvements-pour-deux-defenseurs-tres-apprecies-de-la-premier-league\/\"},\"author\":{\"name\":\"Cl\u00e9ment\",\"@id\":\"https:\/\/footdavant.fr\/actualites\/#\/schema\/person\/bc222566d95871b37e597b3ed3ba5e1d\"},\"headline\":\"Nouvelles du transfert de Man United: les Red Devils envisagent des mouvements pour deux d\u00e9fenseurs tr\u00e8s appr\u00e9ci\u00e9s de la Premier League\",\"datePublished\":\"2024-11-16T05:48:10+00:00\",\"dateModified\":\"2024-11-16T05:48:11+00:00\",\"mainEntityOfPage\":{\"@id\":\"https:\/\/footdavant.fr\/actualites\/nouvelles-du-transfert-de-man-united-les-red-devils-envisagent-des-mouvements-pour-deux-defenseurs-tres-apprecies-de-la-premier-league\/\"},\"wordCount\":604,\"publisher\":{\"@id\":\"https:\/\/footdavant.fr\/actualites\/#organization\"},\"keywords\":[\"appr\u00e9ci\u00e9s\",\"d\u00e9fenseurs\",\"des\",\"deux\",\"Devils\",\"envisagent\",\"League\",\"les\",\"Man\",\"mouvements\",\"Nouvelles\",\"pour\",\"Premier\",\"Red\",\"transfert\",\"tr\u00e8s\",\"United\"],\"articleSection\":[\"Premier League\"],\"inLanguage\":\"fr-FR\"},{\"@type\":\"WebPage\",\"@id\":\"https:\/\/footdavant.fr\/actualites\/nouvelles-du-transfert-de-man-united-les-red-devils-envisagent-des-mouvements-pour-deux-defenseurs-tres-apprecies-de-la-premier-league\/\",\"url\":\"https:\/\/footdavant.fr\/actualites\/nouvelles-du-transfert-de-man-united-les-red-devils-envisagent-des-mouvements-pour-deux-defenseurs-tres-apprecies-de-la-premier-league\/\",\"name\":\"Nouvelles du transfert de Man United: les Red Devils envisagent des mouvements pour deux d\u00e9fenseurs tr\u00e8s appr\u00e9ci\u00e9s de la Premier League\",\"isPartOf\":{\"@id\":\"https:\/\/footdavant.fr\/actualites\/#website\"},\"datePublished\":\"2024-11-16T05:48:10+00:00\",\"dateModified\":\"2024-11-16T05:48:11+00:00\",\"breadcrumb\":{\"@id\":\"https:\/\/footdavant.fr\/actualites\/nouvelles-du-transfert-de-man-united-les-red-devils-envisagent-des-mouvements-pour-deux-defenseurs-tres-apprecies-de-la-premier-league\/#breadcrumb\"},\"inLanguage\":\"fr-FR\",\"potentialAction\":[{\"@type\":\"ReadAction\",\"target\":[\"https:\/\/footdavant.fr\/actualites\/nouvelles-du-transfert-de-man-united-les-red-devils-envisagent-des-mouvements-pour-deux-defenseurs-tres-apprecies-de-la-premier-league\/\"]}]},{\"@type\":\"BreadcrumbList\",\"@id\":\"https:\/\/footdavant.fr\/actualites\/nouvelles-du-transfert-de-man-united-les-red-devils-envisagent-des-mouvements-pour-deux-defenseurs-tres-apprecies-de-la-premier-league\/#breadcrumb\",\"itemListElement\":[{\"@type\":\"ListItem\",\"position\":1,\"name\":\"Accueil\",\"item\":\"https:\/\/footdavant.fr\/actualites\/\"},{\"@type\":\"ListItem\",\"position\":2,\"name\":\"Nouvelles du transfert de Man United: les Red Devils envisagent des mouvements pour deux d\u00e9fenseurs tr\u00e8s appr\u00e9ci\u00e9s de la Premier League\"}]},{\"@type\":\"WebSite\",\"@id\":\"https:\/\/footdavant.fr\/actualites\/#website\",\"url\":\"https:\/\/footdavant.fr\/actualites\/\",\"name\":\"Foot d'avant\",\"description\":\"\",\"publisher\":{\"@id\":\"https:\/\/footdavant.fr\/actualites\/#organization\"},\"potentialAction\":[{\"@type\":\"SearchAction\",\"target\":{\"@type\":\"EntryPoint\",\"urlTemplate\":\"https:\/\/footdavant.fr\/actualites\/?s={search_term_string}\"},\"query-input\":\"required name=search_term_string\"}],\"inLanguage\":\"fr-FR\"},{\"@type\":\"Organization\",\"@id\":\"https:\/\/footdavant.fr\/actualites\/#organization\",\"name\":\"Foot d'avant\",\"url\":\"https:\/\/footdavant.fr\/actualites\/\",\"logo\":{\"@type\":\"ImageObject\",\"inLanguage\":\"fr-FR\",\"@id\":\"https:\/\/footdavant.fr\/actualites\/#\/schema\/logo\/image\/\",\"url\":\"https:\/\/footdavant.fr\/actualites\/wp-content\/uploads\/2023\/09\/Copy-of-FootDavant-Logo.png\",\"contentUrl\":\"https:\/\/footdavant.fr\/actualites\/wp-content\/uploads\/2023\/09\/Copy-of-FootDavant-Logo.png\",\"width\":936,\"height\":549,\"caption\":\"Foot d'avant\"},\"image\":{\"@id\":\"https:\/\/footdavant.fr\/actualites\/#\/schema\/logo\/image\/\"},\"sameAs\":[\"https:\/\/www.facebook.com\/Footdavant\/\",\"https:\/\/twitter.com\/FootdavantFr\",\"https:\/\/www.instagram.com\/footdavant.fr\/\"]},{\"@type\":\"Person\",\"@id\":\"https:\/\/footdavant.fr\/actualites\/#\/schema\/person\/bc222566d95871b37e597b3ed3ba5e1d\",\"name\":\"Cl\u00e9ment\",\"image\":{\"@type\":\"ImageObject\",\"inLanguage\":\"fr-FR\",\"@id\":\"https:\/\/footdavant.fr\/actualites\/#\/schema\/person\/image\/\",\"url\":\"https:\/\/secure.gravatar.com\/avatar\/7728b29aac2719421e1a9159b2254c44?s=96&d=mm&r=g\",\"contentUrl\":\"https:\/\/secure.gravatar.com\/avatar\/7728b29aac2719421e1a9159b2254c44?s=96&d=mm&r=g\",\"caption\":\"Cl\u00e9ment\"},\"sameAs\":[\"https:\/\/footdavant.fr\/\"]}]}<\/script>\n<!-- \/ Yoast SEO plugin. -->","yoast_head_json":{"title":"Nouvelles du transfert de Man United: les Red Devils envisagent des mouvements pour deux d\u00e9fenseurs tr\u00e8s appr\u00e9ci\u00e9s de la Premier League","robots":{"index":"index","follow":"follow","max-snippet":"max-snippet:-1","max-image-preview":"max-image-preview:large","max-video-preview":"max-video-preview:-1"},"canonical":"https:\/\/footdavant.fr\/actualites\/nouvelles-du-transfert-de-man-united-les-red-devils-envisagent-des-mouvements-pour-deux-defenseurs-tres-apprecies-de-la-premier-league\/","og_locale":"fr_FR","og_type":"article","og_title":"Nouvelles du transfert de Man United: les Red Devils envisagent des mouvements pour deux d\u00e9fenseurs tr\u00e8s appr\u00e9ci\u00e9s de la Premier League","og_description":"Manchester United pourrait remplacer le d\u00e9fenseur central d&#39;Everton Jarrad Branthwaite et l&#39;arri\u00e8re gauche de Bournemouth Milos Kerkez l&#39;\u00e9t\u00e9 prochain. Manchester United aurait pu d\u00e9m\u00e9nager pour","og_url":"https:\/\/footdavant.fr\/actualites\/nouvelles-du-transfert-de-man-united-les-red-devils-envisagent-des-mouvements-pour-deux-defenseurs-tres-apprecies-de-la-premier-league\/","og_site_name":"Foot d&#039;avant","article_publisher":"https:\/\/www.facebook.com\/Footdavant\/","article_published_time":"2024-11-16T05:48:10+00:00","article_modified_time":"2024-11-16T05:48:11+00:00","og_image":[{"width":640,"height":480,"url":"https:\/\/footdavant.fr\/actualites\/wp-content\/uploads\/2024\/11\/Nouvelles-du-transfert-de-Man-United-les-Red-Devils-envisagent.jpg","type":"image\/jpeg"}],"author":"Cl\u00e9ment","twitter_card":"summary_large_image","twitter_creator":"@FootdavantFr","twitter_site":"@FootdavantFr","twitter_misc":{"\u00c9crit par":"Cl\u00e9ment","Dur\u00e9e de lecture estim\u00e9e":"3 minutes"},"schema":{"@context":"https:\/\/schema.org","@graph":[{"@type":"Article","@id":"https:\/\/footdavant.fr\/actualites\/nouvelles-du-transfert-de-man-united-les-red-devils-envisagent-des-mouvements-pour-deux-defenseurs-tres-apprecies-de-la-premier-league\/#article","isPartOf":{"@id":"https:\/\/footdavant.fr\/actualites\/nouvelles-du-transfert-de-man-united-les-red-devils-envisagent-des-mouvements-pour-deux-defenseurs-tres-apprecies-de-la-premier-league\/"},"author":{"name":"Cl\u00e9ment","@id":"https:\/\/footdavant.fr\/actualites\/#\/schema\/person\/bc222566d95871b37e597b3ed3ba5e1d"},"headline":"Nouvelles du transfert de Man United: les Red Devils envisagent des mouvements pour deux d\u00e9fenseurs tr\u00e8s appr\u00e9ci\u00e9s de la Premier League","datePublished":"2024-11-16T05:48:10+00:00","dateModified":"2024-11-16T05:48:11+00:00","mainEntityOfPage":{"@id":"https:\/\/footdavant.fr\/actualites\/nouvelles-du-transfert-de-man-united-les-red-devils-envisagent-des-mouvements-pour-deux-defenseurs-tres-apprecies-de-la-premier-league\/"},"wordCount":604,"publisher":{"@id":"https:\/\/footdavant.fr\/actualites\/#organization"},"keywords":["appr\u00e9ci\u00e9s","d\u00e9fenseurs","des","deux","Devils","envisagent","League","les","Man","mouvements","Nouvelles","pour","Premier","Red","transfert","tr\u00e8s","United"],"articleSection":["Premier League"],"inLanguage":"fr-FR"},{"@type":"WebPage","@id":"https:\/\/footdavant.fr\/actualites\/nouvelles-du-transfert-de-man-united-les-red-devils-envisagent-des-mouvements-pour-deux-defenseurs-tres-apprecies-de-la-premier-league\/","url":"https:\/\/footdavant.fr\/actualites\/nouvelles-du-transfert-de-man-united-les-red-devils-envisagent-des-mouvements-pour-deux-defenseurs-tres-apprecies-de-la-premier-league\/","name":"Nouvelles du transfert de Man United: les Red Devils envisagent des mouvements pour deux d\u00e9fenseurs tr\u00e8s appr\u00e9ci\u00e9s de la Premier League","isPartOf":{"@id":"https:\/\/footdavant.fr\/actualites\/#website"},"datePublished":"2024-11-16T05:48:10+00:00","dateModified":"2024-11-16T05:48:11+00:00","breadcrumb":{"@id":"https:\/\/footdavant.fr\/actualites\/nouvelles-du-transfert-de-man-united-les-red-devils-envisagent-des-mouvements-pour-deux-defenseurs-tres-apprecies-de-la-premier-league\/#breadcrumb"},"inLanguage":"fr-FR","potentialAction":[{"@type":"ReadAction","target":["https:\/\/footdavant.fr\/actualites\/nouvelles-du-transfert-de-man-united-les-red-devils-envisagent-des-mouvements-pour-deux-defenseurs-tres-apprecies-de-la-premier-league\/"]}]},{"@type":"BreadcrumbList","@id":"https:\/\/footdavant.fr\/actualites\/nouvelles-du-transfert-de-man-united-les-red-devils-envisagent-des-mouvements-pour-deux-defenseurs-tres-apprecies-de-la-premier-league\/#breadcrumb","itemListElement":[{"@type":"ListItem","position":1,"name":"Accueil","item":"https:\/\/footdavant.fr\/actualites\/"},{"@type":"ListItem","position":2,"name":"Nouvelles du transfert de Man United: les Red Devils envisagent des mouvements pour deux d\u00e9fenseurs tr\u00e8s appr\u00e9ci\u00e9s de la Premier League"}]},{"@type":"WebSite","@id":"https:\/\/footdavant.fr\/actualites\/#website","url":"https:\/\/footdavant.fr\/actualites\/","name":"Foot d'avant","description":"","publisher":{"@id":"https:\/\/footdavant.fr\/actualites\/#organization"},"potentialAction":[{"@type":"SearchAction","target":{"@type":"EntryPoint","urlTemplate":"https:\/\/footdavant.fr\/actualites\/?s={search_term_string}"},"query-input":"required name=search_term_string"}],"inLanguage":"fr-FR"},{"@type":"Organization","@id":"https:\/\/footdavant.fr\/actualites\/#organization","name":"Foot d'avant","url":"https:\/\/footdavant.fr\/actualites\/","logo":{"@type":"ImageObject","inLanguage":"fr-FR","@id":"https:\/\/footdavant.fr\/actualites\/#\/schema\/logo\/image\/","url":"https:\/\/footdavant.fr\/actualites\/wp-content\/uploads\/2023\/09\/Copy-of-FootDavant-Logo.png","contentUrl":"https:\/\/footdavant.fr\/actualites\/wp-content\/uploads\/2023\/09\/Copy-of-FootDavant-Logo.png","width":936,"height":549,"caption":"Foot d'avant"},"image":{"@id":"https:\/\/footdavant.fr\/actualites\/#\/schema\/logo\/image\/"},"sameAs":["https:\/\/www.facebook.com\/Footdavant\/","https:\/\/twitter.com\/FootdavantFr","https:\/\/www.instagram.com\/footdavant.fr\/"]},{"@type":"Person","@id":"https:\/\/footdavant.fr\/actualites\/#\/schema\/person\/bc222566d95871b37e597b3ed3ba5e1d","name":"Cl\u00e9ment","image":{"@type":"ImageObject","inLanguage":"fr-FR","@id":"https:\/\/footdavant.fr\/actualites\/#\/schema\/person\/image\/","url":"https:\/\/secure.gravatar.com\/avatar\/7728b29aac2719421e1a9159b2254c44?s=96&d=mm&r=g","contentUrl":"https:\/\/secure.gravatar.com\/avatar\/7728b29aac2719421e1a9159b2254c44?s=96&d=mm&r=g","caption":"Cl\u00e9ment"},"sameAs":["https:\/\/footdavant.fr\/"]}]}},"_links":{"self":[{"href":"https:\/\/footdavant.fr\/actualites\/wp-json\/wp\/v2\/posts\/16266"}],"collection":[{"href":"https:\/\/footdavant.fr\/actualites\/wp-json\/wp\/v2\/posts"}],"about":[{"href":"https:\/\/footdavant.fr\/actualites\/wp-json\/wp\/v2\/types\/post"}],"author":[{"embeddable":true,"href":"https:\/\/footdavant.fr\/actualites\/wp-json\/wp\/v2\/users\/1"}],"replies":[{"embeddable":true,"href":"https:\/\/footdavant.fr\/actualites\/wp-json\/wp\/v2\/comments?post=16266"}],"version-history":[{"count":1,"href":"https:\/\/footdavant.fr\/actualites\/wp-json\/wp\/v2\/posts\/16266\/revisions"}],"predecessor-version":[{"id":16268,"href":"https:\/\/footdavant.fr\/actualites\/wp-json\/wp\/v2\/posts\/16266\/revisions\/16268"}],"wp:featuredmedia":[{"embeddable":true,"href":"https:\/\/footdavant.fr\/actualites\/wp-json\/wp\/v2\/media\/16267"}],"wp:attachment":[{"href":"https:\/\/footdavant.fr\/actualites\/wp-json\/wp\/v2\/media?parent=16266"}],"wp:term":[{"taxonomy":"category","embeddable":true,"href":"https:\/\/footdavant.fr\/actualites\/wp-json\/wp\/v2\/categories?post=16266"},{"taxonomy":"post_tag","embeddable":true,"href":"https:\/\/footdavant.fr\/actualites\/wp-json\/wp\/v2\/tags?post=16266"}],"curies":[{"name":"wp","href":"https:\/\/api.w.org\/{rel}","templated":true}]}}