{"id":16284,"date":"2024-11-16T18:49:15","date_gmt":"2024-11-16T17:49:15","guid":{"rendered":"https:\/\/footdavant.fr\/actualites\/harry-kane-critique-les-retraits-de-langleterre-insistant-sur-le-fait-que-lequipe-nationale-passe-avant-tout\/"},"modified":"2024-11-16T18:49:16","modified_gmt":"2024-11-16T17:49:16","slug":"harry-kane-critique-les-retraits-de-langleterre-insistant-sur-le-fait-que-lequipe-nationale-passe-avant-tout","status":"publish","type":"post","link":"https:\/\/footdavant.fr\/actualites\/harry-kane-critique-les-retraits-de-langleterre-insistant-sur-le-fait-que-lequipe-nationale-passe-avant-tout\/","title":{"rendered":"Harry Kane critique les retraits de l&#39;Angleterre, insistant sur le fait que l&#39;\u00e9quipe nationale \u00ab\u00a0passe avant tout\u00a0\u00bb"},"content":{"rendered":"<p>Le capitaine anglais Harry Kane exprime sa d\u00e9ception face au nombre de joueurs qui se sont retir\u00e9s de la derni\u00e8re \u00e9quipe des Trois Lions.<\/p>\n<div id=\"article_body\" itemprop=\"articleBody\">\n<h3 class=\"firstPara\">\n<strong class=\"autotag\">Angleterre<\/strong> capitaine <strong class=\"autotag\">Harry Kane<\/strong> a exprim\u00e9 sa d\u00e9ception face au nombre de joueurs qui se sont retir\u00e9s de l&#39;\u00e9quipe des Trois Lions pour leur <strong class=\"autotag\">Ligue des Nations de l&#39;UEFA<\/strong> luminaires avec <strong class=\"autotag\">Gr\u00e8ce<\/strong> et <strong class=\"autotag\">R\u00e9publique d&#39;Irlande<\/strong>.<\/h3>\n<p>Huit joueurs se sont retir\u00e9s de la derni\u00e8re \u00e9quipe, avec <strong class=\"autotag\">Aaron Ramsdale<\/strong>, <strong class=\"autotag\">Trent Alexander-Arnold<\/strong>, <strong class=\"autotag\">Levi Colwill<\/strong>, <strong class=\"autotag\">Declan Riz<\/strong>, <strong class=\"autotag\">Bukayo Saka<\/strong>, <strong class=\"autotag\">Cole Palmer<\/strong>, <strong class=\"autotag\">Jack Grealish<\/strong> et <strong class=\"autotag\">Phil Foden<\/strong> je me suis tous retir\u00e9.<\/p>\n<p>Kane a d\u00e9clar\u00e9 que \u00ab\u00a0l&#39;Angleterre passe avant tout\u00a0\u00bb, avec le <strong class=\"autotag\">Bayern Munich<\/strong> l&#39;attaquant laisse entendre que certains joueurs ont \u00ab\u00a0profit\u00e9\u00a0\u00bb de la situation pour s&#39;assurer d&#39;\u00eatre disponibles pour leur club \u00e0 une \u00e9tape cl\u00e9 de la saison.<\/p>\n<p>\u00ab\u00a0(Gareth) Southgate a ramen\u00e9 la joie de jouer pour l&#39;Angleterre\u00a0\u00bb, a d\u00e9clar\u00e9 Kane. <em>ITV Sport<\/em>. \u00ab\u00a0Les gens de chaque camp \u00e9taient ravis de venir, tous les gens du camp voulaient jouer pour l&#39;Angleterre et c&#39;est la chose la plus importante.<\/p>\n<p>\u00ab\u00a0Je pense que l&#39;Angleterre passe avant tout. L&#39;Angleterre passe avant le club, c&#39;est la chose la plus importante en tant que footballeur professionnel. Gareth \u00e9tait chaud l\u00e0-dessus et il n&#39;avait pas peur de prendre des d\u00e9cisions si cela commen\u00e7ait \u00e0 s&#39;\u00e9loigner de certains joueurs.<\/p>\n<p>\u00ab\u00a0C&#39;est dommage cette semaine, \u00e9videmment. C&#39;est une p\u00e9riode difficile de la saison et peut-\u00eatre qu&#39;on en a un peu profit\u00e9. Je n&#39;aime pas vraiment \u00e7a si je suis tout \u00e0 fait honn\u00eate. L&#39;Angleterre passe avant tout et n&#39;importe quelle situation de club. \u00ab\u00a0<\/p>\n<p class=\"imgI\">\n<h2 class=\"k3\">Kane insiste sur le fait que \u00ab\u00a0l&#39;Angleterre passe avant tout\u00a0\u00bb<\/h2>\n<p>L&#39;Angleterre est actuellement deuxi\u00e8me <strong>Groupe 2 de Ligue B<\/strong>r\u00e9coltant neuf points en quatre matches, ce qui leur laisse trois points de retard sur la Gr\u00e8ce, leader du groupe, avant la bataille de jeudi.<\/p>\n<p>Les Trois Lions cl\u00f4tureront ensuite leur campagne de phase de groupes contre la R\u00e9publique d&#39;Irlande dimanche soir.<\/p>\n<p><strong class=\"autotag\">Lee Carsley<\/strong> arrive au terme de son mandat de manager de transition, avec <strong class=\"autotag\">Thomas Tuchel<\/strong>qui a quitt\u00e9 le Bayern Munich \u00e0 la fin de la saison derni\u00e8re, devrait reprendre l&#39;\u00e9quipe nationale d\u00e9but 2025.<\/p>\n<p>Tuchel a sign\u00e9 un premier contrat de 18 mois pour le mener jusqu&#39;\u00e0 la fin de la Coupe du monde 2026, et l&#39;Allemand devra superviser un d\u00e9fi de taille pour le troph\u00e9e du tournoi.<\/p>\n<p class=\"imgI\"><img decoding=\"async\" loading=\"lazy\" class=\"l\" src=\"https:\/\/footdavant.fr\/actualites\/wp-content\/uploads\/2024\/11\/1731779355_741_Harry-Kane-critique-les-retraits-de-l39Angleterre-insistant-sur-le.jpg\" title=\"Morgan Rogers d&#39;Aston Villa fait la f\u00eate le 19 octobre 2024\" alt=\"Morgan Rogers d&#39;Aston Villa fait la f\u00eate le 19 octobre 2024\" width=\"640\" height=\"480\"><\/p>\n<h2 class=\"k3\">Rogers a profit\u00e9 des retraits de l&#39;Angleterre<\/h2>\n<p><strong class=\"autotag\">Villa Aston<\/strong>c&#39;est <strong class=\"autotag\">Morgane Rogers<\/strong> a b\u00e9n\u00e9fici\u00e9 des retraits, l&#39;attaquant ayant obtenu une promotion chez les moins de 21 ans, et il est d\u00e9termin\u00e9 \u00e0 faire sa marque pendant le camp.<\/p>\n<p>\u00ab\u00a0\u00c9videmment, je suis un grand fan de l&#39;Angleterre, donc j&#39;ai regard\u00e9 tous les internationaux grandir. Donc jouer avec ces joueurs maintenant est un moment qui me pince\u00a0\u00bb, a d\u00e9clar\u00e9 le joueur de 22 ans.<\/p>\n<p>\u00ab\u00a0Mais je suis vraiment excit\u00e9 d&#39;apprendre de quoi il s&#39;agit et de montrer ce que je suis en m\u00eame temps. J&#39;appr\u00e9cie mon football en ce moment. Je pense que je joue plut\u00f4t bien, mais je sais qu&#39;il y a \u00e9videmment encore du travail \u00e0 faire et du travail \u00e0 am\u00e9liorer.<\/p>\n<p>\u00ab\u00a0Je suis tellement reconnaissant d&#39;\u00eatre ici, maintenant je peux dire que j&#39;ai enfin \u00e9t\u00e9 appel\u00e9 et c&#39;est un grand honneur. Je pense que j&#39;essaie juste de me d\u00e9passer chaque jour et de voir quels nouveaux niveaux je peux atteindre. .<\/p>\n<p>\u00ab\u00a0Je me suis probablement surpris \u00e0 certains moments, peut-\u00eatre cette saison, de mes performances, mais j&#39;ai toujours eu cette confiance et cette confiance en moi que je pouvais atteindre ce niveau et le maintenir. Il s&#39;agit plut\u00f4t de maintenir ma r\u00e9gularit\u00e9, continuez comme \u00e7a, et j&#39;esp\u00e8re que je pourrai aller de mieux en mieux et continuer \u00e0 m&#39;am\u00e9liorer.<\/p>\n<p>Rodgers a \u00e9t\u00e9 un joueur cl\u00e9 pour Villa au cours de la campagne 2024-25, faisant 15 apparitions dans toutes les comp\u00e9titions, contribuant ainsi \u00e0 trois buts et trois passes d\u00e9cisives.<\/p>\n<\/div>\n","protected":false},"excerpt":{"rendered":"<p>Le capitaine anglais Harry Kane exprime sa d\u00e9ception face au nombre de joueurs qui se sont retir\u00e9s de la derni\u00e8re \u00e9quipe des Trois Lions. Angleterre<\/p>\n","protected":false},"author":1,"featured_media":16285,"comment_status":"closed","ping_status":"","sticky":false,"template":"","format":"standard","meta":{"footnotes":""},"categories":[5],"tags":[491,421,152,32,7068,862,4294,4219,93,3459,2015,7067,103,291],"yoast_head":"<!-- This site is optimized with the Yoast SEO plugin v21.0 - https:\/\/yoast.com\/wordpress\/plugins\/seo\/ -->\n<title>Harry Kane critique les retraits de l&#039;Angleterre, insistant sur le fait que l&#039;\u00e9quipe nationale &quot;passe avant tout&quot;<\/title>\n<meta name=\"robots\" content=\"index, follow, max-snippet:-1, max-image-preview:large, max-video-preview:-1\" \/>\n<link rel=\"canonical\" href=\"https:\/\/footdavant.fr\/actualites\/harry-kane-critique-les-retraits-de-langleterre-insistant-sur-le-fait-que-lequipe-nationale-passe-avant-tout\/\" \/>\n<meta property=\"og:locale\" content=\"fr_FR\" \/>\n<meta property=\"og:type\" content=\"article\" \/>\n<meta property=\"og:title\" content=\"Harry Kane critique les retraits de l&#039;Angleterre, insistant sur le fait que l&#039;\u00e9quipe nationale &quot;passe avant tout&quot;\" \/>\n<meta property=\"og:description\" content=\"Le capitaine anglais Harry Kane exprime sa d\u00e9ception face au nombre de joueurs qui se sont retir\u00e9s de la derni\u00e8re \u00e9quipe des Trois Lions. Angleterre\" \/>\n<meta property=\"og:url\" content=\"https:\/\/footdavant.fr\/actualites\/harry-kane-critique-les-retraits-de-langleterre-insistant-sur-le-fait-que-lequipe-nationale-passe-avant-tout\/\" \/>\n<meta property=\"og:site_name\" content=\"Foot d&#039;avant\" \/>\n<meta property=\"article:publisher\" content=\"https:\/\/www.facebook.com\/Footdavant\/\" \/>\n<meta property=\"article:published_time\" content=\"2024-11-16T17:49:15+00:00\" \/>\n<meta property=\"article:modified_time\" content=\"2024-11-16T17:49:16+00:00\" \/>\n<meta property=\"og:image\" content=\"https:\/\/footdavant.fr\/actualites\/wp-content\/uploads\/2024\/11\/Harry-Kane-critique-les-retraits-de-l39Angleterre-insistant-sur-le.jpg\" \/>\n\t<meta property=\"og:image:width\" content=\"640\" \/>\n\t<meta property=\"og:image:height\" content=\"480\" \/>\n\t<meta property=\"og:image:type\" content=\"image\/jpeg\" \/>\n<meta name=\"author\" content=\"Cl\u00e9ment\" \/>\n<meta name=\"twitter:card\" content=\"summary_large_image\" \/>\n<meta name=\"twitter:creator\" content=\"@FootdavantFr\" \/>\n<meta name=\"twitter:site\" content=\"@FootdavantFr\" \/>\n<meta name=\"twitter:label1\" content=\"\u00c9crit par\" \/>\n\t<meta name=\"twitter:data1\" content=\"Cl\u00e9ment\" \/>\n\t<meta name=\"twitter:label2\" content=\"Dur\u00e9e de lecture estim\u00e9e\" \/>\n\t<meta name=\"twitter:data2\" content=\"3 minutes\" \/>\n<script type=\"application\/ld+json\" class=\"yoast-schema-graph\">{\"@context\":\"https:\/\/schema.org\",\"@graph\":[{\"@type\":\"Article\",\"@id\":\"https:\/\/footdavant.fr\/actualites\/harry-kane-critique-les-retraits-de-langleterre-insistant-sur-le-fait-que-lequipe-nationale-passe-avant-tout\/#article\",\"isPartOf\":{\"@id\":\"https:\/\/footdavant.fr\/actualites\/harry-kane-critique-les-retraits-de-langleterre-insistant-sur-le-fait-que-lequipe-nationale-passe-avant-tout\/\"},\"author\":{\"name\":\"Cl\u00e9ment\",\"@id\":\"https:\/\/footdavant.fr\/actualites\/#\/schema\/person\/bc222566d95871b37e597b3ed3ba5e1d\"},\"headline\":\"Harry Kane critique les retraits de l&#39;Angleterre, insistant sur le fait que l&#39;\u00e9quipe nationale \u00ab\u00a0passe avant tout\u00a0\u00bb\",\"datePublished\":\"2024-11-16T17:49:15+00:00\",\"dateModified\":\"2024-11-16T17:49:16+00:00\",\"mainEntityOfPage\":{\"@id\":\"https:\/\/footdavant.fr\/actualites\/harry-kane-critique-les-retraits-de-langleterre-insistant-sur-le-fait-que-lequipe-nationale-passe-avant-tout\/\"},\"wordCount\":716,\"publisher\":{\"@id\":\"https:\/\/footdavant.fr\/actualites\/#organization\"},\"keywords\":[\"avant\",\"critique\",\"fait\",\"Harry\",\"insistant\",\"Kane\",\"l39Angleterre\",\"l39\u00e9quipe\",\"les\",\"nationale\",\"pass\u00e9\",\"retraits\",\"sur\",\"tout\"],\"articleSection\":[\"Premier League\"],\"inLanguage\":\"fr-FR\"},{\"@type\":\"WebPage\",\"@id\":\"https:\/\/footdavant.fr\/actualites\/harry-kane-critique-les-retraits-de-langleterre-insistant-sur-le-fait-que-lequipe-nationale-passe-avant-tout\/\",\"url\":\"https:\/\/footdavant.fr\/actualites\/harry-kane-critique-les-retraits-de-langleterre-insistant-sur-le-fait-que-lequipe-nationale-passe-avant-tout\/\",\"name\":\"Harry Kane critique les retraits de l&#39;Angleterre, insistant sur le fait que l&#39;\u00e9quipe nationale \\\"passe avant tout\\\"\",\"isPartOf\":{\"@id\":\"https:\/\/footdavant.fr\/actualites\/#website\"},\"datePublished\":\"2024-11-16T17:49:15+00:00\",\"dateModified\":\"2024-11-16T17:49:16+00:00\",\"breadcrumb\":{\"@id\":\"https:\/\/footdavant.fr\/actualites\/harry-kane-critique-les-retraits-de-langleterre-insistant-sur-le-fait-que-lequipe-nationale-passe-avant-tout\/#breadcrumb\"},\"inLanguage\":\"fr-FR\",\"potentialAction\":[{\"@type\":\"ReadAction\",\"target\":[\"https:\/\/footdavant.fr\/actualites\/harry-kane-critique-les-retraits-de-langleterre-insistant-sur-le-fait-que-lequipe-nationale-passe-avant-tout\/\"]}]},{\"@type\":\"BreadcrumbList\",\"@id\":\"https:\/\/footdavant.fr\/actualites\/harry-kane-critique-les-retraits-de-langleterre-insistant-sur-le-fait-que-lequipe-nationale-passe-avant-tout\/#breadcrumb\",\"itemListElement\":[{\"@type\":\"ListItem\",\"position\":1,\"name\":\"Accueil\",\"item\":\"https:\/\/footdavant.fr\/actualites\/\"},{\"@type\":\"ListItem\",\"position\":2,\"name\":\"Harry Kane critique les retraits de l&#39;Angleterre, insistant sur le fait que l&#39;\u00e9quipe nationale \u00ab\u00a0passe avant tout\u00a0\u00bb\"}]},{\"@type\":\"WebSite\",\"@id\":\"https:\/\/footdavant.fr\/actualites\/#website\",\"url\":\"https:\/\/footdavant.fr\/actualites\/\",\"name\":\"Foot d'avant\",\"description\":\"\",\"publisher\":{\"@id\":\"https:\/\/footdavant.fr\/actualites\/#organization\"},\"potentialAction\":[{\"@type\":\"SearchAction\",\"target\":{\"@type\":\"EntryPoint\",\"urlTemplate\":\"https:\/\/footdavant.fr\/actualites\/?s={search_term_string}\"},\"query-input\":\"required name=search_term_string\"}],\"inLanguage\":\"fr-FR\"},{\"@type\":\"Organization\",\"@id\":\"https:\/\/footdavant.fr\/actualites\/#organization\",\"name\":\"Foot d'avant\",\"url\":\"https:\/\/footdavant.fr\/actualites\/\",\"logo\":{\"@type\":\"ImageObject\",\"inLanguage\":\"fr-FR\",\"@id\":\"https:\/\/footdavant.fr\/actualites\/#\/schema\/logo\/image\/\",\"url\":\"https:\/\/footdavant.fr\/actualites\/wp-content\/uploads\/2023\/09\/Copy-of-FootDavant-Logo.png\",\"contentUrl\":\"https:\/\/footdavant.fr\/actualites\/wp-content\/uploads\/2023\/09\/Copy-of-FootDavant-Logo.png\",\"width\":936,\"height\":549,\"caption\":\"Foot d'avant\"},\"image\":{\"@id\":\"https:\/\/footdavant.fr\/actualites\/#\/schema\/logo\/image\/\"},\"sameAs\":[\"https:\/\/www.facebook.com\/Footdavant\/\",\"https:\/\/twitter.com\/FootdavantFr\",\"https:\/\/www.instagram.com\/footdavant.fr\/\"]},{\"@type\":\"Person\",\"@id\":\"https:\/\/footdavant.fr\/actualites\/#\/schema\/person\/bc222566d95871b37e597b3ed3ba5e1d\",\"name\":\"Cl\u00e9ment\",\"image\":{\"@type\":\"ImageObject\",\"inLanguage\":\"fr-FR\",\"@id\":\"https:\/\/footdavant.fr\/actualites\/#\/schema\/person\/image\/\",\"url\":\"https:\/\/secure.gravatar.com\/avatar\/7728b29aac2719421e1a9159b2254c44?s=96&d=mm&r=g\",\"contentUrl\":\"https:\/\/secure.gravatar.com\/avatar\/7728b29aac2719421e1a9159b2254c44?s=96&d=mm&r=g\",\"caption\":\"Cl\u00e9ment\"},\"sameAs\":[\"https:\/\/footdavant.fr\/\"]}]}<\/script>\n<!-- \/ Yoast SEO plugin. -->","yoast_head_json":{"title":"Harry Kane critique les retraits de l&#39;Angleterre, insistant sur le fait que l&#39;\u00e9quipe nationale \"passe avant tout\"","robots":{"index":"index","follow":"follow","max-snippet":"max-snippet:-1","max-image-preview":"max-image-preview:large","max-video-preview":"max-video-preview:-1"},"canonical":"https:\/\/footdavant.fr\/actualites\/harry-kane-critique-les-retraits-de-langleterre-insistant-sur-le-fait-que-lequipe-nationale-passe-avant-tout\/","og_locale":"fr_FR","og_type":"article","og_title":"Harry Kane critique les retraits de l&#39;Angleterre, insistant sur le fait que l&#39;\u00e9quipe nationale \"passe avant tout\"","og_description":"Le capitaine anglais Harry Kane exprime sa d\u00e9ception face au nombre de joueurs qui se sont retir\u00e9s de la derni\u00e8re \u00e9quipe des Trois Lions. Angleterre","og_url":"https:\/\/footdavant.fr\/actualites\/harry-kane-critique-les-retraits-de-langleterre-insistant-sur-le-fait-que-lequipe-nationale-passe-avant-tout\/","og_site_name":"Foot d&#039;avant","article_publisher":"https:\/\/www.facebook.com\/Footdavant\/","article_published_time":"2024-11-16T17:49:15+00:00","article_modified_time":"2024-11-16T17:49:16+00:00","og_image":[{"width":640,"height":480,"url":"https:\/\/footdavant.fr\/actualites\/wp-content\/uploads\/2024\/11\/Harry-Kane-critique-les-retraits-de-l39Angleterre-insistant-sur-le.jpg","type":"image\/jpeg"}],"author":"Cl\u00e9ment","twitter_card":"summary_large_image","twitter_creator":"@FootdavantFr","twitter_site":"@FootdavantFr","twitter_misc":{"\u00c9crit par":"Cl\u00e9ment","Dur\u00e9e de lecture estim\u00e9e":"3 minutes"},"schema":{"@context":"https:\/\/schema.org","@graph":[{"@type":"Article","@id":"https:\/\/footdavant.fr\/actualites\/harry-kane-critique-les-retraits-de-langleterre-insistant-sur-le-fait-que-lequipe-nationale-passe-avant-tout\/#article","isPartOf":{"@id":"https:\/\/footdavant.fr\/actualites\/harry-kane-critique-les-retraits-de-langleterre-insistant-sur-le-fait-que-lequipe-nationale-passe-avant-tout\/"},"author":{"name":"Cl\u00e9ment","@id":"https:\/\/footdavant.fr\/actualites\/#\/schema\/person\/bc222566d95871b37e597b3ed3ba5e1d"},"headline":"Harry Kane critique les retraits de l&#39;Angleterre, insistant sur le fait que l&#39;\u00e9quipe nationale \u00ab\u00a0passe avant tout\u00a0\u00bb","datePublished":"2024-11-16T17:49:15+00:00","dateModified":"2024-11-16T17:49:16+00:00","mainEntityOfPage":{"@id":"https:\/\/footdavant.fr\/actualites\/harry-kane-critique-les-retraits-de-langleterre-insistant-sur-le-fait-que-lequipe-nationale-passe-avant-tout\/"},"wordCount":716,"publisher":{"@id":"https:\/\/footdavant.fr\/actualites\/#organization"},"keywords":["avant","critique","fait","Harry","insistant","Kane","l39Angleterre","l39\u00e9quipe","les","nationale","pass\u00e9","retraits","sur","tout"],"articleSection":["Premier League"],"inLanguage":"fr-FR"},{"@type":"WebPage","@id":"https:\/\/footdavant.fr\/actualites\/harry-kane-critique-les-retraits-de-langleterre-insistant-sur-le-fait-que-lequipe-nationale-passe-avant-tout\/","url":"https:\/\/footdavant.fr\/actualites\/harry-kane-critique-les-retraits-de-langleterre-insistant-sur-le-fait-que-lequipe-nationale-passe-avant-tout\/","name":"Harry Kane critique les retraits de l&#39;Angleterre, insistant sur le fait que l&#39;\u00e9quipe nationale \"passe avant tout\"","isPartOf":{"@id":"https:\/\/footdavant.fr\/actualites\/#website"},"datePublished":"2024-11-16T17:49:15+00:00","dateModified":"2024-11-16T17:49:16+00:00","breadcrumb":{"@id":"https:\/\/footdavant.fr\/actualites\/harry-kane-critique-les-retraits-de-langleterre-insistant-sur-le-fait-que-lequipe-nationale-passe-avant-tout\/#breadcrumb"},"inLanguage":"fr-FR","potentialAction":[{"@type":"ReadAction","target":["https:\/\/footdavant.fr\/actualites\/harry-kane-critique-les-retraits-de-langleterre-insistant-sur-le-fait-que-lequipe-nationale-passe-avant-tout\/"]}]},{"@type":"BreadcrumbList","@id":"https:\/\/footdavant.fr\/actualites\/harry-kane-critique-les-retraits-de-langleterre-insistant-sur-le-fait-que-lequipe-nationale-passe-avant-tout\/#breadcrumb","itemListElement":[{"@type":"ListItem","position":1,"name":"Accueil","item":"https:\/\/footdavant.fr\/actualites\/"},{"@type":"ListItem","position":2,"name":"Harry Kane critique les retraits de l&#39;Angleterre, insistant sur le fait que l&#39;\u00e9quipe nationale \u00ab\u00a0passe avant tout\u00a0\u00bb"}]},{"@type":"WebSite","@id":"https:\/\/footdavant.fr\/actualites\/#website","url":"https:\/\/footdavant.fr\/actualites\/","name":"Foot d'avant","description":"","publisher":{"@id":"https:\/\/footdavant.fr\/actualites\/#organization"},"potentialAction":[{"@type":"SearchAction","target":{"@type":"EntryPoint","urlTemplate":"https:\/\/footdavant.fr\/actualites\/?s={search_term_string}"},"query-input":"required name=search_term_string"}],"inLanguage":"fr-FR"},{"@type":"Organization","@id":"https:\/\/footdavant.fr\/actualites\/#organization","name":"Foot d'avant","url":"https:\/\/footdavant.fr\/actualites\/","logo":{"@type":"ImageObject","inLanguage":"fr-FR","@id":"https:\/\/footdavant.fr\/actualites\/#\/schema\/logo\/image\/","url":"https:\/\/footdavant.fr\/actualites\/wp-content\/uploads\/2023\/09\/Copy-of-FootDavant-Logo.png","contentUrl":"https:\/\/footdavant.fr\/actualites\/wp-content\/uploads\/2023\/09\/Copy-of-FootDavant-Logo.png","width":936,"height":549,"caption":"Foot d'avant"},"image":{"@id":"https:\/\/footdavant.fr\/actualites\/#\/schema\/logo\/image\/"},"sameAs":["https:\/\/www.facebook.com\/Footdavant\/","https:\/\/twitter.com\/FootdavantFr","https:\/\/www.instagram.com\/footdavant.fr\/"]},{"@type":"Person","@id":"https:\/\/footdavant.fr\/actualites\/#\/schema\/person\/bc222566d95871b37e597b3ed3ba5e1d","name":"Cl\u00e9ment","image":{"@type":"ImageObject","inLanguage":"fr-FR","@id":"https:\/\/footdavant.fr\/actualites\/#\/schema\/person\/image\/","url":"https:\/\/secure.gravatar.com\/avatar\/7728b29aac2719421e1a9159b2254c44?s=96&d=mm&r=g","contentUrl":"https:\/\/secure.gravatar.com\/avatar\/7728b29aac2719421e1a9159b2254c44?s=96&d=mm&r=g","caption":"Cl\u00e9ment"},"sameAs":["https:\/\/footdavant.fr\/"]}]}},"_links":{"self":[{"href":"https:\/\/footdavant.fr\/actualites\/wp-json\/wp\/v2\/posts\/16284"}],"collection":[{"href":"https:\/\/footdavant.fr\/actualites\/wp-json\/wp\/v2\/posts"}],"about":[{"href":"https:\/\/footdavant.fr\/actualites\/wp-json\/wp\/v2\/types\/post"}],"author":[{"embeddable":true,"href":"https:\/\/footdavant.fr\/actualites\/wp-json\/wp\/v2\/users\/1"}],"replies":[{"embeddable":true,"href":"https:\/\/footdavant.fr\/actualites\/wp-json\/wp\/v2\/comments?post=16284"}],"version-history":[{"count":1,"href":"https:\/\/footdavant.fr\/actualites\/wp-json\/wp\/v2\/posts\/16284\/revisions"}],"predecessor-version":[{"id":16286,"href":"https:\/\/footdavant.fr\/actualites\/wp-json\/wp\/v2\/posts\/16284\/revisions\/16286"}],"wp:featuredmedia":[{"embeddable":true,"href":"https:\/\/footdavant.fr\/actualites\/wp-json\/wp\/v2\/media\/16285"}],"wp:attachment":[{"href":"https:\/\/footdavant.fr\/actualites\/wp-json\/wp\/v2\/media?parent=16284"}],"wp:term":[{"taxonomy":"category","embeddable":true,"href":"https:\/\/footdavant.fr\/actualites\/wp-json\/wp\/v2\/categories?post=16284"},{"taxonomy":"post_tag","embeddable":true,"href":"https:\/\/footdavant.fr\/actualites\/wp-json\/wp\/v2\/tags?post=16284"}],"curies":[{"name":"wp","href":"https:\/\/api.w.org\/{rel}","templated":true}]}}