{"id":16287,"date":"2024-11-16T20:48:38","date_gmt":"2024-11-16T19:48:38","guid":{"rendered":"https:\/\/footdavant.fr\/actualites\/ruud-van-nistelrooy-est-le-choix-prefere-pour-le-poste-a-coventry-city-mais-il-y-a-un-probleme-complexe-et-incertain\/"},"modified":"2024-11-16T20:48:39","modified_gmt":"2024-11-16T19:48:39","slug":"ruud-van-nistelrooy-est-le-choix-prefere-pour-le-poste-a-coventry-city-mais-il-y-a-un-probleme-complexe-et-incertain","status":"publish","type":"post","link":"https:\/\/footdavant.fr\/actualites\/ruud-van-nistelrooy-est-le-choix-prefere-pour-le-poste-a-coventry-city-mais-il-y-a-un-probleme-complexe-et-incertain\/","title":{"rendered":"Ruud van Nistelrooy est le \u00ab\u00a0choix pr\u00e9f\u00e9r\u00e9\u00a0\u00bb pour le poste \u00e0 Coventry City mais il y a un probl\u00e8me \u00ab\u00a0complexe et incertain\u00a0\u00bb &#8211;"},"content":{"rendered":"<div id=\"penci-post-entry-inner\">\n<p>\t\t\t<i class=\"penci-post-countview-number-check\" style=\"display:none\">1<\/i><\/p>\n<p><!--Article Start--><br \/>L&#39;ancien manager par int\u00e9rim de Manchester United, Ruud van Nistelrooy, serait l&#39;option privil\u00e9gi\u00e9e pour le poste \u00e0 Coventry City.<\/p>\n<p>Van Nistelrooy est revenu \u00e0 United cet \u00e9t\u00e9 dans le cadre du remaniement des entra\u00eeneurs d&#39;INEOS.<\/p>\n<p>Apr\u00e8s le limogeage d&#39;Erik ten Hag \u00e0 la fin du mois dernier, l&#39;ancien Rouge a pris le relais, dans le but d&#39;essayer de stabiliser le navire avant l&#39;arriv\u00e9e officielle de Ruben Amorim.<\/p>\n<p>United est rest\u00e9 invaincu lors des quatre matchs dirig\u00e9s par Van Nistelrooy. Malgr\u00e9 cela, le club a confirm\u00e9 lundi le d\u00e9part du N\u00e9erlandais.<\/p>\n<p>Depuis lors, il est li\u00e9 aux postes de direction de Burnley et Coventry.<\/p>\n<p>Un rapport couvert par The Peoples Person a rapport\u00e9 que Van Nistelrooy avait soumis sa candidature pour le poste de Coventry.<\/p>\n<p>L&#39;\u00e9quipe du Championnat, qui a atteint le dernier carr\u00e9 de la FA Cup la saison derni\u00e8re, s&#39;est r\u00e9cemment s\u00e9par\u00e9e de Mark Robins. Les Sky Blues croupissent actuellement \u00e0 la 17e place du deuxi\u00e8me division et ont choisi de proc\u00e9der \u00e0 un changement en pirogue.<\/p>\n<p>Aux c\u00f4t\u00e9s de Van Nistelrooy, l&#39;autre candidat en lice pour le poste de Coventry est la l\u00e9gende de Chelsea, Frank Lampard.<\/p>\n<p>Sam Cohen a maintenant fait le point sur la situation. Cohen a \u00e9crit sur X : \u00ab Comprenez qu&#39;il y a deux candidats actuellement en lice pour le poste de manager de Coventry : Frank Lampard et Ruud van Nistelrooy. \u00bb<\/p>\n<p>\u00ab\u00a0Ruud est le choix pr\u00e9f\u00e9r\u00e9 de la plupart des parties impliqu\u00e9es, mais le propri\u00e9taire penche vers Lampard en raison de ses liens \u00e9troits avec la famille Redknapp.\u00a0\u00bb<\/p>\n<p>\u00ab\u00a0Ruud est pr\u00eat \u00e0 accepter le r\u00f4le d&#39;entra\u00eeneur-chef sans conditions suppl\u00e9mentaires, tandis que Lampard cherche \u00e0 influencer les transferts dans le cadre de sa nomination.\u00a0\u00bb<\/p>\n<p>\u00ab Cela a cr\u00e9\u00e9 une situation complexe et incertaine alors que les discussions se poursuivent. \u00bb<\/p>\n<blockquote class=\"twitter-tweet\" data-width=\"550\" data-dnt=\"true\">\n<p lang=\"en\" dir=\"ltr\">\ud83d\udea8 EXCL : Comprenez qu&#39;il y a deux candidats actuellement en lice pour le poste de manager de Coventry : Frank Lampard et Ruud van Nistelrooy. Ruud est le choix pr\u00e9f\u00e9r\u00e9 de la plupart des parties impliqu\u00e9es, mais le propri\u00e9taire se penche vers Lampard en raison de ses liens \u00e9troits avec Redknapp\u2026 https:\/\/t.co\/3KnIlskmQZ<\/p>\n<p>\u2013 Sam C (@SamC_reports) <a rel=\"nofollow\" href=\"https:\/\/twitter.com\/SamC_reports\/status\/1857819442115154397?ref_src=twsrc%5Etfw\">16 novembre 2024<\/a><\/p>\n<\/blockquote>\n<p>Plus t\u00f4t cette semaine, le propri\u00e9taire de Coventry, Doug King, a fait remarquer [via talkSPORT]\u00a0\u00bbNous avons re\u00e7u un grand nombre de CV de personnes de grande qualit\u00e9, parmi lesquelles Frank.\u00a0\u00bb<\/p>\n<p>\u00ab Nous n&#39;avons rien fait dans ce processus\u2026 mais clairement nous sommes dans la tr\u00eave internationale, nous allons tout \u00e9valuer. Nous d\u00e9terminerons qui fera partie de la liste restreinte et nous partirons de l\u00e0.<\/p>\n<p>Pendant ce temps, United est de retour en action le week-end prochain lorsqu&#39;il se rendra \u00e0 Portman Road pour affronter Ipswich Town de Kieran McKenna.<br \/><!--Article End--><\/p>\n<p><!-- CONTENT END 3 --><\/p><\/div>\n<p><script async src=\"https:\/\/platform.twitter.com\/widgets.js\" charset=\"utf-8\"><\/script><\/p>\n","protected":false},"excerpt":{"rendered":"<p>1 L&#39;ancien manager par int\u00e9rim de Manchester United, Ruud van Nistelrooy, serait l&#39;option privil\u00e9gi\u00e9e pour le poste \u00e0 Coventry City. Van Nistelrooy est revenu \u00e0<\/p>\n","protected":false},"author":1,"featured_media":14939,"comment_status":"closed","ping_status":"","sticky":false,"template":"","format":"standard","meta":{"footnotes":""},"categories":[3],"tags":[404,27,4733,3128,217,3071,365,4169,140,51,4438,2243,4168,783],"yoast_head":"<!-- This site is optimized with the Yoast SEO plugin v21.0 - https:\/\/yoast.com\/wordpress\/plugins\/seo\/ -->\n<title>Ruud van Nistelrooy est le &quot;choix pr\u00e9f\u00e9r\u00e9&quot; pour le poste \u00e0 Coventry City mais il y a un probl\u00e8me &quot;complexe et incertain&quot; -<\/title>\n<meta name=\"robots\" content=\"index, follow, max-snippet:-1, max-image-preview:large, max-video-preview:-1\" \/>\n<link rel=\"canonical\" href=\"https:\/\/footdavant.fr\/actualites\/ruud-van-nistelrooy-est-le-choix-prefere-pour-le-poste-a-coventry-city-mais-il-y-a-un-probleme-complexe-et-incertain\/\" \/>\n<meta property=\"og:locale\" content=\"fr_FR\" \/>\n<meta property=\"og:type\" content=\"article\" \/>\n<meta property=\"og:title\" content=\"Ruud van Nistelrooy est le &quot;choix pr\u00e9f\u00e9r\u00e9&quot; pour le poste \u00e0 Coventry City mais il y a un probl\u00e8me &quot;complexe et incertain&quot; -\" \/>\n<meta property=\"og:description\" content=\"1 L&#039;ancien manager par int\u00e9rim de Manchester United, Ruud van Nistelrooy, serait l&#039;option privil\u00e9gi\u00e9e pour le poste \u00e0 Coventry City. Van Nistelrooy est revenu \u00e0\" \/>\n<meta property=\"og:url\" content=\"https:\/\/footdavant.fr\/actualites\/ruud-van-nistelrooy-est-le-choix-prefere-pour-le-poste-a-coventry-city-mais-il-y-a-un-probleme-complexe-et-incertain\/\" \/>\n<meta property=\"og:site_name\" content=\"Foot d&#039;avant\" \/>\n<meta property=\"article:publisher\" content=\"https:\/\/www.facebook.com\/Footdavant\/\" \/>\n<meta property=\"article:published_time\" content=\"2024-11-16T19:48:38+00:00\" \/>\n<meta property=\"article:modified_time\" content=\"2024-11-16T19:48:39+00:00\" \/>\n<meta property=\"og:image\" content=\"https:\/\/footdavant.fr\/actualites\/wp-content\/uploads\/2024\/10\/Personne-ne-serait-surpris-si-Ruud-van-Nistelrooy-devenait-manager.jpg\" \/>\n\t<meta property=\"og:image:width\" content=\"1600\" \/>\n\t<meta property=\"og:image:height\" content=\"707\" \/>\n\t<meta property=\"og:image:type\" content=\"image\/jpeg\" \/>\n<meta name=\"author\" content=\"Cl\u00e9ment\" \/>\n<meta name=\"twitter:card\" content=\"summary_large_image\" \/>\n<meta name=\"twitter:creator\" content=\"@FootdavantFr\" \/>\n<meta name=\"twitter:site\" content=\"@FootdavantFr\" \/>\n<meta name=\"twitter:label1\" content=\"\u00c9crit par\" \/>\n\t<meta name=\"twitter:data1\" content=\"Cl\u00e9ment\" \/>\n\t<meta name=\"twitter:label2\" content=\"Dur\u00e9e de lecture estim\u00e9e\" \/>\n\t<meta name=\"twitter:data2\" content=\"2 minutes\" \/>\n<script type=\"application\/ld+json\" class=\"yoast-schema-graph\">{\"@context\":\"https:\/\/schema.org\",\"@graph\":[{\"@type\":\"Article\",\"@id\":\"https:\/\/footdavant.fr\/actualites\/ruud-van-nistelrooy-est-le-choix-prefere-pour-le-poste-a-coventry-city-mais-il-y-a-un-probleme-complexe-et-incertain\/#article\",\"isPartOf\":{\"@id\":\"https:\/\/footdavant.fr\/actualites\/ruud-van-nistelrooy-est-le-choix-prefere-pour-le-poste-a-coventry-city-mais-il-y-a-un-probleme-complexe-et-incertain\/\"},\"author\":{\"name\":\"Cl\u00e9ment\",\"@id\":\"https:\/\/footdavant.fr\/actualites\/#\/schema\/person\/bc222566d95871b37e597b3ed3ba5e1d\"},\"headline\":\"Ruud van Nistelrooy est le \u00ab\u00a0choix pr\u00e9f\u00e9r\u00e9\u00a0\u00bb pour le poste \u00e0 Coventry City mais il y a un probl\u00e8me \u00ab\u00a0complexe et incertain\u00a0\u00bb &#8211;\",\"datePublished\":\"2024-11-16T19:48:38+00:00\",\"dateModified\":\"2024-11-16T19:48:39+00:00\",\"mainEntityOfPage\":{\"@id\":\"https:\/\/footdavant.fr\/actualites\/ruud-van-nistelrooy-est-le-choix-prefere-pour-le-poste-a-coventry-city-mais-il-y-a-un-probleme-complexe-et-incertain\/\"},\"wordCount\":506,\"publisher\":{\"@id\":\"https:\/\/footdavant.fr\/actualites\/#organization\"},\"keywords\":[\"choix\",\"City\",\"complexe\",\"Coventry\",\"est\",\"incertain\",\"mais\",\"Nistelrooy\",\"poste\",\"pour\",\"pr\u00e9f\u00e9r\u00e9\",\"probl\u00e8me\",\"Ruud\",\"van\"],\"articleSection\":[\"Football\"],\"inLanguage\":\"fr-FR\"},{\"@type\":\"WebPage\",\"@id\":\"https:\/\/footdavant.fr\/actualites\/ruud-van-nistelrooy-est-le-choix-prefere-pour-le-poste-a-coventry-city-mais-il-y-a-un-probleme-complexe-et-incertain\/\",\"url\":\"https:\/\/footdavant.fr\/actualites\/ruud-van-nistelrooy-est-le-choix-prefere-pour-le-poste-a-coventry-city-mais-il-y-a-un-probleme-complexe-et-incertain\/\",\"name\":\"Ruud van Nistelrooy est le \\\"choix pr\u00e9f\u00e9r\u00e9\\\" pour le poste \u00e0 Coventry City mais il y a un probl\u00e8me \\\"complexe et incertain\\\" -\",\"isPartOf\":{\"@id\":\"https:\/\/footdavant.fr\/actualites\/#website\"},\"datePublished\":\"2024-11-16T19:48:38+00:00\",\"dateModified\":\"2024-11-16T19:48:39+00:00\",\"breadcrumb\":{\"@id\":\"https:\/\/footdavant.fr\/actualites\/ruud-van-nistelrooy-est-le-choix-prefere-pour-le-poste-a-coventry-city-mais-il-y-a-un-probleme-complexe-et-incertain\/#breadcrumb\"},\"inLanguage\":\"fr-FR\",\"potentialAction\":[{\"@type\":\"ReadAction\",\"target\":[\"https:\/\/footdavant.fr\/actualites\/ruud-van-nistelrooy-est-le-choix-prefere-pour-le-poste-a-coventry-city-mais-il-y-a-un-probleme-complexe-et-incertain\/\"]}]},{\"@type\":\"BreadcrumbList\",\"@id\":\"https:\/\/footdavant.fr\/actualites\/ruud-van-nistelrooy-est-le-choix-prefere-pour-le-poste-a-coventry-city-mais-il-y-a-un-probleme-complexe-et-incertain\/#breadcrumb\",\"itemListElement\":[{\"@type\":\"ListItem\",\"position\":1,\"name\":\"Accueil\",\"item\":\"https:\/\/footdavant.fr\/actualites\/\"},{\"@type\":\"ListItem\",\"position\":2,\"name\":\"Ruud van Nistelrooy est le \u00ab\u00a0choix pr\u00e9f\u00e9r\u00e9\u00a0\u00bb pour le poste \u00e0 Coventry City mais il y a un probl\u00e8me \u00ab\u00a0complexe et incertain\u00a0\u00bb &#8211;\"}]},{\"@type\":\"WebSite\",\"@id\":\"https:\/\/footdavant.fr\/actualites\/#website\",\"url\":\"https:\/\/footdavant.fr\/actualites\/\",\"name\":\"Foot d'avant\",\"description\":\"\",\"publisher\":{\"@id\":\"https:\/\/footdavant.fr\/actualites\/#organization\"},\"potentialAction\":[{\"@type\":\"SearchAction\",\"target\":{\"@type\":\"EntryPoint\",\"urlTemplate\":\"https:\/\/footdavant.fr\/actualites\/?s={search_term_string}\"},\"query-input\":\"required name=search_term_string\"}],\"inLanguage\":\"fr-FR\"},{\"@type\":\"Organization\",\"@id\":\"https:\/\/footdavant.fr\/actualites\/#organization\",\"name\":\"Foot d'avant\",\"url\":\"https:\/\/footdavant.fr\/actualites\/\",\"logo\":{\"@type\":\"ImageObject\",\"inLanguage\":\"fr-FR\",\"@id\":\"https:\/\/footdavant.fr\/actualites\/#\/schema\/logo\/image\/\",\"url\":\"https:\/\/footdavant.fr\/actualites\/wp-content\/uploads\/2023\/09\/Copy-of-FootDavant-Logo.png\",\"contentUrl\":\"https:\/\/footdavant.fr\/actualites\/wp-content\/uploads\/2023\/09\/Copy-of-FootDavant-Logo.png\",\"width\":936,\"height\":549,\"caption\":\"Foot d'avant\"},\"image\":{\"@id\":\"https:\/\/footdavant.fr\/actualites\/#\/schema\/logo\/image\/\"},\"sameAs\":[\"https:\/\/www.facebook.com\/Footdavant\/\",\"https:\/\/twitter.com\/FootdavantFr\",\"https:\/\/www.instagram.com\/footdavant.fr\/\"]},{\"@type\":\"Person\",\"@id\":\"https:\/\/footdavant.fr\/actualites\/#\/schema\/person\/bc222566d95871b37e597b3ed3ba5e1d\",\"name\":\"Cl\u00e9ment\",\"image\":{\"@type\":\"ImageObject\",\"inLanguage\":\"fr-FR\",\"@id\":\"https:\/\/footdavant.fr\/actualites\/#\/schema\/person\/image\/\",\"url\":\"https:\/\/secure.gravatar.com\/avatar\/7728b29aac2719421e1a9159b2254c44?s=96&d=mm&r=g\",\"contentUrl\":\"https:\/\/secure.gravatar.com\/avatar\/7728b29aac2719421e1a9159b2254c44?s=96&d=mm&r=g\",\"caption\":\"Cl\u00e9ment\"},\"sameAs\":[\"https:\/\/footdavant.fr\/\"]}]}<\/script>\n<!-- \/ Yoast SEO plugin. -->","yoast_head_json":{"title":"Ruud van Nistelrooy est le \"choix pr\u00e9f\u00e9r\u00e9\" pour le poste \u00e0 Coventry City mais il y a un probl\u00e8me \"complexe et incertain\" -","robots":{"index":"index","follow":"follow","max-snippet":"max-snippet:-1","max-image-preview":"max-image-preview:large","max-video-preview":"max-video-preview:-1"},"canonical":"https:\/\/footdavant.fr\/actualites\/ruud-van-nistelrooy-est-le-choix-prefere-pour-le-poste-a-coventry-city-mais-il-y-a-un-probleme-complexe-et-incertain\/","og_locale":"fr_FR","og_type":"article","og_title":"Ruud van Nistelrooy est le \"choix pr\u00e9f\u00e9r\u00e9\" pour le poste \u00e0 Coventry City mais il y a un probl\u00e8me \"complexe et incertain\" -","og_description":"1 L&#39;ancien manager par int\u00e9rim de Manchester United, Ruud van Nistelrooy, serait l&#39;option privil\u00e9gi\u00e9e pour le poste \u00e0 Coventry City. Van Nistelrooy est revenu \u00e0","og_url":"https:\/\/footdavant.fr\/actualites\/ruud-van-nistelrooy-est-le-choix-prefere-pour-le-poste-a-coventry-city-mais-il-y-a-un-probleme-complexe-et-incertain\/","og_site_name":"Foot d&#039;avant","article_publisher":"https:\/\/www.facebook.com\/Footdavant\/","article_published_time":"2024-11-16T19:48:38+00:00","article_modified_time":"2024-11-16T19:48:39+00:00","og_image":[{"width":1600,"height":707,"url":"https:\/\/footdavant.fr\/actualites\/wp-content\/uploads\/2024\/10\/Personne-ne-serait-surpris-si-Ruud-van-Nistelrooy-devenait-manager.jpg","type":"image\/jpeg"}],"author":"Cl\u00e9ment","twitter_card":"summary_large_image","twitter_creator":"@FootdavantFr","twitter_site":"@FootdavantFr","twitter_misc":{"\u00c9crit par":"Cl\u00e9ment","Dur\u00e9e de lecture estim\u00e9e":"2 minutes"},"schema":{"@context":"https:\/\/schema.org","@graph":[{"@type":"Article","@id":"https:\/\/footdavant.fr\/actualites\/ruud-van-nistelrooy-est-le-choix-prefere-pour-le-poste-a-coventry-city-mais-il-y-a-un-probleme-complexe-et-incertain\/#article","isPartOf":{"@id":"https:\/\/footdavant.fr\/actualites\/ruud-van-nistelrooy-est-le-choix-prefere-pour-le-poste-a-coventry-city-mais-il-y-a-un-probleme-complexe-et-incertain\/"},"author":{"name":"Cl\u00e9ment","@id":"https:\/\/footdavant.fr\/actualites\/#\/schema\/person\/bc222566d95871b37e597b3ed3ba5e1d"},"headline":"Ruud van Nistelrooy est le \u00ab\u00a0choix pr\u00e9f\u00e9r\u00e9\u00a0\u00bb pour le poste \u00e0 Coventry City mais il y a un probl\u00e8me \u00ab\u00a0complexe et incertain\u00a0\u00bb &#8211;","datePublished":"2024-11-16T19:48:38+00:00","dateModified":"2024-11-16T19:48:39+00:00","mainEntityOfPage":{"@id":"https:\/\/footdavant.fr\/actualites\/ruud-van-nistelrooy-est-le-choix-prefere-pour-le-poste-a-coventry-city-mais-il-y-a-un-probleme-complexe-et-incertain\/"},"wordCount":506,"publisher":{"@id":"https:\/\/footdavant.fr\/actualites\/#organization"},"keywords":["choix","City","complexe","Coventry","est","incertain","mais","Nistelrooy","poste","pour","pr\u00e9f\u00e9r\u00e9","probl\u00e8me","Ruud","van"],"articleSection":["Football"],"inLanguage":"fr-FR"},{"@type":"WebPage","@id":"https:\/\/footdavant.fr\/actualites\/ruud-van-nistelrooy-est-le-choix-prefere-pour-le-poste-a-coventry-city-mais-il-y-a-un-probleme-complexe-et-incertain\/","url":"https:\/\/footdavant.fr\/actualites\/ruud-van-nistelrooy-est-le-choix-prefere-pour-le-poste-a-coventry-city-mais-il-y-a-un-probleme-complexe-et-incertain\/","name":"Ruud van Nistelrooy est le \"choix pr\u00e9f\u00e9r\u00e9\" pour le poste \u00e0 Coventry City mais il y a un probl\u00e8me \"complexe et incertain\" -","isPartOf":{"@id":"https:\/\/footdavant.fr\/actualites\/#website"},"datePublished":"2024-11-16T19:48:38+00:00","dateModified":"2024-11-16T19:48:39+00:00","breadcrumb":{"@id":"https:\/\/footdavant.fr\/actualites\/ruud-van-nistelrooy-est-le-choix-prefere-pour-le-poste-a-coventry-city-mais-il-y-a-un-probleme-complexe-et-incertain\/#breadcrumb"},"inLanguage":"fr-FR","potentialAction":[{"@type":"ReadAction","target":["https:\/\/footdavant.fr\/actualites\/ruud-van-nistelrooy-est-le-choix-prefere-pour-le-poste-a-coventry-city-mais-il-y-a-un-probleme-complexe-et-incertain\/"]}]},{"@type":"BreadcrumbList","@id":"https:\/\/footdavant.fr\/actualites\/ruud-van-nistelrooy-est-le-choix-prefere-pour-le-poste-a-coventry-city-mais-il-y-a-un-probleme-complexe-et-incertain\/#breadcrumb","itemListElement":[{"@type":"ListItem","position":1,"name":"Accueil","item":"https:\/\/footdavant.fr\/actualites\/"},{"@type":"ListItem","position":2,"name":"Ruud van Nistelrooy est le \u00ab\u00a0choix pr\u00e9f\u00e9r\u00e9\u00a0\u00bb pour le poste \u00e0 Coventry City mais il y a un probl\u00e8me \u00ab\u00a0complexe et incertain\u00a0\u00bb &#8211;"}]},{"@type":"WebSite","@id":"https:\/\/footdavant.fr\/actualites\/#website","url":"https:\/\/footdavant.fr\/actualites\/","name":"Foot d'avant","description":"","publisher":{"@id":"https:\/\/footdavant.fr\/actualites\/#organization"},"potentialAction":[{"@type":"SearchAction","target":{"@type":"EntryPoint","urlTemplate":"https:\/\/footdavant.fr\/actualites\/?s={search_term_string}"},"query-input":"required name=search_term_string"}],"inLanguage":"fr-FR"},{"@type":"Organization","@id":"https:\/\/footdavant.fr\/actualites\/#organization","name":"Foot d'avant","url":"https:\/\/footdavant.fr\/actualites\/","logo":{"@type":"ImageObject","inLanguage":"fr-FR","@id":"https:\/\/footdavant.fr\/actualites\/#\/schema\/logo\/image\/","url":"https:\/\/footdavant.fr\/actualites\/wp-content\/uploads\/2023\/09\/Copy-of-FootDavant-Logo.png","contentUrl":"https:\/\/footdavant.fr\/actualites\/wp-content\/uploads\/2023\/09\/Copy-of-FootDavant-Logo.png","width":936,"height":549,"caption":"Foot d'avant"},"image":{"@id":"https:\/\/footdavant.fr\/actualites\/#\/schema\/logo\/image\/"},"sameAs":["https:\/\/www.facebook.com\/Footdavant\/","https:\/\/twitter.com\/FootdavantFr","https:\/\/www.instagram.com\/footdavant.fr\/"]},{"@type":"Person","@id":"https:\/\/footdavant.fr\/actualites\/#\/schema\/person\/bc222566d95871b37e597b3ed3ba5e1d","name":"Cl\u00e9ment","image":{"@type":"ImageObject","inLanguage":"fr-FR","@id":"https:\/\/footdavant.fr\/actualites\/#\/schema\/person\/image\/","url":"https:\/\/secure.gravatar.com\/avatar\/7728b29aac2719421e1a9159b2254c44?s=96&d=mm&r=g","contentUrl":"https:\/\/secure.gravatar.com\/avatar\/7728b29aac2719421e1a9159b2254c44?s=96&d=mm&r=g","caption":"Cl\u00e9ment"},"sameAs":["https:\/\/footdavant.fr\/"]}]}},"_links":{"self":[{"href":"https:\/\/footdavant.fr\/actualites\/wp-json\/wp\/v2\/posts\/16287"}],"collection":[{"href":"https:\/\/footdavant.fr\/actualites\/wp-json\/wp\/v2\/posts"}],"about":[{"href":"https:\/\/footdavant.fr\/actualites\/wp-json\/wp\/v2\/types\/post"}],"author":[{"embeddable":true,"href":"https:\/\/footdavant.fr\/actualites\/wp-json\/wp\/v2\/users\/1"}],"replies":[{"embeddable":true,"href":"https:\/\/footdavant.fr\/actualites\/wp-json\/wp\/v2\/comments?post=16287"}],"version-history":[{"count":1,"href":"https:\/\/footdavant.fr\/actualites\/wp-json\/wp\/v2\/posts\/16287\/revisions"}],"predecessor-version":[{"id":16288,"href":"https:\/\/footdavant.fr\/actualites\/wp-json\/wp\/v2\/posts\/16287\/revisions\/16288"}],"wp:featuredmedia":[{"embeddable":true,"href":"https:\/\/footdavant.fr\/actualites\/wp-json\/wp\/v2\/media\/14939"}],"wp:attachment":[{"href":"https:\/\/footdavant.fr\/actualites\/wp-json\/wp\/v2\/media?parent=16287"}],"wp:term":[{"taxonomy":"category","embeddable":true,"href":"https:\/\/footdavant.fr\/actualites\/wp-json\/wp\/v2\/categories?post=16287"},{"taxonomy":"post_tag","embeddable":true,"href":"https:\/\/footdavant.fr\/actualites\/wp-json\/wp\/v2\/tags?post=16287"}],"curies":[{"name":"wp","href":"https:\/\/api.w.org\/{rel}","templated":true}]}}