{"id":16289,"date":"2024-11-16T22:48:20","date_gmt":"2024-11-16T21:48:20","guid":{"rendered":"https:\/\/footdavant.fr\/actualites\/le-capitaine-de-man-united-bruno-fernandes-sadresse-a-larrivee-de-ruben-amorim-apres-une-periode-tres-speciale-au-sporting-lisbonne\/"},"modified":"2024-11-16T22:48:22","modified_gmt":"2024-11-16T21:48:22","slug":"le-capitaine-de-man-united-bruno-fernandes-sadresse-a-larrivee-de-ruben-amorim-apres-une-periode-tres-speciale-au-sporting-lisbonne","status":"publish","type":"post","link":"https:\/\/footdavant.fr\/actualites\/le-capitaine-de-man-united-bruno-fernandes-sadresse-a-larrivee-de-ruben-amorim-apres-une-periode-tres-speciale-au-sporting-lisbonne\/","title":{"rendered":"Le capitaine de Man United, Bruno Fernandes, s&#39;adresse \u00e0 l&#39;arriv\u00e9e de Ruben Amorim apr\u00e8s une p\u00e9riode \u00ab\u00a0tr\u00e8s sp\u00e9ciale\u00a0\u00bb au Sporting Lisbonne"},"content":{"rendered":"<p>Bruno Fernandes estime que c&#39;est \u00ab\u00a0le bon moment\u00a0\u00bb pour Ruben Amorim d&#39;arriver \u00e0 Manchester United, affirmant que le Portugais \u00ab\u00a0a fait quelque chose de tr\u00e8s sp\u00e9cial\u00a0\u00bb au Sporting.<\/p>\n<div id=\"article_body\" itemprop=\"articleBody\">\n<h3 class=\"firstPara\">\n<strong class=\"autotag\">Manchester United<\/strong> capitaine <strong class=\"autotag\">Bruno Fernandes<\/strong> a d\u00e9clar\u00e9 que c&#39;\u00e9tait \u00ab\u00a0le bon moment\u00a0\u00bb pour <strong class=\"autotag\">Ruben Amorim<\/strong> \u00e0 Old Trafford, affirmant que les Portugais \u00ab\u00a0ont fait quelque chose de tr\u00e8s sp\u00e9cial\u00a0\u00bb au Sporting Lisbonne.<\/h3>\n<p>Amorim est officiellement devenu <strong>Le nouvel entra\u00eeneur de Man United lundi<\/strong>avec <strong class=\"autotag\">Ruud van Nistelrooy<\/strong>Le mandat d&#39;entra\u00eeneur-chef par int\u00e9rim s&#39;est termin\u00e9 dimanche apr\u00e8s avoir men\u00e9 les Red Devils \u00e0 un <strong>Succ\u00e8s 3-0 contre Leicester City<\/strong>.<\/p>\n<p>Le premier match \u00e0 la t\u00eate du joueur de 39 ans aura lieu contre Ipswich Town le 24 novembre et il est actuellement en train de s&#39;installer dans son nouvel environnement, \u00e9tant arriv\u00e9 \u00e0 Manchester lundi.<\/p>\n<p>Fernandes ne rencontrera Amorim que la semaine prochaine, car il fait actuellement partie de l&#39;\u00e9quipe du Portugal qui pr\u00e9pare ses matches de l&#39;UEFA Nations League contre la Pologne et la Croatie.<\/p>\n<p>L&#39;attaquant n&#39;a pas jou\u00e9 sous Amorim au Sporting, puisqu&#39;il a quitt\u00e9 les Verts et Blancs pour Man United en janvier 2020, Amorim prenant la t\u00eate des g\u00e9ants de Lisbonne en mars 2020, mais Fernandes a gard\u00e9 un \u0153il attentif sur son ancien club.<\/p>\n<p class=\"imgI\">\n<h2 class=\"k3\">Fernandes dit qu&#39;Amorim \u00ab\u00a0a fait quelque chose de tr\u00e8s sp\u00e9cial au Sporting\u00a0\u00bb<\/h2>\n<p>\u00ab\u00a0C&#39;est le bon moment pour qu&#39;il vienne apporter son \u00e9nergie, ses qualit\u00e9s et sa connaissance du football car il a fait quelque chose de tr\u00e8s sp\u00e9cial au Sporting\u00a0\u00bb, a d\u00e9clar\u00e9 Fernandes. <em>MUTV<\/em>.<\/p>\n<p>\u00ab\u00a0J&#39;ai regard\u00e9 presque tous les matchs du Sporting. (Amorim) est quelqu&#39;un qui a ramen\u00e9 l&#39;enthousiasme au club. Il a apport\u00e9 beaucoup de bonnes choses au club et j&#39;esp\u00e8re qu&#39;il pourra faire la m\u00eame chose ici parce que parfois une personne peut changer le l&#39;\u00e9nergie d&#39;un espace si c&#39;est le bon moment.<\/p>\n<p>\u00ab\u00a0Ils ont pass\u00e9 environ 20 ans sans remporter le championnat, il les a ramen\u00e9s au championnat et il l&#39;a fait deux fois en quatre ans avec une tr\u00e8s (jeune) \u00e9quipe dans un moment de changement. Esp\u00e9rons que cela puisse \u00eatre un moment r\u00e9ussi pour nous. .<\/p>\n<p>\u00ab\u00a0Il a fait de tr\u00e8s bonnes choses tactiquement, d&#39;apr\u00e8s ce que j&#39;ai vu. De toute \u00e9vidence, il ne peut pas transformer ce qu&#39;il a fait sportivement ici. Nous avons des joueurs diff\u00e9rents et des fa\u00e7ons de jouer diff\u00e9rentes. Mais je suis s\u00fbr que l&#39;id\u00e9e du football lui a, quelle que soit la fa\u00e7on dont il veut jouer, nous apportera le succ\u00e8s.<\/p>\n<p class=\"imgI\"><img decoding=\"async\" loading=\"lazy\" class=\"l\" src=\"https:\/\/footdavant.fr\/actualites\/wp-content\/uploads\/2024\/11\/1731793700_721_Le-capitaine-de-Man-United-Bruno-Fernandes-s39adresse-a-l39arrivee.jpg\" title=\"Ruben Amorim du Sporting Lisbonne le 5 novembre 2024\" alt=\"Ruben Amorim du Sporting Lisbonne le 5 novembre 2024\" width=\"640\" height=\"480\"><\/p>\n<h2 class=\"k3\">Fernandes salue le \u00ab\u00a0grand caract\u00e8re\u00a0\u00bb d&#39;Amorim<\/h2>\n<p>\u00ab\u00a0Pour moi, ce qui me frappe, c&#39;est le lien qu&#39;il a avec les joueurs. Quand l&#39;entra\u00eeneur quitte votre club au milieu de la saison avec tout ce qu&#39;il leur reste \u00e0 gagner, vous voyez la fa\u00e7on dont ils lui disent au revoir, la fa\u00e7on dont ils lui font sentir qu&#39;il fait partie de l&#39;\u00e9quipe et la fa\u00e7on dont ils le traitent, cela montre que c&#39;est un grand personnage et c&#39;est quelqu&#39;un qui donne tout aux joueurs.<\/p>\n<p>\u00ab\u00a0J&#39;ai vu de nombreux moments o\u00f9 les joueurs \u00e9taient en difficult\u00e9 et il se rend \u00e0 la conf\u00e9rence de presse pour d\u00e9fendre ses joueurs afin de leur donner la meilleure opportunit\u00e9 de briller. Il avait une \u00e9quipe tr\u00e8s jeune donc il devait le faire, j&#39;esp\u00e8re qu&#39;il pourra faire de m\u00eame. avec nous.\u00a0\u00bb<\/p>\n<p>Amorim a quitt\u00e9 le Sporting avec un bilan de 164 victoires, 34 nuls et 33 d\u00e9faites en 231 matches, remportant cinq troph\u00e9es, dont deux titres en Primeira Liga.<\/p>\n<p>L&#39;entra\u00eeneur principal a \u00e9galement supervis\u00e9 un excellent d\u00e9but de saison pour les Verts et Blancs, l&#39;\u00e9quipe ayant remport\u00e9 ses 11 matches de championnat pour s&#39;asseoir en t\u00eate du classement. <strong>Classement de la Primeira Liga<\/strong>six points devant Porto, deuxi\u00e8me.<\/p>\n<p>Le Sporting a \u00e9galement \u00e9t\u00e9 en excellente forme en Ligue des Champions cette saison, r\u00e9coltant 10 points lors de ses trois premiers matches de la saison pour se classer deuxi\u00e8me du classement. <strong>le tableau global<\/strong>.<\/p>\n<\/div>\n","protected":false},"excerpt":{"rendered":"<p>Bruno Fernandes estime que c&#39;est \u00ab\u00a0le bon moment\u00a0\u00bb pour Ruben Amorim d&#39;arriver \u00e0 Manchester United, affirmant que le Portugais \u00ab\u00a0a fait quelque chose de tr\u00e8s<\/p>\n","protected":false},"author":1,"featured_media":16290,"comment_status":"closed","ping_status":"","sticky":false,"template":"","format":"standard","meta":{"footnotes":""},"categories":[5],"tags":[4477,25,138,141,139,4718,2302,24,273,160,7069,6407,2301,852,92,13],"yoast_head":"<!-- This site is optimized with the Yoast SEO plugin v21.0 - https:\/\/yoast.com\/wordpress\/plugins\/seo\/ -->\n<title>Le capitaine de Man United, Bruno Fernandes, s&#039;adresse \u00e0 l&#039;arriv\u00e9e de Ruben Amorim apr\u00e8s une p\u00e9riode &quot;tr\u00e8s sp\u00e9ciale&quot; au Sporting Lisbonne<\/title>\n<meta name=\"robots\" content=\"index, follow, max-snippet:-1, max-image-preview:large, max-video-preview:-1\" \/>\n<link rel=\"canonical\" href=\"https:\/\/footdavant.fr\/actualites\/le-capitaine-de-man-united-bruno-fernandes-sadresse-a-larrivee-de-ruben-amorim-apres-une-periode-tres-speciale-au-sporting-lisbonne\/\" \/>\n<meta property=\"og:locale\" content=\"fr_FR\" \/>\n<meta property=\"og:type\" content=\"article\" \/>\n<meta property=\"og:title\" content=\"Le capitaine de Man United, Bruno Fernandes, s&#039;adresse \u00e0 l&#039;arriv\u00e9e de Ruben Amorim apr\u00e8s une p\u00e9riode &quot;tr\u00e8s sp\u00e9ciale&quot; au Sporting Lisbonne\" \/>\n<meta property=\"og:description\" content=\"Bruno Fernandes estime que c&#039;est \u00ab\u00a0le bon moment\u00a0\u00bb pour Ruben Amorim d&#039;arriver \u00e0 Manchester United, affirmant que le Portugais \u00ab\u00a0a fait quelque chose de tr\u00e8s\" \/>\n<meta property=\"og:url\" content=\"https:\/\/footdavant.fr\/actualites\/le-capitaine-de-man-united-bruno-fernandes-sadresse-a-larrivee-de-ruben-amorim-apres-une-periode-tres-speciale-au-sporting-lisbonne\/\" \/>\n<meta property=\"og:site_name\" content=\"Foot d&#039;avant\" \/>\n<meta property=\"article:publisher\" content=\"https:\/\/www.facebook.com\/Footdavant\/\" \/>\n<meta property=\"article:published_time\" content=\"2024-11-16T21:48:20+00:00\" \/>\n<meta property=\"article:modified_time\" content=\"2024-11-16T21:48:22+00:00\" \/>\n<meta property=\"og:image\" content=\"https:\/\/footdavant.fr\/actualites\/wp-content\/uploads\/2024\/11\/Le-capitaine-de-Man-United-Bruno-Fernandes-s39adresse-a-l39arrivee.jpg\" \/>\n\t<meta property=\"og:image:width\" content=\"640\" \/>\n\t<meta property=\"og:image:height\" content=\"480\" \/>\n\t<meta property=\"og:image:type\" content=\"image\/jpeg\" \/>\n<meta name=\"author\" content=\"Cl\u00e9ment\" \/>\n<meta name=\"twitter:card\" content=\"summary_large_image\" \/>\n<meta name=\"twitter:creator\" content=\"@FootdavantFr\" \/>\n<meta name=\"twitter:site\" content=\"@FootdavantFr\" \/>\n<meta name=\"twitter:label1\" content=\"\u00c9crit par\" \/>\n\t<meta name=\"twitter:data1\" content=\"Cl\u00e9ment\" \/>\n\t<meta name=\"twitter:label2\" content=\"Dur\u00e9e de lecture estim\u00e9e\" \/>\n\t<meta name=\"twitter:data2\" content=\"4 minutes\" \/>\n<script type=\"application\/ld+json\" class=\"yoast-schema-graph\">{\"@context\":\"https:\/\/schema.org\",\"@graph\":[{\"@type\":\"Article\",\"@id\":\"https:\/\/footdavant.fr\/actualites\/le-capitaine-de-man-united-bruno-fernandes-sadresse-a-larrivee-de-ruben-amorim-apres-une-periode-tres-speciale-au-sporting-lisbonne\/#article\",\"isPartOf\":{\"@id\":\"https:\/\/footdavant.fr\/actualites\/le-capitaine-de-man-united-bruno-fernandes-sadresse-a-larrivee-de-ruben-amorim-apres-une-periode-tres-speciale-au-sporting-lisbonne\/\"},\"author\":{\"name\":\"Cl\u00e9ment\",\"@id\":\"https:\/\/footdavant.fr\/actualites\/#\/schema\/person\/bc222566d95871b37e597b3ed3ba5e1d\"},\"headline\":\"Le capitaine de Man United, Bruno Fernandes, s&#39;adresse \u00e0 l&#39;arriv\u00e9e de Ruben Amorim apr\u00e8s une p\u00e9riode \u00ab\u00a0tr\u00e8s sp\u00e9ciale\u00a0\u00bb au Sporting Lisbonne\",\"datePublished\":\"2024-11-16T21:48:20+00:00\",\"dateModified\":\"2024-11-16T21:48:22+00:00\",\"mainEntityOfPage\":{\"@id\":\"https:\/\/footdavant.fr\/actualites\/le-capitaine-de-man-united-bruno-fernandes-sadresse-a-larrivee-de-ruben-amorim-apres-une-periode-tres-speciale-au-sporting-lisbonne\/\"},\"wordCount\":745,\"publisher\":{\"@id\":\"https:\/\/footdavant.fr\/actualites\/#organization\"},\"keywords\":[\"Amorim\",\"apr\u00e8s\",\"Bruno\",\"capitaine\",\"Fernandes\",\"l39arriv\u00e9e\",\"Lisbonne\",\"Man\",\"p\u00e9riode\",\"Ruben\",\"s39adresse\",\"sp\u00e9ciale\",\"Sporting\",\"tr\u00e8s\",\"une\",\"United\"],\"articleSection\":[\"Premier League\"],\"inLanguage\":\"fr-FR\"},{\"@type\":\"WebPage\",\"@id\":\"https:\/\/footdavant.fr\/actualites\/le-capitaine-de-man-united-bruno-fernandes-sadresse-a-larrivee-de-ruben-amorim-apres-une-periode-tres-speciale-au-sporting-lisbonne\/\",\"url\":\"https:\/\/footdavant.fr\/actualites\/le-capitaine-de-man-united-bruno-fernandes-sadresse-a-larrivee-de-ruben-amorim-apres-une-periode-tres-speciale-au-sporting-lisbonne\/\",\"name\":\"Le capitaine de Man United, Bruno Fernandes, s&#39;adresse \u00e0 l&#39;arriv\u00e9e de Ruben Amorim apr\u00e8s une p\u00e9riode \\\"tr\u00e8s sp\u00e9ciale\\\" au Sporting Lisbonne\",\"isPartOf\":{\"@id\":\"https:\/\/footdavant.fr\/actualites\/#website\"},\"datePublished\":\"2024-11-16T21:48:20+00:00\",\"dateModified\":\"2024-11-16T21:48:22+00:00\",\"breadcrumb\":{\"@id\":\"https:\/\/footdavant.fr\/actualites\/le-capitaine-de-man-united-bruno-fernandes-sadresse-a-larrivee-de-ruben-amorim-apres-une-periode-tres-speciale-au-sporting-lisbonne\/#breadcrumb\"},\"inLanguage\":\"fr-FR\",\"potentialAction\":[{\"@type\":\"ReadAction\",\"target\":[\"https:\/\/footdavant.fr\/actualites\/le-capitaine-de-man-united-bruno-fernandes-sadresse-a-larrivee-de-ruben-amorim-apres-une-periode-tres-speciale-au-sporting-lisbonne\/\"]}]},{\"@type\":\"BreadcrumbList\",\"@id\":\"https:\/\/footdavant.fr\/actualites\/le-capitaine-de-man-united-bruno-fernandes-sadresse-a-larrivee-de-ruben-amorim-apres-une-periode-tres-speciale-au-sporting-lisbonne\/#breadcrumb\",\"itemListElement\":[{\"@type\":\"ListItem\",\"position\":1,\"name\":\"Accueil\",\"item\":\"https:\/\/footdavant.fr\/actualites\/\"},{\"@type\":\"ListItem\",\"position\":2,\"name\":\"Le capitaine de Man United, Bruno Fernandes, s&#39;adresse \u00e0 l&#39;arriv\u00e9e de Ruben Amorim apr\u00e8s une p\u00e9riode \u00ab\u00a0tr\u00e8s sp\u00e9ciale\u00a0\u00bb au Sporting Lisbonne\"}]},{\"@type\":\"WebSite\",\"@id\":\"https:\/\/footdavant.fr\/actualites\/#website\",\"url\":\"https:\/\/footdavant.fr\/actualites\/\",\"name\":\"Foot d'avant\",\"description\":\"\",\"publisher\":{\"@id\":\"https:\/\/footdavant.fr\/actualites\/#organization\"},\"potentialAction\":[{\"@type\":\"SearchAction\",\"target\":{\"@type\":\"EntryPoint\",\"urlTemplate\":\"https:\/\/footdavant.fr\/actualites\/?s={search_term_string}\"},\"query-input\":\"required name=search_term_string\"}],\"inLanguage\":\"fr-FR\"},{\"@type\":\"Organization\",\"@id\":\"https:\/\/footdavant.fr\/actualites\/#organization\",\"name\":\"Foot d'avant\",\"url\":\"https:\/\/footdavant.fr\/actualites\/\",\"logo\":{\"@type\":\"ImageObject\",\"inLanguage\":\"fr-FR\",\"@id\":\"https:\/\/footdavant.fr\/actualites\/#\/schema\/logo\/image\/\",\"url\":\"https:\/\/footdavant.fr\/actualites\/wp-content\/uploads\/2023\/09\/Copy-of-FootDavant-Logo.png\",\"contentUrl\":\"https:\/\/footdavant.fr\/actualites\/wp-content\/uploads\/2023\/09\/Copy-of-FootDavant-Logo.png\",\"width\":936,\"height\":549,\"caption\":\"Foot d'avant\"},\"image\":{\"@id\":\"https:\/\/footdavant.fr\/actualites\/#\/schema\/logo\/image\/\"},\"sameAs\":[\"https:\/\/www.facebook.com\/Footdavant\/\",\"https:\/\/twitter.com\/FootdavantFr\",\"https:\/\/www.instagram.com\/footdavant.fr\/\"]},{\"@type\":\"Person\",\"@id\":\"https:\/\/footdavant.fr\/actualites\/#\/schema\/person\/bc222566d95871b37e597b3ed3ba5e1d\",\"name\":\"Cl\u00e9ment\",\"image\":{\"@type\":\"ImageObject\",\"inLanguage\":\"fr-FR\",\"@id\":\"https:\/\/footdavant.fr\/actualites\/#\/schema\/person\/image\/\",\"url\":\"https:\/\/secure.gravatar.com\/avatar\/7728b29aac2719421e1a9159b2254c44?s=96&d=mm&r=g\",\"contentUrl\":\"https:\/\/secure.gravatar.com\/avatar\/7728b29aac2719421e1a9159b2254c44?s=96&d=mm&r=g\",\"caption\":\"Cl\u00e9ment\"},\"sameAs\":[\"https:\/\/footdavant.fr\/\"]}]}<\/script>\n<!-- \/ Yoast SEO plugin. -->","yoast_head_json":{"title":"Le capitaine de Man United, Bruno Fernandes, s&#39;adresse \u00e0 l&#39;arriv\u00e9e de Ruben Amorim apr\u00e8s une p\u00e9riode \"tr\u00e8s sp\u00e9ciale\" au Sporting Lisbonne","robots":{"index":"index","follow":"follow","max-snippet":"max-snippet:-1","max-image-preview":"max-image-preview:large","max-video-preview":"max-video-preview:-1"},"canonical":"https:\/\/footdavant.fr\/actualites\/le-capitaine-de-man-united-bruno-fernandes-sadresse-a-larrivee-de-ruben-amorim-apres-une-periode-tres-speciale-au-sporting-lisbonne\/","og_locale":"fr_FR","og_type":"article","og_title":"Le capitaine de Man United, Bruno Fernandes, s&#39;adresse \u00e0 l&#39;arriv\u00e9e de Ruben Amorim apr\u00e8s une p\u00e9riode \"tr\u00e8s sp\u00e9ciale\" au Sporting Lisbonne","og_description":"Bruno Fernandes estime que c&#39;est \u00ab\u00a0le bon moment\u00a0\u00bb pour Ruben Amorim d&#39;arriver \u00e0 Manchester United, affirmant que le Portugais \u00ab\u00a0a fait quelque chose de tr\u00e8s","og_url":"https:\/\/footdavant.fr\/actualites\/le-capitaine-de-man-united-bruno-fernandes-sadresse-a-larrivee-de-ruben-amorim-apres-une-periode-tres-speciale-au-sporting-lisbonne\/","og_site_name":"Foot d&#039;avant","article_publisher":"https:\/\/www.facebook.com\/Footdavant\/","article_published_time":"2024-11-16T21:48:20+00:00","article_modified_time":"2024-11-16T21:48:22+00:00","og_image":[{"width":640,"height":480,"url":"https:\/\/footdavant.fr\/actualites\/wp-content\/uploads\/2024\/11\/Le-capitaine-de-Man-United-Bruno-Fernandes-s39adresse-a-l39arrivee.jpg","type":"image\/jpeg"}],"author":"Cl\u00e9ment","twitter_card":"summary_large_image","twitter_creator":"@FootdavantFr","twitter_site":"@FootdavantFr","twitter_misc":{"\u00c9crit par":"Cl\u00e9ment","Dur\u00e9e de lecture estim\u00e9e":"4 minutes"},"schema":{"@context":"https:\/\/schema.org","@graph":[{"@type":"Article","@id":"https:\/\/footdavant.fr\/actualites\/le-capitaine-de-man-united-bruno-fernandes-sadresse-a-larrivee-de-ruben-amorim-apres-une-periode-tres-speciale-au-sporting-lisbonne\/#article","isPartOf":{"@id":"https:\/\/footdavant.fr\/actualites\/le-capitaine-de-man-united-bruno-fernandes-sadresse-a-larrivee-de-ruben-amorim-apres-une-periode-tres-speciale-au-sporting-lisbonne\/"},"author":{"name":"Cl\u00e9ment","@id":"https:\/\/footdavant.fr\/actualites\/#\/schema\/person\/bc222566d95871b37e597b3ed3ba5e1d"},"headline":"Le capitaine de Man United, Bruno Fernandes, s&#39;adresse \u00e0 l&#39;arriv\u00e9e de Ruben Amorim apr\u00e8s une p\u00e9riode \u00ab\u00a0tr\u00e8s sp\u00e9ciale\u00a0\u00bb au Sporting Lisbonne","datePublished":"2024-11-16T21:48:20+00:00","dateModified":"2024-11-16T21:48:22+00:00","mainEntityOfPage":{"@id":"https:\/\/footdavant.fr\/actualites\/le-capitaine-de-man-united-bruno-fernandes-sadresse-a-larrivee-de-ruben-amorim-apres-une-periode-tres-speciale-au-sporting-lisbonne\/"},"wordCount":745,"publisher":{"@id":"https:\/\/footdavant.fr\/actualites\/#organization"},"keywords":["Amorim","apr\u00e8s","Bruno","capitaine","Fernandes","l39arriv\u00e9e","Lisbonne","Man","p\u00e9riode","Ruben","s39adresse","sp\u00e9ciale","Sporting","tr\u00e8s","une","United"],"articleSection":["Premier League"],"inLanguage":"fr-FR"},{"@type":"WebPage","@id":"https:\/\/footdavant.fr\/actualites\/le-capitaine-de-man-united-bruno-fernandes-sadresse-a-larrivee-de-ruben-amorim-apres-une-periode-tres-speciale-au-sporting-lisbonne\/","url":"https:\/\/footdavant.fr\/actualites\/le-capitaine-de-man-united-bruno-fernandes-sadresse-a-larrivee-de-ruben-amorim-apres-une-periode-tres-speciale-au-sporting-lisbonne\/","name":"Le capitaine de Man United, Bruno Fernandes, s&#39;adresse \u00e0 l&#39;arriv\u00e9e de Ruben Amorim apr\u00e8s une p\u00e9riode \"tr\u00e8s sp\u00e9ciale\" au Sporting Lisbonne","isPartOf":{"@id":"https:\/\/footdavant.fr\/actualites\/#website"},"datePublished":"2024-11-16T21:48:20+00:00","dateModified":"2024-11-16T21:48:22+00:00","breadcrumb":{"@id":"https:\/\/footdavant.fr\/actualites\/le-capitaine-de-man-united-bruno-fernandes-sadresse-a-larrivee-de-ruben-amorim-apres-une-periode-tres-speciale-au-sporting-lisbonne\/#breadcrumb"},"inLanguage":"fr-FR","potentialAction":[{"@type":"ReadAction","target":["https:\/\/footdavant.fr\/actualites\/le-capitaine-de-man-united-bruno-fernandes-sadresse-a-larrivee-de-ruben-amorim-apres-une-periode-tres-speciale-au-sporting-lisbonne\/"]}]},{"@type":"BreadcrumbList","@id":"https:\/\/footdavant.fr\/actualites\/le-capitaine-de-man-united-bruno-fernandes-sadresse-a-larrivee-de-ruben-amorim-apres-une-periode-tres-speciale-au-sporting-lisbonne\/#breadcrumb","itemListElement":[{"@type":"ListItem","position":1,"name":"Accueil","item":"https:\/\/footdavant.fr\/actualites\/"},{"@type":"ListItem","position":2,"name":"Le capitaine de Man United, Bruno Fernandes, s&#39;adresse \u00e0 l&#39;arriv\u00e9e de Ruben Amorim apr\u00e8s une p\u00e9riode \u00ab\u00a0tr\u00e8s sp\u00e9ciale\u00a0\u00bb au Sporting Lisbonne"}]},{"@type":"WebSite","@id":"https:\/\/footdavant.fr\/actualites\/#website","url":"https:\/\/footdavant.fr\/actualites\/","name":"Foot d'avant","description":"","publisher":{"@id":"https:\/\/footdavant.fr\/actualites\/#organization"},"potentialAction":[{"@type":"SearchAction","target":{"@type":"EntryPoint","urlTemplate":"https:\/\/footdavant.fr\/actualites\/?s={search_term_string}"},"query-input":"required name=search_term_string"}],"inLanguage":"fr-FR"},{"@type":"Organization","@id":"https:\/\/footdavant.fr\/actualites\/#organization","name":"Foot d'avant","url":"https:\/\/footdavant.fr\/actualites\/","logo":{"@type":"ImageObject","inLanguage":"fr-FR","@id":"https:\/\/footdavant.fr\/actualites\/#\/schema\/logo\/image\/","url":"https:\/\/footdavant.fr\/actualites\/wp-content\/uploads\/2023\/09\/Copy-of-FootDavant-Logo.png","contentUrl":"https:\/\/footdavant.fr\/actualites\/wp-content\/uploads\/2023\/09\/Copy-of-FootDavant-Logo.png","width":936,"height":549,"caption":"Foot d'avant"},"image":{"@id":"https:\/\/footdavant.fr\/actualites\/#\/schema\/logo\/image\/"},"sameAs":["https:\/\/www.facebook.com\/Footdavant\/","https:\/\/twitter.com\/FootdavantFr","https:\/\/www.instagram.com\/footdavant.fr\/"]},{"@type":"Person","@id":"https:\/\/footdavant.fr\/actualites\/#\/schema\/person\/bc222566d95871b37e597b3ed3ba5e1d","name":"Cl\u00e9ment","image":{"@type":"ImageObject","inLanguage":"fr-FR","@id":"https:\/\/footdavant.fr\/actualites\/#\/schema\/person\/image\/","url":"https:\/\/secure.gravatar.com\/avatar\/7728b29aac2719421e1a9159b2254c44?s=96&d=mm&r=g","contentUrl":"https:\/\/secure.gravatar.com\/avatar\/7728b29aac2719421e1a9159b2254c44?s=96&d=mm&r=g","caption":"Cl\u00e9ment"},"sameAs":["https:\/\/footdavant.fr\/"]}]}},"_links":{"self":[{"href":"https:\/\/footdavant.fr\/actualites\/wp-json\/wp\/v2\/posts\/16289"}],"collection":[{"href":"https:\/\/footdavant.fr\/actualites\/wp-json\/wp\/v2\/posts"}],"about":[{"href":"https:\/\/footdavant.fr\/actualites\/wp-json\/wp\/v2\/types\/post"}],"author":[{"embeddable":true,"href":"https:\/\/footdavant.fr\/actualites\/wp-json\/wp\/v2\/users\/1"}],"replies":[{"embeddable":true,"href":"https:\/\/footdavant.fr\/actualites\/wp-json\/wp\/v2\/comments?post=16289"}],"version-history":[{"count":1,"href":"https:\/\/footdavant.fr\/actualites\/wp-json\/wp\/v2\/posts\/16289\/revisions"}],"predecessor-version":[{"id":16291,"href":"https:\/\/footdavant.fr\/actualites\/wp-json\/wp\/v2\/posts\/16289\/revisions\/16291"}],"wp:featuredmedia":[{"embeddable":true,"href":"https:\/\/footdavant.fr\/actualites\/wp-json\/wp\/v2\/media\/16290"}],"wp:attachment":[{"href":"https:\/\/footdavant.fr\/actualites\/wp-json\/wp\/v2\/media?parent=16289"}],"wp:term":[{"taxonomy":"category","embeddable":true,"href":"https:\/\/footdavant.fr\/actualites\/wp-json\/wp\/v2\/categories?post=16289"},{"taxonomy":"post_tag","embeddable":true,"href":"https:\/\/footdavant.fr\/actualites\/wp-json\/wp\/v2\/tags?post=16289"}],"curies":[{"name":"wp","href":"https:\/\/api.w.org\/{rel}","templated":true}]}}