{"id":16294,"date":"2024-11-17T02:49:09","date_gmt":"2024-11-17T01:49:09","guid":{"rendered":"https:\/\/footdavant.fr\/actualites\/les-matchs-darsenal-que-ben-white-pourrait-manquer-alors-que-le-defenseur-de-27-ans-subit-une-operation-au-genou\/"},"modified":"2024-11-17T02:49:11","modified_gmt":"2024-11-17T01:49:11","slug":"les-matchs-darsenal-que-ben-white-pourrait-manquer-alors-que-le-defenseur-de-27-ans-subit-une-operation-au-genou","status":"publish","type":"post","link":"https:\/\/footdavant.fr\/actualites\/les-matchs-darsenal-que-ben-white-pourrait-manquer-alors-que-le-defenseur-de-27-ans-subit-une-operation-au-genou\/","title":{"rendered":"Les matchs d&#39;Arsenal que Ben White pourrait manquer alors que le d\u00e9fenseur de 27 ans \u00ab subit une op\u00e9ration au genou \u00bb"},"content":{"rendered":"<p>Le d\u00e9fenseur d&#39;Arsenal Ben White aurait subi une op\u00e9ration pour soigner une blessure articulaire, ce qui devrait le mettre \u00e0 l&#39;\u00e9cart pendant environ huit semaines.<\/p>\n<div id=\"article_body\" itemprop=\"articleBody\">\n<h3 class=\"firstPara\">\n<strong class=\"autotag\">Arsenal<\/strong> d\u00e9fenseur <strong class=\"autotag\">Ben Blanc<\/strong> a apparemment pass\u00e9 sous le bistouri pour traiter un probl\u00e8me articulaire au genou, ce qui mettra l&#39;Anglais \u00e0 l&#39;\u00e9cart pendant environ deux mois.<\/h3>\n<p>L&#39;ancien homme de Brighton &#038; Hove Albion a une fois de plus jou\u00e9 un r\u00f4le central sous <strong class=\"autotag\">Mikel Arteta<\/strong> cette saison, faisant 12 apparitions dans tous les tournois et fournissant une passe d\u00e9cisive.<\/p>\n<p>White a disput\u00e9 l&#39;int\u00e9gralit\u00e9 des 90 matchs lors des deux derniers matchs d&#39;Arsenal contre l&#39;Inter Milan et Chelsea, mais il a pass\u00e9 quelques semaines sur le banc de touche de fin septembre \u00e0 d\u00e9but octobre en raison d&#39;un probl\u00e8me au genou.<\/p>\n<p>Selon <em>Con Harrison sur X &#8211; anciennement connu sous le nom de Twitter &#8211;<\/em> White a subi une op\u00e9ration chirurgicale pour r\u00e9soudre le probl\u00e8me de longue date de son genou, apr\u00e8s avoir support\u00e9 la douleur ces derni\u00e8res semaines.<\/p>\n<p>Le jeune de 27 ans &#8211; <strong>qui n&#39;a pas \u00e9t\u00e9 inclus dans la derni\u00e8re \u00e9quipe d&#39;Angleterre<\/strong> en raison de son exil volontaire &#8211; ne sera probablement pas de retour en action avant la mi-janvier, privant Arteta d&#39;une autre option d\u00e9fensive fondamentale \u00e0 un moment o\u00f9 il coupe et modifie d\u00e9j\u00e0 fr\u00e9quemment sa ligne de d\u00e9fense.<\/p>\n<h2 class=\"k3\">Les Blancs rateront Manchester United et Monaco<\/h2>\n<p class=\"imgI\">\n<p>Il reste \u00e0 Arsenal 10 matchs toutes comp\u00e9titions confondues d\u2019ici la fin 2024, pour lesquels White ne sera pas disponible, \u00e0 commencer par la visite de Nottingham Forest aux Emirats le 23 novembre apr\u00e8s la tr\u00eave internationale.<\/p>\n<p>L&#39;\u00e9quipe d&#39;Arteta affrontera \u00e9galement le Sporting Lisbonne (26 novembre) et West Ham United (30 novembre) au cours de la derni\u00e8re semaine de ce mois, avant de commencer d\u00e9cembre avec un match nul contre <strong class=\"autotag\">Ruben Amorim<\/strong>\u00e0 Manchester United le 4 d\u00e9cembre.<\/p>\n<p>Fulham (8 d\u00e9cembre), Monaco (11 d\u00e9cembre) et Everton (14 d\u00e9cembre) attendent \u00e9galement pendant la p\u00e9riode hivernale mouvement\u00e9e, avant que les Gunners n&#39;affrontent Crystal Palace en quarts de finale de la Coupe EFL le 18 d\u00e9cembre puis de nouveau en championnat le 18 d\u00e9cembre. 21 d\u00e9cembre.<\/p>\n<p>Arsenal ne jouera pas le lendemain de No\u00ebl cette ann\u00e9e, mais accueillera Ipswich Town le 27 d\u00e9cembre, et le choc du Nouvel An avec Brentford arrivera probablement trop t\u00f4t pour que White fasse son retour.<\/p>\n<p>Si le joueur de 27 ans passe huit semaines compl\u00e8tes sur le banc de touche, le choc du 4 janvier contre Brighton &#038; Hove Albion devrait \u00eatre hors de question, et il reste \u00e0 voir s&#39;il pourra participer au troisi\u00e8me match de la FA Cup. affrontement de deux rounds avec un adversaire encore inconnu le week-end du 11\/12 janvier.<\/p>\n<h2 class=\"k3\">White pourrait-il \u00eatre de retour \u00e0 temps pour le derby du nord de Londres ?<\/h2>\n<p class=\"imgI\"><img decoding=\"async\" loading=\"lazy\" class=\"l\" src=\"https:\/\/footdavant.fr\/actualites\/wp-content\/uploads\/2024\/11\/1731808149_609_Les-matchs-d39Arsenal-que-Ben-White-pourrait-manquer-alors-que.jpg\" title=\"Mikel Arteta, manager d&#39;Arsenal, photographi\u00e9 le 2 novembre 2024\" alt=\"Mikel Arteta, manager d&#39;Arsenal, photographi\u00e9 le 2 novembre 2024\" width=\"640\" height=\"480\"><\/p>\n<p>Dans presque exactement deux mois, Arsenal accueillera Tottenham Hotspur aux Emirats le 15 janvier, et il y a toutes les chances que White puisse faire son retour d&#39;op\u00e9ration contre les rivaux acharn\u00e9s des Gunners.<\/p>\n<p>L&#39;op\u00e9ration du joueur de 27 ans intervient apr\u00e8s ses co\u00e9quipiers <strong class=\"autotag\">Declan Riz<\/strong> et <strong class=\"autotag\">Bukayo Saka<\/strong> les deux <strong>s&#39;est retir\u00e9 de l&#39;\u00e9quipe d&#39;Angleterre<\/strong> en raison des coups qu&#39;ils ont re\u00e7us contre Chelsea, m\u00eame si aucun des deux hommes ne semble souffrir d&#39;un probl\u00e8me grave.<\/p>\n<p><strong class=\"autotag\">Riccardo Calafiori<\/strong> (genou) serait \u00e9galement sur le point de revenir apr\u00e8s la tr\u00eave internationale, mais il n&#39;y a toujours pas de date fixe pour le moment. <strong class=\"autotag\">Kieran Tierney<\/strong> (ischio-jambiers) et <strong class=\"autotag\">Takehiro Tomiyasu<\/strong> (genou) pourrait revenir.<\/p>\n<p>Arsenal est entr\u00e9 dans la tr\u00eave internationale en quatri\u00e8me position du classement. <strong>Tableau de la Premier League<\/strong>en dessous de Chelsea sur la diff\u00e9rence de buts et neuf points en moins bien que le leader en fuite Liverpool.<\/p>\n<\/div>\n","protected":false},"excerpt":{"rendered":"<p>Le d\u00e9fenseur d&#39;Arsenal Ben White aurait subi une op\u00e9ration pour soigner une blessure articulaire, ce qui devrait le mettre \u00e0 l&#39;\u00e9cart pendant environ huit semaines.<\/p>\n","protected":false},"author":1,"featured_media":16295,"comment_status":"closed","ping_status":"","sticky":false,"template":"","format":"standard","meta":{"footnotes":""},"categories":[5],"tags":[318,209,1773,4221,928,2899,93,1128,688,1764,269,366,92,1774],"yoast_head":"<!-- This site is optimized with the Yoast SEO plugin v21.0 - https:\/\/yoast.com\/wordpress\/plugins\/seo\/ -->\n<title>Les matchs d&#039;Arsenal que Ben White pourrait manquer alors que le d\u00e9fenseur de 27 ans \u00ab subit une op\u00e9ration au genou \u00bb<\/title>\n<meta name=\"robots\" content=\"index, follow, max-snippet:-1, max-image-preview:large, max-video-preview:-1\" \/>\n<link rel=\"canonical\" href=\"https:\/\/footdavant.fr\/actualites\/les-matchs-darsenal-que-ben-white-pourrait-manquer-alors-que-le-defenseur-de-27-ans-subit-une-operation-au-genou\/\" \/>\n<meta property=\"og:locale\" content=\"fr_FR\" \/>\n<meta property=\"og:type\" content=\"article\" \/>\n<meta property=\"og:title\" content=\"Les matchs d&#039;Arsenal que Ben White pourrait manquer alors que le d\u00e9fenseur de 27 ans \u00ab subit une op\u00e9ration au genou \u00bb\" \/>\n<meta property=\"og:description\" content=\"Le d\u00e9fenseur d&#039;Arsenal Ben White aurait subi une op\u00e9ration pour soigner une blessure articulaire, ce qui devrait le mettre \u00e0 l&#039;\u00e9cart pendant environ huit semaines.\" \/>\n<meta property=\"og:url\" content=\"https:\/\/footdavant.fr\/actualites\/les-matchs-darsenal-que-ben-white-pourrait-manquer-alors-que-le-defenseur-de-27-ans-subit-une-operation-au-genou\/\" \/>\n<meta property=\"og:site_name\" content=\"Foot d&#039;avant\" \/>\n<meta property=\"article:publisher\" content=\"https:\/\/www.facebook.com\/Footdavant\/\" \/>\n<meta property=\"article:published_time\" content=\"2024-11-17T01:49:09+00:00\" \/>\n<meta property=\"article:modified_time\" content=\"2024-11-17T01:49:11+00:00\" \/>\n<meta property=\"og:image\" content=\"https:\/\/footdavant.fr\/actualites\/wp-content\/uploads\/2024\/11\/Les-matchs-d39Arsenal-que-Ben-White-pourrait-manquer-alors-que.jpg\" \/>\n\t<meta property=\"og:image:width\" content=\"640\" \/>\n\t<meta property=\"og:image:height\" content=\"480\" \/>\n\t<meta property=\"og:image:type\" content=\"image\/jpeg\" \/>\n<meta name=\"author\" content=\"Cl\u00e9ment\" \/>\n<meta name=\"twitter:card\" content=\"summary_large_image\" \/>\n<meta name=\"twitter:creator\" content=\"@FootdavantFr\" \/>\n<meta name=\"twitter:site\" content=\"@FootdavantFr\" \/>\n<meta name=\"twitter:label1\" content=\"\u00c9crit par\" \/>\n\t<meta name=\"twitter:data1\" content=\"Cl\u00e9ment\" \/>\n\t<meta name=\"twitter:label2\" content=\"Dur\u00e9e de lecture estim\u00e9e\" \/>\n\t<meta name=\"twitter:data2\" content=\"3 minutes\" \/>\n<script type=\"application\/ld+json\" class=\"yoast-schema-graph\">{\"@context\":\"https:\/\/schema.org\",\"@graph\":[{\"@type\":\"Article\",\"@id\":\"https:\/\/footdavant.fr\/actualites\/les-matchs-darsenal-que-ben-white-pourrait-manquer-alors-que-le-defenseur-de-27-ans-subit-une-operation-au-genou\/#article\",\"isPartOf\":{\"@id\":\"https:\/\/footdavant.fr\/actualites\/les-matchs-darsenal-que-ben-white-pourrait-manquer-alors-que-le-defenseur-de-27-ans-subit-une-operation-au-genou\/\"},\"author\":{\"name\":\"Cl\u00e9ment\",\"@id\":\"https:\/\/footdavant.fr\/actualites\/#\/schema\/person\/bc222566d95871b37e597b3ed3ba5e1d\"},\"headline\":\"Les matchs d&#39;Arsenal que Ben White pourrait manquer alors que le d\u00e9fenseur de 27 ans \u00ab subit une op\u00e9ration au genou \u00bb\",\"datePublished\":\"2024-11-17T01:49:09+00:00\",\"dateModified\":\"2024-11-17T01:49:11+00:00\",\"mainEntityOfPage\":{\"@id\":\"https:\/\/footdavant.fr\/actualites\/les-matchs-darsenal-que-ben-white-pourrait-manquer-alors-que-le-defenseur-de-27-ans-subit-une-operation-au-genou\/\"},\"wordCount\":673,\"publisher\":{\"@id\":\"https:\/\/footdavant.fr\/actualites\/#organization\"},\"keywords\":[\"alors\",\"ans\",\"Ben\",\"d39Arsenal\",\"d\u00e9fenseur\",\"genou\",\"les\",\"manquer\",\"matchs\",\"op\u00e9ration\",\"pourrait\",\"subit\",\"une\",\"White\"],\"articleSection\":[\"Premier League\"],\"inLanguage\":\"fr-FR\"},{\"@type\":\"WebPage\",\"@id\":\"https:\/\/footdavant.fr\/actualites\/les-matchs-darsenal-que-ben-white-pourrait-manquer-alors-que-le-defenseur-de-27-ans-subit-une-operation-au-genou\/\",\"url\":\"https:\/\/footdavant.fr\/actualites\/les-matchs-darsenal-que-ben-white-pourrait-manquer-alors-que-le-defenseur-de-27-ans-subit-une-operation-au-genou\/\",\"name\":\"Les matchs d&#39;Arsenal que Ben White pourrait manquer alors que le d\u00e9fenseur de 27 ans \u00ab subit une op\u00e9ration au genou \u00bb\",\"isPartOf\":{\"@id\":\"https:\/\/footdavant.fr\/actualites\/#website\"},\"datePublished\":\"2024-11-17T01:49:09+00:00\",\"dateModified\":\"2024-11-17T01:49:11+00:00\",\"breadcrumb\":{\"@id\":\"https:\/\/footdavant.fr\/actualites\/les-matchs-darsenal-que-ben-white-pourrait-manquer-alors-que-le-defenseur-de-27-ans-subit-une-operation-au-genou\/#breadcrumb\"},\"inLanguage\":\"fr-FR\",\"potentialAction\":[{\"@type\":\"ReadAction\",\"target\":[\"https:\/\/footdavant.fr\/actualites\/les-matchs-darsenal-que-ben-white-pourrait-manquer-alors-que-le-defenseur-de-27-ans-subit-une-operation-au-genou\/\"]}]},{\"@type\":\"BreadcrumbList\",\"@id\":\"https:\/\/footdavant.fr\/actualites\/les-matchs-darsenal-que-ben-white-pourrait-manquer-alors-que-le-defenseur-de-27-ans-subit-une-operation-au-genou\/#breadcrumb\",\"itemListElement\":[{\"@type\":\"ListItem\",\"position\":1,\"name\":\"Accueil\",\"item\":\"https:\/\/footdavant.fr\/actualites\/\"},{\"@type\":\"ListItem\",\"position\":2,\"name\":\"Les matchs d&#39;Arsenal que Ben White pourrait manquer alors que le d\u00e9fenseur de 27 ans \u00ab subit une op\u00e9ration au genou \u00bb\"}]},{\"@type\":\"WebSite\",\"@id\":\"https:\/\/footdavant.fr\/actualites\/#website\",\"url\":\"https:\/\/footdavant.fr\/actualites\/\",\"name\":\"Foot d'avant\",\"description\":\"\",\"publisher\":{\"@id\":\"https:\/\/footdavant.fr\/actualites\/#organization\"},\"potentialAction\":[{\"@type\":\"SearchAction\",\"target\":{\"@type\":\"EntryPoint\",\"urlTemplate\":\"https:\/\/footdavant.fr\/actualites\/?s={search_term_string}\"},\"query-input\":\"required name=search_term_string\"}],\"inLanguage\":\"fr-FR\"},{\"@type\":\"Organization\",\"@id\":\"https:\/\/footdavant.fr\/actualites\/#organization\",\"name\":\"Foot d'avant\",\"url\":\"https:\/\/footdavant.fr\/actualites\/\",\"logo\":{\"@type\":\"ImageObject\",\"inLanguage\":\"fr-FR\",\"@id\":\"https:\/\/footdavant.fr\/actualites\/#\/schema\/logo\/image\/\",\"url\":\"https:\/\/footdavant.fr\/actualites\/wp-content\/uploads\/2023\/09\/Copy-of-FootDavant-Logo.png\",\"contentUrl\":\"https:\/\/footdavant.fr\/actualites\/wp-content\/uploads\/2023\/09\/Copy-of-FootDavant-Logo.png\",\"width\":936,\"height\":549,\"caption\":\"Foot d'avant\"},\"image\":{\"@id\":\"https:\/\/footdavant.fr\/actualites\/#\/schema\/logo\/image\/\"},\"sameAs\":[\"https:\/\/www.facebook.com\/Footdavant\/\",\"https:\/\/twitter.com\/FootdavantFr\",\"https:\/\/www.instagram.com\/footdavant.fr\/\"]},{\"@type\":\"Person\",\"@id\":\"https:\/\/footdavant.fr\/actualites\/#\/schema\/person\/bc222566d95871b37e597b3ed3ba5e1d\",\"name\":\"Cl\u00e9ment\",\"image\":{\"@type\":\"ImageObject\",\"inLanguage\":\"fr-FR\",\"@id\":\"https:\/\/footdavant.fr\/actualites\/#\/schema\/person\/image\/\",\"url\":\"https:\/\/secure.gravatar.com\/avatar\/7728b29aac2719421e1a9159b2254c44?s=96&d=mm&r=g\",\"contentUrl\":\"https:\/\/secure.gravatar.com\/avatar\/7728b29aac2719421e1a9159b2254c44?s=96&d=mm&r=g\",\"caption\":\"Cl\u00e9ment\"},\"sameAs\":[\"https:\/\/footdavant.fr\/\"]}]}<\/script>\n<!-- \/ Yoast SEO plugin. -->","yoast_head_json":{"title":"Les matchs d&#39;Arsenal que Ben White pourrait manquer alors que le d\u00e9fenseur de 27 ans \u00ab subit une op\u00e9ration au genou \u00bb","robots":{"index":"index","follow":"follow","max-snippet":"max-snippet:-1","max-image-preview":"max-image-preview:large","max-video-preview":"max-video-preview:-1"},"canonical":"https:\/\/footdavant.fr\/actualites\/les-matchs-darsenal-que-ben-white-pourrait-manquer-alors-que-le-defenseur-de-27-ans-subit-une-operation-au-genou\/","og_locale":"fr_FR","og_type":"article","og_title":"Les matchs d&#39;Arsenal que Ben White pourrait manquer alors que le d\u00e9fenseur de 27 ans \u00ab subit une op\u00e9ration au genou \u00bb","og_description":"Le d\u00e9fenseur d&#39;Arsenal Ben White aurait subi une op\u00e9ration pour soigner une blessure articulaire, ce qui devrait le mettre \u00e0 l&#39;\u00e9cart pendant environ huit semaines.","og_url":"https:\/\/footdavant.fr\/actualites\/les-matchs-darsenal-que-ben-white-pourrait-manquer-alors-que-le-defenseur-de-27-ans-subit-une-operation-au-genou\/","og_site_name":"Foot d&#039;avant","article_publisher":"https:\/\/www.facebook.com\/Footdavant\/","article_published_time":"2024-11-17T01:49:09+00:00","article_modified_time":"2024-11-17T01:49:11+00:00","og_image":[{"width":640,"height":480,"url":"https:\/\/footdavant.fr\/actualites\/wp-content\/uploads\/2024\/11\/Les-matchs-d39Arsenal-que-Ben-White-pourrait-manquer-alors-que.jpg","type":"image\/jpeg"}],"author":"Cl\u00e9ment","twitter_card":"summary_large_image","twitter_creator":"@FootdavantFr","twitter_site":"@FootdavantFr","twitter_misc":{"\u00c9crit par":"Cl\u00e9ment","Dur\u00e9e de lecture estim\u00e9e":"3 minutes"},"schema":{"@context":"https:\/\/schema.org","@graph":[{"@type":"Article","@id":"https:\/\/footdavant.fr\/actualites\/les-matchs-darsenal-que-ben-white-pourrait-manquer-alors-que-le-defenseur-de-27-ans-subit-une-operation-au-genou\/#article","isPartOf":{"@id":"https:\/\/footdavant.fr\/actualites\/les-matchs-darsenal-que-ben-white-pourrait-manquer-alors-que-le-defenseur-de-27-ans-subit-une-operation-au-genou\/"},"author":{"name":"Cl\u00e9ment","@id":"https:\/\/footdavant.fr\/actualites\/#\/schema\/person\/bc222566d95871b37e597b3ed3ba5e1d"},"headline":"Les matchs d&#39;Arsenal que Ben White pourrait manquer alors que le d\u00e9fenseur de 27 ans \u00ab subit une op\u00e9ration au genou \u00bb","datePublished":"2024-11-17T01:49:09+00:00","dateModified":"2024-11-17T01:49:11+00:00","mainEntityOfPage":{"@id":"https:\/\/footdavant.fr\/actualites\/les-matchs-darsenal-que-ben-white-pourrait-manquer-alors-que-le-defenseur-de-27-ans-subit-une-operation-au-genou\/"},"wordCount":673,"publisher":{"@id":"https:\/\/footdavant.fr\/actualites\/#organization"},"keywords":["alors","ans","Ben","d39Arsenal","d\u00e9fenseur","genou","les","manquer","matchs","op\u00e9ration","pourrait","subit","une","White"],"articleSection":["Premier League"],"inLanguage":"fr-FR"},{"@type":"WebPage","@id":"https:\/\/footdavant.fr\/actualites\/les-matchs-darsenal-que-ben-white-pourrait-manquer-alors-que-le-defenseur-de-27-ans-subit-une-operation-au-genou\/","url":"https:\/\/footdavant.fr\/actualites\/les-matchs-darsenal-que-ben-white-pourrait-manquer-alors-que-le-defenseur-de-27-ans-subit-une-operation-au-genou\/","name":"Les matchs d&#39;Arsenal que Ben White pourrait manquer alors que le d\u00e9fenseur de 27 ans \u00ab subit une op\u00e9ration au genou \u00bb","isPartOf":{"@id":"https:\/\/footdavant.fr\/actualites\/#website"},"datePublished":"2024-11-17T01:49:09+00:00","dateModified":"2024-11-17T01:49:11+00:00","breadcrumb":{"@id":"https:\/\/footdavant.fr\/actualites\/les-matchs-darsenal-que-ben-white-pourrait-manquer-alors-que-le-defenseur-de-27-ans-subit-une-operation-au-genou\/#breadcrumb"},"inLanguage":"fr-FR","potentialAction":[{"@type":"ReadAction","target":["https:\/\/footdavant.fr\/actualites\/les-matchs-darsenal-que-ben-white-pourrait-manquer-alors-que-le-defenseur-de-27-ans-subit-une-operation-au-genou\/"]}]},{"@type":"BreadcrumbList","@id":"https:\/\/footdavant.fr\/actualites\/les-matchs-darsenal-que-ben-white-pourrait-manquer-alors-que-le-defenseur-de-27-ans-subit-une-operation-au-genou\/#breadcrumb","itemListElement":[{"@type":"ListItem","position":1,"name":"Accueil","item":"https:\/\/footdavant.fr\/actualites\/"},{"@type":"ListItem","position":2,"name":"Les matchs d&#39;Arsenal que Ben White pourrait manquer alors que le d\u00e9fenseur de 27 ans \u00ab subit une op\u00e9ration au genou \u00bb"}]},{"@type":"WebSite","@id":"https:\/\/footdavant.fr\/actualites\/#website","url":"https:\/\/footdavant.fr\/actualites\/","name":"Foot d'avant","description":"","publisher":{"@id":"https:\/\/footdavant.fr\/actualites\/#organization"},"potentialAction":[{"@type":"SearchAction","target":{"@type":"EntryPoint","urlTemplate":"https:\/\/footdavant.fr\/actualites\/?s={search_term_string}"},"query-input":"required name=search_term_string"}],"inLanguage":"fr-FR"},{"@type":"Organization","@id":"https:\/\/footdavant.fr\/actualites\/#organization","name":"Foot d'avant","url":"https:\/\/footdavant.fr\/actualites\/","logo":{"@type":"ImageObject","inLanguage":"fr-FR","@id":"https:\/\/footdavant.fr\/actualites\/#\/schema\/logo\/image\/","url":"https:\/\/footdavant.fr\/actualites\/wp-content\/uploads\/2023\/09\/Copy-of-FootDavant-Logo.png","contentUrl":"https:\/\/footdavant.fr\/actualites\/wp-content\/uploads\/2023\/09\/Copy-of-FootDavant-Logo.png","width":936,"height":549,"caption":"Foot d'avant"},"image":{"@id":"https:\/\/footdavant.fr\/actualites\/#\/schema\/logo\/image\/"},"sameAs":["https:\/\/www.facebook.com\/Footdavant\/","https:\/\/twitter.com\/FootdavantFr","https:\/\/www.instagram.com\/footdavant.fr\/"]},{"@type":"Person","@id":"https:\/\/footdavant.fr\/actualites\/#\/schema\/person\/bc222566d95871b37e597b3ed3ba5e1d","name":"Cl\u00e9ment","image":{"@type":"ImageObject","inLanguage":"fr-FR","@id":"https:\/\/footdavant.fr\/actualites\/#\/schema\/person\/image\/","url":"https:\/\/secure.gravatar.com\/avatar\/7728b29aac2719421e1a9159b2254c44?s=96&d=mm&r=g","contentUrl":"https:\/\/secure.gravatar.com\/avatar\/7728b29aac2719421e1a9159b2254c44?s=96&d=mm&r=g","caption":"Cl\u00e9ment"},"sameAs":["https:\/\/footdavant.fr\/"]}]}},"_links":{"self":[{"href":"https:\/\/footdavant.fr\/actualites\/wp-json\/wp\/v2\/posts\/16294"}],"collection":[{"href":"https:\/\/footdavant.fr\/actualites\/wp-json\/wp\/v2\/posts"}],"about":[{"href":"https:\/\/footdavant.fr\/actualites\/wp-json\/wp\/v2\/types\/post"}],"author":[{"embeddable":true,"href":"https:\/\/footdavant.fr\/actualites\/wp-json\/wp\/v2\/users\/1"}],"replies":[{"embeddable":true,"href":"https:\/\/footdavant.fr\/actualites\/wp-json\/wp\/v2\/comments?post=16294"}],"version-history":[{"count":1,"href":"https:\/\/footdavant.fr\/actualites\/wp-json\/wp\/v2\/posts\/16294\/revisions"}],"predecessor-version":[{"id":16296,"href":"https:\/\/footdavant.fr\/actualites\/wp-json\/wp\/v2\/posts\/16294\/revisions\/16296"}],"wp:featuredmedia":[{"embeddable":true,"href":"https:\/\/footdavant.fr\/actualites\/wp-json\/wp\/v2\/media\/16295"}],"wp:attachment":[{"href":"https:\/\/footdavant.fr\/actualites\/wp-json\/wp\/v2\/media?parent=16294"}],"wp:term":[{"taxonomy":"category","embeddable":true,"href":"https:\/\/footdavant.fr\/actualites\/wp-json\/wp\/v2\/categories?post=16294"},{"taxonomy":"post_tag","embeddable":true,"href":"https:\/\/footdavant.fr\/actualites\/wp-json\/wp\/v2\/tags?post=16294"}],"curies":[{"name":"wp","href":"https:\/\/api.w.org\/{rel}","templated":true}]}}