{"id":16297,"date":"2024-11-17T04:48:09","date_gmt":"2024-11-17T03:48:09","guid":{"rendered":"https:\/\/footdavant.fr\/actualites\/court-et-dur-un-blog-darsenal\/"},"modified":"2024-11-17T04:48:11","modified_gmt":"2024-11-17T03:48:11","slug":"court-et-dur-un-blog-darsenal","status":"publish","type":"post","link":"https:\/\/footdavant.fr\/actualites\/court-et-dur-un-blog-darsenal\/","title":{"rendered":"Court et dur |  &#8230;un blog d&#39;Arsenal"},"content":{"rendered":"<div>\n<p>C&#39;est un samedi Interlull. Il ne se passe pas grand chose. Ce sera un blog assez court. Est-ce que ce seront des phrases courtes jusqu&#39;au bout ? Je ne peux pas le dire. Je ne vois pas l&#39;avenir. Cela arrive simplement.<\/p>\n<p>L&#39;Espagne a battu le Danemark 2-1. David Raya et Mikel Merino ont tous deux jou\u00e9. La Pologne a perdu 5-1 contre le Portugal. Ce n&#39;est pas une bonne soir\u00e9e pour l&#39;\u00e9quipe de Jakub Kiwior. Ok, j&#39;en ai assez des phrases courtes, je dois en mettre une de taille d\u00e9cente ici pour essayer de trouver mon rythme. C&#39;est juste dommage qu&#39;il n&#39;y ait pas grand chose \u00e0 \u00e9crire ce matin.<\/p>\n<p>Aujourd&#39;hui, Kai Havertz sera probablement en action pour l&#39;Allemagne alors qu&#39;elle affrontera la Bosnie-Herz\u00e9govine ; les Pays-Bas affrontent la Hongrie qui pourrait voir jouer Jurrien Timber ; tandis que l&#39;Ukraine et Oleksandr Zinchenko affrontent la G\u00e9orgie.<\/p>\n<p>Une de ces vid\u00e9os de \u00ab\u00a0co\u00e9quipiers\u00a0\u00bb est apparue sur mon YouTube l&#39;autre jour, avec Zinchenko se voyant poser les m\u00eames vieilles questions sur quel co\u00e9quipier est le mieux habill\u00e9, qui est le plus dr\u00f4le, etc. Il y avait une question sur qui \u00e9tait \u00ab\u00a0le plus dur\u00a0\u00bb. , et il a choisi Timber. Je sais que nous sommes une \u00e9quipe assez importante et je ne voudrais pas jouer avec Gabriel ou William Saliba, mais le choix de Timber me paraissait logique. Il a juste ce look et l&#39;une des caract\u00e9ristiques de son jeu est la fa\u00e7on dont il entre en contact physique \u00e9troit avec son adversaire, notamment dans les duels autour de la ligne m\u00e9diane.<\/p>\n<p>Bien s\u00fbr, le terme \u00ab homme dur \u00bb est un peu anachronique de nos jours. Il y avait des joueurs qui ont b\u00e2ti leur r\u00e9putation autour de cela, et dans de nombreux cas, c&#39;\u00e9tait une mani\u00e8re d&#39;essayer d&#39;\u00e9galiser les choses. Ils n&#39;avaient pas la technique ni la qualit\u00e9 pour vivre avec l&#39;opposition et ont donc eu recours \u00e0 la violence et \u00e0 l&#39;intimidation pour faire face. Il y en avait qui \u00e9taient de tr\u00e8s bons joueurs et qui \u00e9taient aussi de v\u00e9ritables salauds, mais de nos jours, on ne peut pas s&#39;en tirer comme ils l&#39;ont fait dans le pass\u00e9.<\/p>\n<p>Mais avant tout, Timber est un tr\u00e8s, tr\u00e8s bon jeu et il n&#39;est pas ouvertement \u00ab dur \u00bb, mais je peux comprendre pourquoi Zinchenko l&#39;a choisi. J&#39;aime un peu de mordant chez un joueur, quelqu&#39;un qui ne se laisse pas bousculer, mais qui peut aussi faire r\u00e9fl\u00e9chir un instant son homologue \u00e0 savoir s&#39;il va ou non entrer dans ce 50\/50. Ce moment peut \u00eatre tout ce dont vous avez besoin pour gagner le ballon.<\/p>\n<p>Je suis devenu distrait. En parlant d&#39;hommes durs et de combats, voici un excellent article sur le combat farfelu de Mike Tyson hier soir, \u00e9crit par notre ami et fan d&#39;Arsenal Donald McRae.<\/p>\n<blockquote>\n<p>Jake Paul, un bonimenteur de 27 ans sur les r\u00e9seaux sociaux, a battu un homme de 58 ans ayant de longs ant\u00e9c\u00e9dents de probl\u00e8mes de sant\u00e9, tant physiques que mentaux, sur un ring de boxe vendredi soir.<\/p>\n<\/blockquote>\n<p>Lisez le reste ici. J&#39;aime quand vous lisez un article et que la toute premi\u00e8re ligne vous chante comme un op\u00e9ra glorieux.<\/p>\n<p>Pendant ce temps, les Arsenal Women sont en action aujourd&#39;hui, \u00e0 l&#39;ext\u00e9rieur dans le derby du nord de Londres. Comme toujours, Tim a un aper\u00e7u complet du jeu, y compris des d\u00e9tails sur la fa\u00e7on de le regarder \u00e0 la t\u00e9l\u00e9vision, et il y aura \u00e9galement toute la couverture habituelle d&#39;apr\u00e8s-match sur Arseblog News. Esp\u00e9rons que ce soit une bonne journ\u00e9e pour Arsenal et une mauvaise journ\u00e9e pour l&#39;opposition.<\/p>\n<p>Ok, c&#39;est tout ce que j&#39;ai pour vous aujourd&#39;hui. Les phrases deviennent encore plus courtes. C&#39;est \u00e7a. Au revoir.<\/p>\n<\/div>\n","protected":false},"excerpt":{"rendered":"<p>C&#39;est un samedi Interlull. Il ne se passe pas grand chose. Ce sera un blog assez court. Est-ce que ce seront des phrases courtes jusqu&#39;au<\/p>\n","protected":false},"author":1,"featured_media":16298,"comment_status":"closed","ping_status":"","sticky":false,"template":"","format":"standard","meta":{"footnotes":""},"categories":[3],"tags":[57,58,3144,4221,2630],"yoast_head":"<!-- This site is optimized with the Yoast SEO plugin v21.0 - https:\/\/yoast.com\/wordpress\/plugins\/seo\/ -->\n<title>Court et dur | ...un blog d&#039;Arsenal<\/title>\n<meta name=\"robots\" content=\"index, follow, max-snippet:-1, max-image-preview:large, max-video-preview:-1\" \/>\n<link rel=\"canonical\" href=\"https:\/\/footdavant.fr\/actualites\/court-et-dur-un-blog-darsenal\/\" \/>\n<meta property=\"og:locale\" content=\"fr_FR\" \/>\n<meta property=\"og:type\" content=\"article\" \/>\n<meta property=\"og:title\" content=\"Court et dur | ...un blog d&#039;Arsenal\" \/>\n<meta property=\"og:description\" content=\"C&#039;est un samedi Interlull. Il ne se passe pas grand chose. Ce sera un blog assez court. Est-ce que ce seront des phrases courtes jusqu&#039;au\" \/>\n<meta property=\"og:url\" content=\"https:\/\/footdavant.fr\/actualites\/court-et-dur-un-blog-darsenal\/\" \/>\n<meta property=\"og:site_name\" content=\"Foot d&#039;avant\" \/>\n<meta property=\"article:publisher\" content=\"https:\/\/www.facebook.com\/Footdavant\/\" \/>\n<meta property=\"article:published_time\" content=\"2024-11-17T03:48:09+00:00\" \/>\n<meta property=\"article:modified_time\" content=\"2024-11-17T03:48:11+00:00\" \/>\n<meta property=\"og:image\" content=\"https:\/\/footdavant.fr\/actualites\/wp-content\/uploads\/2024\/11\/Court-et-dur-un-blog-d39Arsenal.jpg\" \/>\n\t<meta property=\"og:image:width\" content=\"1500\" \/>\n\t<meta property=\"og:image:height\" content=\"750\" \/>\n\t<meta property=\"og:image:type\" content=\"image\/jpeg\" \/>\n<meta name=\"author\" content=\"Cl\u00e9ment\" \/>\n<meta name=\"twitter:card\" content=\"summary_large_image\" \/>\n<meta name=\"twitter:creator\" content=\"@FootdavantFr\" \/>\n<meta name=\"twitter:site\" content=\"@FootdavantFr\" \/>\n<meta name=\"twitter:label1\" content=\"\u00c9crit par\" \/>\n\t<meta name=\"twitter:data1\" content=\"Cl\u00e9ment\" \/>\n\t<meta name=\"twitter:label2\" content=\"Dur\u00e9e de lecture estim\u00e9e\" \/>\n\t<meta name=\"twitter:data2\" content=\"3 minutes\" \/>\n<script type=\"application\/ld+json\" class=\"yoast-schema-graph\">{\"@context\":\"https:\/\/schema.org\",\"@graph\":[{\"@type\":\"Article\",\"@id\":\"https:\/\/footdavant.fr\/actualites\/court-et-dur-un-blog-darsenal\/#article\",\"isPartOf\":{\"@id\":\"https:\/\/footdavant.fr\/actualites\/court-et-dur-un-blog-darsenal\/\"},\"author\":{\"name\":\"Cl\u00e9ment\",\"@id\":\"https:\/\/footdavant.fr\/actualites\/#\/schema\/person\/bc222566d95871b37e597b3ed3ba5e1d\"},\"headline\":\"Court et dur | &#8230;un blog d&#39;Arsenal\",\"datePublished\":\"2024-11-17T03:48:09+00:00\",\"dateModified\":\"2024-11-17T03:48:11+00:00\",\"mainEntityOfPage\":{\"@id\":\"https:\/\/footdavant.fr\/actualites\/court-et-dur-un-blog-darsenal\/\"},\"wordCount\":683,\"publisher\":{\"@id\":\"https:\/\/footdavant.fr\/actualites\/#organization\"},\"keywords\":[\"...un\",\"blog\",\"court\",\"d39Arsenal\",\"dur\"],\"articleSection\":[\"Football\"],\"inLanguage\":\"fr-FR\"},{\"@type\":\"WebPage\",\"@id\":\"https:\/\/footdavant.fr\/actualites\/court-et-dur-un-blog-darsenal\/\",\"url\":\"https:\/\/footdavant.fr\/actualites\/court-et-dur-un-blog-darsenal\/\",\"name\":\"Court et dur | ...un blog d&#39;Arsenal\",\"isPartOf\":{\"@id\":\"https:\/\/footdavant.fr\/actualites\/#website\"},\"datePublished\":\"2024-11-17T03:48:09+00:00\",\"dateModified\":\"2024-11-17T03:48:11+00:00\",\"breadcrumb\":{\"@id\":\"https:\/\/footdavant.fr\/actualites\/court-et-dur-un-blog-darsenal\/#breadcrumb\"},\"inLanguage\":\"fr-FR\",\"potentialAction\":[{\"@type\":\"ReadAction\",\"target\":[\"https:\/\/footdavant.fr\/actualites\/court-et-dur-un-blog-darsenal\/\"]}]},{\"@type\":\"BreadcrumbList\",\"@id\":\"https:\/\/footdavant.fr\/actualites\/court-et-dur-un-blog-darsenal\/#breadcrumb\",\"itemListElement\":[{\"@type\":\"ListItem\",\"position\":1,\"name\":\"Accueil\",\"item\":\"https:\/\/footdavant.fr\/actualites\/\"},{\"@type\":\"ListItem\",\"position\":2,\"name\":\"Court et dur | &#8230;un blog d&#39;Arsenal\"}]},{\"@type\":\"WebSite\",\"@id\":\"https:\/\/footdavant.fr\/actualites\/#website\",\"url\":\"https:\/\/footdavant.fr\/actualites\/\",\"name\":\"Foot d'avant\",\"description\":\"\",\"publisher\":{\"@id\":\"https:\/\/footdavant.fr\/actualites\/#organization\"},\"potentialAction\":[{\"@type\":\"SearchAction\",\"target\":{\"@type\":\"EntryPoint\",\"urlTemplate\":\"https:\/\/footdavant.fr\/actualites\/?s={search_term_string}\"},\"query-input\":\"required name=search_term_string\"}],\"inLanguage\":\"fr-FR\"},{\"@type\":\"Organization\",\"@id\":\"https:\/\/footdavant.fr\/actualites\/#organization\",\"name\":\"Foot d'avant\",\"url\":\"https:\/\/footdavant.fr\/actualites\/\",\"logo\":{\"@type\":\"ImageObject\",\"inLanguage\":\"fr-FR\",\"@id\":\"https:\/\/footdavant.fr\/actualites\/#\/schema\/logo\/image\/\",\"url\":\"https:\/\/footdavant.fr\/actualites\/wp-content\/uploads\/2023\/09\/Copy-of-FootDavant-Logo.png\",\"contentUrl\":\"https:\/\/footdavant.fr\/actualites\/wp-content\/uploads\/2023\/09\/Copy-of-FootDavant-Logo.png\",\"width\":936,\"height\":549,\"caption\":\"Foot d'avant\"},\"image\":{\"@id\":\"https:\/\/footdavant.fr\/actualites\/#\/schema\/logo\/image\/\"},\"sameAs\":[\"https:\/\/www.facebook.com\/Footdavant\/\",\"https:\/\/twitter.com\/FootdavantFr\",\"https:\/\/www.instagram.com\/footdavant.fr\/\"]},{\"@type\":\"Person\",\"@id\":\"https:\/\/footdavant.fr\/actualites\/#\/schema\/person\/bc222566d95871b37e597b3ed3ba5e1d\",\"name\":\"Cl\u00e9ment\",\"image\":{\"@type\":\"ImageObject\",\"inLanguage\":\"fr-FR\",\"@id\":\"https:\/\/footdavant.fr\/actualites\/#\/schema\/person\/image\/\",\"url\":\"https:\/\/secure.gravatar.com\/avatar\/7728b29aac2719421e1a9159b2254c44?s=96&d=mm&r=g\",\"contentUrl\":\"https:\/\/secure.gravatar.com\/avatar\/7728b29aac2719421e1a9159b2254c44?s=96&d=mm&r=g\",\"caption\":\"Cl\u00e9ment\"},\"sameAs\":[\"https:\/\/footdavant.fr\/\"]}]}<\/script>\n<!-- \/ Yoast SEO plugin. -->","yoast_head_json":{"title":"Court et dur | ...un blog d&#39;Arsenal","robots":{"index":"index","follow":"follow","max-snippet":"max-snippet:-1","max-image-preview":"max-image-preview:large","max-video-preview":"max-video-preview:-1"},"canonical":"https:\/\/footdavant.fr\/actualites\/court-et-dur-un-blog-darsenal\/","og_locale":"fr_FR","og_type":"article","og_title":"Court et dur | ...un blog d&#39;Arsenal","og_description":"C&#39;est un samedi Interlull. Il ne se passe pas grand chose. Ce sera un blog assez court. Est-ce que ce seront des phrases courtes jusqu&#39;au","og_url":"https:\/\/footdavant.fr\/actualites\/court-et-dur-un-blog-darsenal\/","og_site_name":"Foot d&#039;avant","article_publisher":"https:\/\/www.facebook.com\/Footdavant\/","article_published_time":"2024-11-17T03:48:09+00:00","article_modified_time":"2024-11-17T03:48:11+00:00","og_image":[{"width":1500,"height":750,"url":"https:\/\/footdavant.fr\/actualites\/wp-content\/uploads\/2024\/11\/Court-et-dur-un-blog-d39Arsenal.jpg","type":"image\/jpeg"}],"author":"Cl\u00e9ment","twitter_card":"summary_large_image","twitter_creator":"@FootdavantFr","twitter_site":"@FootdavantFr","twitter_misc":{"\u00c9crit par":"Cl\u00e9ment","Dur\u00e9e de lecture estim\u00e9e":"3 minutes"},"schema":{"@context":"https:\/\/schema.org","@graph":[{"@type":"Article","@id":"https:\/\/footdavant.fr\/actualites\/court-et-dur-un-blog-darsenal\/#article","isPartOf":{"@id":"https:\/\/footdavant.fr\/actualites\/court-et-dur-un-blog-darsenal\/"},"author":{"name":"Cl\u00e9ment","@id":"https:\/\/footdavant.fr\/actualites\/#\/schema\/person\/bc222566d95871b37e597b3ed3ba5e1d"},"headline":"Court et dur | &#8230;un blog d&#39;Arsenal","datePublished":"2024-11-17T03:48:09+00:00","dateModified":"2024-11-17T03:48:11+00:00","mainEntityOfPage":{"@id":"https:\/\/footdavant.fr\/actualites\/court-et-dur-un-blog-darsenal\/"},"wordCount":683,"publisher":{"@id":"https:\/\/footdavant.fr\/actualites\/#organization"},"keywords":["...un","blog","court","d39Arsenal","dur"],"articleSection":["Football"],"inLanguage":"fr-FR"},{"@type":"WebPage","@id":"https:\/\/footdavant.fr\/actualites\/court-et-dur-un-blog-darsenal\/","url":"https:\/\/footdavant.fr\/actualites\/court-et-dur-un-blog-darsenal\/","name":"Court et dur | ...un blog d&#39;Arsenal","isPartOf":{"@id":"https:\/\/footdavant.fr\/actualites\/#website"},"datePublished":"2024-11-17T03:48:09+00:00","dateModified":"2024-11-17T03:48:11+00:00","breadcrumb":{"@id":"https:\/\/footdavant.fr\/actualites\/court-et-dur-un-blog-darsenal\/#breadcrumb"},"inLanguage":"fr-FR","potentialAction":[{"@type":"ReadAction","target":["https:\/\/footdavant.fr\/actualites\/court-et-dur-un-blog-darsenal\/"]}]},{"@type":"BreadcrumbList","@id":"https:\/\/footdavant.fr\/actualites\/court-et-dur-un-blog-darsenal\/#breadcrumb","itemListElement":[{"@type":"ListItem","position":1,"name":"Accueil","item":"https:\/\/footdavant.fr\/actualites\/"},{"@type":"ListItem","position":2,"name":"Court et dur | &#8230;un blog d&#39;Arsenal"}]},{"@type":"WebSite","@id":"https:\/\/footdavant.fr\/actualites\/#website","url":"https:\/\/footdavant.fr\/actualites\/","name":"Foot d'avant","description":"","publisher":{"@id":"https:\/\/footdavant.fr\/actualites\/#organization"},"potentialAction":[{"@type":"SearchAction","target":{"@type":"EntryPoint","urlTemplate":"https:\/\/footdavant.fr\/actualites\/?s={search_term_string}"},"query-input":"required name=search_term_string"}],"inLanguage":"fr-FR"},{"@type":"Organization","@id":"https:\/\/footdavant.fr\/actualites\/#organization","name":"Foot d'avant","url":"https:\/\/footdavant.fr\/actualites\/","logo":{"@type":"ImageObject","inLanguage":"fr-FR","@id":"https:\/\/footdavant.fr\/actualites\/#\/schema\/logo\/image\/","url":"https:\/\/footdavant.fr\/actualites\/wp-content\/uploads\/2023\/09\/Copy-of-FootDavant-Logo.png","contentUrl":"https:\/\/footdavant.fr\/actualites\/wp-content\/uploads\/2023\/09\/Copy-of-FootDavant-Logo.png","width":936,"height":549,"caption":"Foot d'avant"},"image":{"@id":"https:\/\/footdavant.fr\/actualites\/#\/schema\/logo\/image\/"},"sameAs":["https:\/\/www.facebook.com\/Footdavant\/","https:\/\/twitter.com\/FootdavantFr","https:\/\/www.instagram.com\/footdavant.fr\/"]},{"@type":"Person","@id":"https:\/\/footdavant.fr\/actualites\/#\/schema\/person\/bc222566d95871b37e597b3ed3ba5e1d","name":"Cl\u00e9ment","image":{"@type":"ImageObject","inLanguage":"fr-FR","@id":"https:\/\/footdavant.fr\/actualites\/#\/schema\/person\/image\/","url":"https:\/\/secure.gravatar.com\/avatar\/7728b29aac2719421e1a9159b2254c44?s=96&d=mm&r=g","contentUrl":"https:\/\/secure.gravatar.com\/avatar\/7728b29aac2719421e1a9159b2254c44?s=96&d=mm&r=g","caption":"Cl\u00e9ment"},"sameAs":["https:\/\/footdavant.fr\/"]}]}},"_links":{"self":[{"href":"https:\/\/footdavant.fr\/actualites\/wp-json\/wp\/v2\/posts\/16297"}],"collection":[{"href":"https:\/\/footdavant.fr\/actualites\/wp-json\/wp\/v2\/posts"}],"about":[{"href":"https:\/\/footdavant.fr\/actualites\/wp-json\/wp\/v2\/types\/post"}],"author":[{"embeddable":true,"href":"https:\/\/footdavant.fr\/actualites\/wp-json\/wp\/v2\/users\/1"}],"replies":[{"embeddable":true,"href":"https:\/\/footdavant.fr\/actualites\/wp-json\/wp\/v2\/comments?post=16297"}],"version-history":[{"count":1,"href":"https:\/\/footdavant.fr\/actualites\/wp-json\/wp\/v2\/posts\/16297\/revisions"}],"predecessor-version":[{"id":16299,"href":"https:\/\/footdavant.fr\/actualites\/wp-json\/wp\/v2\/posts\/16297\/revisions\/16299"}],"wp:featuredmedia":[{"embeddable":true,"href":"https:\/\/footdavant.fr\/actualites\/wp-json\/wp\/v2\/media\/16298"}],"wp:attachment":[{"href":"https:\/\/footdavant.fr\/actualites\/wp-json\/wp\/v2\/media?parent=16297"}],"wp:term":[{"taxonomy":"category","embeddable":true,"href":"https:\/\/footdavant.fr\/actualites\/wp-json\/wp\/v2\/categories?post=16297"},{"taxonomy":"post_tag","embeddable":true,"href":"https:\/\/footdavant.fr\/actualites\/wp-json\/wp\/v2\/tags?post=16297"}],"curies":[{"name":"wp","href":"https:\/\/api.w.org\/{rel}","templated":true}]}}