{"id":1632,"date":"2023-11-29T12:48:49","date_gmt":"2023-11-29T11:48:49","guid":{"rendered":"https:\/\/footdavant.fr\/actualites\/apercu-feyenoord-contre-atletico-madrid-pronostics-actualites-de-lequipe-compositions\/"},"modified":"2023-11-29T12:48:50","modified_gmt":"2023-11-29T11:48:50","slug":"apercu-feyenoord-contre-atletico-madrid-pronostics-actualites-de-lequipe-compositions","status":"publish","type":"post","link":"https:\/\/footdavant.fr\/actualites\/apercu-feyenoord-contre-atletico-madrid-pronostics-actualites-de-lequipe-compositions\/","title":{"rendered":"Aper\u00e7u : Feyenoord contre Atletico Madrid \u2013 pronostics, actualit\u00e9s de l&rsquo;\u00e9quipe, compositions"},"content":{"rendered":"<p>Sports Mole pr\u00e9sente un aper\u00e7u du choc de la Ligue des champions de mardi entre Feyenoord et l&rsquo;Atletico Madrid, y compris les pronostics, les nouvelles de l&rsquo;\u00e9quipe et les compositions possibles.<\/p>\n<div id=\"article_body\" itemprop=\"articleBody\">\n<p class=\"firstPara\"><strong class=\"autotag\">Atletico Madrid<\/strong> tentera de maintenir son record d&rsquo;invincibilit\u00e9 lors de la saison 2023-24 <strong class=\"autotag\">Ligue des champions<\/strong> lorsqu&rsquo;ils se rendent aux Pays-Bas pour une rencontre d\u00e9licate avec les champions n\u00e9erlandais <strong class=\"autotag\">Feyenoord<\/strong>.<\/p>\n<p>Alors que l&rsquo;\u00e9quipe espagnole occupe actuellement la t\u00eate du groupe E, les h\u00f4tes aborderont la cinqui\u00e8me journ\u00e9e en troisi\u00e8me position apr\u00e8s avoir r\u00e9colt\u00e9 six points en quatre matches.<\/p>\n<hr class=\"divide\">\n<h2>Aper\u00e7u du match<\/h2>\n<p class=\"imgI\">\n<p>Feyenoord a connu une s\u00e9rie de r\u00e9sultats mitig\u00e9s lors de sa premi\u00e8re participation \u00e0 la phase de groupes de la Ligue des champions depuis 2017-18, avec ses quatre matches r\u00e9partis \u00e0 parts \u00e9gales entre victoires et d\u00e9faites. <\/p>\n<p>Les champions d&rsquo;Eredivisie ont finalement profit\u00e9 du confort de leur domicile, battant le Celtic et la Lazio devant leurs propres supporters \u00e0 Rotterdam, tout en perdant leurs deux d\u00e9placements \u00e0 l&rsquo;ext\u00e9rieur, dont une d\u00e9faite 3-2 contre l&rsquo;Atletico d\u00e9but octobre.<\/p>\n<p>Lors de leur derni\u00e8re tourn\u00e9e europ\u00e9enne lors de la quatri\u00e8me journ\u00e9e, <strong class=\"autotag\">Machine \u00e0 sous Arne<\/strong>L&rsquo;\u00e9quipe de Milan a \u00e9t\u00e9 battue par la Lazio au Stadio Olimpico &#8211; un r\u00e9sultat qui repr\u00e9sente une neuvi\u00e8me d\u00e9faite cons\u00e9cutive \u00e0 l&rsquo;ext\u00e9rieur en Ligue des Champions (y compris les qualifications).<\/p>\n<p>La d\u00e9faite 1-0 a permis \u00e0 la Lazio de passer devant Feyenoord \u00e0 la deuxi\u00e8me place, laissant l&rsquo;\u00e9quipe n\u00e9erlandaise \u00e0 un point des deux premiers et sachant qu&rsquo;une d\u00e9faite mardi pourrait mettre fin \u00e0 ses espoirs en huiti\u00e8mes de finale si la Lazio battait le Celtic dans l&rsquo;autre match du groupe.<\/p>\n<p>Feyenoord sera \u00e9galement pleinement conscient qu&rsquo;une victoire en milieu de semaine les placera au-dessus de leurs adversaires, et ils ont toutes les raisons d&rsquo;\u00eatre confiants apr\u00e8s avoir remport\u00e9 chacun de leurs sept derniers matchs comp\u00e9titifs \u00e0 domicile.<\/p>\n<p>Les h\u00f4tes seront certainement d&rsquo;humeur positive apr\u00e8s la victoire 4-2 de samedi contre Excelsior, o\u00f9 <strong class=\"autotag\">Santiago Gim\u00e9nez<\/strong> a r\u00e9ussi un tripl\u00e9 pour porter son total en Eredivisie pour 2023 \u00e0 28 buts \u2013 le plus grand nombre qu&rsquo;un joueur ait marqu\u00e9 dans l&rsquo;\u00e9lite n\u00e9erlandaise depuis <strong class=\"autotag\">Luis Suarez<\/strong> a marqu\u00e9 30 fois avec l&rsquo;Ajax en 2009.<\/p>\n<p class=\"imgI\"><img decoding=\"async\" loading=\"lazy\" class=\"l\" src=\"https:\/\/footdavant.fr\/actualites\/wp-content\/uploads\/2023\/11\/Apercu-Feyenoord-contre-Atletico-Madrid-\u2013-pronostics-actualites-de.JPG\" title=\"L'attaquant de l'Atletico Madrid Antoine Griezmann c\u00e9l\u00e8bre son but contre le Celtic le 7 novembre 2023\" alt=\"L'attaquant de l'Atletico Madrid Antoine Griezmann c\u00e9l\u00e8bre son but contre le Celtic le 7 novembre 2023\" width=\"640\" height=\"480\"><\/p>\n<p>L&rsquo;Atletico aborde la cinqui\u00e8me journ\u00e9e en pole position du groupe E apr\u00e8s avoir remport\u00e9 ses deux matchs \u00e0 domicile et fait match nul lors de ses deux rencontres \u00e0 l&rsquo;ext\u00e9rieur contre la Lazio et le Celtic.<\/p>\n<p>S&rsquo;ils ont d\u00fb se contenter d&rsquo;un score de 2-2 lors de leur d\u00e9placement \u00e0 Glasgow le mois dernier, ils se sont montr\u00e9s bien moins courtois lors du match retour avec <strong class=\"autotag\">Antoine Griezmann<\/strong> et <strong class=\"autotag\">\u00c1lvaro Morata<\/strong> marquant des doubl\u00e9s lors d&rsquo;une victoire dominante 6-0 contre le Celtic \u00e0 10 pour porter le total de l&rsquo;Atletico \u00e0 huit points, assurant au moins une place pour les huiti\u00e8mes de finale de la Ligue Europa.<\/p>\n<p>Alors qu&rsquo;ils sont d\u00e9j\u00e0 assur\u00e9s du football europ\u00e9en pour la seconde moiti\u00e9 de la campagne, <strong class=\"autotag\">Diego Sim\u00e9one<\/strong>L&rsquo;\u00e9quipe de Madrid sera enti\u00e8rement concentr\u00e9e sur sa qualification pour les huiti\u00e8mes de finale de la Ligue des Champions pour la cinqui\u00e8me fois en six saisons \u2013 leur seule sortie en phase de groupes au cours de cette p\u00e9riode a eu lieu la saison derni\u00e8re.<\/p>\n<p>L&rsquo;\u00e9quipe espagnole peut r\u00e9server sa place pour les huiti\u00e8mes de finale avec un match \u00e0 jouer s&rsquo;elle remporte les trois points mardi. Cependant, cela peut \u00eatre plus facile \u00e0 dire qu&rsquo;\u00e0 faire apr\u00e8s avoir \u00e9chou\u00e9 \u00e0 remporter aucun de ses six pr\u00e9c\u00e9dents matches \u00e0 l&rsquo;ext\u00e9rieur en Ligue des champions depuis. battre Manchester United 1-0 en mars 2022.<\/p>\n<p>L&rsquo;Atleti sera au moins confiant quant \u00e0 ses chances d&rsquo;\u00e9viter la d\u00e9faite, n&rsquo;ayant perdu qu&rsquo;un seul de ses 13 derniers matches de comp\u00e9tition (10 victoires, 2 nuls). <\/p>\n<p>Ils sont \u00e9galement sortis victorieux lors de chacune de leurs trois derni\u00e8res sorties apr\u00e8s que Griezmann ait marqu\u00e9 son neuvi\u00e8me but de la saison en Liga pour guider son \u00e9quipe vers une victoire serr\u00e9e 1-0 contre Majorque samedi, ce qui repr\u00e9sente la 25e victoire de l&rsquo;Atletico en championnat en 2023 \u2013 seulement Manchester City. (26) en ont enregistr\u00e9 davantage cette ann\u00e9e dans les cinq meilleurs championnats europ\u00e9ens. <\/p>\n<p>Forme de la Ligue des Champions de Feyenoord :<\/p>\n<p>Forme Feyenoord (toutes comp\u00e9titions) :<\/p>\n<p>Forme de la Ligue des Champions de l&rsquo;Atletico Madrid :<\/p>\n<p>Forme Atletico Madrid (toutes comp\u00e9titions) :<\/p>\n<p>Annonce &#8211; contenu ci-dessous\u00a0:<\/p>\n<hr class=\"divide\">\n<h2>Nouvelles de l&rsquo;\u00e9quipe<\/h2>\n<p class=\"imgI\"><img decoding=\"async\" loading=\"lazy\" class=\"l\" src=\"https:\/\/footdavant.fr\/actualites\/wp-content\/uploads\/2023\/11\/1701258529_600_Apercu-Feyenoord-contre-Atletico-Madrid-\u2013-pronostics-actualites-de.jpg\" title=\"Diego Simeone, entra\u00eeneur de l'Atletico Madrid, avant le match du 25 novembre 2023\" alt=\"Diego Simeone, entra\u00eeneur de l'Atletico Madrid, avant le match du 25 novembre 2023\" width=\"640\" height=\"480\"><\/p>\n<p>Ailier de Feyenoord <strong class=\"autotag\">Alireza Jahanbakhsh<\/strong> devrait \u00eatre absent pour le deuxi\u00e8me match cons\u00e9cutif apr\u00e8s s&rsquo;\u00eatre bless\u00e9 alors qu&rsquo;il \u00e9tait en mission internationale avec l&rsquo;Iran.<\/p>\n<p><strong class=\"autotag\">Bart Nieuwkoop<\/strong>qui s&rsquo;est bless\u00e9 aux ischio-jambiers samedi, devrait rater la rencontre de mardi, ce qui pourrait ouvrir une place en d\u00e9fense au d\u00e9fenseur de 31 ans. <strong class=\"autotag\">Gernot Trauner<\/strong>.<\/p>\n<p>Gimenez, en forme, cherchera \u00e0 poursuivre sa belle forme apr\u00e8s avoir marqu\u00e9 18 buts en 16 matches de comp\u00e9tition cette saison, dont un doubl\u00e9 lors de la victoire 3-1 contre la Lazio lors du troisi\u00e8me match de groupe de Feyenoord.<\/p>\n<p>Pendant ce temps, les visiteurs sont toujours priv\u00e9s des services de <strong class=\"autotag\">Thomas Lemar<\/strong> et <strong class=\"autotag\">Vitolo<\/strong> en raison de blessures au tendon d&rsquo;Achille et au genou respectivement. <\/p>\n<p>Vainqueur de la Coupe du monde <strong class=\"autotag\">Rodrigue de Paul<\/strong> fera sa troisi\u00e8me titularisation en phase de groupes apr\u00e8s avoir rat\u00e9 la victoire 6-0 contre le Celtic en raison d&rsquo;une suspension.<\/p>\n<p><strong class=\"autotag\">Jos\u00e9 Mar\u00eda Gimenez<\/strong>, <strong class=\"autotag\">Nahuel Molina<\/strong> et <strong class=\"autotag\">Rodrigo Riquelme<\/strong> est tomb\u00e9 sur le banc samedi, mais le trio pourrait \u00eatre ramen\u00e9 dans la formation de d\u00e9part pour le voyage en milieu de semaine.<\/p>\n<p><strong>Composition de d\u00e9part possible de Feyenoord :<\/strong><br \/>Bijlow\u00a0;  Geertruida, Trauner, Hancko, Hartman\u00a0;  Wieffer, Bois;  Paixao, Stengs, Ivanusec\u00a0;  Gim\u00e9nez<\/p>\n<p><strong>Composition de d\u00e9part possible de l&rsquo;Atletico Madrid :<\/strong><br \/>Oblak;  Gim\u00e9nez, Witsel, Hermoso ;  Molina, De Paul, Koke, Riquelme\u00a0;  Corr\u00e9a, Griezmann ;  Morata<\/p>\n<hr class=\"divide\">\n<p class=\"sm_center\"><img decoding=\"async\" loading=\"lazy\" class=\"l\" src=\"https:\/\/footdavant.fr\/actualites\/wp-content\/uploads\/2023\/11\/Apercu-Feyenoord-contre-Atletico-Madrid-\u2013-pronostics-actualites-de.png\" title=\"Mots SM fond vert\" alt=\"Mots SM fond vert\" width=\"210\" height=\"53\"><\/p>\n<h2 class=\"sm_center\">Nous disons : Feyenoord 2-2 Atletico Madrid<\/h2>\n<p>Apr\u00e8s avoir remport\u00e9 ses sept derniers matches \u00e0 domicile, Feyenoord pourrait esp\u00e9rer avoir des chances de battre ses adversaires espagnols lors du choc de la Ligue des champions de mardi.<\/p>\n<p>Cependant, l&rsquo;Atleti n&rsquo;a perdu que deux de ses 22 matchs de comp\u00e9tition cette saison et apr\u00e8s avoir fait match nul lors de ses deux pr\u00e9c\u00e9dents matches de groupe \u00e0 l&rsquo;ext\u00e9rieur, nous pensons qu&rsquo;ils prendront un point suppl\u00e9mentaire lors de leur voyage en milieu de semaine aux Pays-Bas.<\/p>\n<p>Pour l\u2019analyse des donn\u00e9es des r\u00e9sultats les plus probables, des scores et plus encore pour ce match, veuillez cliquer ici.<\/p>\n<hr class=\"divide\">\n<div id=\"advert46\" class=\"spXcQ\">\n<h2>Astuce<\/h2>\n<div>\n<p>Nos partenaires experts pronostiqueurs sur Sporita.com pr\u00e9disent moins de 3,5 buts dans ce match.  Cliquez ici pour d\u00e9couvrir ce qu\u2019ils pr\u00e9disent d\u2019autre pour ce match et pour en savoir plus sur leurs conseils de football \u00e9prouv\u00e9s.\n<\/p><\/div>\n<\/div>\n<hr class=\"divide\">\n<h2>Aper\u00e7us par email<\/h2>\n<div>Cliquez ici pour obtenir <strong>Taupe de sport<\/strong>L&rsquo;e-mail quotidien d&rsquo;avant-premi\u00e8res et de pronostics pour chaque jeu majeur\u00a0!<\/div>\n<p><\/p>\n<hr class=\"divide\"><\/div>\n","protected":false},"excerpt":{"rendered":"<p>Sports Mole pr\u00e9sente un aper\u00e7u du choc de la Ligue des champions de mardi entre Feyenoord et l&rsquo;Atletico Madrid, y compris les pronostics, les nouvelles<\/p>\n","protected":false},"author":1,"featured_media":1633,"comment_status":"closed","ping_status":"","sticky":false,"template":"","format":"standard","meta":{"footnotes":""},"categories":[4],"tags":[7,284,414,383,20,406,9,303,382],"yoast_head":"<!-- This site is optimized with the Yoast SEO plugin v21.0 - https:\/\/yoast.com\/wordpress\/plugins\/seo\/ -->\n<title>Aper\u00e7u : Feyenoord contre Atletico Madrid \u2013 pronostics, actualit\u00e9s de l&#039;\u00e9quipe, compositions<\/title>\n<meta name=\"robots\" content=\"index, follow, max-snippet:-1, max-image-preview:large, max-video-preview:-1\" \/>\n<link rel=\"canonical\" href=\"https:\/\/footdavant.fr\/actualites\/apercu-feyenoord-contre-atletico-madrid-pronostics-actualites-de-lequipe-compositions\/\" \/>\n<meta property=\"og:locale\" content=\"fr_FR\" \/>\n<meta property=\"og:type\" content=\"article\" \/>\n<meta property=\"og:title\" content=\"Aper\u00e7u : Feyenoord contre Atletico Madrid \u2013 pronostics, actualit\u00e9s de l&#039;\u00e9quipe, compositions\" \/>\n<meta property=\"og:description\" content=\"Sports Mole pr\u00e9sente un aper\u00e7u du choc de la Ligue des champions de mardi entre Feyenoord et l&rsquo;Atletico Madrid, y compris les pronostics, les nouvelles\" \/>\n<meta property=\"og:url\" content=\"https:\/\/footdavant.fr\/actualites\/apercu-feyenoord-contre-atletico-madrid-pronostics-actualites-de-lequipe-compositions\/\" \/>\n<meta property=\"og:site_name\" content=\"Foot d&#039;avant\" \/>\n<meta property=\"article:publisher\" content=\"https:\/\/www.facebook.com\/Footdavant\/\" \/>\n<meta property=\"article:published_time\" content=\"2023-11-29T11:48:49+00:00\" \/>\n<meta property=\"article:modified_time\" content=\"2023-11-29T11:48:50+00:00\" \/>\n<meta property=\"og:image\" content=\"https:\/\/footdavant.fr\/actualites\/wp-content\/uploads\/2023\/11\/Apercu-Feyenoord-contre-Atletico-Madrid-\u2013-pronostics-actualites-de.jpg\" \/>\n\t<meta property=\"og:image:width\" content=\"640\" \/>\n\t<meta property=\"og:image:height\" content=\"480\" \/>\n\t<meta property=\"og:image:type\" content=\"image\/jpeg\" \/>\n<meta name=\"author\" content=\"Cl\u00e9ment\" \/>\n<meta name=\"twitter:card\" content=\"summary_large_image\" \/>\n<meta name=\"twitter:creator\" content=\"@FootdavantFr\" \/>\n<meta name=\"twitter:site\" content=\"@FootdavantFr\" \/>\n<meta name=\"twitter:label1\" content=\"\u00c9crit par\" \/>\n\t<meta name=\"twitter:data1\" content=\"Cl\u00e9ment\" \/>\n\t<meta name=\"twitter:label2\" content=\"Dur\u00e9e de lecture estim\u00e9e\" \/>\n\t<meta name=\"twitter:data2\" content=\"6 minutes\" \/>\n<script type=\"application\/ld+json\" class=\"yoast-schema-graph\">{\"@context\":\"https:\/\/schema.org\",\"@graph\":[{\"@type\":\"Article\",\"@id\":\"https:\/\/footdavant.fr\/actualites\/apercu-feyenoord-contre-atletico-madrid-pronostics-actualites-de-lequipe-compositions\/#article\",\"isPartOf\":{\"@id\":\"https:\/\/footdavant.fr\/actualites\/apercu-feyenoord-contre-atletico-madrid-pronostics-actualites-de-lequipe-compositions\/\"},\"author\":{\"name\":\"Cl\u00e9ment\",\"@id\":\"https:\/\/footdavant.fr\/actualites\/#\/schema\/person\/bc222566d95871b37e597b3ed3ba5e1d\"},\"headline\":\"Aper\u00e7u : Feyenoord contre Atletico Madrid \u2013 pronostics, actualit\u00e9s de l&rsquo;\u00e9quipe, compositions\",\"datePublished\":\"2023-11-29T11:48:49+00:00\",\"dateModified\":\"2023-11-29T11:48:50+00:00\",\"mainEntityOfPage\":{\"@id\":\"https:\/\/footdavant.fr\/actualites\/apercu-feyenoord-contre-atletico-madrid-pronostics-actualites-de-lequipe-compositions\/\"},\"wordCount\":1181,\"publisher\":{\"@id\":\"https:\/\/footdavant.fr\/actualites\/#organization\"},\"keywords\":[\"Actualit\u00e9s\",\"Aper\u00e7u\",\"Atletico\",\"compositions\",\"contre\",\"Feyenoord\",\"l\u00e9quipe\",\"Madrid\",\"pronostics\"],\"articleSection\":[\"Champions League\"],\"inLanguage\":\"fr-FR\"},{\"@type\":\"WebPage\",\"@id\":\"https:\/\/footdavant.fr\/actualites\/apercu-feyenoord-contre-atletico-madrid-pronostics-actualites-de-lequipe-compositions\/\",\"url\":\"https:\/\/footdavant.fr\/actualites\/apercu-feyenoord-contre-atletico-madrid-pronostics-actualites-de-lequipe-compositions\/\",\"name\":\"Aper\u00e7u : Feyenoord contre Atletico Madrid \u2013 pronostics, actualit\u00e9s de l'\u00e9quipe, compositions\",\"isPartOf\":{\"@id\":\"https:\/\/footdavant.fr\/actualites\/#website\"},\"datePublished\":\"2023-11-29T11:48:49+00:00\",\"dateModified\":\"2023-11-29T11:48:50+00:00\",\"breadcrumb\":{\"@id\":\"https:\/\/footdavant.fr\/actualites\/apercu-feyenoord-contre-atletico-madrid-pronostics-actualites-de-lequipe-compositions\/#breadcrumb\"},\"inLanguage\":\"fr-FR\",\"potentialAction\":[{\"@type\":\"ReadAction\",\"target\":[\"https:\/\/footdavant.fr\/actualites\/apercu-feyenoord-contre-atletico-madrid-pronostics-actualites-de-lequipe-compositions\/\"]}]},{\"@type\":\"BreadcrumbList\",\"@id\":\"https:\/\/footdavant.fr\/actualites\/apercu-feyenoord-contre-atletico-madrid-pronostics-actualites-de-lequipe-compositions\/#breadcrumb\",\"itemListElement\":[{\"@type\":\"ListItem\",\"position\":1,\"name\":\"Accueil\",\"item\":\"https:\/\/footdavant.fr\/actualites\/\"},{\"@type\":\"ListItem\",\"position\":2,\"name\":\"Aper\u00e7u : Feyenoord contre Atletico Madrid \u2013 pronostics, actualit\u00e9s de l&rsquo;\u00e9quipe, compositions\"}]},{\"@type\":\"WebSite\",\"@id\":\"https:\/\/footdavant.fr\/actualites\/#website\",\"url\":\"https:\/\/footdavant.fr\/actualites\/\",\"name\":\"Foot d'avant\",\"description\":\"\",\"publisher\":{\"@id\":\"https:\/\/footdavant.fr\/actualites\/#organization\"},\"potentialAction\":[{\"@type\":\"SearchAction\",\"target\":{\"@type\":\"EntryPoint\",\"urlTemplate\":\"https:\/\/footdavant.fr\/actualites\/?s={search_term_string}\"},\"query-input\":\"required name=search_term_string\"}],\"inLanguage\":\"fr-FR\"},{\"@type\":\"Organization\",\"@id\":\"https:\/\/footdavant.fr\/actualites\/#organization\",\"name\":\"Foot d'avant\",\"url\":\"https:\/\/footdavant.fr\/actualites\/\",\"logo\":{\"@type\":\"ImageObject\",\"inLanguage\":\"fr-FR\",\"@id\":\"https:\/\/footdavant.fr\/actualites\/#\/schema\/logo\/image\/\",\"url\":\"https:\/\/footdavant.fr\/actualites\/wp-content\/uploads\/2023\/09\/Copy-of-FootDavant-Logo.png\",\"contentUrl\":\"https:\/\/footdavant.fr\/actualites\/wp-content\/uploads\/2023\/09\/Copy-of-FootDavant-Logo.png\",\"width\":936,\"height\":549,\"caption\":\"Foot d'avant\"},\"image\":{\"@id\":\"https:\/\/footdavant.fr\/actualites\/#\/schema\/logo\/image\/\"},\"sameAs\":[\"https:\/\/www.facebook.com\/Footdavant\/\",\"https:\/\/twitter.com\/FootdavantFr\",\"https:\/\/www.instagram.com\/footdavant.fr\/\"]},{\"@type\":\"Person\",\"@id\":\"https:\/\/footdavant.fr\/actualites\/#\/schema\/person\/bc222566d95871b37e597b3ed3ba5e1d\",\"name\":\"Cl\u00e9ment\",\"image\":{\"@type\":\"ImageObject\",\"inLanguage\":\"fr-FR\",\"@id\":\"https:\/\/footdavant.fr\/actualites\/#\/schema\/person\/image\/\",\"url\":\"https:\/\/secure.gravatar.com\/avatar\/7728b29aac2719421e1a9159b2254c44?s=96&d=mm&r=g\",\"contentUrl\":\"https:\/\/secure.gravatar.com\/avatar\/7728b29aac2719421e1a9159b2254c44?s=96&d=mm&r=g\",\"caption\":\"Cl\u00e9ment\"},\"sameAs\":[\"https:\/\/footdavant.fr\/\"]}]}<\/script>\n<!-- \/ Yoast SEO plugin. -->","yoast_head_json":{"title":"Aper\u00e7u : Feyenoord contre Atletico Madrid \u2013 pronostics, actualit\u00e9s de l'\u00e9quipe, compositions","robots":{"index":"index","follow":"follow","max-snippet":"max-snippet:-1","max-image-preview":"max-image-preview:large","max-video-preview":"max-video-preview:-1"},"canonical":"https:\/\/footdavant.fr\/actualites\/apercu-feyenoord-contre-atletico-madrid-pronostics-actualites-de-lequipe-compositions\/","og_locale":"fr_FR","og_type":"article","og_title":"Aper\u00e7u : Feyenoord contre Atletico Madrid \u2013 pronostics, actualit\u00e9s de l'\u00e9quipe, compositions","og_description":"Sports Mole pr\u00e9sente un aper\u00e7u du choc de la Ligue des champions de mardi entre Feyenoord et l&rsquo;Atletico Madrid, y compris les pronostics, les nouvelles","og_url":"https:\/\/footdavant.fr\/actualites\/apercu-feyenoord-contre-atletico-madrid-pronostics-actualites-de-lequipe-compositions\/","og_site_name":"Foot d&#039;avant","article_publisher":"https:\/\/www.facebook.com\/Footdavant\/","article_published_time":"2023-11-29T11:48:49+00:00","article_modified_time":"2023-11-29T11:48:50+00:00","og_image":[{"width":640,"height":480,"url":"https:\/\/footdavant.fr\/actualites\/wp-content\/uploads\/2023\/11\/Apercu-Feyenoord-contre-Atletico-Madrid-\u2013-pronostics-actualites-de.jpg","type":"image\/jpeg"}],"author":"Cl\u00e9ment","twitter_card":"summary_large_image","twitter_creator":"@FootdavantFr","twitter_site":"@FootdavantFr","twitter_misc":{"\u00c9crit par":"Cl\u00e9ment","Dur\u00e9e de lecture estim\u00e9e":"6 minutes"},"schema":{"@context":"https:\/\/schema.org","@graph":[{"@type":"Article","@id":"https:\/\/footdavant.fr\/actualites\/apercu-feyenoord-contre-atletico-madrid-pronostics-actualites-de-lequipe-compositions\/#article","isPartOf":{"@id":"https:\/\/footdavant.fr\/actualites\/apercu-feyenoord-contre-atletico-madrid-pronostics-actualites-de-lequipe-compositions\/"},"author":{"name":"Cl\u00e9ment","@id":"https:\/\/footdavant.fr\/actualites\/#\/schema\/person\/bc222566d95871b37e597b3ed3ba5e1d"},"headline":"Aper\u00e7u : Feyenoord contre Atletico Madrid \u2013 pronostics, actualit\u00e9s de l&rsquo;\u00e9quipe, compositions","datePublished":"2023-11-29T11:48:49+00:00","dateModified":"2023-11-29T11:48:50+00:00","mainEntityOfPage":{"@id":"https:\/\/footdavant.fr\/actualites\/apercu-feyenoord-contre-atletico-madrid-pronostics-actualites-de-lequipe-compositions\/"},"wordCount":1181,"publisher":{"@id":"https:\/\/footdavant.fr\/actualites\/#organization"},"keywords":["Actualit\u00e9s","Aper\u00e7u","Atletico","compositions","contre","Feyenoord","l\u00e9quipe","Madrid","pronostics"],"articleSection":["Champions League"],"inLanguage":"fr-FR"},{"@type":"WebPage","@id":"https:\/\/footdavant.fr\/actualites\/apercu-feyenoord-contre-atletico-madrid-pronostics-actualites-de-lequipe-compositions\/","url":"https:\/\/footdavant.fr\/actualites\/apercu-feyenoord-contre-atletico-madrid-pronostics-actualites-de-lequipe-compositions\/","name":"Aper\u00e7u : Feyenoord contre Atletico Madrid \u2013 pronostics, actualit\u00e9s de l'\u00e9quipe, compositions","isPartOf":{"@id":"https:\/\/footdavant.fr\/actualites\/#website"},"datePublished":"2023-11-29T11:48:49+00:00","dateModified":"2023-11-29T11:48:50+00:00","breadcrumb":{"@id":"https:\/\/footdavant.fr\/actualites\/apercu-feyenoord-contre-atletico-madrid-pronostics-actualites-de-lequipe-compositions\/#breadcrumb"},"inLanguage":"fr-FR","potentialAction":[{"@type":"ReadAction","target":["https:\/\/footdavant.fr\/actualites\/apercu-feyenoord-contre-atletico-madrid-pronostics-actualites-de-lequipe-compositions\/"]}]},{"@type":"BreadcrumbList","@id":"https:\/\/footdavant.fr\/actualites\/apercu-feyenoord-contre-atletico-madrid-pronostics-actualites-de-lequipe-compositions\/#breadcrumb","itemListElement":[{"@type":"ListItem","position":1,"name":"Accueil","item":"https:\/\/footdavant.fr\/actualites\/"},{"@type":"ListItem","position":2,"name":"Aper\u00e7u : Feyenoord contre Atletico Madrid \u2013 pronostics, actualit\u00e9s de l&rsquo;\u00e9quipe, compositions"}]},{"@type":"WebSite","@id":"https:\/\/footdavant.fr\/actualites\/#website","url":"https:\/\/footdavant.fr\/actualites\/","name":"Foot d'avant","description":"","publisher":{"@id":"https:\/\/footdavant.fr\/actualites\/#organization"},"potentialAction":[{"@type":"SearchAction","target":{"@type":"EntryPoint","urlTemplate":"https:\/\/footdavant.fr\/actualites\/?s={search_term_string}"},"query-input":"required name=search_term_string"}],"inLanguage":"fr-FR"},{"@type":"Organization","@id":"https:\/\/footdavant.fr\/actualites\/#organization","name":"Foot d'avant","url":"https:\/\/footdavant.fr\/actualites\/","logo":{"@type":"ImageObject","inLanguage":"fr-FR","@id":"https:\/\/footdavant.fr\/actualites\/#\/schema\/logo\/image\/","url":"https:\/\/footdavant.fr\/actualites\/wp-content\/uploads\/2023\/09\/Copy-of-FootDavant-Logo.png","contentUrl":"https:\/\/footdavant.fr\/actualites\/wp-content\/uploads\/2023\/09\/Copy-of-FootDavant-Logo.png","width":936,"height":549,"caption":"Foot d'avant"},"image":{"@id":"https:\/\/footdavant.fr\/actualites\/#\/schema\/logo\/image\/"},"sameAs":["https:\/\/www.facebook.com\/Footdavant\/","https:\/\/twitter.com\/FootdavantFr","https:\/\/www.instagram.com\/footdavant.fr\/"]},{"@type":"Person","@id":"https:\/\/footdavant.fr\/actualites\/#\/schema\/person\/bc222566d95871b37e597b3ed3ba5e1d","name":"Cl\u00e9ment","image":{"@type":"ImageObject","inLanguage":"fr-FR","@id":"https:\/\/footdavant.fr\/actualites\/#\/schema\/person\/image\/","url":"https:\/\/secure.gravatar.com\/avatar\/7728b29aac2719421e1a9159b2254c44?s=96&d=mm&r=g","contentUrl":"https:\/\/secure.gravatar.com\/avatar\/7728b29aac2719421e1a9159b2254c44?s=96&d=mm&r=g","caption":"Cl\u00e9ment"},"sameAs":["https:\/\/footdavant.fr\/"]}]}},"_links":{"self":[{"href":"https:\/\/footdavant.fr\/actualites\/wp-json\/wp\/v2\/posts\/1632"}],"collection":[{"href":"https:\/\/footdavant.fr\/actualites\/wp-json\/wp\/v2\/posts"}],"about":[{"href":"https:\/\/footdavant.fr\/actualites\/wp-json\/wp\/v2\/types\/post"}],"author":[{"embeddable":true,"href":"https:\/\/footdavant.fr\/actualites\/wp-json\/wp\/v2\/users\/1"}],"replies":[{"embeddable":true,"href":"https:\/\/footdavant.fr\/actualites\/wp-json\/wp\/v2\/comments?post=1632"}],"version-history":[{"count":1,"href":"https:\/\/footdavant.fr\/actualites\/wp-json\/wp\/v2\/posts\/1632\/revisions"}],"predecessor-version":[{"id":1634,"href":"https:\/\/footdavant.fr\/actualites\/wp-json\/wp\/v2\/posts\/1632\/revisions\/1634"}],"wp:featuredmedia":[{"embeddable":true,"href":"https:\/\/footdavant.fr\/actualites\/wp-json\/wp\/v2\/media\/1633"}],"wp:attachment":[{"href":"https:\/\/footdavant.fr\/actualites\/wp-json\/wp\/v2\/media?parent=1632"}],"wp:term":[{"taxonomy":"category","embeddable":true,"href":"https:\/\/footdavant.fr\/actualites\/wp-json\/wp\/v2\/categories?post=1632"},{"taxonomy":"post_tag","embeddable":true,"href":"https:\/\/footdavant.fr\/actualites\/wp-json\/wp\/v2\/tags?post=1632"}],"curies":[{"name":"wp","href":"https:\/\/api.w.org\/{rel}","templated":true}]}}