{"id":16353,"date":"2024-11-18T18:48:44","date_gmt":"2024-11-18T17:48:44","guid":{"rendered":"https:\/\/footdavant.fr\/actualites\/nouvelles-du-transfert-de-leicester-city-les-foxes-rejoignent-latletico-madrid-dans-la-course-au-prodige-de-18-ans\/"},"modified":"2024-11-18T18:48:48","modified_gmt":"2024-11-18T17:48:48","slug":"nouvelles-du-transfert-de-leicester-city-les-foxes-rejoignent-latletico-madrid-dans-la-course-au-prodige-de-18-ans","status":"publish","type":"post","link":"https:\/\/footdavant.fr\/actualites\/nouvelles-du-transfert-de-leicester-city-les-foxes-rejoignent-latletico-madrid-dans-la-course-au-prodige-de-18-ans\/","title":{"rendered":"Nouvelles du transfert de Leicester City : les Foxes rejoignent l\u2019Atletico Madrid dans la course au prodige de 18 ans ?"},"content":{"rendered":"<p>Leicester City envisagerait la signature du jeune du Hertha Berlin Ibrahim Maza, l&#39;Atletico Madrid et Brentford \u00e9tant \u00e9galement friands du milieu de terrain.<\/p>\n<div id=\"article_body\" itemprop=\"articleBody\">\n<h3 class=\"firstPara\">\n<strong class=\"autotag\">Leicester City<\/strong> seraient int\u00e9ress\u00e9s \u00e0 signer <strong class=\"autotag\">Hertha Berlin<\/strong> milieu de terrain <strong class=\"autotag\">Ibrahim Maza<\/strong>.<\/h3>\n<p>Le joueur de 18 ans a impressionn\u00e9 au d\u00e9but de la saison 2024-25 pour le club de la capitale du deuxi\u00e8me niveau de la pyramide du football allemand.<\/p>\n<p>Maza a d\u00e9but\u00e9 12 matches en Bundesliga 2 pour le Hertha Berlin, marquant trois buts tout en fournissant une passe d\u00e9cisive \u00e0 un co\u00e9quipier \u00e0 une occasion.<\/p>\n<p>Le jeune est dipl\u00f4m\u00e9 du syst\u00e8me jeunesse du club et a depuis disput\u00e9 29 matches avec la premi\u00e8re \u00e9quipe depuis mars 2023, marquant six buts.<\/p>\n<p>Maza poss\u00e8de \u00e9galement un certain pedigree international, remportant sa premi\u00e8re s\u00e9lection senior pour le g\u00e9ant de la CAF, l&#39;Alg\u00e9rie, lors des \u00e9liminatoires de la Coupe d&#39;Afrique des Nations en octobre.<\/p>\n<p class=\"imgI\">\n<h2 class=\"k3\">Leicester veut la star du Hertha Berlin Maza ?<\/h2>\n<p>Selon le m\u00e9dia <em>COMME<\/em>un certain nombre de clubs europ\u00e9ens de premier plan \u00e9tudient la possibilit\u00e9 de recruter Maza du Hertha Berlin dans un avenir proche.<\/p>\n<p>Le rapport affirme que Leicester fait partie de ces \u00e9quipes, les Foxes cherchant \u00e0 renforcer leurs chances d&#39;\u00e9viter un retour imm\u00e9diat au championnat.<\/p>\n<p>Ainsi que <strong class=\"autotag\">Steve Cooper<\/strong>du c\u00f4t\u00e9, il est entendu que les puissances espagnoles <strong class=\"autotag\">Atl\u00e9tico Madrid<\/strong> surveillent les progr\u00e8s du jeune Maza.<\/p>\n<p>Il y aurait aussi un int\u00e9r\u00eat de la part de l&#39;\u00e9lite fran\u00e7aise, avec une r\u00e9surgence <strong class=\"autotag\">Marseille<\/strong> L&#39;\u00e9quipe souhaite \u00e9galement obtenir la signature de l&#39;Alg\u00e9rien.<\/p>\n<p>Enfin, Leicester pourrait faire face \u00e0 la concurrence d&#39;un rival de Premier League pour Maza, avec <strong class=\"autotag\">Thomas Franck<\/strong>c&#39;est <strong class=\"autotag\">Brentford<\/strong> aurait surveill\u00e9 le milieu de terrain.<\/p>\n<p class=\"imgI\"><img decoding=\"async\" loading=\"lazy\" class=\"l\" src=\"https:\/\/footdavant.fr\/actualites\/wp-content\/uploads\/2024\/11\/1731952124_414_Nouvelles-du-transfert-de-Leicester-City-les-Foxes-rejoignent.jpg\" title=\"Entra\u00eeneur-chef de Brentford, Thomas Frank, le 21 septembre 2024\" alt=\"Entra\u00eeneur-chef de Brentford, Thomas Frank, le 21 septembre 2024\" width=\"640\" height=\"480\"><\/p>\n<h2 class=\"k3\">Comment Maza se comporterait-il en Premier League ?<\/h2>\n<p>En raison de la rel\u00e9gation du Hertha Berlin de la Bundesliga en 2023, Maza a jou\u00e9 jusqu&#39;\u00e0 pr\u00e9sent la majorit\u00e9 de son football en \u00e9quipe premi\u00e8re en deuxi\u00e8me division allemande.<\/p>\n<p>Cependant, \u00e0 l\u2019\u00e2ge de 18 ans, le milieu de terrain offensif a la possibilit\u00e9 de devenir une star de haut niveau, potentiellement en Premier League.<\/p>\n<p>Le contrat de Maza dans la capitale allemande expirant en 2027, le Hertha Berlin sera en mesure de mener des n\u00e9gociations difficiles avec des pr\u00e9tendants potentiels.<\/p>\n<\/div>\n","protected":false},"excerpt":{"rendered":"<p>Leicester City envisagerait la signature du jeune du Hertha Berlin Ibrahim Maza, l&#39;Atletico Madrid et Brentford \u00e9tant \u00e9galement friands du milieu de terrain. Leicester City<\/p>\n","protected":false},"author":1,"featured_media":16354,"comment_status":"closed","ping_status":"","sticky":false,"template":"","format":"standard","meta":{"footnotes":""},"categories":[5],"tags":[209,27,19,5742,1556,1293,93,303,461,4217,4198,700],"yoast_head":"<!-- This site is optimized with the Yoast SEO plugin v21.0 - https:\/\/yoast.com\/wordpress\/plugins\/seo\/ -->\n<title>Nouvelles du transfert de Leicester City : les Foxes rejoignent l\u2019Atletico Madrid dans la course au prodige de 18 ans ?<\/title>\n<meta name=\"robots\" content=\"index, follow, max-snippet:-1, max-image-preview:large, max-video-preview:-1\" \/>\n<link rel=\"canonical\" href=\"https:\/\/footdavant.fr\/actualites\/nouvelles-du-transfert-de-leicester-city-les-foxes-rejoignent-latletico-madrid-dans-la-course-au-prodige-de-18-ans\/\" \/>\n<meta property=\"og:locale\" content=\"fr_FR\" \/>\n<meta property=\"og:type\" content=\"article\" \/>\n<meta property=\"og:title\" content=\"Nouvelles du transfert de Leicester City : les Foxes rejoignent l\u2019Atletico Madrid dans la course au prodige de 18 ans ?\" \/>\n<meta property=\"og:description\" content=\"Leicester City envisagerait la signature du jeune du Hertha Berlin Ibrahim Maza, l&#039;Atletico Madrid et Brentford \u00e9tant \u00e9galement friands du milieu de terrain. Leicester City\" \/>\n<meta property=\"og:url\" content=\"https:\/\/footdavant.fr\/actualites\/nouvelles-du-transfert-de-leicester-city-les-foxes-rejoignent-latletico-madrid-dans-la-course-au-prodige-de-18-ans\/\" \/>\n<meta property=\"og:site_name\" content=\"Foot d&#039;avant\" \/>\n<meta property=\"article:publisher\" content=\"https:\/\/www.facebook.com\/Footdavant\/\" \/>\n<meta property=\"article:published_time\" content=\"2024-11-18T17:48:44+00:00\" \/>\n<meta property=\"article:modified_time\" content=\"2024-11-18T17:48:48+00:00\" \/>\n<meta property=\"og:image\" content=\"https:\/\/footdavant.fr\/actualites\/wp-content\/uploads\/2024\/11\/Nouvelles-du-transfert-de-Leicester-City-les-Foxes-rejoignent.jpg\" \/>\n\t<meta property=\"og:image:width\" content=\"640\" \/>\n\t<meta property=\"og:image:height\" content=\"480\" \/>\n\t<meta property=\"og:image:type\" content=\"image\/jpeg\" \/>\n<meta name=\"author\" content=\"Cl\u00e9ment\" \/>\n<meta name=\"twitter:card\" content=\"summary_large_image\" \/>\n<meta name=\"twitter:creator\" content=\"@FootdavantFr\" \/>\n<meta name=\"twitter:site\" content=\"@FootdavantFr\" \/>\n<meta name=\"twitter:label1\" content=\"\u00c9crit par\" \/>\n\t<meta name=\"twitter:data1\" content=\"Cl\u00e9ment\" \/>\n\t<meta name=\"twitter:label2\" content=\"Dur\u00e9e de lecture estim\u00e9e\" \/>\n\t<meta name=\"twitter:data2\" content=\"2 minutes\" \/>\n<script type=\"application\/ld+json\" class=\"yoast-schema-graph\">{\"@context\":\"https:\/\/schema.org\",\"@graph\":[{\"@type\":\"Article\",\"@id\":\"https:\/\/footdavant.fr\/actualites\/nouvelles-du-transfert-de-leicester-city-les-foxes-rejoignent-latletico-madrid-dans-la-course-au-prodige-de-18-ans\/#article\",\"isPartOf\":{\"@id\":\"https:\/\/footdavant.fr\/actualites\/nouvelles-du-transfert-de-leicester-city-les-foxes-rejoignent-latletico-madrid-dans-la-course-au-prodige-de-18-ans\/\"},\"author\":{\"name\":\"Cl\u00e9ment\",\"@id\":\"https:\/\/footdavant.fr\/actualites\/#\/schema\/person\/bc222566d95871b37e597b3ed3ba5e1d\"},\"headline\":\"Nouvelles du transfert de Leicester City : les Foxes rejoignent l\u2019Atletico Madrid dans la course au prodige de 18 ans ?\",\"datePublished\":\"2024-11-18T17:48:44+00:00\",\"dateModified\":\"2024-11-18T17:48:48+00:00\",\"mainEntityOfPage\":{\"@id\":\"https:\/\/footdavant.fr\/actualites\/nouvelles-du-transfert-de-leicester-city-les-foxes-rejoignent-latletico-madrid-dans-la-course-au-prodige-de-18-ans\/\"},\"wordCount\":406,\"publisher\":{\"@id\":\"https:\/\/footdavant.fr\/actualites\/#organization\"},\"keywords\":[\"ans\",\"City\",\"dans\",\"Foxes\",\"lAtletico\",\"Leicester\",\"les\",\"Madrid\",\"Nouvelles\",\"prodige\",\"rejoignent\",\"transfert\"],\"articleSection\":[\"Premier League\"],\"inLanguage\":\"fr-FR\"},{\"@type\":\"WebPage\",\"@id\":\"https:\/\/footdavant.fr\/actualites\/nouvelles-du-transfert-de-leicester-city-les-foxes-rejoignent-latletico-madrid-dans-la-course-au-prodige-de-18-ans\/\",\"url\":\"https:\/\/footdavant.fr\/actualites\/nouvelles-du-transfert-de-leicester-city-les-foxes-rejoignent-latletico-madrid-dans-la-course-au-prodige-de-18-ans\/\",\"name\":\"Nouvelles du transfert de Leicester City : les Foxes rejoignent l\u2019Atletico Madrid dans la course au prodige de 18 ans ?\",\"isPartOf\":{\"@id\":\"https:\/\/footdavant.fr\/actualites\/#website\"},\"datePublished\":\"2024-11-18T17:48:44+00:00\",\"dateModified\":\"2024-11-18T17:48:48+00:00\",\"breadcrumb\":{\"@id\":\"https:\/\/footdavant.fr\/actualites\/nouvelles-du-transfert-de-leicester-city-les-foxes-rejoignent-latletico-madrid-dans-la-course-au-prodige-de-18-ans\/#breadcrumb\"},\"inLanguage\":\"fr-FR\",\"potentialAction\":[{\"@type\":\"ReadAction\",\"target\":[\"https:\/\/footdavant.fr\/actualites\/nouvelles-du-transfert-de-leicester-city-les-foxes-rejoignent-latletico-madrid-dans-la-course-au-prodige-de-18-ans\/\"]}]},{\"@type\":\"BreadcrumbList\",\"@id\":\"https:\/\/footdavant.fr\/actualites\/nouvelles-du-transfert-de-leicester-city-les-foxes-rejoignent-latletico-madrid-dans-la-course-au-prodige-de-18-ans\/#breadcrumb\",\"itemListElement\":[{\"@type\":\"ListItem\",\"position\":1,\"name\":\"Accueil\",\"item\":\"https:\/\/footdavant.fr\/actualites\/\"},{\"@type\":\"ListItem\",\"position\":2,\"name\":\"Nouvelles du transfert de Leicester City : les Foxes rejoignent l\u2019Atletico Madrid dans la course au prodige de 18 ans ?\"}]},{\"@type\":\"WebSite\",\"@id\":\"https:\/\/footdavant.fr\/actualites\/#website\",\"url\":\"https:\/\/footdavant.fr\/actualites\/\",\"name\":\"Foot d'avant\",\"description\":\"\",\"publisher\":{\"@id\":\"https:\/\/footdavant.fr\/actualites\/#organization\"},\"potentialAction\":[{\"@type\":\"SearchAction\",\"target\":{\"@type\":\"EntryPoint\",\"urlTemplate\":\"https:\/\/footdavant.fr\/actualites\/?s={search_term_string}\"},\"query-input\":\"required name=search_term_string\"}],\"inLanguage\":\"fr-FR\"},{\"@type\":\"Organization\",\"@id\":\"https:\/\/footdavant.fr\/actualites\/#organization\",\"name\":\"Foot d'avant\",\"url\":\"https:\/\/footdavant.fr\/actualites\/\",\"logo\":{\"@type\":\"ImageObject\",\"inLanguage\":\"fr-FR\",\"@id\":\"https:\/\/footdavant.fr\/actualites\/#\/schema\/logo\/image\/\",\"url\":\"https:\/\/footdavant.fr\/actualites\/wp-content\/uploads\/2023\/09\/Copy-of-FootDavant-Logo.png\",\"contentUrl\":\"https:\/\/footdavant.fr\/actualites\/wp-content\/uploads\/2023\/09\/Copy-of-FootDavant-Logo.png\",\"width\":936,\"height\":549,\"caption\":\"Foot d'avant\"},\"image\":{\"@id\":\"https:\/\/footdavant.fr\/actualites\/#\/schema\/logo\/image\/\"},\"sameAs\":[\"https:\/\/www.facebook.com\/Footdavant\/\",\"https:\/\/twitter.com\/FootdavantFr\",\"https:\/\/www.instagram.com\/footdavant.fr\/\"]},{\"@type\":\"Person\",\"@id\":\"https:\/\/footdavant.fr\/actualites\/#\/schema\/person\/bc222566d95871b37e597b3ed3ba5e1d\",\"name\":\"Cl\u00e9ment\",\"image\":{\"@type\":\"ImageObject\",\"inLanguage\":\"fr-FR\",\"@id\":\"https:\/\/footdavant.fr\/actualites\/#\/schema\/person\/image\/\",\"url\":\"https:\/\/secure.gravatar.com\/avatar\/7728b29aac2719421e1a9159b2254c44?s=96&d=mm&r=g\",\"contentUrl\":\"https:\/\/secure.gravatar.com\/avatar\/7728b29aac2719421e1a9159b2254c44?s=96&d=mm&r=g\",\"caption\":\"Cl\u00e9ment\"},\"sameAs\":[\"https:\/\/footdavant.fr\/\"]}]}<\/script>\n<!-- \/ Yoast SEO plugin. -->","yoast_head_json":{"title":"Nouvelles du transfert de Leicester City : les Foxes rejoignent l\u2019Atletico Madrid dans la course au prodige de 18 ans ?","robots":{"index":"index","follow":"follow","max-snippet":"max-snippet:-1","max-image-preview":"max-image-preview:large","max-video-preview":"max-video-preview:-1"},"canonical":"https:\/\/footdavant.fr\/actualites\/nouvelles-du-transfert-de-leicester-city-les-foxes-rejoignent-latletico-madrid-dans-la-course-au-prodige-de-18-ans\/","og_locale":"fr_FR","og_type":"article","og_title":"Nouvelles du transfert de Leicester City : les Foxes rejoignent l\u2019Atletico Madrid dans la course au prodige de 18 ans ?","og_description":"Leicester City envisagerait la signature du jeune du Hertha Berlin Ibrahim Maza, l&#39;Atletico Madrid et Brentford \u00e9tant \u00e9galement friands du milieu de terrain. Leicester City","og_url":"https:\/\/footdavant.fr\/actualites\/nouvelles-du-transfert-de-leicester-city-les-foxes-rejoignent-latletico-madrid-dans-la-course-au-prodige-de-18-ans\/","og_site_name":"Foot d&#039;avant","article_publisher":"https:\/\/www.facebook.com\/Footdavant\/","article_published_time":"2024-11-18T17:48:44+00:00","article_modified_time":"2024-11-18T17:48:48+00:00","og_image":[{"width":640,"height":480,"url":"https:\/\/footdavant.fr\/actualites\/wp-content\/uploads\/2024\/11\/Nouvelles-du-transfert-de-Leicester-City-les-Foxes-rejoignent.jpg","type":"image\/jpeg"}],"author":"Cl\u00e9ment","twitter_card":"summary_large_image","twitter_creator":"@FootdavantFr","twitter_site":"@FootdavantFr","twitter_misc":{"\u00c9crit par":"Cl\u00e9ment","Dur\u00e9e de lecture estim\u00e9e":"2 minutes"},"schema":{"@context":"https:\/\/schema.org","@graph":[{"@type":"Article","@id":"https:\/\/footdavant.fr\/actualites\/nouvelles-du-transfert-de-leicester-city-les-foxes-rejoignent-latletico-madrid-dans-la-course-au-prodige-de-18-ans\/#article","isPartOf":{"@id":"https:\/\/footdavant.fr\/actualites\/nouvelles-du-transfert-de-leicester-city-les-foxes-rejoignent-latletico-madrid-dans-la-course-au-prodige-de-18-ans\/"},"author":{"name":"Cl\u00e9ment","@id":"https:\/\/footdavant.fr\/actualites\/#\/schema\/person\/bc222566d95871b37e597b3ed3ba5e1d"},"headline":"Nouvelles du transfert de Leicester City : les Foxes rejoignent l\u2019Atletico Madrid dans la course au prodige de 18 ans ?","datePublished":"2024-11-18T17:48:44+00:00","dateModified":"2024-11-18T17:48:48+00:00","mainEntityOfPage":{"@id":"https:\/\/footdavant.fr\/actualites\/nouvelles-du-transfert-de-leicester-city-les-foxes-rejoignent-latletico-madrid-dans-la-course-au-prodige-de-18-ans\/"},"wordCount":406,"publisher":{"@id":"https:\/\/footdavant.fr\/actualites\/#organization"},"keywords":["ans","City","dans","Foxes","lAtletico","Leicester","les","Madrid","Nouvelles","prodige","rejoignent","transfert"],"articleSection":["Premier League"],"inLanguage":"fr-FR"},{"@type":"WebPage","@id":"https:\/\/footdavant.fr\/actualites\/nouvelles-du-transfert-de-leicester-city-les-foxes-rejoignent-latletico-madrid-dans-la-course-au-prodige-de-18-ans\/","url":"https:\/\/footdavant.fr\/actualites\/nouvelles-du-transfert-de-leicester-city-les-foxes-rejoignent-latletico-madrid-dans-la-course-au-prodige-de-18-ans\/","name":"Nouvelles du transfert de Leicester City : les Foxes rejoignent l\u2019Atletico Madrid dans la course au prodige de 18 ans ?","isPartOf":{"@id":"https:\/\/footdavant.fr\/actualites\/#website"},"datePublished":"2024-11-18T17:48:44+00:00","dateModified":"2024-11-18T17:48:48+00:00","breadcrumb":{"@id":"https:\/\/footdavant.fr\/actualites\/nouvelles-du-transfert-de-leicester-city-les-foxes-rejoignent-latletico-madrid-dans-la-course-au-prodige-de-18-ans\/#breadcrumb"},"inLanguage":"fr-FR","potentialAction":[{"@type":"ReadAction","target":["https:\/\/footdavant.fr\/actualites\/nouvelles-du-transfert-de-leicester-city-les-foxes-rejoignent-latletico-madrid-dans-la-course-au-prodige-de-18-ans\/"]}]},{"@type":"BreadcrumbList","@id":"https:\/\/footdavant.fr\/actualites\/nouvelles-du-transfert-de-leicester-city-les-foxes-rejoignent-latletico-madrid-dans-la-course-au-prodige-de-18-ans\/#breadcrumb","itemListElement":[{"@type":"ListItem","position":1,"name":"Accueil","item":"https:\/\/footdavant.fr\/actualites\/"},{"@type":"ListItem","position":2,"name":"Nouvelles du transfert de Leicester City : les Foxes rejoignent l\u2019Atletico Madrid dans la course au prodige de 18 ans ?"}]},{"@type":"WebSite","@id":"https:\/\/footdavant.fr\/actualites\/#website","url":"https:\/\/footdavant.fr\/actualites\/","name":"Foot d'avant","description":"","publisher":{"@id":"https:\/\/footdavant.fr\/actualites\/#organization"},"potentialAction":[{"@type":"SearchAction","target":{"@type":"EntryPoint","urlTemplate":"https:\/\/footdavant.fr\/actualites\/?s={search_term_string}"},"query-input":"required name=search_term_string"}],"inLanguage":"fr-FR"},{"@type":"Organization","@id":"https:\/\/footdavant.fr\/actualites\/#organization","name":"Foot d'avant","url":"https:\/\/footdavant.fr\/actualites\/","logo":{"@type":"ImageObject","inLanguage":"fr-FR","@id":"https:\/\/footdavant.fr\/actualites\/#\/schema\/logo\/image\/","url":"https:\/\/footdavant.fr\/actualites\/wp-content\/uploads\/2023\/09\/Copy-of-FootDavant-Logo.png","contentUrl":"https:\/\/footdavant.fr\/actualites\/wp-content\/uploads\/2023\/09\/Copy-of-FootDavant-Logo.png","width":936,"height":549,"caption":"Foot d'avant"},"image":{"@id":"https:\/\/footdavant.fr\/actualites\/#\/schema\/logo\/image\/"},"sameAs":["https:\/\/www.facebook.com\/Footdavant\/","https:\/\/twitter.com\/FootdavantFr","https:\/\/www.instagram.com\/footdavant.fr\/"]},{"@type":"Person","@id":"https:\/\/footdavant.fr\/actualites\/#\/schema\/person\/bc222566d95871b37e597b3ed3ba5e1d","name":"Cl\u00e9ment","image":{"@type":"ImageObject","inLanguage":"fr-FR","@id":"https:\/\/footdavant.fr\/actualites\/#\/schema\/person\/image\/","url":"https:\/\/secure.gravatar.com\/avatar\/7728b29aac2719421e1a9159b2254c44?s=96&d=mm&r=g","contentUrl":"https:\/\/secure.gravatar.com\/avatar\/7728b29aac2719421e1a9159b2254c44?s=96&d=mm&r=g","caption":"Cl\u00e9ment"},"sameAs":["https:\/\/footdavant.fr\/"]}]}},"_links":{"self":[{"href":"https:\/\/footdavant.fr\/actualites\/wp-json\/wp\/v2\/posts\/16353"}],"collection":[{"href":"https:\/\/footdavant.fr\/actualites\/wp-json\/wp\/v2\/posts"}],"about":[{"href":"https:\/\/footdavant.fr\/actualites\/wp-json\/wp\/v2\/types\/post"}],"author":[{"embeddable":true,"href":"https:\/\/footdavant.fr\/actualites\/wp-json\/wp\/v2\/users\/1"}],"replies":[{"embeddable":true,"href":"https:\/\/footdavant.fr\/actualites\/wp-json\/wp\/v2\/comments?post=16353"}],"version-history":[{"count":1,"href":"https:\/\/footdavant.fr\/actualites\/wp-json\/wp\/v2\/posts\/16353\/revisions"}],"predecessor-version":[{"id":16355,"href":"https:\/\/footdavant.fr\/actualites\/wp-json\/wp\/v2\/posts\/16353\/revisions\/16355"}],"wp:featuredmedia":[{"embeddable":true,"href":"https:\/\/footdavant.fr\/actualites\/wp-json\/wp\/v2\/media\/16354"}],"wp:attachment":[{"href":"https:\/\/footdavant.fr\/actualites\/wp-json\/wp\/v2\/media?parent=16353"}],"wp:term":[{"taxonomy":"category","embeddable":true,"href":"https:\/\/footdavant.fr\/actualites\/wp-json\/wp\/v2\/categories?post=16353"},{"taxonomy":"post_tag","embeddable":true,"href":"https:\/\/footdavant.fr\/actualites\/wp-json\/wp\/v2\/tags?post=16353"}],"curies":[{"name":"wp","href":"https:\/\/api.w.org\/{rel}","templated":true}]}}