{"id":16356,"date":"2024-11-18T20:48:12","date_gmt":"2024-11-18T19:48:12","guid":{"rendered":"https:\/\/footdavant.fr\/actualites\/enzo-maresca-a-un-dilemme-au-milieu-de-terrain-impliquant-fernandez-et-palmer\/"},"modified":"2024-11-18T20:48:14","modified_gmt":"2024-11-18T19:48:14","slug":"enzo-maresca-a-un-dilemme-au-milieu-de-terrain-impliquant-fernandez-et-palmer","status":"publish","type":"post","link":"https:\/\/footdavant.fr\/actualites\/enzo-maresca-a-un-dilemme-au-milieu-de-terrain-impliquant-fernandez-et-palmer\/","title":{"rendered":"Enzo Maresca a un dilemme au milieu de terrain impliquant Fernandez et Palmer \u2013"},"content":{"rendered":"<div id=\"mvp-content-main\">\n<p>Il y a un d\u00e9bat qui couve cette semaine et qui entoure notre milieu de terrain.<\/p>\n<p>Nous avons tous nos opinions et nos r\u00e9flexions sur Enzo Fernandez, et je pense qu&#39;il est probablement prudent de dire qu&#39;il est peut-\u00eatre plus adapt\u00e9 aux autres ligues, n&#39;est-ce pas ? Mais m\u00eame quand m\u00eame, je pense que c&#39;est un joueur de classe et qu&#39;il peut encore avoir sa place dans cette \u00e9quipe de Chelsea.<\/p>\n<p>\u00c0 l&#39;heure actuelle, il a rejoint la B-Team de Chelsea, mais je pense que c&#39;est plus parce que Moises Caicedo, Romeo Lavia et Cole Palmer sont meilleurs, ou peut-\u00eatre plus importants pour ce Xl de d\u00e9part que Fernandez ?<\/p>\n<p>Fernandez a cependant beaucoup \u00e0 offrir, si vous l\u2019utilisez correctement et qu\u2019il a des coureurs volontaires \u00e0 la fin de ses passes. Sa vision est incroyable et il est un v\u00e9ritable cr\u00e9ateur au milieu de terrain, r\u00e9coltant cinq passes d\u00e9cisives lors de ses trois derniers matches disput\u00e9s en club et en s\u00e9lection, au moment d&#39;\u00e9crire ces lignes.<\/p>\n<p>J&#39;ai toujours \u00e9valu\u00e9 Fernandez, mais il a \u00e9t\u00e9 un peu al\u00e9atoire \u00e0 Chelsea. Peut-\u00eatre que cela est d\u00fb en partie \u00e0 ses probl\u00e8mes de vie personnelle. Je veux dire, rompre avec sa famille peut s\u00e9rieusement affecter l&#39;esprit, et peut-\u00eatre devrions-nous lui donner un peu de r\u00e9pit pour \u00e7a ?<\/p>\n<p>Je pense que techniquement, il est superbe. Je pense aussi qu\u2019il pourrait \u00eatre un roi des passes d\u00e9cisives dans cette \u00e9quipe de Chelsea.<\/p>\n<p>Je crois que s&#39;il ne joue pas de matches de championnat, il demandera \u00e0 partir cet \u00e9t\u00e9, et qui lui en voudrait ? Il y a d\u00e9j\u00e0 un s\u00e9rieux int\u00e9r\u00eat de la part des clubs. Mais Chelsea, et plus important encore Enzo Maresca, doivent-ils r\u00e9ellement chercher des moyens de le faire revenir et de \u00ab sauver \u00bb sa carri\u00e8re \u00e0 Chelsea ?<\/p>\n<p>La seule fa\u00e7on d\u2019y parvenir pour le moment est de d\u00e9placer Cole Palmer vers la droite, et l\u00e0-bas, c\u2019est un tout autre d\u00e9bat.<\/p>\n<p>Palmer a un peu souffert au centre lorsqu&#39;il est marqu\u00e9 par un homme. Alors, le d\u00e9placer vers la droite est-il une bonne solution pour cela\u00a0? Une solution qui ram\u00e8ne \u00e9galement Fernandez dans le Xl de d\u00e9part pour les matchs de championnat puisqu&#39;il peut ensuite s&#39;aligner dans le milieu de terrain \u00e0 trois avec Lavia et Caicedo ? S&#39;ils commencent les trois, cela signifie qu&#39;Enzo joue comme un 10, et pour moi, cela ne fonctionne pas ; il doit jouer plus profond\u00e9ment pour pouvoir effectuer le jeu avec ses passes.<\/p>\n<p>Je vais \u00eatre honn\u00eate, je suis tr\u00e8s partag\u00e9 sur tout cela. J&#39;aime Palmer au milieu parce que je pense qu&#39;il peut dicter le jeu et contr\u00f4ler davantage le jeu. Mais je vois aussi les cris pour le faire reculer vers la droite et j\u2019en vois \u00e9galement les avantages. Est-ce que Maresca fera \u00e7a ? Je n&#39;en suis pas si s\u00fbr.<\/p>\n<p>\t\t\t\t\t\t\t\t\t<!--mvp-post-tags--><\/p><\/div>\n","protected":false},"excerpt":{"rendered":"<p>Il y a un d\u00e9bat qui couve cette semaine et qui entoure notre milieu de terrain. Nous avons tous nos opinions et nos r\u00e9flexions sur<\/p>\n","protected":false},"author":1,"featured_media":16357,"comment_status":"closed","ping_status":"","sticky":false,"template":"","format":"standard","meta":{"footnotes":""},"categories":[3],"tags":[4608,1806,2599,5944,5107,441,1123,442],"yoast_head":"<!-- This site is optimized with the Yoast SEO plugin v21.0 - https:\/\/yoast.com\/wordpress\/plugins\/seo\/ -->\n<title>Enzo Maresca a un dilemme au milieu de terrain impliquant Fernandez et Palmer \u2013<\/title>\n<meta name=\"robots\" content=\"index, follow, max-snippet:-1, max-image-preview:large, max-video-preview:-1\" \/>\n<link rel=\"canonical\" href=\"https:\/\/footdavant.fr\/actualites\/enzo-maresca-a-un-dilemme-au-milieu-de-terrain-impliquant-fernandez-et-palmer\/\" \/>\n<meta property=\"og:locale\" content=\"fr_FR\" \/>\n<meta property=\"og:type\" content=\"article\" \/>\n<meta property=\"og:title\" content=\"Enzo Maresca a un dilemme au milieu de terrain impliquant Fernandez et Palmer \u2013\" \/>\n<meta property=\"og:description\" content=\"Il y a un d\u00e9bat qui couve cette semaine et qui entoure notre milieu de terrain. Nous avons tous nos opinions et nos r\u00e9flexions sur\" \/>\n<meta property=\"og:url\" content=\"https:\/\/footdavant.fr\/actualites\/enzo-maresca-a-un-dilemme-au-milieu-de-terrain-impliquant-fernandez-et-palmer\/\" \/>\n<meta property=\"og:site_name\" content=\"Foot d&#039;avant\" \/>\n<meta property=\"article:publisher\" content=\"https:\/\/www.facebook.com\/Footdavant\/\" \/>\n<meta property=\"article:published_time\" content=\"2024-11-18T19:48:12+00:00\" \/>\n<meta property=\"article:modified_time\" content=\"2024-11-18T19:48:14+00:00\" \/>\n<meta property=\"og:image\" content=\"https:\/\/footdavant.fr\/actualites\/wp-content\/uploads\/2024\/11\/Enzo-Maresca-a-un-dilemme-au-milieu-de-terrain-impliquant.webp.webp\" \/>\n\t<meta property=\"og:image:width\" content=\"900\" \/>\n\t<meta property=\"og:image:height\" content=\"599\" \/>\n\t<meta property=\"og:image:type\" content=\"image\/webp\" \/>\n<meta name=\"author\" content=\"Cl\u00e9ment\" \/>\n<meta name=\"twitter:card\" content=\"summary_large_image\" \/>\n<meta name=\"twitter:creator\" content=\"@FootdavantFr\" \/>\n<meta name=\"twitter:site\" content=\"@FootdavantFr\" \/>\n<meta name=\"twitter:label1\" content=\"\u00c9crit par\" \/>\n\t<meta name=\"twitter:data1\" content=\"Cl\u00e9ment\" \/>\n\t<meta name=\"twitter:label2\" content=\"Dur\u00e9e de lecture estim\u00e9e\" \/>\n\t<meta name=\"twitter:data2\" content=\"3 minutes\" \/>\n<script type=\"application\/ld+json\" class=\"yoast-schema-graph\">{\"@context\":\"https:\/\/schema.org\",\"@graph\":[{\"@type\":\"Article\",\"@id\":\"https:\/\/footdavant.fr\/actualites\/enzo-maresca-a-un-dilemme-au-milieu-de-terrain-impliquant-fernandez-et-palmer\/#article\",\"isPartOf\":{\"@id\":\"https:\/\/footdavant.fr\/actualites\/enzo-maresca-a-un-dilemme-au-milieu-de-terrain-impliquant-fernandez-et-palmer\/\"},\"author\":{\"name\":\"Cl\u00e9ment\",\"@id\":\"https:\/\/footdavant.fr\/actualites\/#\/schema\/person\/bc222566d95871b37e597b3ed3ba5e1d\"},\"headline\":\"Enzo Maresca a un dilemme au milieu de terrain impliquant Fernandez et Palmer \u2013\",\"datePublished\":\"2024-11-18T19:48:12+00:00\",\"dateModified\":\"2024-11-18T19:48:14+00:00\",\"mainEntityOfPage\":{\"@id\":\"https:\/\/footdavant.fr\/actualites\/enzo-maresca-a-un-dilemme-au-milieu-de-terrain-impliquant-fernandez-et-palmer\/\"},\"wordCount\":530,\"publisher\":{\"@id\":\"https:\/\/footdavant.fr\/actualites\/#organization\"},\"keywords\":[\"dilemme\",\"Enzo\",\"Fernandez\",\"impliquant\",\"Maresca\",\"milieu\",\"Palmer\",\"terrain\"],\"articleSection\":[\"Football\"],\"inLanguage\":\"fr-FR\"},{\"@type\":\"WebPage\",\"@id\":\"https:\/\/footdavant.fr\/actualites\/enzo-maresca-a-un-dilemme-au-milieu-de-terrain-impliquant-fernandez-et-palmer\/\",\"url\":\"https:\/\/footdavant.fr\/actualites\/enzo-maresca-a-un-dilemme-au-milieu-de-terrain-impliquant-fernandez-et-palmer\/\",\"name\":\"Enzo Maresca a un dilemme au milieu de terrain impliquant Fernandez et Palmer \u2013\",\"isPartOf\":{\"@id\":\"https:\/\/footdavant.fr\/actualites\/#website\"},\"datePublished\":\"2024-11-18T19:48:12+00:00\",\"dateModified\":\"2024-11-18T19:48:14+00:00\",\"breadcrumb\":{\"@id\":\"https:\/\/footdavant.fr\/actualites\/enzo-maresca-a-un-dilemme-au-milieu-de-terrain-impliquant-fernandez-et-palmer\/#breadcrumb\"},\"inLanguage\":\"fr-FR\",\"potentialAction\":[{\"@type\":\"ReadAction\",\"target\":[\"https:\/\/footdavant.fr\/actualites\/enzo-maresca-a-un-dilemme-au-milieu-de-terrain-impliquant-fernandez-et-palmer\/\"]}]},{\"@type\":\"BreadcrumbList\",\"@id\":\"https:\/\/footdavant.fr\/actualites\/enzo-maresca-a-un-dilemme-au-milieu-de-terrain-impliquant-fernandez-et-palmer\/#breadcrumb\",\"itemListElement\":[{\"@type\":\"ListItem\",\"position\":1,\"name\":\"Accueil\",\"item\":\"https:\/\/footdavant.fr\/actualites\/\"},{\"@type\":\"ListItem\",\"position\":2,\"name\":\"Enzo Maresca a un dilemme au milieu de terrain impliquant Fernandez et Palmer \u2013\"}]},{\"@type\":\"WebSite\",\"@id\":\"https:\/\/footdavant.fr\/actualites\/#website\",\"url\":\"https:\/\/footdavant.fr\/actualites\/\",\"name\":\"Foot d'avant\",\"description\":\"\",\"publisher\":{\"@id\":\"https:\/\/footdavant.fr\/actualites\/#organization\"},\"potentialAction\":[{\"@type\":\"SearchAction\",\"target\":{\"@type\":\"EntryPoint\",\"urlTemplate\":\"https:\/\/footdavant.fr\/actualites\/?s={search_term_string}\"},\"query-input\":\"required name=search_term_string\"}],\"inLanguage\":\"fr-FR\"},{\"@type\":\"Organization\",\"@id\":\"https:\/\/footdavant.fr\/actualites\/#organization\",\"name\":\"Foot d'avant\",\"url\":\"https:\/\/footdavant.fr\/actualites\/\",\"logo\":{\"@type\":\"ImageObject\",\"inLanguage\":\"fr-FR\",\"@id\":\"https:\/\/footdavant.fr\/actualites\/#\/schema\/logo\/image\/\",\"url\":\"https:\/\/footdavant.fr\/actualites\/wp-content\/uploads\/2023\/09\/Copy-of-FootDavant-Logo.png\",\"contentUrl\":\"https:\/\/footdavant.fr\/actualites\/wp-content\/uploads\/2023\/09\/Copy-of-FootDavant-Logo.png\",\"width\":936,\"height\":549,\"caption\":\"Foot d'avant\"},\"image\":{\"@id\":\"https:\/\/footdavant.fr\/actualites\/#\/schema\/logo\/image\/\"},\"sameAs\":[\"https:\/\/www.facebook.com\/Footdavant\/\",\"https:\/\/twitter.com\/FootdavantFr\",\"https:\/\/www.instagram.com\/footdavant.fr\/\"]},{\"@type\":\"Person\",\"@id\":\"https:\/\/footdavant.fr\/actualites\/#\/schema\/person\/bc222566d95871b37e597b3ed3ba5e1d\",\"name\":\"Cl\u00e9ment\",\"image\":{\"@type\":\"ImageObject\",\"inLanguage\":\"fr-FR\",\"@id\":\"https:\/\/footdavant.fr\/actualites\/#\/schema\/person\/image\/\",\"url\":\"https:\/\/secure.gravatar.com\/avatar\/7728b29aac2719421e1a9159b2254c44?s=96&d=mm&r=g\",\"contentUrl\":\"https:\/\/secure.gravatar.com\/avatar\/7728b29aac2719421e1a9159b2254c44?s=96&d=mm&r=g\",\"caption\":\"Cl\u00e9ment\"},\"sameAs\":[\"https:\/\/footdavant.fr\/\"]}]}<\/script>\n<!-- \/ Yoast SEO plugin. -->","yoast_head_json":{"title":"Enzo Maresca a un dilemme au milieu de terrain impliquant Fernandez et Palmer \u2013","robots":{"index":"index","follow":"follow","max-snippet":"max-snippet:-1","max-image-preview":"max-image-preview:large","max-video-preview":"max-video-preview:-1"},"canonical":"https:\/\/footdavant.fr\/actualites\/enzo-maresca-a-un-dilemme-au-milieu-de-terrain-impliquant-fernandez-et-palmer\/","og_locale":"fr_FR","og_type":"article","og_title":"Enzo Maresca a un dilemme au milieu de terrain impliquant Fernandez et Palmer \u2013","og_description":"Il y a un d\u00e9bat qui couve cette semaine et qui entoure notre milieu de terrain. Nous avons tous nos opinions et nos r\u00e9flexions sur","og_url":"https:\/\/footdavant.fr\/actualites\/enzo-maresca-a-un-dilemme-au-milieu-de-terrain-impliquant-fernandez-et-palmer\/","og_site_name":"Foot d&#039;avant","article_publisher":"https:\/\/www.facebook.com\/Footdavant\/","article_published_time":"2024-11-18T19:48:12+00:00","article_modified_time":"2024-11-18T19:48:14+00:00","og_image":[{"width":900,"height":599,"url":"https:\/\/footdavant.fr\/actualites\/wp-content\/uploads\/2024\/11\/Enzo-Maresca-a-un-dilemme-au-milieu-de-terrain-impliquant.webp.webp","type":"image\/webp"}],"author":"Cl\u00e9ment","twitter_card":"summary_large_image","twitter_creator":"@FootdavantFr","twitter_site":"@FootdavantFr","twitter_misc":{"\u00c9crit par":"Cl\u00e9ment","Dur\u00e9e de lecture estim\u00e9e":"3 minutes"},"schema":{"@context":"https:\/\/schema.org","@graph":[{"@type":"Article","@id":"https:\/\/footdavant.fr\/actualites\/enzo-maresca-a-un-dilemme-au-milieu-de-terrain-impliquant-fernandez-et-palmer\/#article","isPartOf":{"@id":"https:\/\/footdavant.fr\/actualites\/enzo-maresca-a-un-dilemme-au-milieu-de-terrain-impliquant-fernandez-et-palmer\/"},"author":{"name":"Cl\u00e9ment","@id":"https:\/\/footdavant.fr\/actualites\/#\/schema\/person\/bc222566d95871b37e597b3ed3ba5e1d"},"headline":"Enzo Maresca a un dilemme au milieu de terrain impliquant Fernandez et Palmer \u2013","datePublished":"2024-11-18T19:48:12+00:00","dateModified":"2024-11-18T19:48:14+00:00","mainEntityOfPage":{"@id":"https:\/\/footdavant.fr\/actualites\/enzo-maresca-a-un-dilemme-au-milieu-de-terrain-impliquant-fernandez-et-palmer\/"},"wordCount":530,"publisher":{"@id":"https:\/\/footdavant.fr\/actualites\/#organization"},"keywords":["dilemme","Enzo","Fernandez","impliquant","Maresca","milieu","Palmer","terrain"],"articleSection":["Football"],"inLanguage":"fr-FR"},{"@type":"WebPage","@id":"https:\/\/footdavant.fr\/actualites\/enzo-maresca-a-un-dilemme-au-milieu-de-terrain-impliquant-fernandez-et-palmer\/","url":"https:\/\/footdavant.fr\/actualites\/enzo-maresca-a-un-dilemme-au-milieu-de-terrain-impliquant-fernandez-et-palmer\/","name":"Enzo Maresca a un dilemme au milieu de terrain impliquant Fernandez et Palmer \u2013","isPartOf":{"@id":"https:\/\/footdavant.fr\/actualites\/#website"},"datePublished":"2024-11-18T19:48:12+00:00","dateModified":"2024-11-18T19:48:14+00:00","breadcrumb":{"@id":"https:\/\/footdavant.fr\/actualites\/enzo-maresca-a-un-dilemme-au-milieu-de-terrain-impliquant-fernandez-et-palmer\/#breadcrumb"},"inLanguage":"fr-FR","potentialAction":[{"@type":"ReadAction","target":["https:\/\/footdavant.fr\/actualites\/enzo-maresca-a-un-dilemme-au-milieu-de-terrain-impliquant-fernandez-et-palmer\/"]}]},{"@type":"BreadcrumbList","@id":"https:\/\/footdavant.fr\/actualites\/enzo-maresca-a-un-dilemme-au-milieu-de-terrain-impliquant-fernandez-et-palmer\/#breadcrumb","itemListElement":[{"@type":"ListItem","position":1,"name":"Accueil","item":"https:\/\/footdavant.fr\/actualites\/"},{"@type":"ListItem","position":2,"name":"Enzo Maresca a un dilemme au milieu de terrain impliquant Fernandez et Palmer \u2013"}]},{"@type":"WebSite","@id":"https:\/\/footdavant.fr\/actualites\/#website","url":"https:\/\/footdavant.fr\/actualites\/","name":"Foot d'avant","description":"","publisher":{"@id":"https:\/\/footdavant.fr\/actualites\/#organization"},"potentialAction":[{"@type":"SearchAction","target":{"@type":"EntryPoint","urlTemplate":"https:\/\/footdavant.fr\/actualites\/?s={search_term_string}"},"query-input":"required name=search_term_string"}],"inLanguage":"fr-FR"},{"@type":"Organization","@id":"https:\/\/footdavant.fr\/actualites\/#organization","name":"Foot d'avant","url":"https:\/\/footdavant.fr\/actualites\/","logo":{"@type":"ImageObject","inLanguage":"fr-FR","@id":"https:\/\/footdavant.fr\/actualites\/#\/schema\/logo\/image\/","url":"https:\/\/footdavant.fr\/actualites\/wp-content\/uploads\/2023\/09\/Copy-of-FootDavant-Logo.png","contentUrl":"https:\/\/footdavant.fr\/actualites\/wp-content\/uploads\/2023\/09\/Copy-of-FootDavant-Logo.png","width":936,"height":549,"caption":"Foot d'avant"},"image":{"@id":"https:\/\/footdavant.fr\/actualites\/#\/schema\/logo\/image\/"},"sameAs":["https:\/\/www.facebook.com\/Footdavant\/","https:\/\/twitter.com\/FootdavantFr","https:\/\/www.instagram.com\/footdavant.fr\/"]},{"@type":"Person","@id":"https:\/\/footdavant.fr\/actualites\/#\/schema\/person\/bc222566d95871b37e597b3ed3ba5e1d","name":"Cl\u00e9ment","image":{"@type":"ImageObject","inLanguage":"fr-FR","@id":"https:\/\/footdavant.fr\/actualites\/#\/schema\/person\/image\/","url":"https:\/\/secure.gravatar.com\/avatar\/7728b29aac2719421e1a9159b2254c44?s=96&d=mm&r=g","contentUrl":"https:\/\/secure.gravatar.com\/avatar\/7728b29aac2719421e1a9159b2254c44?s=96&d=mm&r=g","caption":"Cl\u00e9ment"},"sameAs":["https:\/\/footdavant.fr\/"]}]}},"_links":{"self":[{"href":"https:\/\/footdavant.fr\/actualites\/wp-json\/wp\/v2\/posts\/16356"}],"collection":[{"href":"https:\/\/footdavant.fr\/actualites\/wp-json\/wp\/v2\/posts"}],"about":[{"href":"https:\/\/footdavant.fr\/actualites\/wp-json\/wp\/v2\/types\/post"}],"author":[{"embeddable":true,"href":"https:\/\/footdavant.fr\/actualites\/wp-json\/wp\/v2\/users\/1"}],"replies":[{"embeddable":true,"href":"https:\/\/footdavant.fr\/actualites\/wp-json\/wp\/v2\/comments?post=16356"}],"version-history":[{"count":1,"href":"https:\/\/footdavant.fr\/actualites\/wp-json\/wp\/v2\/posts\/16356\/revisions"}],"predecessor-version":[{"id":16358,"href":"https:\/\/footdavant.fr\/actualites\/wp-json\/wp\/v2\/posts\/16356\/revisions\/16358"}],"wp:featuredmedia":[{"embeddable":true,"href":"https:\/\/footdavant.fr\/actualites\/wp-json\/wp\/v2\/media\/16357"}],"wp:attachment":[{"href":"https:\/\/footdavant.fr\/actualites\/wp-json\/wp\/v2\/media?parent=16356"}],"wp:term":[{"taxonomy":"category","embeddable":true,"href":"https:\/\/footdavant.fr\/actualites\/wp-json\/wp\/v2\/categories?post=16356"},{"taxonomy":"post_tag","embeddable":true,"href":"https:\/\/footdavant.fr\/actualites\/wp-json\/wp\/v2\/tags?post=16356"}],"curies":[{"name":"wp","href":"https:\/\/api.w.org\/{rel}","templated":true}]}}