{"id":16359,"date":"2024-11-18T22:48:14","date_gmt":"2024-11-18T21:48:14","guid":{"rendered":"https:\/\/footdavant.fr\/actualites\/lentraineur-chef-de-man-united-ruben-amorim-prend-la-decision-de-joshua-zirkzee-avant-le-mercato-de-janvier\/"},"modified":"2024-11-18T22:48:15","modified_gmt":"2024-11-18T21:48:15","slug":"lentraineur-chef-de-man-united-ruben-amorim-prend-la-decision-de-joshua-zirkzee-avant-le-mercato-de-janvier","status":"publish","type":"post","link":"https:\/\/footdavant.fr\/actualites\/lentraineur-chef-de-man-united-ruben-amorim-prend-la-decision-de-joshua-zirkzee-avant-le-mercato-de-janvier\/","title":{"rendered":"L&#39;entra\u00eeneur-chef de Man United, Ruben Amorim, \u00ab\u00a0prend la d\u00e9cision de Joshua Zirkzee\u00a0\u00bb avant le mercato de janvier"},"content":{"rendered":"<p>L&#39;entra\u00eeneur-chef de Manchester United, Ruben Amorim, serait pr\u00eat \u00e0 laisser Joshua Zirkzee quitter les Red Devils en pr\u00eat en janvier.<\/p>\n<div id=\"article_body\" itemprop=\"articleBody\">\n<h3 class=\"firstPara\">\n<strong class=\"autotag\">Manchester United<\/strong> entra\u00eeneur-chef <strong class=\"autotag\">Ruben Amorim<\/strong> serait pr\u00eat \u00e0 laisser <strong class=\"autotag\">Josu\u00e9 Zirkzee<\/strong> quitter les Diables Rouges en pr\u00eat lors du mercato de janvier.<\/h3>\n<p>Zirkzee, 23 ans, a quitt\u00e9 Bologne pour Old Trafford au cours de l&#39;\u00e9t\u00e9, et il a marqu\u00e9 lors de ses d\u00e9buts avec Man United contre Fulham en Premier League, son but assurant les trois points.<\/p>\n<p>L&#39;international n\u00e9erlandais a depuis disput\u00e9 16 matches sans marquer, et il y a eu de nombreuses sp\u00e9culations autour de son avenir ces derni\u00e8res semaines en raison de ses difficult\u00e9s depuis son arriv\u00e9e \u00e0 Manchester.<\/p>\n<p>Selon <em>Tuttosport<\/em>Man United envisage s\u00e9rieusement d&#39;autoriser Zirkzee \u00e0 partir en pr\u00eat en janvier, le club estimant qu&#39;une courte p\u00e9riode loin d&#39;Old Trafford serait b\u00e9n\u00e9fique.<\/p>\n<p>Le nouveau manager du club anglais, Amorim, aurait d\u00e9j\u00e0 sign\u00e9 son d\u00e9part, les Portugais ayant de s\u00e9rieuses r\u00e9serves \u00e0 l&#39;\u00e9gard de l&#39;attaquant.<\/p>\n<p class=\"imgI\">\n<h2 class=\"k3\">Zirkzee \u00ab\u00a0pourrait quitter Man United en pr\u00eat en janvier\u00a0\u00bb<\/h2>\n<p><strong class=\"autotag\">Juve<\/strong> seraient le club manifestant le plus grand int\u00e9r\u00eat, la Vieille Dame \u00e9tant cens\u00e9e avoir tenu \u00e0 le recruter de Bologne lors du mercato estival.<\/p>\n<p>Zirkzee a marqu\u00e9 14 buts et enregistr\u00e9 neuf passes d\u00e9cisives en 58 apparitions pour Bologne avant son passage au football anglais, mais cela a \u00e9t\u00e9 une lutte pour lui en Premier League cette saison.<\/p>\n<p>Ancien entra\u00eeneur-chef par int\u00e9rim de Man United <strong class=\"autotag\">Ruud van Nistelrooy<\/strong> a r\u00e9cemment d\u00e9clar\u00e9 que le club <strong>il aurait besoin d&#39;un buteur confirm\u00e9<\/strong> s&#39;ils devaient redevenir une force en Premier League et en Ligue des Champions.<\/p>\n<p>Cependant, Van Nistelrooy, qui a quitt\u00e9 le poste suite \u00e0 l&#39;arriv\u00e9e d&#39;Amorim, a r\u00e9cemment insist\u00e9 sur le fait que Zirkzee deviendrait <strong>\u00ab\u00a0un tr\u00e8s bon joueur\u00a0\u00bb<\/strong> pour les Diables Rouges une fois install\u00e9 dans son nouvel environnement.<\/p>\n<p class=\"imgI\"><img decoding=\"async\" loading=\"lazy\" class=\"l\" src=\"https:\/\/footdavant.fr\/actualites\/wp-content\/uploads\/2024\/11\/1731966494_330_L39entraineur-chef-de-Man-United-Ruben-Amorim-prend-la-decision-de.jpg\" title=\"Viktor Gyokeres du Sporting Lisbonne c\u00e9l\u00e8bre son but le 1er novembre 2024\" alt=\"Viktor Gyokeres du Sporting Lisbonne c\u00e9l\u00e8bre son but le 1er novembre 2024\" width=\"640\" height=\"480\"><\/p>\n<h2 class=\"k3\">Man United recrutera-t-il un attaquant en janvier ?<\/h2>\n<p>Man United serait d\u00e9sireux d&#39;apporter un nouvel attaquant au club lors de la fen\u00eatre de transfert d&#39;hiver, leur principal objectif dans le dernier tiers du peloton \u00e9tant consid\u00e9r\u00e9 comme \u00e9tant <strong class=\"autotag\">Sporting Lisbonne<\/strong>c&#39;est <strong class=\"autotag\">Viktor Gyokeres<\/strong>.<\/p>\n<p>Un transfert de mi-saison pour Gyokeres <strong>a d\u00e9j\u00e0 \u00e9t\u00e9 exclu<\/strong>mais les Diables Rouges examineraient d&#39;autres options sur le march\u00e9, avec un accord de pr\u00eat potentiellement conclu.<\/p>\n<p><strong class=\"autotag\">Paris Saint-Germain<\/strong>c&#39;est <strong class=\"autotag\">Randal Kolo Muani<\/strong> est <strong>on pense qu&#39;il est sur le radar de Man United<\/strong>avec le Fran\u00e7ais, qui n&#39;a marqu\u00e9 que deux fois en 12 matches en club cette saison, perturb\u00e9 \u00e0 Paris.<\/p>\n<p><strong class=\"autotag\">Chelsea<\/strong>c&#39;est <strong class=\"autotag\">Christophe Nkunku<\/strong> est <strong>on pense \u00e9galement qu&#39;elle est \u00e0 l&#39;\u00e9tude<\/strong>; le joueur de 26 ans a marqu\u00e9 10 buts en 17 matches avec les Blues cette saison, mais n&#39;a r\u00e9ussi qu&#39;un seul but en 10 matches de Premier League, l&#39;attaquant ne faisant actuellement pas partie de <strong class=\"autotag\">Enzo Maresca<\/strong>est l&#39;\u00e9quipe titulaire dans l&#39;\u00e9lite anglaise.<\/p>\n<\/div>\n","protected":false},"excerpt":{"rendered":"<p>L&#39;entra\u00eeneur-chef de Manchester United, Ruben Amorim, serait pr\u00eat \u00e0 laisser Joshua Zirkzee quitter les Red Devils en pr\u00eat en janvier. Manchester United entra\u00eeneur-chef Ruben Amorim<\/p>\n","protected":false},"author":1,"featured_media":16360,"comment_status":"closed","ping_status":"","sticky":false,"template":"","format":"standard","meta":{"footnotes":""},"categories":[5],"tags":[4477,491,497,166,2611,6048,24,603,88,160,13,2631],"yoast_head":"<!-- This site is optimized with the Yoast SEO plugin v21.0 - https:\/\/yoast.com\/wordpress\/plugins\/seo\/ -->\n<title>L&#039;entra\u00eeneur-chef de Man United, Ruben Amorim, &quot;prend la d\u00e9cision de Joshua Zirkzee&quot; avant le mercato de janvier<\/title>\n<meta name=\"robots\" content=\"index, follow, max-snippet:-1, max-image-preview:large, max-video-preview:-1\" \/>\n<link rel=\"canonical\" href=\"https:\/\/footdavant.fr\/actualites\/lentraineur-chef-de-man-united-ruben-amorim-prend-la-decision-de-joshua-zirkzee-avant-le-mercato-de-janvier\/\" \/>\n<meta property=\"og:locale\" content=\"fr_FR\" \/>\n<meta property=\"og:type\" content=\"article\" \/>\n<meta property=\"og:title\" content=\"L&#039;entra\u00eeneur-chef de Man United, Ruben Amorim, &quot;prend la d\u00e9cision de Joshua Zirkzee&quot; avant le mercato de janvier\" \/>\n<meta property=\"og:description\" content=\"L&#039;entra\u00eeneur-chef de Manchester United, Ruben Amorim, serait pr\u00eat \u00e0 laisser Joshua Zirkzee quitter les Red Devils en pr\u00eat en janvier. Manchester United entra\u00eeneur-chef Ruben Amorim\" \/>\n<meta property=\"og:url\" content=\"https:\/\/footdavant.fr\/actualites\/lentraineur-chef-de-man-united-ruben-amorim-prend-la-decision-de-joshua-zirkzee-avant-le-mercato-de-janvier\/\" \/>\n<meta property=\"og:site_name\" content=\"Foot d&#039;avant\" \/>\n<meta property=\"article:publisher\" content=\"https:\/\/www.facebook.com\/Footdavant\/\" \/>\n<meta property=\"article:published_time\" content=\"2024-11-18T21:48:14+00:00\" \/>\n<meta property=\"article:modified_time\" content=\"2024-11-18T21:48:15+00:00\" \/>\n<meta property=\"og:image\" content=\"https:\/\/footdavant.fr\/actualites\/wp-content\/uploads\/2024\/11\/L39entraineur-chef-de-Man-United-Ruben-Amorim-prend-la-decision-de.jpg\" \/>\n\t<meta property=\"og:image:width\" content=\"640\" \/>\n\t<meta property=\"og:image:height\" content=\"480\" \/>\n\t<meta property=\"og:image:type\" content=\"image\/jpeg\" \/>\n<meta name=\"author\" content=\"Cl\u00e9ment\" \/>\n<meta name=\"twitter:card\" content=\"summary_large_image\" \/>\n<meta name=\"twitter:creator\" content=\"@FootdavantFr\" \/>\n<meta name=\"twitter:site\" content=\"@FootdavantFr\" \/>\n<meta name=\"twitter:label1\" content=\"\u00c9crit par\" \/>\n\t<meta name=\"twitter:data1\" content=\"Cl\u00e9ment\" \/>\n\t<meta name=\"twitter:label2\" content=\"Dur\u00e9e de lecture estim\u00e9e\" \/>\n\t<meta name=\"twitter:data2\" content=\"3 minutes\" \/>\n<script type=\"application\/ld+json\" class=\"yoast-schema-graph\">{\"@context\":\"https:\/\/schema.org\",\"@graph\":[{\"@type\":\"Article\",\"@id\":\"https:\/\/footdavant.fr\/actualites\/lentraineur-chef-de-man-united-ruben-amorim-prend-la-decision-de-joshua-zirkzee-avant-le-mercato-de-janvier\/#article\",\"isPartOf\":{\"@id\":\"https:\/\/footdavant.fr\/actualites\/lentraineur-chef-de-man-united-ruben-amorim-prend-la-decision-de-joshua-zirkzee-avant-le-mercato-de-janvier\/\"},\"author\":{\"name\":\"Cl\u00e9ment\",\"@id\":\"https:\/\/footdavant.fr\/actualites\/#\/schema\/person\/bc222566d95871b37e597b3ed3ba5e1d\"},\"headline\":\"L&#39;entra\u00eeneur-chef de Man United, Ruben Amorim, \u00ab\u00a0prend la d\u00e9cision de Joshua Zirkzee\u00a0\u00bb avant le mercato de janvier\",\"datePublished\":\"2024-11-18T21:48:14+00:00\",\"dateModified\":\"2024-11-18T21:48:15+00:00\",\"mainEntityOfPage\":{\"@id\":\"https:\/\/footdavant.fr\/actualites\/lentraineur-chef-de-man-united-ruben-amorim-prend-la-decision-de-joshua-zirkzee-avant-le-mercato-de-janvier\/\"},\"wordCount\":520,\"publisher\":{\"@id\":\"https:\/\/footdavant.fr\/actualites\/#organization\"},\"keywords\":[\"Amorim\",\"avant\",\"d\u00e9cision\",\"janvier\",\"Joshua\",\"L39entra\u00eeneurchef\",\"Man\",\"mercato\",\"prend\",\"Ruben\",\"United\",\"Zirkzee\"],\"articleSection\":[\"Premier League\"],\"inLanguage\":\"fr-FR\"},{\"@type\":\"WebPage\",\"@id\":\"https:\/\/footdavant.fr\/actualites\/lentraineur-chef-de-man-united-ruben-amorim-prend-la-decision-de-joshua-zirkzee-avant-le-mercato-de-janvier\/\",\"url\":\"https:\/\/footdavant.fr\/actualites\/lentraineur-chef-de-man-united-ruben-amorim-prend-la-decision-de-joshua-zirkzee-avant-le-mercato-de-janvier\/\",\"name\":\"L&#39;entra\u00eeneur-chef de Man United, Ruben Amorim, \\\"prend la d\u00e9cision de Joshua Zirkzee\\\" avant le mercato de janvier\",\"isPartOf\":{\"@id\":\"https:\/\/footdavant.fr\/actualites\/#website\"},\"datePublished\":\"2024-11-18T21:48:14+00:00\",\"dateModified\":\"2024-11-18T21:48:15+00:00\",\"breadcrumb\":{\"@id\":\"https:\/\/footdavant.fr\/actualites\/lentraineur-chef-de-man-united-ruben-amorim-prend-la-decision-de-joshua-zirkzee-avant-le-mercato-de-janvier\/#breadcrumb\"},\"inLanguage\":\"fr-FR\",\"potentialAction\":[{\"@type\":\"ReadAction\",\"target\":[\"https:\/\/footdavant.fr\/actualites\/lentraineur-chef-de-man-united-ruben-amorim-prend-la-decision-de-joshua-zirkzee-avant-le-mercato-de-janvier\/\"]}]},{\"@type\":\"BreadcrumbList\",\"@id\":\"https:\/\/footdavant.fr\/actualites\/lentraineur-chef-de-man-united-ruben-amorim-prend-la-decision-de-joshua-zirkzee-avant-le-mercato-de-janvier\/#breadcrumb\",\"itemListElement\":[{\"@type\":\"ListItem\",\"position\":1,\"name\":\"Accueil\",\"item\":\"https:\/\/footdavant.fr\/actualites\/\"},{\"@type\":\"ListItem\",\"position\":2,\"name\":\"L&#39;entra\u00eeneur-chef de Man United, Ruben Amorim, \u00ab\u00a0prend la d\u00e9cision de Joshua Zirkzee\u00a0\u00bb avant le mercato de janvier\"}]},{\"@type\":\"WebSite\",\"@id\":\"https:\/\/footdavant.fr\/actualites\/#website\",\"url\":\"https:\/\/footdavant.fr\/actualites\/\",\"name\":\"Foot d'avant\",\"description\":\"\",\"publisher\":{\"@id\":\"https:\/\/footdavant.fr\/actualites\/#organization\"},\"potentialAction\":[{\"@type\":\"SearchAction\",\"target\":{\"@type\":\"EntryPoint\",\"urlTemplate\":\"https:\/\/footdavant.fr\/actualites\/?s={search_term_string}\"},\"query-input\":\"required name=search_term_string\"}],\"inLanguage\":\"fr-FR\"},{\"@type\":\"Organization\",\"@id\":\"https:\/\/footdavant.fr\/actualites\/#organization\",\"name\":\"Foot d'avant\",\"url\":\"https:\/\/footdavant.fr\/actualites\/\",\"logo\":{\"@type\":\"ImageObject\",\"inLanguage\":\"fr-FR\",\"@id\":\"https:\/\/footdavant.fr\/actualites\/#\/schema\/logo\/image\/\",\"url\":\"https:\/\/footdavant.fr\/actualites\/wp-content\/uploads\/2023\/09\/Copy-of-FootDavant-Logo.png\",\"contentUrl\":\"https:\/\/footdavant.fr\/actualites\/wp-content\/uploads\/2023\/09\/Copy-of-FootDavant-Logo.png\",\"width\":936,\"height\":549,\"caption\":\"Foot d'avant\"},\"image\":{\"@id\":\"https:\/\/footdavant.fr\/actualites\/#\/schema\/logo\/image\/\"},\"sameAs\":[\"https:\/\/www.facebook.com\/Footdavant\/\",\"https:\/\/twitter.com\/FootdavantFr\",\"https:\/\/www.instagram.com\/footdavant.fr\/\"]},{\"@type\":\"Person\",\"@id\":\"https:\/\/footdavant.fr\/actualites\/#\/schema\/person\/bc222566d95871b37e597b3ed3ba5e1d\",\"name\":\"Cl\u00e9ment\",\"image\":{\"@type\":\"ImageObject\",\"inLanguage\":\"fr-FR\",\"@id\":\"https:\/\/footdavant.fr\/actualites\/#\/schema\/person\/image\/\",\"url\":\"https:\/\/secure.gravatar.com\/avatar\/7728b29aac2719421e1a9159b2254c44?s=96&d=mm&r=g\",\"contentUrl\":\"https:\/\/secure.gravatar.com\/avatar\/7728b29aac2719421e1a9159b2254c44?s=96&d=mm&r=g\",\"caption\":\"Cl\u00e9ment\"},\"sameAs\":[\"https:\/\/footdavant.fr\/\"]}]}<\/script>\n<!-- \/ Yoast SEO plugin. -->","yoast_head_json":{"title":"L&#39;entra\u00eeneur-chef de Man United, Ruben Amorim, \"prend la d\u00e9cision de Joshua Zirkzee\" avant le mercato de janvier","robots":{"index":"index","follow":"follow","max-snippet":"max-snippet:-1","max-image-preview":"max-image-preview:large","max-video-preview":"max-video-preview:-1"},"canonical":"https:\/\/footdavant.fr\/actualites\/lentraineur-chef-de-man-united-ruben-amorim-prend-la-decision-de-joshua-zirkzee-avant-le-mercato-de-janvier\/","og_locale":"fr_FR","og_type":"article","og_title":"L&#39;entra\u00eeneur-chef de Man United, Ruben Amorim, \"prend la d\u00e9cision de Joshua Zirkzee\" avant le mercato de janvier","og_description":"L&#39;entra\u00eeneur-chef de Manchester United, Ruben Amorim, serait pr\u00eat \u00e0 laisser Joshua Zirkzee quitter les Red Devils en pr\u00eat en janvier. Manchester United entra\u00eeneur-chef Ruben Amorim","og_url":"https:\/\/footdavant.fr\/actualites\/lentraineur-chef-de-man-united-ruben-amorim-prend-la-decision-de-joshua-zirkzee-avant-le-mercato-de-janvier\/","og_site_name":"Foot d&#039;avant","article_publisher":"https:\/\/www.facebook.com\/Footdavant\/","article_published_time":"2024-11-18T21:48:14+00:00","article_modified_time":"2024-11-18T21:48:15+00:00","og_image":[{"width":640,"height":480,"url":"https:\/\/footdavant.fr\/actualites\/wp-content\/uploads\/2024\/11\/L39entraineur-chef-de-Man-United-Ruben-Amorim-prend-la-decision-de.jpg","type":"image\/jpeg"}],"author":"Cl\u00e9ment","twitter_card":"summary_large_image","twitter_creator":"@FootdavantFr","twitter_site":"@FootdavantFr","twitter_misc":{"\u00c9crit par":"Cl\u00e9ment","Dur\u00e9e de lecture estim\u00e9e":"3 minutes"},"schema":{"@context":"https:\/\/schema.org","@graph":[{"@type":"Article","@id":"https:\/\/footdavant.fr\/actualites\/lentraineur-chef-de-man-united-ruben-amorim-prend-la-decision-de-joshua-zirkzee-avant-le-mercato-de-janvier\/#article","isPartOf":{"@id":"https:\/\/footdavant.fr\/actualites\/lentraineur-chef-de-man-united-ruben-amorim-prend-la-decision-de-joshua-zirkzee-avant-le-mercato-de-janvier\/"},"author":{"name":"Cl\u00e9ment","@id":"https:\/\/footdavant.fr\/actualites\/#\/schema\/person\/bc222566d95871b37e597b3ed3ba5e1d"},"headline":"L&#39;entra\u00eeneur-chef de Man United, Ruben Amorim, \u00ab\u00a0prend la d\u00e9cision de Joshua Zirkzee\u00a0\u00bb avant le mercato de janvier","datePublished":"2024-11-18T21:48:14+00:00","dateModified":"2024-11-18T21:48:15+00:00","mainEntityOfPage":{"@id":"https:\/\/footdavant.fr\/actualites\/lentraineur-chef-de-man-united-ruben-amorim-prend-la-decision-de-joshua-zirkzee-avant-le-mercato-de-janvier\/"},"wordCount":520,"publisher":{"@id":"https:\/\/footdavant.fr\/actualites\/#organization"},"keywords":["Amorim","avant","d\u00e9cision","janvier","Joshua","L39entra\u00eeneurchef","Man","mercato","prend","Ruben","United","Zirkzee"],"articleSection":["Premier League"],"inLanguage":"fr-FR"},{"@type":"WebPage","@id":"https:\/\/footdavant.fr\/actualites\/lentraineur-chef-de-man-united-ruben-amorim-prend-la-decision-de-joshua-zirkzee-avant-le-mercato-de-janvier\/","url":"https:\/\/footdavant.fr\/actualites\/lentraineur-chef-de-man-united-ruben-amorim-prend-la-decision-de-joshua-zirkzee-avant-le-mercato-de-janvier\/","name":"L&#39;entra\u00eeneur-chef de Man United, Ruben Amorim, \"prend la d\u00e9cision de Joshua Zirkzee\" avant le mercato de janvier","isPartOf":{"@id":"https:\/\/footdavant.fr\/actualites\/#website"},"datePublished":"2024-11-18T21:48:14+00:00","dateModified":"2024-11-18T21:48:15+00:00","breadcrumb":{"@id":"https:\/\/footdavant.fr\/actualites\/lentraineur-chef-de-man-united-ruben-amorim-prend-la-decision-de-joshua-zirkzee-avant-le-mercato-de-janvier\/#breadcrumb"},"inLanguage":"fr-FR","potentialAction":[{"@type":"ReadAction","target":["https:\/\/footdavant.fr\/actualites\/lentraineur-chef-de-man-united-ruben-amorim-prend-la-decision-de-joshua-zirkzee-avant-le-mercato-de-janvier\/"]}]},{"@type":"BreadcrumbList","@id":"https:\/\/footdavant.fr\/actualites\/lentraineur-chef-de-man-united-ruben-amorim-prend-la-decision-de-joshua-zirkzee-avant-le-mercato-de-janvier\/#breadcrumb","itemListElement":[{"@type":"ListItem","position":1,"name":"Accueil","item":"https:\/\/footdavant.fr\/actualites\/"},{"@type":"ListItem","position":2,"name":"L&#39;entra\u00eeneur-chef de Man United, Ruben Amorim, \u00ab\u00a0prend la d\u00e9cision de Joshua Zirkzee\u00a0\u00bb avant le mercato de janvier"}]},{"@type":"WebSite","@id":"https:\/\/footdavant.fr\/actualites\/#website","url":"https:\/\/footdavant.fr\/actualites\/","name":"Foot d'avant","description":"","publisher":{"@id":"https:\/\/footdavant.fr\/actualites\/#organization"},"potentialAction":[{"@type":"SearchAction","target":{"@type":"EntryPoint","urlTemplate":"https:\/\/footdavant.fr\/actualites\/?s={search_term_string}"},"query-input":"required name=search_term_string"}],"inLanguage":"fr-FR"},{"@type":"Organization","@id":"https:\/\/footdavant.fr\/actualites\/#organization","name":"Foot d'avant","url":"https:\/\/footdavant.fr\/actualites\/","logo":{"@type":"ImageObject","inLanguage":"fr-FR","@id":"https:\/\/footdavant.fr\/actualites\/#\/schema\/logo\/image\/","url":"https:\/\/footdavant.fr\/actualites\/wp-content\/uploads\/2023\/09\/Copy-of-FootDavant-Logo.png","contentUrl":"https:\/\/footdavant.fr\/actualites\/wp-content\/uploads\/2023\/09\/Copy-of-FootDavant-Logo.png","width":936,"height":549,"caption":"Foot d'avant"},"image":{"@id":"https:\/\/footdavant.fr\/actualites\/#\/schema\/logo\/image\/"},"sameAs":["https:\/\/www.facebook.com\/Footdavant\/","https:\/\/twitter.com\/FootdavantFr","https:\/\/www.instagram.com\/footdavant.fr\/"]},{"@type":"Person","@id":"https:\/\/footdavant.fr\/actualites\/#\/schema\/person\/bc222566d95871b37e597b3ed3ba5e1d","name":"Cl\u00e9ment","image":{"@type":"ImageObject","inLanguage":"fr-FR","@id":"https:\/\/footdavant.fr\/actualites\/#\/schema\/person\/image\/","url":"https:\/\/secure.gravatar.com\/avatar\/7728b29aac2719421e1a9159b2254c44?s=96&d=mm&r=g","contentUrl":"https:\/\/secure.gravatar.com\/avatar\/7728b29aac2719421e1a9159b2254c44?s=96&d=mm&r=g","caption":"Cl\u00e9ment"},"sameAs":["https:\/\/footdavant.fr\/"]}]}},"_links":{"self":[{"href":"https:\/\/footdavant.fr\/actualites\/wp-json\/wp\/v2\/posts\/16359"}],"collection":[{"href":"https:\/\/footdavant.fr\/actualites\/wp-json\/wp\/v2\/posts"}],"about":[{"href":"https:\/\/footdavant.fr\/actualites\/wp-json\/wp\/v2\/types\/post"}],"author":[{"embeddable":true,"href":"https:\/\/footdavant.fr\/actualites\/wp-json\/wp\/v2\/users\/1"}],"replies":[{"embeddable":true,"href":"https:\/\/footdavant.fr\/actualites\/wp-json\/wp\/v2\/comments?post=16359"}],"version-history":[{"count":1,"href":"https:\/\/footdavant.fr\/actualites\/wp-json\/wp\/v2\/posts\/16359\/revisions"}],"predecessor-version":[{"id":16361,"href":"https:\/\/footdavant.fr\/actualites\/wp-json\/wp\/v2\/posts\/16359\/revisions\/16361"}],"wp:featuredmedia":[{"embeddable":true,"href":"https:\/\/footdavant.fr\/actualites\/wp-json\/wp\/v2\/media\/16360"}],"wp:attachment":[{"href":"https:\/\/footdavant.fr\/actualites\/wp-json\/wp\/v2\/media?parent=16359"}],"wp:term":[{"taxonomy":"category","embeddable":true,"href":"https:\/\/footdavant.fr\/actualites\/wp-json\/wp\/v2\/categories?post=16359"},{"taxonomy":"post_tag","embeddable":true,"href":"https:\/\/footdavant.fr\/actualites\/wp-json\/wp\/v2\/tags?post=16359"}],"curies":[{"name":"wp","href":"https:\/\/api.w.org\/{rel}","templated":true}]}}