{"id":16362,"date":"2024-11-19T00:48:59","date_gmt":"2024-11-18T23:48:59","guid":{"rendered":"https:\/\/footdavant.fr\/actualites\/une-absence-de-leandro-trossard-serait-une-mauvaise-nouvelle\/"},"modified":"2024-11-19T00:49:01","modified_gmt":"2024-11-18T23:49:01","slug":"une-absence-de-leandro-trossard-serait-une-mauvaise-nouvelle","status":"publish","type":"post","link":"https:\/\/footdavant.fr\/actualites\/une-absence-de-leandro-trossard-serait-une-mauvaise-nouvelle\/","title":{"rendered":"Une absence de Leandro Trossard serait une mauvaise nouvelle"},"content":{"rendered":"<div>\n<p>Bonjour \u00e0 tous. Un petit blog du lundi.<\/p>\n<p>En tant qu&#39;Irlandais, moins on parle du football hier, mieux c&#39;est, je suppose. En fait, j&#39;ai jou\u00e9 la premi\u00e8re mi-temps pendant que je pr\u00e9parais le d\u00eener, mais je me suis \u00e9teint \u00e0 0-0. Il s\u2019av\u00e8re qu\u2019il s\u2019agit d\u2019une sage d\u00e9cision.<\/p>\n<p>En attendant, on parle ce matin d&#39;une blessure de Leandro Trossard, et c&#39;est exactement ce dont nous avons besoin. [sarcasm font]. Je ne sais pas \u00e0 quel point c&#39;est grave, mais il est sorti en premi\u00e8re mi-temps donc c&#39;est \u00e9videmment quelque chose. Encore un casse-t\u00eate dont Mikel Arteta n\u2019aura pas besoin. Il a dit qu&#39;il priait pour qu&#39;apr\u00e8s cet Interlull, il ait une \u00e9quipe physiquement pr\u00eate et en bonne forme, il aurait peut-\u00eatre besoin de dire quelques chapelets suppl\u00e9mentaires \u00e0 ce bruit.<\/p>\n<p>Il gardera sans aucun doute un \u0153il attentif sur ses deux autres attaquants qui sont \u00e0 l&#39;ext\u00e9rieur avec leur pays, Kai Havertz et Gabriel Martinelli, et veillera \u00e0 ce qu&#39;ils terminent leurs matchs de mardi sans probl\u00e8me. Je sais que les fans de football ont tendance \u00e0 voir les choses \u00e0 travers le pire des sc\u00e9narios possibles, mais si nous nous retrouvons d\u00e9pendants des buts de Gabriel Jesus et Raheem Sterling, nous pourrions avoir un gros probl\u00e8me.<\/p>\n<p>Quant \u00e0 Trossard, je sais qu&#39;il a v\u00e9cu des moments difficiles cette saison. Le carton rouge contre Man City, la passe imprudente qui a conduit \u00e0 l&#39;expulsion de William Saliba et certaines performances qui ont \u00e9t\u00e9 en dessous du niveau dont nous savons qu&#39;il est capable, mais c&#39;est toujours un joueur que je veux absolument en forme et disponible. Peut-\u00eatre pas en tant que titulaire pour le moment, mais si vous regardez cette \u00e9quipe d\u2019Arsenal et essayez d\u2019imaginer quelqu\u2019un sortir du banc et avoir un impact lorsque nous en avons besoin, il est \u00e0 peu pr\u00e8s le seul qui nous vient \u00e0 l\u2019esprit. Esp\u00e9rons donc que ce ne soit rien de trop substantiel.<\/p>\n<p>Aujourd&#39;hui, les joueurs d&#39;Arsenal en action sont David Raya et Mikel Merino pour l&#39;Espagne, et Jakub Kiwior pour la Pologne. J&#39;attends avec impatience demain matin pour savoir comment l&#39;\u00e9paule de Merino s&#39;est d\u00e9tach\u00e9e lors d&#39;un d\u00e9fi inoffensif au milieu de terrain, a vol\u00e9 dans les airs et a attrap\u00e9 Raya droit au visage, l&#39;aveuglant d&#39;un \u0153il. Pendant ce temps, de retour \u00e0 la base, un d\u00eener et une s\u00e9ance de rapprochement entre gardiens de but se sont sold\u00e9s par une intoxication alimentaire calamiteuse, nous laissant avec seulement \u00ab\u00a0Billy Stopper\u00a0\u00bb, 14 ans, disponible pour le match de samedi contre Nottingham Forest.<\/p>\n<p>Au-del\u00e0 de cela, il ne se passe vraiment pas grand-chose, je vais donc en rester l\u00e0 pour ce matin. Il y a un tout nouveau Arsenal Women Arsecast disponible en ce moment, Tim et Jamie reviennent sur la victoire 3-0 du derby du nord de Londres samedi et r\u00e9pondent aux questions des auditeurs dans la deuxi\u00e8me partie.<\/p>\n<p>Et bien s\u00fbr, nous aurons \u00e9galement un Arsecast Extra pour vous dans peu de temps. Nous avons lanc\u00e9 un appel \u00e0 questions sur @gunnerblog et @arseblog et sur @gunnerblog.bsky.social et @arseblog.com avec le hashtag \u2013 ou si vous \u00eates membre d&#39;Arseblog sur Patreon, laissez votre question dans la cha\u00eene sur notre serveur Discord.<\/p>\n<p>Pod devrait \u00eatre sorti vers midi. Pour l\u2019instant, passez-en un bon.<\/p>\n<\/div>\n","protected":false},"excerpt":{"rendered":"<p>Bonjour \u00e0 tous. Un petit blog du lundi. En tant qu&#39;Irlandais, moins on parle du football hier, mieux c&#39;est, je suppose. En fait, j&#39;ai jou\u00e9<\/p>\n","protected":false},"author":1,"featured_media":16363,"comment_status":"closed","ping_status":"","sticky":false,"template":"","format":"standard","meta":{"footnotes":""},"categories":[3],"tags":[7084,887,1235,1850,498,888,92],"yoast_head":"<!-- This site is optimized with the Yoast SEO plugin v21.0 - https:\/\/yoast.com\/wordpress\/plugins\/seo\/ -->\n<title>Une absence de Leandro Trossard serait une mauvaise nouvelle<\/title>\n<meta name=\"robots\" content=\"index, follow, max-snippet:-1, max-image-preview:large, max-video-preview:-1\" \/>\n<link rel=\"canonical\" href=\"https:\/\/footdavant.fr\/actualites\/une-absence-de-leandro-trossard-serait-une-mauvaise-nouvelle\/\" \/>\n<meta property=\"og:locale\" content=\"fr_FR\" \/>\n<meta property=\"og:type\" content=\"article\" \/>\n<meta property=\"og:title\" content=\"Une absence de Leandro Trossard serait une mauvaise nouvelle\" \/>\n<meta property=\"og:description\" content=\"Bonjour \u00e0 tous. Un petit blog du lundi. En tant qu&#039;Irlandais, moins on parle du football hier, mieux c&#039;est, je suppose. En fait, j&#039;ai jou\u00e9\" \/>\n<meta property=\"og:url\" content=\"https:\/\/footdavant.fr\/actualites\/une-absence-de-leandro-trossard-serait-une-mauvaise-nouvelle\/\" \/>\n<meta property=\"og:site_name\" content=\"Foot d&#039;avant\" \/>\n<meta property=\"article:publisher\" content=\"https:\/\/www.facebook.com\/Footdavant\/\" \/>\n<meta property=\"article:published_time\" content=\"2024-11-18T23:48:59+00:00\" \/>\n<meta property=\"article:modified_time\" content=\"2024-11-18T23:49:01+00:00\" \/>\n<meta property=\"og:image\" content=\"https:\/\/footdavant.fr\/actualites\/wp-content\/uploads\/2024\/11\/Une-absence-de-Leandro-Trossard-serait-une-mauvaise-nouvelle.jpg\" \/>\n\t<meta property=\"og:image:width\" content=\"1500\" \/>\n\t<meta property=\"og:image:height\" content=\"750\" \/>\n\t<meta property=\"og:image:type\" content=\"image\/jpeg\" \/>\n<meta name=\"author\" content=\"Cl\u00e9ment\" \/>\n<meta name=\"twitter:card\" content=\"summary_large_image\" \/>\n<meta name=\"twitter:creator\" content=\"@FootdavantFr\" \/>\n<meta name=\"twitter:site\" content=\"@FootdavantFr\" \/>\n<meta name=\"twitter:label1\" content=\"\u00c9crit par\" \/>\n\t<meta name=\"twitter:data1\" content=\"Cl\u00e9ment\" \/>\n\t<meta name=\"twitter:label2\" content=\"Dur\u00e9e de lecture estim\u00e9e\" \/>\n\t<meta name=\"twitter:data2\" content=\"3 minutes\" \/>\n<script type=\"application\/ld+json\" class=\"yoast-schema-graph\">{\"@context\":\"https:\/\/schema.org\",\"@graph\":[{\"@type\":\"Article\",\"@id\":\"https:\/\/footdavant.fr\/actualites\/une-absence-de-leandro-trossard-serait-une-mauvaise-nouvelle\/#article\",\"isPartOf\":{\"@id\":\"https:\/\/footdavant.fr\/actualites\/une-absence-de-leandro-trossard-serait-une-mauvaise-nouvelle\/\"},\"author\":{\"name\":\"Cl\u00e9ment\",\"@id\":\"https:\/\/footdavant.fr\/actualites\/#\/schema\/person\/bc222566d95871b37e597b3ed3ba5e1d\"},\"headline\":\"Une absence de Leandro Trossard serait une mauvaise nouvelle\",\"datePublished\":\"2024-11-18T23:48:59+00:00\",\"dateModified\":\"2024-11-18T23:49:01+00:00\",\"mainEntityOfPage\":{\"@id\":\"https:\/\/footdavant.fr\/actualites\/une-absence-de-leandro-trossard-serait-une-mauvaise-nouvelle\/\"},\"wordCount\":602,\"publisher\":{\"@id\":\"https:\/\/footdavant.fr\/actualites\/#organization\"},\"keywords\":[\"absence\",\"Leandro\",\"mauvaise\",\"nouvelle\",\"serait\",\"Trossard\",\"une\"],\"articleSection\":[\"Football\"],\"inLanguage\":\"fr-FR\"},{\"@type\":\"WebPage\",\"@id\":\"https:\/\/footdavant.fr\/actualites\/une-absence-de-leandro-trossard-serait-une-mauvaise-nouvelle\/\",\"url\":\"https:\/\/footdavant.fr\/actualites\/une-absence-de-leandro-trossard-serait-une-mauvaise-nouvelle\/\",\"name\":\"Une absence de Leandro Trossard serait une mauvaise nouvelle\",\"isPartOf\":{\"@id\":\"https:\/\/footdavant.fr\/actualites\/#website\"},\"datePublished\":\"2024-11-18T23:48:59+00:00\",\"dateModified\":\"2024-11-18T23:49:01+00:00\",\"breadcrumb\":{\"@id\":\"https:\/\/footdavant.fr\/actualites\/une-absence-de-leandro-trossard-serait-une-mauvaise-nouvelle\/#breadcrumb\"},\"inLanguage\":\"fr-FR\",\"potentialAction\":[{\"@type\":\"ReadAction\",\"target\":[\"https:\/\/footdavant.fr\/actualites\/une-absence-de-leandro-trossard-serait-une-mauvaise-nouvelle\/\"]}]},{\"@type\":\"BreadcrumbList\",\"@id\":\"https:\/\/footdavant.fr\/actualites\/une-absence-de-leandro-trossard-serait-une-mauvaise-nouvelle\/#breadcrumb\",\"itemListElement\":[{\"@type\":\"ListItem\",\"position\":1,\"name\":\"Accueil\",\"item\":\"https:\/\/footdavant.fr\/actualites\/\"},{\"@type\":\"ListItem\",\"position\":2,\"name\":\"Une absence de Leandro Trossard serait une mauvaise nouvelle\"}]},{\"@type\":\"WebSite\",\"@id\":\"https:\/\/footdavant.fr\/actualites\/#website\",\"url\":\"https:\/\/footdavant.fr\/actualites\/\",\"name\":\"Foot d'avant\",\"description\":\"\",\"publisher\":{\"@id\":\"https:\/\/footdavant.fr\/actualites\/#organization\"},\"potentialAction\":[{\"@type\":\"SearchAction\",\"target\":{\"@type\":\"EntryPoint\",\"urlTemplate\":\"https:\/\/footdavant.fr\/actualites\/?s={search_term_string}\"},\"query-input\":\"required name=search_term_string\"}],\"inLanguage\":\"fr-FR\"},{\"@type\":\"Organization\",\"@id\":\"https:\/\/footdavant.fr\/actualites\/#organization\",\"name\":\"Foot d'avant\",\"url\":\"https:\/\/footdavant.fr\/actualites\/\",\"logo\":{\"@type\":\"ImageObject\",\"inLanguage\":\"fr-FR\",\"@id\":\"https:\/\/footdavant.fr\/actualites\/#\/schema\/logo\/image\/\",\"url\":\"https:\/\/footdavant.fr\/actualites\/wp-content\/uploads\/2023\/09\/Copy-of-FootDavant-Logo.png\",\"contentUrl\":\"https:\/\/footdavant.fr\/actualites\/wp-content\/uploads\/2023\/09\/Copy-of-FootDavant-Logo.png\",\"width\":936,\"height\":549,\"caption\":\"Foot d'avant\"},\"image\":{\"@id\":\"https:\/\/footdavant.fr\/actualites\/#\/schema\/logo\/image\/\"},\"sameAs\":[\"https:\/\/www.facebook.com\/Footdavant\/\",\"https:\/\/twitter.com\/FootdavantFr\",\"https:\/\/www.instagram.com\/footdavant.fr\/\"]},{\"@type\":\"Person\",\"@id\":\"https:\/\/footdavant.fr\/actualites\/#\/schema\/person\/bc222566d95871b37e597b3ed3ba5e1d\",\"name\":\"Cl\u00e9ment\",\"image\":{\"@type\":\"ImageObject\",\"inLanguage\":\"fr-FR\",\"@id\":\"https:\/\/footdavant.fr\/actualites\/#\/schema\/person\/image\/\",\"url\":\"https:\/\/secure.gravatar.com\/avatar\/7728b29aac2719421e1a9159b2254c44?s=96&d=mm&r=g\",\"contentUrl\":\"https:\/\/secure.gravatar.com\/avatar\/7728b29aac2719421e1a9159b2254c44?s=96&d=mm&r=g\",\"caption\":\"Cl\u00e9ment\"},\"sameAs\":[\"https:\/\/footdavant.fr\/\"]}]}<\/script>\n<!-- \/ Yoast SEO plugin. -->","yoast_head_json":{"title":"Une absence de Leandro Trossard serait une mauvaise nouvelle","robots":{"index":"index","follow":"follow","max-snippet":"max-snippet:-1","max-image-preview":"max-image-preview:large","max-video-preview":"max-video-preview:-1"},"canonical":"https:\/\/footdavant.fr\/actualites\/une-absence-de-leandro-trossard-serait-une-mauvaise-nouvelle\/","og_locale":"fr_FR","og_type":"article","og_title":"Une absence de Leandro Trossard serait une mauvaise nouvelle","og_description":"Bonjour \u00e0 tous. Un petit blog du lundi. En tant qu&#39;Irlandais, moins on parle du football hier, mieux c&#39;est, je suppose. En fait, j&#39;ai jou\u00e9","og_url":"https:\/\/footdavant.fr\/actualites\/une-absence-de-leandro-trossard-serait-une-mauvaise-nouvelle\/","og_site_name":"Foot d&#039;avant","article_publisher":"https:\/\/www.facebook.com\/Footdavant\/","article_published_time":"2024-11-18T23:48:59+00:00","article_modified_time":"2024-11-18T23:49:01+00:00","og_image":[{"width":1500,"height":750,"url":"https:\/\/footdavant.fr\/actualites\/wp-content\/uploads\/2024\/11\/Une-absence-de-Leandro-Trossard-serait-une-mauvaise-nouvelle.jpg","type":"image\/jpeg"}],"author":"Cl\u00e9ment","twitter_card":"summary_large_image","twitter_creator":"@FootdavantFr","twitter_site":"@FootdavantFr","twitter_misc":{"\u00c9crit par":"Cl\u00e9ment","Dur\u00e9e de lecture estim\u00e9e":"3 minutes"},"schema":{"@context":"https:\/\/schema.org","@graph":[{"@type":"Article","@id":"https:\/\/footdavant.fr\/actualites\/une-absence-de-leandro-trossard-serait-une-mauvaise-nouvelle\/#article","isPartOf":{"@id":"https:\/\/footdavant.fr\/actualites\/une-absence-de-leandro-trossard-serait-une-mauvaise-nouvelle\/"},"author":{"name":"Cl\u00e9ment","@id":"https:\/\/footdavant.fr\/actualites\/#\/schema\/person\/bc222566d95871b37e597b3ed3ba5e1d"},"headline":"Une absence de Leandro Trossard serait une mauvaise nouvelle","datePublished":"2024-11-18T23:48:59+00:00","dateModified":"2024-11-18T23:49:01+00:00","mainEntityOfPage":{"@id":"https:\/\/footdavant.fr\/actualites\/une-absence-de-leandro-trossard-serait-une-mauvaise-nouvelle\/"},"wordCount":602,"publisher":{"@id":"https:\/\/footdavant.fr\/actualites\/#organization"},"keywords":["absence","Leandro","mauvaise","nouvelle","serait","Trossard","une"],"articleSection":["Football"],"inLanguage":"fr-FR"},{"@type":"WebPage","@id":"https:\/\/footdavant.fr\/actualites\/une-absence-de-leandro-trossard-serait-une-mauvaise-nouvelle\/","url":"https:\/\/footdavant.fr\/actualites\/une-absence-de-leandro-trossard-serait-une-mauvaise-nouvelle\/","name":"Une absence de Leandro Trossard serait une mauvaise nouvelle","isPartOf":{"@id":"https:\/\/footdavant.fr\/actualites\/#website"},"datePublished":"2024-11-18T23:48:59+00:00","dateModified":"2024-11-18T23:49:01+00:00","breadcrumb":{"@id":"https:\/\/footdavant.fr\/actualites\/une-absence-de-leandro-trossard-serait-une-mauvaise-nouvelle\/#breadcrumb"},"inLanguage":"fr-FR","potentialAction":[{"@type":"ReadAction","target":["https:\/\/footdavant.fr\/actualites\/une-absence-de-leandro-trossard-serait-une-mauvaise-nouvelle\/"]}]},{"@type":"BreadcrumbList","@id":"https:\/\/footdavant.fr\/actualites\/une-absence-de-leandro-trossard-serait-une-mauvaise-nouvelle\/#breadcrumb","itemListElement":[{"@type":"ListItem","position":1,"name":"Accueil","item":"https:\/\/footdavant.fr\/actualites\/"},{"@type":"ListItem","position":2,"name":"Une absence de Leandro Trossard serait une mauvaise nouvelle"}]},{"@type":"WebSite","@id":"https:\/\/footdavant.fr\/actualites\/#website","url":"https:\/\/footdavant.fr\/actualites\/","name":"Foot d'avant","description":"","publisher":{"@id":"https:\/\/footdavant.fr\/actualites\/#organization"},"potentialAction":[{"@type":"SearchAction","target":{"@type":"EntryPoint","urlTemplate":"https:\/\/footdavant.fr\/actualites\/?s={search_term_string}"},"query-input":"required name=search_term_string"}],"inLanguage":"fr-FR"},{"@type":"Organization","@id":"https:\/\/footdavant.fr\/actualites\/#organization","name":"Foot d'avant","url":"https:\/\/footdavant.fr\/actualites\/","logo":{"@type":"ImageObject","inLanguage":"fr-FR","@id":"https:\/\/footdavant.fr\/actualites\/#\/schema\/logo\/image\/","url":"https:\/\/footdavant.fr\/actualites\/wp-content\/uploads\/2023\/09\/Copy-of-FootDavant-Logo.png","contentUrl":"https:\/\/footdavant.fr\/actualites\/wp-content\/uploads\/2023\/09\/Copy-of-FootDavant-Logo.png","width":936,"height":549,"caption":"Foot d'avant"},"image":{"@id":"https:\/\/footdavant.fr\/actualites\/#\/schema\/logo\/image\/"},"sameAs":["https:\/\/www.facebook.com\/Footdavant\/","https:\/\/twitter.com\/FootdavantFr","https:\/\/www.instagram.com\/footdavant.fr\/"]},{"@type":"Person","@id":"https:\/\/footdavant.fr\/actualites\/#\/schema\/person\/bc222566d95871b37e597b3ed3ba5e1d","name":"Cl\u00e9ment","image":{"@type":"ImageObject","inLanguage":"fr-FR","@id":"https:\/\/footdavant.fr\/actualites\/#\/schema\/person\/image\/","url":"https:\/\/secure.gravatar.com\/avatar\/7728b29aac2719421e1a9159b2254c44?s=96&d=mm&r=g","contentUrl":"https:\/\/secure.gravatar.com\/avatar\/7728b29aac2719421e1a9159b2254c44?s=96&d=mm&r=g","caption":"Cl\u00e9ment"},"sameAs":["https:\/\/footdavant.fr\/"]}]}},"_links":{"self":[{"href":"https:\/\/footdavant.fr\/actualites\/wp-json\/wp\/v2\/posts\/16362"}],"collection":[{"href":"https:\/\/footdavant.fr\/actualites\/wp-json\/wp\/v2\/posts"}],"about":[{"href":"https:\/\/footdavant.fr\/actualites\/wp-json\/wp\/v2\/types\/post"}],"author":[{"embeddable":true,"href":"https:\/\/footdavant.fr\/actualites\/wp-json\/wp\/v2\/users\/1"}],"replies":[{"embeddable":true,"href":"https:\/\/footdavant.fr\/actualites\/wp-json\/wp\/v2\/comments?post=16362"}],"version-history":[{"count":1,"href":"https:\/\/footdavant.fr\/actualites\/wp-json\/wp\/v2\/posts\/16362\/revisions"}],"predecessor-version":[{"id":16364,"href":"https:\/\/footdavant.fr\/actualites\/wp-json\/wp\/v2\/posts\/16362\/revisions\/16364"}],"wp:featuredmedia":[{"embeddable":true,"href":"https:\/\/footdavant.fr\/actualites\/wp-json\/wp\/v2\/media\/16363"}],"wp:attachment":[{"href":"https:\/\/footdavant.fr\/actualites\/wp-json\/wp\/v2\/media?parent=16362"}],"wp:term":[{"taxonomy":"category","embeddable":true,"href":"https:\/\/footdavant.fr\/actualites\/wp-json\/wp\/v2\/categories?post=16362"},{"taxonomy":"post_tag","embeddable":true,"href":"https:\/\/footdavant.fr\/actualites\/wp-json\/wp\/v2\/tags?post=16362"}],"curies":[{"name":"wp","href":"https:\/\/api.w.org\/{rel}","templated":true}]}}