{"id":16377,"date":"2024-11-19T10:49:40","date_gmt":"2024-11-19T09:49:40","guid":{"rendered":"https:\/\/footdavant.fr\/actualites\/pep-guardiola-souhaite-eviter-ce-quil-deteste-avec-passion-alors-que-la-priorite-internationale-de-man-city-est-claire\/"},"modified":"2024-11-19T10:49:41","modified_gmt":"2024-11-19T09:49:41","slug":"pep-guardiola-souhaite-eviter-ce-quil-deteste-avec-passion-alors-que-la-priorite-internationale-de-man-city-est-claire","status":"publish","type":"post","link":"https:\/\/footdavant.fr\/actualites\/pep-guardiola-souhaite-eviter-ce-quil-deteste-avec-passion-alors-que-la-priorite-internationale-de-man-city-est-claire\/","title":{"rendered":"Pep Guardiola souhaite \u00e9viter ce qu&#39;il \u00ab\u00a0d\u00e9teste avec passion\u00a0\u00bb alors que la priorit\u00e9 internationale de Man City est claire"},"content":{"rendered":"<p>L&#39;expert de Manchester City, Steven McInerney, parle \u00e0 Sports Mole de ce que Pep Guardiola \u00ab\u00a0d\u00e9teste avec passion\u00a0\u00bb et de la principale priorit\u00e9 du club pendant la tr\u00eave internationale.<\/p>\n<div id=\"article_body\" itemprop=\"articleBody\">\n<h3 class=\"firstPara\">La tr\u00eave internationale de novembre arrive sans doute \u00e0 un moment propice pour une blessure <strong class=\"autotag\">Manchester City<\/strong> \u00e9quipe, qui est sous le choc apr\u00e8s avoir perdu quatre matchs cons\u00e9cutifs toutes comp\u00e9titions confondues pour la premi\u00e8re fois sous la direction de <strong class=\"autotag\">Pep Guardiola<\/strong>.<\/h3>\n<p>Plus de 11 joueurs de l&#39;\u00e9quipe premi\u00e8re de Man City ont \u00e9t\u00e9 \u00e9cart\u00e9s en raison d&#39;une forme de blessure jusqu&#39;\u00e0 pr\u00e9sent cette saison, et plusieurs d&#39;entre eux \u00e9taient absents ou jug\u00e9s inaptes \u00e0 figurer dans l&#39;\u00e9quipe des Citizens. <strong>D\u00e9faite 2-1 \u00e0 Brighton<\/strong> en Premier League le week-end dernier.<\/p>\n<p>Alors que <strong class=\"autotag\">Rodri<\/strong> et <strong class=\"autotag\">Oscar Bob<\/strong> rester absents de longue dur\u00e9e, <strong class=\"autotag\">Phil Foden<\/strong>, <strong class=\"autotag\">Jack Grealish<\/strong>, <strong class=\"autotag\">John Pierres<\/strong>, <strong class=\"autotag\">Rub\u00e9n Dias<\/strong>, <strong class=\"autotag\">Nathan Ak\u00e9<\/strong>, <strong class=\"autotag\">Manuel Akanji<\/strong>, <strong class=\"autotag\">Matheus Nunes<\/strong>, <strong class=\"autotag\">J\u00e9r\u00e9mie Doku<\/strong> et <strong class=\"autotag\">K\u00e9vin De Bruyne<\/strong> se sont soit retir\u00e9s, soit ont \u00e9t\u00e9 exclus des \u00e9quipes de leurs pays respectifs en raison d&#39;une blessure ou de probl\u00e8mes de forme physique.<\/p>\n<p>Au total, 13 joueurs des Citizens ont \u00e9t\u00e9 appel\u00e9s pour repr\u00e9senter leur pays ce mois-ci, dont le duo anglais. <strong class=\"autotag\">Kyle Walker<\/strong> et <strong class=\"autotag\">Rico Lewis<\/strong>paire du Br\u00e9sil <strong class=\"autotag\">Ederson<\/strong> et <strong class=\"autotag\">Savinho<\/strong>et duo croate <strong class=\"autotag\">Josko Gvardiol<\/strong> et <strong class=\"autotag\">Mateo Kovacic<\/strong>.<\/p>\n<p>Expert de Man City <strong class=\"autotag\">Steven McInerney<\/strong> depuis <em>Estim\u00e9 Kompany<\/em> estime que Guardiola a clairement indiqu\u00e9 qu&#39;il n&#39;accepterait pas de joueurs revenant d&#39;un service international bless\u00e9s, et m\u00eame si le patron des Citizens ne d\u00e9couragera jamais les joueurs de repr\u00e9senter leur pays, sa priorit\u00e9 \u00e0 l&#39;heure actuelle est de les voir tous revenir indemnes \u00e0 l&#39;Etihad.<\/p>\n<p><iframe loading=\"lazy\" title=\"&quot;These games don&#039;t matter&quot; | @EsteemedKompany on Man City&#039;s international break\" width=\"1200\" height=\"675\" src=\"https:\/\/www.youtube.com\/embed\/MlEs3ezw7Xg?feature=oembed\" frameborder=\"0\" allow=\"accelerometer; autoplay; clipboard-write; encrypted-media; gyroscope; picture-in-picture; web-share\" referrerpolicy=\"strict-origin-when-cross-origin\" allowfullscreen><\/iframe><\/p>\n<h2 class=\"k3\">McInerney : \u00ab\u00a0La priorit\u00e9 de Man City est de ramener tout le monde \u00e0 la maison et en forme\u00a0\u00bb<\/h2>\n<p>Lorsqu&#39;on lui a demand\u00e9 ce que les fans de Man City pouvaient esp\u00e9rer pendant la tr\u00eave internationale, McInerney a r\u00e9pondu <strong>Taupe de sport<\/strong>: \u00ab\u00a0Rien, vraiment rien. Mes attentes sont si faibles. Je mentirais si je pensais \u00e0 autre chose que le retour des joueurs de City en forme et en bonne sant\u00e9.<\/p>\n<p>\u00ab\u00a0Nous sommes d\u00e9sormais \u00e0 un stade de la saison o\u00f9 ces matchs n&#39;ont pas vraiment d&#39;importance. Ce ne sont pas les matches internationaux les plus m\u00e9diatis\u00e9s. Je veux juste que les joueurs reviennent sans blessures.<\/p>\n<p>\u00ab\u00a0Il y avait un peu de bruit autour de Jack Grealish et il y a eu une conf\u00e9rence de presse tr\u00e8s voil\u00e9e de Guardiola, laissant entendre que quiconque ne s&#39;est pas entra\u00een\u00e9 ne devrait pas jouer au football &#8211; et cela semblait tr\u00e8s dirig\u00e9 contre Jack Grealish.<\/p>\n<p>\u00ab\u00a0Heureusement, il a re\u00e7u le m\u00e9mo. Cela lui a pris un peu de temps, mais il l&#39;a re\u00e7u et il est retourn\u00e9 \u00e0 Manchester pour se reposer un peu.<\/p>\n<p>\u00ab\u00a0(La priorit\u00e9 de Man City) doit \u00eatre simplement de ramener tout le monde \u00e0 la maison, de remettre tout le monde en forme. Ce serait bien si quelqu&#39;un joue bien et prend un peu d&#39;\u00e9lan, car vous pouvez toujours int\u00e9grer cela dans le football national. City est Je ne suis pas au bon endroit en ce moment, donc quiconque revient confiant et un peu frais serait bien.<\/p>\n<p>\u00ab\u00a0Guardiola a \u00e9t\u00e9 tr\u00e8s, tr\u00e8s affirm\u00e9 (les joueurs ne se blessent pas). Quiconque n&#39;est pas en forme ne devrait pas jouer et ne peut pas revenir bless\u00e9. Il d\u00e9teste \u00e7a. Il d\u00e9teste les blessures internationales avec passion.<\/p>\n<p>\u00ab\u00a0Je comprends, surtout si les joueurs ne sont pas en forme. Il n&#39;emp\u00eachera jamais les joueurs de partir (en mission internationale), mais s&#39;ils ne se sont pas entra\u00een\u00e9s, n&#39;osez pas jouer et vous blesser parce que ce n&#39;est tout simplement pas acceptable. du tout.\u00a0\u00bb<\/p>\n<p class=\"imgI\">\n<h2 class=\"k3\">\u00ab\u00a0Coup massif\u00a0\u00bb si Haaland, Bernardo et Kovacic se blessent<\/h2>\n<p><strong class=\"autotag\">Bernardo Silva<\/strong> et <strong class=\"autotag\">Erling Haaland<\/strong> sont deux joueurs cl\u00e9s de Man City en mission internationale avec le Portugal et la Norv\u00e8ge respectivement, et McInerney estime que ce serait \u00ab\u00a0un coup dur\u00a0\u00bb si l&#39;un des duo \u00ab\u00a0pivot\u00a0\u00bb, ainsi que Kovacic, se blessait alors qu&#39;il repr\u00e9sentait leur pays.<\/p>\n<p>\u00ab\u00a0Ce serait un coup dur. Tout ce que je pense, c&#39;est &#39;s&#39;il te pla\u00eet, va bien&#39;. Je ne veux pas que Haaland joue. Honn\u00eatement, je ne veux tout simplement pas qu&#39;il joue. Je veux qu&#39;il s&#39;assoie sur le terrain. banc, ne faites rien\u00a0\u00bb, a d\u00e9clar\u00e9 McInerney.<\/p>\n<p>Sur une note positive, McInerney a nomm\u00e9 quelques joueurs qui pourraient b\u00e9n\u00e9ficier de la tr\u00eave internationale \u2013 dont certains chercheront \u00e0 s&#39;appuyer sur la forme dont ils ont fait preuve lors des derniers matches de Man City, tandis que d&#39;autres esp\u00e8rent impressionner Guardiola alors qu&#39;ils tentent de gagner. plus de temps de jeu chez les seniors.<\/p>\n<p>\u00ab\u00a0Gvardiol partira avec la Croatie et Kovacic \u00e9galement. Kovacic est en bonne forme (mais) c&#39;est exactement le genre de personne que nous ne voulons pas blesser\u00a0\u00bb, a ajout\u00e9 McInerney.<\/p>\n<p>\u00ab\u00a0(Stefan) Ortega (a m\u00e9rit\u00e9) sa premi\u00e8re convocation (pour l&#39;Allemagne). Il m\u00e9rite \u00e7a&#8230; Rico Lewis sera \u00e9galement avec l&#39;\u00e9quipe d&#39;Angleterre, donc un peu de temps de jeu pour lui &#8211; pas qu&#39;il en ait besoin. si je suis honn\u00eate, mais c&#39;est toujours bien qu&#39;il soit l\u00e0 o\u00f9 il appartient, \u00e0 mon avis, loin de l&#39;Angleterre.\u00a0\u00bb<\/p>\n<p class=\"imgI\"><img decoding=\"async\" loading=\"lazy\" class=\"l\" src=\"https:\/\/footdavant.fr\/actualites\/wp-content\/uploads\/2024\/11\/1732009780_859_Pep-Guardiola-souhaite-eviter-ce-qu39il-deteste-avec-passion-alors.jpg\" title=\"James McAtee c\u00e9l\u00e8bre le but des moins de 21 ans d&#39;Angleterre le 11 octobre 2024\" alt=\"James McAtee c\u00e9l\u00e8bre le but des moins de 21 ans d&#39;Angleterre le 11 octobre 2024\" width=\"640\" height=\"480\"><\/p>\n<h2 class=\"k3\">\u00ab\u00a0McAtee obtiendra les minutes qu&#39;il m\u00e9rite en mission internationale\u00a0\u00bb<\/h2>\n<p>Dipl\u00f4m\u00e9 de l&#39;acad\u00e9mie <strong class=\"autotag\">James McAtee<\/strong>qui ont \u00e9t\u00e9 appel\u00e9s pour repr\u00e9senter l&#39;Angleterre des moins de 21 ans, McInerney a d\u00e9clar\u00e9 : \u00ab\u00a0Pour les jeunes joueurs, ils ont besoin (de temps de jeu) de plus que les joueurs seniors, car ils n&#39;en ont pas eu autant.<\/p>\n<p>\u00ab\u00a0McAtee en particulier n&#39;a pas jou\u00e9 autant que nous l&#39;esp\u00e9rions cette saison. (La tr\u00eave internationale est) une opportunit\u00e9 de jouer au football. Il a eu une bonne tr\u00eave internationale la derni\u00e8re fois, marquant quelques buts.<\/p>\n<p>\u00ab\u00a0J&#39;esp\u00e8re qu&#39;il en profitera \u00e0 nouveau, retrouvera un peu sa confiance et l&#39;int\u00e9grera dans l&#39;\u00e9quipe (de City), car je pense qu&#39;il y aura une chance pour lui \u00e0 un moment donn\u00e9 &#8211; je l&#39;esp\u00e8re en tout cas. <\/p>\n<p>\u00ab\u00a0Il devra \u00eatre pr\u00eat, et ces petites pauses peuvent \u00eatre une bonne petite r\u00e9initialisation mentale pour lui et lui donner les minutes qu&#39;il m\u00e9rite, \u00e9tant donn\u00e9 qu&#39;il ne joue pas vraiment beaucoup de football actuellement.<\/p>\n<p>\u00ab\u00a0Il est en quelque sorte trop bon pour l&#39;EDS (Elite Development Squad) de City et pour les moins de 21 ans, ce qui signifie qu&#39;il ne joue pas l\u00e0-bas \u00e0 part s&#39;entra\u00eener, donc ces matchs des moins de 21 ans d&#39;Angleterre signifient probablement beaucoup pour lui personnellement, car c&#39;est une chance de se d\u00e9gourdir les jambes dans un match qui compte. Nous croisons les doigts pour qu&#39;il reprenne cette forme \u00e0 City.<\/p>\n<p>Guardiola esp\u00e8re que tous les joueurs de sa premi\u00e8re \u00e9quipe en mission internationale reviendront sans blessure avant le prochain match de Man City en Premier League contre Tottenham Hotspur au stade Etihad le 23 novembre.<\/p>\n<\/div>\n","protected":false},"excerpt":{"rendered":"<p>L&#39;expert de Manchester City, Steven McInerney, parle \u00e0 Sports Mole de ce que Pep Guardiola \u00ab\u00a0d\u00e9teste avec passion\u00a0\u00bb et de la principale priorit\u00e9 du club<\/p>\n","protected":false},"author":1,"featured_media":16378,"comment_status":"closed","ping_status":"","sticky":false,"template":"","format":"standard","meta":{"footnotes":""},"categories":[5],"tags":[318,91,27,4855,7087,217,2384,8,6332,24,7088,6,673,4290,1082],"yoast_head":"<!-- This site is optimized with the Yoast SEO plugin v21.0 - https:\/\/yoast.com\/wordpress\/plugins\/seo\/ -->\n<title>Pep Guardiola souhaite \u00e9viter ce qu&#039;il &quot;d\u00e9teste avec passion&quot; alors que la priorit\u00e9 internationale de Man City est claire<\/title>\n<meta name=\"robots\" content=\"index, follow, max-snippet:-1, max-image-preview:large, max-video-preview:-1\" \/>\n<link rel=\"canonical\" href=\"https:\/\/footdavant.fr\/actualites\/pep-guardiola-souhaite-eviter-ce-quil-deteste-avec-passion-alors-que-la-priorite-internationale-de-man-city-est-claire\/\" \/>\n<meta property=\"og:locale\" content=\"fr_FR\" \/>\n<meta property=\"og:type\" content=\"article\" \/>\n<meta property=\"og:title\" content=\"Pep Guardiola souhaite \u00e9viter ce qu&#039;il &quot;d\u00e9teste avec passion&quot; alors que la priorit\u00e9 internationale de Man City est claire\" \/>\n<meta property=\"og:description\" content=\"L&#039;expert de Manchester City, Steven McInerney, parle \u00e0 Sports Mole de ce que Pep Guardiola \u00ab\u00a0d\u00e9teste avec passion\u00a0\u00bb et de la principale priorit\u00e9 du club\" \/>\n<meta property=\"og:url\" content=\"https:\/\/footdavant.fr\/actualites\/pep-guardiola-souhaite-eviter-ce-quil-deteste-avec-passion-alors-que-la-priorite-internationale-de-man-city-est-claire\/\" \/>\n<meta property=\"og:site_name\" content=\"Foot d&#039;avant\" \/>\n<meta property=\"article:publisher\" content=\"https:\/\/www.facebook.com\/Footdavant\/\" \/>\n<meta property=\"article:published_time\" content=\"2024-11-19T09:49:40+00:00\" \/>\n<meta property=\"article:modified_time\" content=\"2024-11-19T09:49:41+00:00\" \/>\n<meta property=\"og:image\" content=\"https:\/\/footdavant.fr\/actualites\/wp-content\/uploads\/2024\/11\/Pep-Guardiola-souhaite-eviter-ce-qu39il-deteste-avec-passion-alors.jpg\" \/>\n\t<meta property=\"og:image:width\" content=\"640\" \/>\n\t<meta property=\"og:image:height\" content=\"480\" \/>\n\t<meta property=\"og:image:type\" content=\"image\/jpeg\" \/>\n<meta name=\"author\" content=\"Cl\u00e9ment\" \/>\n<meta name=\"twitter:card\" content=\"summary_large_image\" \/>\n<meta name=\"twitter:creator\" content=\"@FootdavantFr\" \/>\n<meta name=\"twitter:site\" content=\"@FootdavantFr\" \/>\n<meta name=\"twitter:label1\" content=\"\u00c9crit par\" \/>\n\t<meta name=\"twitter:data1\" content=\"Cl\u00e9ment\" \/>\n\t<meta name=\"twitter:label2\" content=\"Dur\u00e9e de lecture estim\u00e9e\" \/>\n\t<meta name=\"twitter:data2\" content=\"6 minutes\" \/>\n<script type=\"application\/ld+json\" class=\"yoast-schema-graph\">{\"@context\":\"https:\/\/schema.org\",\"@graph\":[{\"@type\":\"Article\",\"@id\":\"https:\/\/footdavant.fr\/actualites\/pep-guardiola-souhaite-eviter-ce-quil-deteste-avec-passion-alors-que-la-priorite-internationale-de-man-city-est-claire\/#article\",\"isPartOf\":{\"@id\":\"https:\/\/footdavant.fr\/actualites\/pep-guardiola-souhaite-eviter-ce-quil-deteste-avec-passion-alors-que-la-priorite-internationale-de-man-city-est-claire\/\"},\"author\":{\"name\":\"Cl\u00e9ment\",\"@id\":\"https:\/\/footdavant.fr\/actualites\/#\/schema\/person\/bc222566d95871b37e597b3ed3ba5e1d\"},\"headline\":\"Pep Guardiola souhaite \u00e9viter ce qu&#39;il \u00ab\u00a0d\u00e9teste avec passion\u00a0\u00bb alors que la priorit\u00e9 internationale de Man City est claire\",\"datePublished\":\"2024-11-19T09:49:40+00:00\",\"dateModified\":\"2024-11-19T09:49:41+00:00\",\"mainEntityOfPage\":{\"@id\":\"https:\/\/footdavant.fr\/actualites\/pep-guardiola-souhaite-eviter-ce-quil-deteste-avec-passion-alors-que-la-priorite-internationale-de-man-city-est-claire\/\"},\"wordCount\":1252,\"publisher\":{\"@id\":\"https:\/\/footdavant.fr\/actualites\/#organization\"},\"keywords\":[\"alors\",\"avec\",\"City\",\"claire\",\"d\u00e9teste\",\"est\",\"\u00e9viter\",\"Guardiola\",\"internationale\",\"Man\",\"passion\",\"Pep\",\"priorit\u00e9\",\"qu39il\",\"souhaite\"],\"articleSection\":[\"Premier League\"],\"inLanguage\":\"fr-FR\"},{\"@type\":\"WebPage\",\"@id\":\"https:\/\/footdavant.fr\/actualites\/pep-guardiola-souhaite-eviter-ce-quil-deteste-avec-passion-alors-que-la-priorite-internationale-de-man-city-est-claire\/\",\"url\":\"https:\/\/footdavant.fr\/actualites\/pep-guardiola-souhaite-eviter-ce-quil-deteste-avec-passion-alors-que-la-priorite-internationale-de-man-city-est-claire\/\",\"name\":\"Pep Guardiola souhaite \u00e9viter ce qu&#39;il \\\"d\u00e9teste avec passion\\\" alors que la priorit\u00e9 internationale de Man City est claire\",\"isPartOf\":{\"@id\":\"https:\/\/footdavant.fr\/actualites\/#website\"},\"datePublished\":\"2024-11-19T09:49:40+00:00\",\"dateModified\":\"2024-11-19T09:49:41+00:00\",\"breadcrumb\":{\"@id\":\"https:\/\/footdavant.fr\/actualites\/pep-guardiola-souhaite-eviter-ce-quil-deteste-avec-passion-alors-que-la-priorite-internationale-de-man-city-est-claire\/#breadcrumb\"},\"inLanguage\":\"fr-FR\",\"potentialAction\":[{\"@type\":\"ReadAction\",\"target\":[\"https:\/\/footdavant.fr\/actualites\/pep-guardiola-souhaite-eviter-ce-quil-deteste-avec-passion-alors-que-la-priorite-internationale-de-man-city-est-claire\/\"]}]},{\"@type\":\"BreadcrumbList\",\"@id\":\"https:\/\/footdavant.fr\/actualites\/pep-guardiola-souhaite-eviter-ce-quil-deteste-avec-passion-alors-que-la-priorite-internationale-de-man-city-est-claire\/#breadcrumb\",\"itemListElement\":[{\"@type\":\"ListItem\",\"position\":1,\"name\":\"Accueil\",\"item\":\"https:\/\/footdavant.fr\/actualites\/\"},{\"@type\":\"ListItem\",\"position\":2,\"name\":\"Pep Guardiola souhaite \u00e9viter ce qu&#39;il \u00ab\u00a0d\u00e9teste avec passion\u00a0\u00bb alors que la priorit\u00e9 internationale de Man City est claire\"}]},{\"@type\":\"WebSite\",\"@id\":\"https:\/\/footdavant.fr\/actualites\/#website\",\"url\":\"https:\/\/footdavant.fr\/actualites\/\",\"name\":\"Foot d'avant\",\"description\":\"\",\"publisher\":{\"@id\":\"https:\/\/footdavant.fr\/actualites\/#organization\"},\"potentialAction\":[{\"@type\":\"SearchAction\",\"target\":{\"@type\":\"EntryPoint\",\"urlTemplate\":\"https:\/\/footdavant.fr\/actualites\/?s={search_term_string}\"},\"query-input\":\"required name=search_term_string\"}],\"inLanguage\":\"fr-FR\"},{\"@type\":\"Organization\",\"@id\":\"https:\/\/footdavant.fr\/actualites\/#organization\",\"name\":\"Foot d'avant\",\"url\":\"https:\/\/footdavant.fr\/actualites\/\",\"logo\":{\"@type\":\"ImageObject\",\"inLanguage\":\"fr-FR\",\"@id\":\"https:\/\/footdavant.fr\/actualites\/#\/schema\/logo\/image\/\",\"url\":\"https:\/\/footdavant.fr\/actualites\/wp-content\/uploads\/2023\/09\/Copy-of-FootDavant-Logo.png\",\"contentUrl\":\"https:\/\/footdavant.fr\/actualites\/wp-content\/uploads\/2023\/09\/Copy-of-FootDavant-Logo.png\",\"width\":936,\"height\":549,\"caption\":\"Foot d'avant\"},\"image\":{\"@id\":\"https:\/\/footdavant.fr\/actualites\/#\/schema\/logo\/image\/\"},\"sameAs\":[\"https:\/\/www.facebook.com\/Footdavant\/\",\"https:\/\/twitter.com\/FootdavantFr\",\"https:\/\/www.instagram.com\/footdavant.fr\/\"]},{\"@type\":\"Person\",\"@id\":\"https:\/\/footdavant.fr\/actualites\/#\/schema\/person\/bc222566d95871b37e597b3ed3ba5e1d\",\"name\":\"Cl\u00e9ment\",\"image\":{\"@type\":\"ImageObject\",\"inLanguage\":\"fr-FR\",\"@id\":\"https:\/\/footdavant.fr\/actualites\/#\/schema\/person\/image\/\",\"url\":\"https:\/\/secure.gravatar.com\/avatar\/7728b29aac2719421e1a9159b2254c44?s=96&d=mm&r=g\",\"contentUrl\":\"https:\/\/secure.gravatar.com\/avatar\/7728b29aac2719421e1a9159b2254c44?s=96&d=mm&r=g\",\"caption\":\"Cl\u00e9ment\"},\"sameAs\":[\"https:\/\/footdavant.fr\/\"]}]}<\/script>\n<!-- \/ Yoast SEO plugin. -->","yoast_head_json":{"title":"Pep Guardiola souhaite \u00e9viter ce qu&#39;il \"d\u00e9teste avec passion\" alors que la priorit\u00e9 internationale de Man City est claire","robots":{"index":"index","follow":"follow","max-snippet":"max-snippet:-1","max-image-preview":"max-image-preview:large","max-video-preview":"max-video-preview:-1"},"canonical":"https:\/\/footdavant.fr\/actualites\/pep-guardiola-souhaite-eviter-ce-quil-deteste-avec-passion-alors-que-la-priorite-internationale-de-man-city-est-claire\/","og_locale":"fr_FR","og_type":"article","og_title":"Pep Guardiola souhaite \u00e9viter ce qu&#39;il \"d\u00e9teste avec passion\" alors que la priorit\u00e9 internationale de Man City est claire","og_description":"L&#39;expert de Manchester City, Steven McInerney, parle \u00e0 Sports Mole de ce que Pep Guardiola \u00ab\u00a0d\u00e9teste avec passion\u00a0\u00bb et de la principale priorit\u00e9 du club","og_url":"https:\/\/footdavant.fr\/actualites\/pep-guardiola-souhaite-eviter-ce-quil-deteste-avec-passion-alors-que-la-priorite-internationale-de-man-city-est-claire\/","og_site_name":"Foot d&#039;avant","article_publisher":"https:\/\/www.facebook.com\/Footdavant\/","article_published_time":"2024-11-19T09:49:40+00:00","article_modified_time":"2024-11-19T09:49:41+00:00","og_image":[{"width":640,"height":480,"url":"https:\/\/footdavant.fr\/actualites\/wp-content\/uploads\/2024\/11\/Pep-Guardiola-souhaite-eviter-ce-qu39il-deteste-avec-passion-alors.jpg","type":"image\/jpeg"}],"author":"Cl\u00e9ment","twitter_card":"summary_large_image","twitter_creator":"@FootdavantFr","twitter_site":"@FootdavantFr","twitter_misc":{"\u00c9crit par":"Cl\u00e9ment","Dur\u00e9e de lecture estim\u00e9e":"6 minutes"},"schema":{"@context":"https:\/\/schema.org","@graph":[{"@type":"Article","@id":"https:\/\/footdavant.fr\/actualites\/pep-guardiola-souhaite-eviter-ce-quil-deteste-avec-passion-alors-que-la-priorite-internationale-de-man-city-est-claire\/#article","isPartOf":{"@id":"https:\/\/footdavant.fr\/actualites\/pep-guardiola-souhaite-eviter-ce-quil-deteste-avec-passion-alors-que-la-priorite-internationale-de-man-city-est-claire\/"},"author":{"name":"Cl\u00e9ment","@id":"https:\/\/footdavant.fr\/actualites\/#\/schema\/person\/bc222566d95871b37e597b3ed3ba5e1d"},"headline":"Pep Guardiola souhaite \u00e9viter ce qu&#39;il \u00ab\u00a0d\u00e9teste avec passion\u00a0\u00bb alors que la priorit\u00e9 internationale de Man City est claire","datePublished":"2024-11-19T09:49:40+00:00","dateModified":"2024-11-19T09:49:41+00:00","mainEntityOfPage":{"@id":"https:\/\/footdavant.fr\/actualites\/pep-guardiola-souhaite-eviter-ce-quil-deteste-avec-passion-alors-que-la-priorite-internationale-de-man-city-est-claire\/"},"wordCount":1252,"publisher":{"@id":"https:\/\/footdavant.fr\/actualites\/#organization"},"keywords":["alors","avec","City","claire","d\u00e9teste","est","\u00e9viter","Guardiola","internationale","Man","passion","Pep","priorit\u00e9","qu39il","souhaite"],"articleSection":["Premier League"],"inLanguage":"fr-FR"},{"@type":"WebPage","@id":"https:\/\/footdavant.fr\/actualites\/pep-guardiola-souhaite-eviter-ce-quil-deteste-avec-passion-alors-que-la-priorite-internationale-de-man-city-est-claire\/","url":"https:\/\/footdavant.fr\/actualites\/pep-guardiola-souhaite-eviter-ce-quil-deteste-avec-passion-alors-que-la-priorite-internationale-de-man-city-est-claire\/","name":"Pep Guardiola souhaite \u00e9viter ce qu&#39;il \"d\u00e9teste avec passion\" alors que la priorit\u00e9 internationale de Man City est claire","isPartOf":{"@id":"https:\/\/footdavant.fr\/actualites\/#website"},"datePublished":"2024-11-19T09:49:40+00:00","dateModified":"2024-11-19T09:49:41+00:00","breadcrumb":{"@id":"https:\/\/footdavant.fr\/actualites\/pep-guardiola-souhaite-eviter-ce-quil-deteste-avec-passion-alors-que-la-priorite-internationale-de-man-city-est-claire\/#breadcrumb"},"inLanguage":"fr-FR","potentialAction":[{"@type":"ReadAction","target":["https:\/\/footdavant.fr\/actualites\/pep-guardiola-souhaite-eviter-ce-quil-deteste-avec-passion-alors-que-la-priorite-internationale-de-man-city-est-claire\/"]}]},{"@type":"BreadcrumbList","@id":"https:\/\/footdavant.fr\/actualites\/pep-guardiola-souhaite-eviter-ce-quil-deteste-avec-passion-alors-que-la-priorite-internationale-de-man-city-est-claire\/#breadcrumb","itemListElement":[{"@type":"ListItem","position":1,"name":"Accueil","item":"https:\/\/footdavant.fr\/actualites\/"},{"@type":"ListItem","position":2,"name":"Pep Guardiola souhaite \u00e9viter ce qu&#39;il \u00ab\u00a0d\u00e9teste avec passion\u00a0\u00bb alors que la priorit\u00e9 internationale de Man City est claire"}]},{"@type":"WebSite","@id":"https:\/\/footdavant.fr\/actualites\/#website","url":"https:\/\/footdavant.fr\/actualites\/","name":"Foot d'avant","description":"","publisher":{"@id":"https:\/\/footdavant.fr\/actualites\/#organization"},"potentialAction":[{"@type":"SearchAction","target":{"@type":"EntryPoint","urlTemplate":"https:\/\/footdavant.fr\/actualites\/?s={search_term_string}"},"query-input":"required name=search_term_string"}],"inLanguage":"fr-FR"},{"@type":"Organization","@id":"https:\/\/footdavant.fr\/actualites\/#organization","name":"Foot d'avant","url":"https:\/\/footdavant.fr\/actualites\/","logo":{"@type":"ImageObject","inLanguage":"fr-FR","@id":"https:\/\/footdavant.fr\/actualites\/#\/schema\/logo\/image\/","url":"https:\/\/footdavant.fr\/actualites\/wp-content\/uploads\/2023\/09\/Copy-of-FootDavant-Logo.png","contentUrl":"https:\/\/footdavant.fr\/actualites\/wp-content\/uploads\/2023\/09\/Copy-of-FootDavant-Logo.png","width":936,"height":549,"caption":"Foot d'avant"},"image":{"@id":"https:\/\/footdavant.fr\/actualites\/#\/schema\/logo\/image\/"},"sameAs":["https:\/\/www.facebook.com\/Footdavant\/","https:\/\/twitter.com\/FootdavantFr","https:\/\/www.instagram.com\/footdavant.fr\/"]},{"@type":"Person","@id":"https:\/\/footdavant.fr\/actualites\/#\/schema\/person\/bc222566d95871b37e597b3ed3ba5e1d","name":"Cl\u00e9ment","image":{"@type":"ImageObject","inLanguage":"fr-FR","@id":"https:\/\/footdavant.fr\/actualites\/#\/schema\/person\/image\/","url":"https:\/\/secure.gravatar.com\/avatar\/7728b29aac2719421e1a9159b2254c44?s=96&d=mm&r=g","contentUrl":"https:\/\/secure.gravatar.com\/avatar\/7728b29aac2719421e1a9159b2254c44?s=96&d=mm&r=g","caption":"Cl\u00e9ment"},"sameAs":["https:\/\/footdavant.fr\/"]}]}},"_links":{"self":[{"href":"https:\/\/footdavant.fr\/actualites\/wp-json\/wp\/v2\/posts\/16377"}],"collection":[{"href":"https:\/\/footdavant.fr\/actualites\/wp-json\/wp\/v2\/posts"}],"about":[{"href":"https:\/\/footdavant.fr\/actualites\/wp-json\/wp\/v2\/types\/post"}],"author":[{"embeddable":true,"href":"https:\/\/footdavant.fr\/actualites\/wp-json\/wp\/v2\/users\/1"}],"replies":[{"embeddable":true,"href":"https:\/\/footdavant.fr\/actualites\/wp-json\/wp\/v2\/comments?post=16377"}],"version-history":[{"count":1,"href":"https:\/\/footdavant.fr\/actualites\/wp-json\/wp\/v2\/posts\/16377\/revisions"}],"predecessor-version":[{"id":16379,"href":"https:\/\/footdavant.fr\/actualites\/wp-json\/wp\/v2\/posts\/16377\/revisions\/16379"}],"wp:featuredmedia":[{"embeddable":true,"href":"https:\/\/footdavant.fr\/actualites\/wp-json\/wp\/v2\/media\/16378"}],"wp:attachment":[{"href":"https:\/\/footdavant.fr\/actualites\/wp-json\/wp\/v2\/media?parent=16377"}],"wp:term":[{"taxonomy":"category","embeddable":true,"href":"https:\/\/footdavant.fr\/actualites\/wp-json\/wp\/v2\/categories?post=16377"},{"taxonomy":"post_tag","embeddable":true,"href":"https:\/\/footdavant.fr\/actualites\/wp-json\/wp\/v2\/tags?post=16377"}],"curies":[{"name":"wp","href":"https:\/\/api.w.org\/{rel}","templated":true}]}}