{"id":16402,"date":"2024-11-20T04:48:08","date_gmt":"2024-11-20T03:48:08","guid":{"rendered":"https:\/\/footdavant.fr\/actualites\/lindice-de-blessure-de-mo-salah-confirme-un-coup-de-pouce-majeur-pour-liverpool\/"},"modified":"2024-11-20T04:48:11","modified_gmt":"2024-11-20T03:48:11","slug":"lindice-de-blessure-de-mo-salah-confirme-un-coup-de-pouce-majeur-pour-liverpool","status":"publish","type":"post","link":"https:\/\/footdavant.fr\/actualites\/lindice-de-blessure-de-mo-salah-confirme-un-coup-de-pouce-majeur-pour-liverpool\/","title":{"rendered":"L&#39;indice de blessure de Mo Salah confirm\u00e9, un coup de pouce majeur pour Liverpool"},"content":{"rendered":"<p><\/p>\n<div id=\"article-body\">\n<!-- Article Start --><\/p>\n<p>Mo Salah a taquin\u00e9 les supporters de Liverpool avec un clip d&#39;Alisson Becker terminant son travail dans le gymnase du centre d&#39;entra\u00eenement AXA aujourd&#39;hui et le compte X officiel du club a maintenant pratiquement confirm\u00e9 que l&#39;international br\u00e9silien est pr\u00eat \u00e0 revenir \u00e0 l&#39;action.<\/p>\n<p>L&#39;ancien gardien de l&#39;AS Roma est absent depuis d\u00e9but octobre apr\u00e8s s&#39;\u00eatre bless\u00e9 aux ischio-jambiers lors des derni\u00e8res phases de notre d\u00e9faite contre Crystal Palace \u00e0 Selhurst Park.<\/p>\n<p>Caoimhin Kelleher a parfaitement remplac\u00e9 le joueur de 32 ans entre les b\u00e2tons (comme d&#39;habitude), mais il semble d\u00e9sormais que notre n\u00b01 soit presque en pleine forme avant le choc de dimanche contre Southampton.<\/p>\n<p>Un clip a \u00e9t\u00e9 mis en ligne montrant Alisson saluant d&#39;autres membres de l&#39;\u00e9quipe alors qu&#39;il retournait au centre d&#39;entra\u00eenement.<\/p>\n<blockquote class=\"twitter-lazy tweet-img lazyload\" data-width=\"500\" data-dnt=\"true\">\n<p lang=\"qme\" dir=\"ltr\">\ud83d\udc4b\ud83d\ude01 <a rel=\"nofollow\" href=\"https:\/\/t.co\/6H1QJPP3Bh\">pic.twitter.com\/6H1QJPP3Bh<\/a><\/p>\n<p>\u2013Liverpool FC (@LFC) <a rel=\"nofollow\" href=\"https:\/\/twitter.com\/LFC\/status\/1858944743742599416?ref_src=twsrc%5Etfw\">19 novembre 2024<\/a><\/p>\n<\/blockquote>\n<p>Dans le clip, il est clair que le Br\u00e9silien \u00e9tait sur l&#39;herbe pour terminer une s\u00e9ance \u00e0 cause de la salet\u00e9 sur son \u00e9quipement d&#39;entra\u00eenement et sur ses bottes aux pieds.<\/p>\n<p>Bien que Kelleher ait \u00e9t\u00e9 immense ces derni\u00e8res semaines, c&#39;est formidable de voir notre stoppeur de premier choix en forme avant une \u00e9norme s\u00e9rie de matchs.<\/p>\n<p>Apr\u00e8s notre voyage \u00e0 St. Marys, nous affronterons le Real Madrid \u00e0 Anfield en Ligue des Champions avant d&#39;affronter Manchester City, Newcastle, Everton et les Spurs, pour n&#39;en citer que quelques-uns, \u00e0 l&#39;approche de No\u00ebl.<\/p>\n<p>Harvey Elliott, qui a \u00e9t\u00e9 mis \u00e0 l&#39;\u00e9cart en raison d&#39;une fracture au pied depuis septembre, peut \u00e9galement \u00eatre vu dans le clip qui sugg\u00e8re qu&#39;il est sur le point de revenir dans l&#39;\u00e9quipe, ce qui constitue un autre \u00e9norme coup de pouce.<\/p>\n<p><!-- Article End -->\t\t\t\t<\/div>\n<p><script async src=\"https:\/\/platform.twitter.com\/widgets.js\" charset=\"utf-8\"><\/script><\/p>\n","protected":false},"excerpt":{"rendered":"<p>Mo Salah a taquin\u00e9 les supporters de Liverpool avec un clip d&#39;Alisson Becker terminant son travail dans le gymnase du centre d&#39;entra\u00eenement AXA aujourd&#39;hui et<\/p>\n","protected":false},"author":1,"featured_media":16403,"comment_status":"closed","ping_status":"","sticky":false,"template":"","format":"standard","meta":{"footnotes":""},"categories":[3],"tags":[15,40,489,7095,53,246,490,51,335],"yoast_head":"<!-- This site is optimized with the Yoast SEO plugin v21.0 - https:\/\/yoast.com\/wordpress\/plugins\/seo\/ -->\n<title>L&#039;indice de blessure de Mo Salah confirm\u00e9, un coup de pouce majeur pour Liverpool<\/title>\n<meta name=\"robots\" content=\"index, follow, max-snippet:-1, max-image-preview:large, max-video-preview:-1\" \/>\n<link rel=\"canonical\" href=\"https:\/\/footdavant.fr\/actualites\/lindice-de-blessure-de-mo-salah-confirme-un-coup-de-pouce-majeur-pour-liverpool\/\" \/>\n<meta property=\"og:locale\" content=\"fr_FR\" \/>\n<meta property=\"og:type\" content=\"article\" \/>\n<meta property=\"og:title\" content=\"L&#039;indice de blessure de Mo Salah confirm\u00e9, un coup de pouce majeur pour Liverpool\" \/>\n<meta property=\"og:description\" content=\"Mo Salah a taquin\u00e9 les supporters de Liverpool avec un clip d&#039;Alisson Becker terminant son travail dans le gymnase du centre d&#039;entra\u00eenement AXA aujourd&#039;hui et\" \/>\n<meta property=\"og:url\" content=\"https:\/\/footdavant.fr\/actualites\/lindice-de-blessure-de-mo-salah-confirme-un-coup-de-pouce-majeur-pour-liverpool\/\" \/>\n<meta property=\"og:site_name\" content=\"Foot d&#039;avant\" \/>\n<meta property=\"article:publisher\" content=\"https:\/\/www.facebook.com\/Footdavant\/\" \/>\n<meta property=\"article:published_time\" content=\"2024-11-20T03:48:08+00:00\" \/>\n<meta property=\"article:modified_time\" content=\"2024-11-20T03:48:11+00:00\" \/>\n<meta property=\"og:image\" content=\"https:\/\/footdavant.fr\/actualites\/wp-content\/uploads\/2024\/11\/L39indice-de-blessure-de-Mo-Salah-confirme-un-coup-de.jpg\" \/>\n\t<meta property=\"og:image:width\" content=\"1058\" \/>\n\t<meta property=\"og:image:height\" content=\"914\" \/>\n\t<meta property=\"og:image:type\" content=\"image\/jpeg\" \/>\n<meta name=\"author\" content=\"Cl\u00e9ment\" \/>\n<meta name=\"twitter:card\" content=\"summary_large_image\" \/>\n<meta name=\"twitter:creator\" content=\"@FootdavantFr\" \/>\n<meta name=\"twitter:site\" content=\"@FootdavantFr\" \/>\n<meta name=\"twitter:label1\" content=\"\u00c9crit par\" \/>\n\t<meta name=\"twitter:data1\" content=\"Cl\u00e9ment\" \/>\n\t<meta name=\"twitter:label2\" content=\"Dur\u00e9e de lecture estim\u00e9e\" \/>\n\t<meta name=\"twitter:data2\" content=\"2 minutes\" \/>\n<script type=\"application\/ld+json\" class=\"yoast-schema-graph\">{\"@context\":\"https:\/\/schema.org\",\"@graph\":[{\"@type\":\"Article\",\"@id\":\"https:\/\/footdavant.fr\/actualites\/lindice-de-blessure-de-mo-salah-confirme-un-coup-de-pouce-majeur-pour-liverpool\/#article\",\"isPartOf\":{\"@id\":\"https:\/\/footdavant.fr\/actualites\/lindice-de-blessure-de-mo-salah-confirme-un-coup-de-pouce-majeur-pour-liverpool\/\"},\"author\":{\"name\":\"Cl\u00e9ment\",\"@id\":\"https:\/\/footdavant.fr\/actualites\/#\/schema\/person\/bc222566d95871b37e597b3ed3ba5e1d\"},\"headline\":\"L&#39;indice de blessure de Mo Salah confirm\u00e9, un coup de pouce majeur pour Liverpool\",\"datePublished\":\"2024-11-20T03:48:08+00:00\",\"dateModified\":\"2024-11-20T03:48:11+00:00\",\"mainEntityOfPage\":{\"@id\":\"https:\/\/footdavant.fr\/actualites\/lindice-de-blessure-de-mo-salah-confirme-un-coup-de-pouce-majeur-pour-liverpool\/\"},\"wordCount\":318,\"publisher\":{\"@id\":\"https:\/\/footdavant.fr\/actualites\/#organization\"},\"keywords\":[\"Blessure\",\"confirme\",\"coup\",\"L39indice\",\"Liverpool\",\"majeur\",\"pouce\",\"pour\",\"Salah\"],\"articleSection\":[\"Football\"],\"inLanguage\":\"fr-FR\"},{\"@type\":\"WebPage\",\"@id\":\"https:\/\/footdavant.fr\/actualites\/lindice-de-blessure-de-mo-salah-confirme-un-coup-de-pouce-majeur-pour-liverpool\/\",\"url\":\"https:\/\/footdavant.fr\/actualites\/lindice-de-blessure-de-mo-salah-confirme-un-coup-de-pouce-majeur-pour-liverpool\/\",\"name\":\"L&#39;indice de blessure de Mo Salah confirm\u00e9, un coup de pouce majeur pour Liverpool\",\"isPartOf\":{\"@id\":\"https:\/\/footdavant.fr\/actualites\/#website\"},\"datePublished\":\"2024-11-20T03:48:08+00:00\",\"dateModified\":\"2024-11-20T03:48:11+00:00\",\"breadcrumb\":{\"@id\":\"https:\/\/footdavant.fr\/actualites\/lindice-de-blessure-de-mo-salah-confirme-un-coup-de-pouce-majeur-pour-liverpool\/#breadcrumb\"},\"inLanguage\":\"fr-FR\",\"potentialAction\":[{\"@type\":\"ReadAction\",\"target\":[\"https:\/\/footdavant.fr\/actualites\/lindice-de-blessure-de-mo-salah-confirme-un-coup-de-pouce-majeur-pour-liverpool\/\"]}]},{\"@type\":\"BreadcrumbList\",\"@id\":\"https:\/\/footdavant.fr\/actualites\/lindice-de-blessure-de-mo-salah-confirme-un-coup-de-pouce-majeur-pour-liverpool\/#breadcrumb\",\"itemListElement\":[{\"@type\":\"ListItem\",\"position\":1,\"name\":\"Accueil\",\"item\":\"https:\/\/footdavant.fr\/actualites\/\"},{\"@type\":\"ListItem\",\"position\":2,\"name\":\"L&#39;indice de blessure de Mo Salah confirm\u00e9, un coup de pouce majeur pour Liverpool\"}]},{\"@type\":\"WebSite\",\"@id\":\"https:\/\/footdavant.fr\/actualites\/#website\",\"url\":\"https:\/\/footdavant.fr\/actualites\/\",\"name\":\"Foot d'avant\",\"description\":\"\",\"publisher\":{\"@id\":\"https:\/\/footdavant.fr\/actualites\/#organization\"},\"potentialAction\":[{\"@type\":\"SearchAction\",\"target\":{\"@type\":\"EntryPoint\",\"urlTemplate\":\"https:\/\/footdavant.fr\/actualites\/?s={search_term_string}\"},\"query-input\":\"required name=search_term_string\"}],\"inLanguage\":\"fr-FR\"},{\"@type\":\"Organization\",\"@id\":\"https:\/\/footdavant.fr\/actualites\/#organization\",\"name\":\"Foot d'avant\",\"url\":\"https:\/\/footdavant.fr\/actualites\/\",\"logo\":{\"@type\":\"ImageObject\",\"inLanguage\":\"fr-FR\",\"@id\":\"https:\/\/footdavant.fr\/actualites\/#\/schema\/logo\/image\/\",\"url\":\"https:\/\/footdavant.fr\/actualites\/wp-content\/uploads\/2023\/09\/Copy-of-FootDavant-Logo.png\",\"contentUrl\":\"https:\/\/footdavant.fr\/actualites\/wp-content\/uploads\/2023\/09\/Copy-of-FootDavant-Logo.png\",\"width\":936,\"height\":549,\"caption\":\"Foot d'avant\"},\"image\":{\"@id\":\"https:\/\/footdavant.fr\/actualites\/#\/schema\/logo\/image\/\"},\"sameAs\":[\"https:\/\/www.facebook.com\/Footdavant\/\",\"https:\/\/twitter.com\/FootdavantFr\",\"https:\/\/www.instagram.com\/footdavant.fr\/\"]},{\"@type\":\"Person\",\"@id\":\"https:\/\/footdavant.fr\/actualites\/#\/schema\/person\/bc222566d95871b37e597b3ed3ba5e1d\",\"name\":\"Cl\u00e9ment\",\"image\":{\"@type\":\"ImageObject\",\"inLanguage\":\"fr-FR\",\"@id\":\"https:\/\/footdavant.fr\/actualites\/#\/schema\/person\/image\/\",\"url\":\"https:\/\/secure.gravatar.com\/avatar\/7728b29aac2719421e1a9159b2254c44?s=96&d=mm&r=g\",\"contentUrl\":\"https:\/\/secure.gravatar.com\/avatar\/7728b29aac2719421e1a9159b2254c44?s=96&d=mm&r=g\",\"caption\":\"Cl\u00e9ment\"},\"sameAs\":[\"https:\/\/footdavant.fr\/\"]}]}<\/script>\n<!-- \/ Yoast SEO plugin. -->","yoast_head_json":{"title":"L&#39;indice de blessure de Mo Salah confirm\u00e9, un coup de pouce majeur pour Liverpool","robots":{"index":"index","follow":"follow","max-snippet":"max-snippet:-1","max-image-preview":"max-image-preview:large","max-video-preview":"max-video-preview:-1"},"canonical":"https:\/\/footdavant.fr\/actualites\/lindice-de-blessure-de-mo-salah-confirme-un-coup-de-pouce-majeur-pour-liverpool\/","og_locale":"fr_FR","og_type":"article","og_title":"L&#39;indice de blessure de Mo Salah confirm\u00e9, un coup de pouce majeur pour Liverpool","og_description":"Mo Salah a taquin\u00e9 les supporters de Liverpool avec un clip d&#39;Alisson Becker terminant son travail dans le gymnase du centre d&#39;entra\u00eenement AXA aujourd&#39;hui et","og_url":"https:\/\/footdavant.fr\/actualites\/lindice-de-blessure-de-mo-salah-confirme-un-coup-de-pouce-majeur-pour-liverpool\/","og_site_name":"Foot d&#039;avant","article_publisher":"https:\/\/www.facebook.com\/Footdavant\/","article_published_time":"2024-11-20T03:48:08+00:00","article_modified_time":"2024-11-20T03:48:11+00:00","og_image":[{"width":1058,"height":914,"url":"https:\/\/footdavant.fr\/actualites\/wp-content\/uploads\/2024\/11\/L39indice-de-blessure-de-Mo-Salah-confirme-un-coup-de.jpg","type":"image\/jpeg"}],"author":"Cl\u00e9ment","twitter_card":"summary_large_image","twitter_creator":"@FootdavantFr","twitter_site":"@FootdavantFr","twitter_misc":{"\u00c9crit par":"Cl\u00e9ment","Dur\u00e9e de lecture estim\u00e9e":"2 minutes"},"schema":{"@context":"https:\/\/schema.org","@graph":[{"@type":"Article","@id":"https:\/\/footdavant.fr\/actualites\/lindice-de-blessure-de-mo-salah-confirme-un-coup-de-pouce-majeur-pour-liverpool\/#article","isPartOf":{"@id":"https:\/\/footdavant.fr\/actualites\/lindice-de-blessure-de-mo-salah-confirme-un-coup-de-pouce-majeur-pour-liverpool\/"},"author":{"name":"Cl\u00e9ment","@id":"https:\/\/footdavant.fr\/actualites\/#\/schema\/person\/bc222566d95871b37e597b3ed3ba5e1d"},"headline":"L&#39;indice de blessure de Mo Salah confirm\u00e9, un coup de pouce majeur pour Liverpool","datePublished":"2024-11-20T03:48:08+00:00","dateModified":"2024-11-20T03:48:11+00:00","mainEntityOfPage":{"@id":"https:\/\/footdavant.fr\/actualites\/lindice-de-blessure-de-mo-salah-confirme-un-coup-de-pouce-majeur-pour-liverpool\/"},"wordCount":318,"publisher":{"@id":"https:\/\/footdavant.fr\/actualites\/#organization"},"keywords":["Blessure","confirme","coup","L39indice","Liverpool","majeur","pouce","pour","Salah"],"articleSection":["Football"],"inLanguage":"fr-FR"},{"@type":"WebPage","@id":"https:\/\/footdavant.fr\/actualites\/lindice-de-blessure-de-mo-salah-confirme-un-coup-de-pouce-majeur-pour-liverpool\/","url":"https:\/\/footdavant.fr\/actualites\/lindice-de-blessure-de-mo-salah-confirme-un-coup-de-pouce-majeur-pour-liverpool\/","name":"L&#39;indice de blessure de Mo Salah confirm\u00e9, un coup de pouce majeur pour Liverpool","isPartOf":{"@id":"https:\/\/footdavant.fr\/actualites\/#website"},"datePublished":"2024-11-20T03:48:08+00:00","dateModified":"2024-11-20T03:48:11+00:00","breadcrumb":{"@id":"https:\/\/footdavant.fr\/actualites\/lindice-de-blessure-de-mo-salah-confirme-un-coup-de-pouce-majeur-pour-liverpool\/#breadcrumb"},"inLanguage":"fr-FR","potentialAction":[{"@type":"ReadAction","target":["https:\/\/footdavant.fr\/actualites\/lindice-de-blessure-de-mo-salah-confirme-un-coup-de-pouce-majeur-pour-liverpool\/"]}]},{"@type":"BreadcrumbList","@id":"https:\/\/footdavant.fr\/actualites\/lindice-de-blessure-de-mo-salah-confirme-un-coup-de-pouce-majeur-pour-liverpool\/#breadcrumb","itemListElement":[{"@type":"ListItem","position":1,"name":"Accueil","item":"https:\/\/footdavant.fr\/actualites\/"},{"@type":"ListItem","position":2,"name":"L&#39;indice de blessure de Mo Salah confirm\u00e9, un coup de pouce majeur pour Liverpool"}]},{"@type":"WebSite","@id":"https:\/\/footdavant.fr\/actualites\/#website","url":"https:\/\/footdavant.fr\/actualites\/","name":"Foot d'avant","description":"","publisher":{"@id":"https:\/\/footdavant.fr\/actualites\/#organization"},"potentialAction":[{"@type":"SearchAction","target":{"@type":"EntryPoint","urlTemplate":"https:\/\/footdavant.fr\/actualites\/?s={search_term_string}"},"query-input":"required name=search_term_string"}],"inLanguage":"fr-FR"},{"@type":"Organization","@id":"https:\/\/footdavant.fr\/actualites\/#organization","name":"Foot d'avant","url":"https:\/\/footdavant.fr\/actualites\/","logo":{"@type":"ImageObject","inLanguage":"fr-FR","@id":"https:\/\/footdavant.fr\/actualites\/#\/schema\/logo\/image\/","url":"https:\/\/footdavant.fr\/actualites\/wp-content\/uploads\/2023\/09\/Copy-of-FootDavant-Logo.png","contentUrl":"https:\/\/footdavant.fr\/actualites\/wp-content\/uploads\/2023\/09\/Copy-of-FootDavant-Logo.png","width":936,"height":549,"caption":"Foot d'avant"},"image":{"@id":"https:\/\/footdavant.fr\/actualites\/#\/schema\/logo\/image\/"},"sameAs":["https:\/\/www.facebook.com\/Footdavant\/","https:\/\/twitter.com\/FootdavantFr","https:\/\/www.instagram.com\/footdavant.fr\/"]},{"@type":"Person","@id":"https:\/\/footdavant.fr\/actualites\/#\/schema\/person\/bc222566d95871b37e597b3ed3ba5e1d","name":"Cl\u00e9ment","image":{"@type":"ImageObject","inLanguage":"fr-FR","@id":"https:\/\/footdavant.fr\/actualites\/#\/schema\/person\/image\/","url":"https:\/\/secure.gravatar.com\/avatar\/7728b29aac2719421e1a9159b2254c44?s=96&d=mm&r=g","contentUrl":"https:\/\/secure.gravatar.com\/avatar\/7728b29aac2719421e1a9159b2254c44?s=96&d=mm&r=g","caption":"Cl\u00e9ment"},"sameAs":["https:\/\/footdavant.fr\/"]}]}},"_links":{"self":[{"href":"https:\/\/footdavant.fr\/actualites\/wp-json\/wp\/v2\/posts\/16402"}],"collection":[{"href":"https:\/\/footdavant.fr\/actualites\/wp-json\/wp\/v2\/posts"}],"about":[{"href":"https:\/\/footdavant.fr\/actualites\/wp-json\/wp\/v2\/types\/post"}],"author":[{"embeddable":true,"href":"https:\/\/footdavant.fr\/actualites\/wp-json\/wp\/v2\/users\/1"}],"replies":[{"embeddable":true,"href":"https:\/\/footdavant.fr\/actualites\/wp-json\/wp\/v2\/comments?post=16402"}],"version-history":[{"count":1,"href":"https:\/\/footdavant.fr\/actualites\/wp-json\/wp\/v2\/posts\/16402\/revisions"}],"predecessor-version":[{"id":16404,"href":"https:\/\/footdavant.fr\/actualites\/wp-json\/wp\/v2\/posts\/16402\/revisions\/16404"}],"wp:featuredmedia":[{"embeddable":true,"href":"https:\/\/footdavant.fr\/actualites\/wp-json\/wp\/v2\/media\/16403"}],"wp:attachment":[{"href":"https:\/\/footdavant.fr\/actualites\/wp-json\/wp\/v2\/media?parent=16402"}],"wp:term":[{"taxonomy":"category","embeddable":true,"href":"https:\/\/footdavant.fr\/actualites\/wp-json\/wp\/v2\/categories?post=16402"},{"taxonomy":"post_tag","embeddable":true,"href":"https:\/\/footdavant.fr\/actualites\/wp-json\/wp\/v2\/tags?post=16402"}],"curies":[{"name":"wp","href":"https:\/\/api.w.org\/{rel}","templated":true}]}}