{"id":16405,"date":"2024-11-20T06:48:36","date_gmt":"2024-11-20T05:48:36","guid":{"rendered":"https:\/\/footdavant.fr\/actualites\/nouvelles-du-transfert-de-man-united-danny-welbeck-commente-les-speculations-sur-le-retour-dold-trafford\/"},"modified":"2024-11-20T06:48:37","modified_gmt":"2024-11-20T05:48:37","slug":"nouvelles-du-transfert-de-man-united-danny-welbeck-commente-les-speculations-sur-le-retour-dold-trafford","status":"publish","type":"post","link":"https:\/\/footdavant.fr\/actualites\/nouvelles-du-transfert-de-man-united-danny-welbeck-commente-les-speculations-sur-le-retour-dold-trafford\/","title":{"rendered":"Nouvelles du transfert de Man United: Danny Welbeck commente les sp\u00e9culations sur le retour d&#39;Old Trafford"},"content":{"rendered":"<p>L&#39;attaquant de Brighton &#038; Hove Albion, Danny Welbeck, commente les sp\u00e9culations sugg\u00e9rant qu&#39;il \u00e9tait une option pour Manchester United l&#39;\u00e9t\u00e9 dernier.<\/p>\n<div id=\"article_body\" itemprop=\"articleBody\">\n<h3 class=\"firstPara\">\n<strong class=\"autotag\">Brighton et Hove Albion<\/strong> avant <strong class=\"autotag\">Danny Welbeck<\/strong> a affirm\u00e9 que <strong>sp\u00e9culation sur un rendement potentiel<\/strong> \u00e0 <strong class=\"autotag\">Manchester United<\/strong> est \u00ab\u00a0sans importance\u00a0\u00bb.<\/h3>\n<p>Bien qu&#39;il ait 33 ans, Welbeck conna\u00eet actuellement l&#39;une de ses meilleures campagnes en tant que joueur de Premier League.<\/p>\n<p>Au total, six buts et deux passes d\u00e9cisives ont \u00e9t\u00e9 inscrits en 11 apparitions dans l&#39;\u00e9lite, avec un effet direct dans le dernier tiers en sept matchs.<\/p>\n<p>Welbeck a d\u00e9j\u00e0 \u00e9gal\u00e9 son meilleur rendement en termes de buts depuis plus d&#39;une d\u00e9cennie, avec ses neuf buts en 2013-14 repr\u00e9sentant son meilleur effort.<\/p>\n<p>Cela est venu sous les couleurs de Man United et il a \u00e9t\u00e9 r\u00e9cemment affirm\u00e9 que les Red Devils avaient un certain int\u00e9r\u00eat pour le leader v\u00e9t\u00e9ran pendant la fen\u00eatre de transfert estivale.<\/p>\n<p class=\"imgI\">\n<h2 class=\"k3\">\u00ab\u00a0Les discussions sur Man United seront toujours l\u00e0\u00a0\u00bb<\/h2>\n<p><strong class=\"autotag\">Erik Ten Hag<\/strong> &#8211; qui a maintenant quitt\u00e9 Old Trafford &#8211; aurait \u00e9t\u00e9 derri\u00e8re Welbeck dans les conversations dans les coulisses du Theatre of Dreams.<\/p>\n<p>Parler \u00e0 <em>Les temps<\/em>l&#39;ancien international anglais a sugg\u00e9r\u00e9 qu&#39;il \u00e9tait d\u00e9sormais inutile de discuter de tout int\u00e9r\u00eat signal\u00e9 de la part de ses anciens employeurs.<\/p>\n<p>Welbeck a d\u00e9clar\u00e9 : \u00ab\u00a0Ce sont des sp\u00e9culations et il y a toujours ce lien pour moi parce que j&#39;ai \u00e9t\u00e9 au club.<\/p>\n<p>\u00ab\u00a0Comme je l&#39;ai dit, je me concentre uniquement sur ce que je peux contr\u00f4ler moi-m\u00eame et tout le reste n&#39;a pas vraiment d&#39;importance.\u00a0\u00bb<\/p>\n<p>Au cours de son passage avec United apr\u00e8s avoir initialement suivi la configuration de l&#39;acad\u00e9mie, Welbeck a contribu\u00e9 29 buts et 17 passes d\u00e9cisives lors de ses 142 apparitions dans toutes les comp\u00e9titions.<\/p>\n<p class=\"imgI\"><img decoding=\"async\" loading=\"lazy\" class=\"l\" src=\"https:\/\/footdavant.fr\/actualites\/wp-content\/uploads\/2024\/11\/1732081716_218_Nouvelles-du-transfert-de-Man-United-Danny-Welbeck-commente-les.jpg\" title=\"Fabian Huerzeler, entra\u00eeneur-chef de Brighton &#038; Hove Albion, le 27 ao\u00fbt 2024\" alt=\"Fabian Huerzeler, entra\u00eeneur-chef de Brighton &#038; Hove Albion, le 27 ao\u00fbt 2024\" width=\"640\" height=\"480\"><\/p>\n<h2 class=\"k3\">L&#39;avenir maintenant \u00e0 Brighton ?<\/h2>\n<p>Dans l\u2019\u00e9tat actuel des choses, Welbeck est titulaire d\u2019un contrat au stade Amex jusqu\u2019\u00e0 la fin de la campagne 2025-26, ce qui lui donne effectivement un peu plus de 18 mois pour obtenir une prolongation de son contrat.<\/p>\n<p>Le principal point positif du point de vue de tous est que Welbeck reste en forme. Il a jou\u00e9 au moins 73 minutes lors de chaque match de Premier League cette saison.<\/p>\n<p>Bien que Brighton ait tendance \u00e0 privil\u00e9gier la pr\u00e9sentation de jeunes talents et de joueurs ayant du potentiel dans ses rangs, Welbeck est un \u00e9l\u00e9ment cl\u00e9 du club sur et en dehors du terrain.<\/p>\n<p>Alors que Brighton est devenu un club o\u00f9 la qualification pour l&#39;Europe pour la deuxi\u00e8me fois est une possibilit\u00e9 \u00e9vidente, le stade Amex pourrait \u00eatre l&#39;endroit o\u00f9 Welbeck voit son avenir.<\/p>\n<\/div>\n","protected":false},"excerpt":{"rendered":"<p>L&#39;attaquant de Brighton &#038; Hove Albion, Danny Welbeck, commente les sp\u00e9culations sugg\u00e9rant qu&#39;il \u00e9tait une option pour Manchester United l&#39;\u00e9t\u00e9 dernier. Brighton et Hove Albion<\/p>\n","protected":false},"author":1,"featured_media":16406,"comment_status":"closed","ping_status":"","sticky":false,"template":"","format":"standard","meta":{"footnotes":""},"categories":[5],"tags":[3833,6516,1508,93,24,461,393,306,103,2090,700,13,7096],"yoast_head":"<!-- This site is optimized with the Yoast SEO plugin v21.0 - https:\/\/yoast.com\/wordpress\/plugins\/seo\/ -->\n<title>Nouvelles du transfert de Man United: Danny Welbeck commente les sp\u00e9culations sur le retour d&#039;Old Trafford<\/title>\n<meta name=\"robots\" content=\"index, follow, max-snippet:-1, max-image-preview:large, max-video-preview:-1\" \/>\n<link rel=\"canonical\" href=\"https:\/\/footdavant.fr\/actualites\/nouvelles-du-transfert-de-man-united-danny-welbeck-commente-les-speculations-sur-le-retour-dold-trafford\/\" \/>\n<meta property=\"og:locale\" content=\"fr_FR\" \/>\n<meta property=\"og:type\" content=\"article\" \/>\n<meta property=\"og:title\" content=\"Nouvelles du transfert de Man United: Danny Welbeck commente les sp\u00e9culations sur le retour d&#039;Old Trafford\" \/>\n<meta property=\"og:description\" content=\"L&#039;attaquant de Brighton &#038; Hove Albion, Danny Welbeck, commente les sp\u00e9culations sugg\u00e9rant qu&#039;il \u00e9tait une option pour Manchester United l&#039;\u00e9t\u00e9 dernier. Brighton et Hove Albion\" \/>\n<meta property=\"og:url\" content=\"https:\/\/footdavant.fr\/actualites\/nouvelles-du-transfert-de-man-united-danny-welbeck-commente-les-speculations-sur-le-retour-dold-trafford\/\" \/>\n<meta property=\"og:site_name\" content=\"Foot d&#039;avant\" \/>\n<meta property=\"article:publisher\" content=\"https:\/\/www.facebook.com\/Footdavant\/\" \/>\n<meta property=\"article:published_time\" content=\"2024-11-20T05:48:36+00:00\" \/>\n<meta property=\"article:modified_time\" content=\"2024-11-20T05:48:37+00:00\" \/>\n<meta property=\"og:image\" content=\"https:\/\/footdavant.fr\/actualites\/wp-content\/uploads\/2024\/11\/Nouvelles-du-transfert-de-Man-United-Danny-Welbeck-commente-les.jpg\" \/>\n\t<meta property=\"og:image:width\" content=\"640\" \/>\n\t<meta property=\"og:image:height\" content=\"480\" \/>\n\t<meta property=\"og:image:type\" content=\"image\/jpeg\" \/>\n<meta name=\"author\" content=\"Cl\u00e9ment\" \/>\n<meta name=\"twitter:card\" content=\"summary_large_image\" \/>\n<meta name=\"twitter:creator\" content=\"@FootdavantFr\" \/>\n<meta name=\"twitter:site\" content=\"@FootdavantFr\" \/>\n<meta name=\"twitter:label1\" content=\"\u00c9crit par\" \/>\n\t<meta name=\"twitter:data1\" content=\"Cl\u00e9ment\" \/>\n\t<meta name=\"twitter:label2\" content=\"Dur\u00e9e de lecture estim\u00e9e\" \/>\n\t<meta name=\"twitter:data2\" content=\"2 minutes\" \/>\n<script type=\"application\/ld+json\" class=\"yoast-schema-graph\">{\"@context\":\"https:\/\/schema.org\",\"@graph\":[{\"@type\":\"Article\",\"@id\":\"https:\/\/footdavant.fr\/actualites\/nouvelles-du-transfert-de-man-united-danny-welbeck-commente-les-speculations-sur-le-retour-dold-trafford\/#article\",\"isPartOf\":{\"@id\":\"https:\/\/footdavant.fr\/actualites\/nouvelles-du-transfert-de-man-united-danny-welbeck-commente-les-speculations-sur-le-retour-dold-trafford\/\"},\"author\":{\"name\":\"Cl\u00e9ment\",\"@id\":\"https:\/\/footdavant.fr\/actualites\/#\/schema\/person\/bc222566d95871b37e597b3ed3ba5e1d\"},\"headline\":\"Nouvelles du transfert de Man United: Danny Welbeck commente les sp\u00e9culations sur le retour d&#39;Old Trafford\",\"datePublished\":\"2024-11-20T05:48:36+00:00\",\"dateModified\":\"2024-11-20T05:48:37+00:00\",\"mainEntityOfPage\":{\"@id\":\"https:\/\/footdavant.fr\/actualites\/nouvelles-du-transfert-de-man-united-danny-welbeck-commente-les-speculations-sur-le-retour-dold-trafford\/\"},\"wordCount\":478,\"publisher\":{\"@id\":\"https:\/\/footdavant.fr\/actualites\/#organization\"},\"keywords\":[\"commente\",\"d39Old\",\"Danny\",\"les\",\"Man\",\"Nouvelles\",\"retour\",\"sp\u00e9culations\",\"sur\",\"Trafford\",\"transfert\",\"United\",\"Welbeck\"],\"articleSection\":[\"Premier League\"],\"inLanguage\":\"fr-FR\"},{\"@type\":\"WebPage\",\"@id\":\"https:\/\/footdavant.fr\/actualites\/nouvelles-du-transfert-de-man-united-danny-welbeck-commente-les-speculations-sur-le-retour-dold-trafford\/\",\"url\":\"https:\/\/footdavant.fr\/actualites\/nouvelles-du-transfert-de-man-united-danny-welbeck-commente-les-speculations-sur-le-retour-dold-trafford\/\",\"name\":\"Nouvelles du transfert de Man United: Danny Welbeck commente les sp\u00e9culations sur le retour d&#39;Old Trafford\",\"isPartOf\":{\"@id\":\"https:\/\/footdavant.fr\/actualites\/#website\"},\"datePublished\":\"2024-11-20T05:48:36+00:00\",\"dateModified\":\"2024-11-20T05:48:37+00:00\",\"breadcrumb\":{\"@id\":\"https:\/\/footdavant.fr\/actualites\/nouvelles-du-transfert-de-man-united-danny-welbeck-commente-les-speculations-sur-le-retour-dold-trafford\/#breadcrumb\"},\"inLanguage\":\"fr-FR\",\"potentialAction\":[{\"@type\":\"ReadAction\",\"target\":[\"https:\/\/footdavant.fr\/actualites\/nouvelles-du-transfert-de-man-united-danny-welbeck-commente-les-speculations-sur-le-retour-dold-trafford\/\"]}]},{\"@type\":\"BreadcrumbList\",\"@id\":\"https:\/\/footdavant.fr\/actualites\/nouvelles-du-transfert-de-man-united-danny-welbeck-commente-les-speculations-sur-le-retour-dold-trafford\/#breadcrumb\",\"itemListElement\":[{\"@type\":\"ListItem\",\"position\":1,\"name\":\"Accueil\",\"item\":\"https:\/\/footdavant.fr\/actualites\/\"},{\"@type\":\"ListItem\",\"position\":2,\"name\":\"Nouvelles du transfert de Man United: Danny Welbeck commente les sp\u00e9culations sur le retour d&#39;Old Trafford\"}]},{\"@type\":\"WebSite\",\"@id\":\"https:\/\/footdavant.fr\/actualites\/#website\",\"url\":\"https:\/\/footdavant.fr\/actualites\/\",\"name\":\"Foot d'avant\",\"description\":\"\",\"publisher\":{\"@id\":\"https:\/\/footdavant.fr\/actualites\/#organization\"},\"potentialAction\":[{\"@type\":\"SearchAction\",\"target\":{\"@type\":\"EntryPoint\",\"urlTemplate\":\"https:\/\/footdavant.fr\/actualites\/?s={search_term_string}\"},\"query-input\":\"required name=search_term_string\"}],\"inLanguage\":\"fr-FR\"},{\"@type\":\"Organization\",\"@id\":\"https:\/\/footdavant.fr\/actualites\/#organization\",\"name\":\"Foot d'avant\",\"url\":\"https:\/\/footdavant.fr\/actualites\/\",\"logo\":{\"@type\":\"ImageObject\",\"inLanguage\":\"fr-FR\",\"@id\":\"https:\/\/footdavant.fr\/actualites\/#\/schema\/logo\/image\/\",\"url\":\"https:\/\/footdavant.fr\/actualites\/wp-content\/uploads\/2023\/09\/Copy-of-FootDavant-Logo.png\",\"contentUrl\":\"https:\/\/footdavant.fr\/actualites\/wp-content\/uploads\/2023\/09\/Copy-of-FootDavant-Logo.png\",\"width\":936,\"height\":549,\"caption\":\"Foot d'avant\"},\"image\":{\"@id\":\"https:\/\/footdavant.fr\/actualites\/#\/schema\/logo\/image\/\"},\"sameAs\":[\"https:\/\/www.facebook.com\/Footdavant\/\",\"https:\/\/twitter.com\/FootdavantFr\",\"https:\/\/www.instagram.com\/footdavant.fr\/\"]},{\"@type\":\"Person\",\"@id\":\"https:\/\/footdavant.fr\/actualites\/#\/schema\/person\/bc222566d95871b37e597b3ed3ba5e1d\",\"name\":\"Cl\u00e9ment\",\"image\":{\"@type\":\"ImageObject\",\"inLanguage\":\"fr-FR\",\"@id\":\"https:\/\/footdavant.fr\/actualites\/#\/schema\/person\/image\/\",\"url\":\"https:\/\/secure.gravatar.com\/avatar\/7728b29aac2719421e1a9159b2254c44?s=96&d=mm&r=g\",\"contentUrl\":\"https:\/\/secure.gravatar.com\/avatar\/7728b29aac2719421e1a9159b2254c44?s=96&d=mm&r=g\",\"caption\":\"Cl\u00e9ment\"},\"sameAs\":[\"https:\/\/footdavant.fr\/\"]}]}<\/script>\n<!-- \/ Yoast SEO plugin. -->","yoast_head_json":{"title":"Nouvelles du transfert de Man United: Danny Welbeck commente les sp\u00e9culations sur le retour d&#39;Old Trafford","robots":{"index":"index","follow":"follow","max-snippet":"max-snippet:-1","max-image-preview":"max-image-preview:large","max-video-preview":"max-video-preview:-1"},"canonical":"https:\/\/footdavant.fr\/actualites\/nouvelles-du-transfert-de-man-united-danny-welbeck-commente-les-speculations-sur-le-retour-dold-trafford\/","og_locale":"fr_FR","og_type":"article","og_title":"Nouvelles du transfert de Man United: Danny Welbeck commente les sp\u00e9culations sur le retour d&#39;Old Trafford","og_description":"L&#39;attaquant de Brighton &#038; Hove Albion, Danny Welbeck, commente les sp\u00e9culations sugg\u00e9rant qu&#39;il \u00e9tait une option pour Manchester United l&#39;\u00e9t\u00e9 dernier. Brighton et Hove Albion","og_url":"https:\/\/footdavant.fr\/actualites\/nouvelles-du-transfert-de-man-united-danny-welbeck-commente-les-speculations-sur-le-retour-dold-trafford\/","og_site_name":"Foot d&#039;avant","article_publisher":"https:\/\/www.facebook.com\/Footdavant\/","article_published_time":"2024-11-20T05:48:36+00:00","article_modified_time":"2024-11-20T05:48:37+00:00","og_image":[{"width":640,"height":480,"url":"https:\/\/footdavant.fr\/actualites\/wp-content\/uploads\/2024\/11\/Nouvelles-du-transfert-de-Man-United-Danny-Welbeck-commente-les.jpg","type":"image\/jpeg"}],"author":"Cl\u00e9ment","twitter_card":"summary_large_image","twitter_creator":"@FootdavantFr","twitter_site":"@FootdavantFr","twitter_misc":{"\u00c9crit par":"Cl\u00e9ment","Dur\u00e9e de lecture estim\u00e9e":"2 minutes"},"schema":{"@context":"https:\/\/schema.org","@graph":[{"@type":"Article","@id":"https:\/\/footdavant.fr\/actualites\/nouvelles-du-transfert-de-man-united-danny-welbeck-commente-les-speculations-sur-le-retour-dold-trafford\/#article","isPartOf":{"@id":"https:\/\/footdavant.fr\/actualites\/nouvelles-du-transfert-de-man-united-danny-welbeck-commente-les-speculations-sur-le-retour-dold-trafford\/"},"author":{"name":"Cl\u00e9ment","@id":"https:\/\/footdavant.fr\/actualites\/#\/schema\/person\/bc222566d95871b37e597b3ed3ba5e1d"},"headline":"Nouvelles du transfert de Man United: Danny Welbeck commente les sp\u00e9culations sur le retour d&#39;Old Trafford","datePublished":"2024-11-20T05:48:36+00:00","dateModified":"2024-11-20T05:48:37+00:00","mainEntityOfPage":{"@id":"https:\/\/footdavant.fr\/actualites\/nouvelles-du-transfert-de-man-united-danny-welbeck-commente-les-speculations-sur-le-retour-dold-trafford\/"},"wordCount":478,"publisher":{"@id":"https:\/\/footdavant.fr\/actualites\/#organization"},"keywords":["commente","d39Old","Danny","les","Man","Nouvelles","retour","sp\u00e9culations","sur","Trafford","transfert","United","Welbeck"],"articleSection":["Premier League"],"inLanguage":"fr-FR"},{"@type":"WebPage","@id":"https:\/\/footdavant.fr\/actualites\/nouvelles-du-transfert-de-man-united-danny-welbeck-commente-les-speculations-sur-le-retour-dold-trafford\/","url":"https:\/\/footdavant.fr\/actualites\/nouvelles-du-transfert-de-man-united-danny-welbeck-commente-les-speculations-sur-le-retour-dold-trafford\/","name":"Nouvelles du transfert de Man United: Danny Welbeck commente les sp\u00e9culations sur le retour d&#39;Old Trafford","isPartOf":{"@id":"https:\/\/footdavant.fr\/actualites\/#website"},"datePublished":"2024-11-20T05:48:36+00:00","dateModified":"2024-11-20T05:48:37+00:00","breadcrumb":{"@id":"https:\/\/footdavant.fr\/actualites\/nouvelles-du-transfert-de-man-united-danny-welbeck-commente-les-speculations-sur-le-retour-dold-trafford\/#breadcrumb"},"inLanguage":"fr-FR","potentialAction":[{"@type":"ReadAction","target":["https:\/\/footdavant.fr\/actualites\/nouvelles-du-transfert-de-man-united-danny-welbeck-commente-les-speculations-sur-le-retour-dold-trafford\/"]}]},{"@type":"BreadcrumbList","@id":"https:\/\/footdavant.fr\/actualites\/nouvelles-du-transfert-de-man-united-danny-welbeck-commente-les-speculations-sur-le-retour-dold-trafford\/#breadcrumb","itemListElement":[{"@type":"ListItem","position":1,"name":"Accueil","item":"https:\/\/footdavant.fr\/actualites\/"},{"@type":"ListItem","position":2,"name":"Nouvelles du transfert de Man United: Danny Welbeck commente les sp\u00e9culations sur le retour d&#39;Old Trafford"}]},{"@type":"WebSite","@id":"https:\/\/footdavant.fr\/actualites\/#website","url":"https:\/\/footdavant.fr\/actualites\/","name":"Foot d'avant","description":"","publisher":{"@id":"https:\/\/footdavant.fr\/actualites\/#organization"},"potentialAction":[{"@type":"SearchAction","target":{"@type":"EntryPoint","urlTemplate":"https:\/\/footdavant.fr\/actualites\/?s={search_term_string}"},"query-input":"required name=search_term_string"}],"inLanguage":"fr-FR"},{"@type":"Organization","@id":"https:\/\/footdavant.fr\/actualites\/#organization","name":"Foot d'avant","url":"https:\/\/footdavant.fr\/actualites\/","logo":{"@type":"ImageObject","inLanguage":"fr-FR","@id":"https:\/\/footdavant.fr\/actualites\/#\/schema\/logo\/image\/","url":"https:\/\/footdavant.fr\/actualites\/wp-content\/uploads\/2023\/09\/Copy-of-FootDavant-Logo.png","contentUrl":"https:\/\/footdavant.fr\/actualites\/wp-content\/uploads\/2023\/09\/Copy-of-FootDavant-Logo.png","width":936,"height":549,"caption":"Foot d'avant"},"image":{"@id":"https:\/\/footdavant.fr\/actualites\/#\/schema\/logo\/image\/"},"sameAs":["https:\/\/www.facebook.com\/Footdavant\/","https:\/\/twitter.com\/FootdavantFr","https:\/\/www.instagram.com\/footdavant.fr\/"]},{"@type":"Person","@id":"https:\/\/footdavant.fr\/actualites\/#\/schema\/person\/bc222566d95871b37e597b3ed3ba5e1d","name":"Cl\u00e9ment","image":{"@type":"ImageObject","inLanguage":"fr-FR","@id":"https:\/\/footdavant.fr\/actualites\/#\/schema\/person\/image\/","url":"https:\/\/secure.gravatar.com\/avatar\/7728b29aac2719421e1a9159b2254c44?s=96&d=mm&r=g","contentUrl":"https:\/\/secure.gravatar.com\/avatar\/7728b29aac2719421e1a9159b2254c44?s=96&d=mm&r=g","caption":"Cl\u00e9ment"},"sameAs":["https:\/\/footdavant.fr\/"]}]}},"_links":{"self":[{"href":"https:\/\/footdavant.fr\/actualites\/wp-json\/wp\/v2\/posts\/16405"}],"collection":[{"href":"https:\/\/footdavant.fr\/actualites\/wp-json\/wp\/v2\/posts"}],"about":[{"href":"https:\/\/footdavant.fr\/actualites\/wp-json\/wp\/v2\/types\/post"}],"author":[{"embeddable":true,"href":"https:\/\/footdavant.fr\/actualites\/wp-json\/wp\/v2\/users\/1"}],"replies":[{"embeddable":true,"href":"https:\/\/footdavant.fr\/actualites\/wp-json\/wp\/v2\/comments?post=16405"}],"version-history":[{"count":1,"href":"https:\/\/footdavant.fr\/actualites\/wp-json\/wp\/v2\/posts\/16405\/revisions"}],"predecessor-version":[{"id":16407,"href":"https:\/\/footdavant.fr\/actualites\/wp-json\/wp\/v2\/posts\/16405\/revisions\/16407"}],"wp:featuredmedia":[{"embeddable":true,"href":"https:\/\/footdavant.fr\/actualites\/wp-json\/wp\/v2\/media\/16406"}],"wp:attachment":[{"href":"https:\/\/footdavant.fr\/actualites\/wp-json\/wp\/v2\/media?parent=16405"}],"wp:term":[{"taxonomy":"category","embeddable":true,"href":"https:\/\/footdavant.fr\/actualites\/wp-json\/wp\/v2\/categories?post=16405"},{"taxonomy":"post_tag","embeddable":true,"href":"https:\/\/footdavant.fr\/actualites\/wp-json\/wp\/v2\/tags?post=16405"}],"curies":[{"name":"wp","href":"https:\/\/api.w.org\/{rel}","templated":true}]}}