{"id":16408,"date":"2024-11-20T08:48:01","date_gmt":"2024-11-20T07:48:01","guid":{"rendered":"https:\/\/footdavant.fr\/actualites\/jake-paul-repond-a-lappel-de-daniel-dubois-avec-une-reponse-effrontee\/"},"modified":"2024-11-20T08:48:02","modified_gmt":"2024-11-20T07:48:02","slug":"jake-paul-repond-a-lappel-de-daniel-dubois-avec-une-reponse-effrontee","status":"publish","type":"post","link":"https:\/\/footdavant.fr\/actualites\/jake-paul-repond-a-lappel-de-daniel-dubois-avec-une-reponse-effrontee\/","title":{"rendered":"Jake Paul r\u00e9pond \u00e0 l&#39;appel de Daniel Dubois avec une r\u00e9ponse effront\u00e9e"},"content":{"rendered":"<div>\n<h2>Daniel Dubois interpelle Jake Paul<\/h2>\n<p>Jake Paul a battu Mike Tyson au Texas il y a \u00e0 peine quatre jours, mais il semble qu&#39;il ait d\u00e9j\u00e0 trouv\u00e9 un nouvel adversaire avec l&#39;actuel champion du monde des poids lourds, Daniel Dubois, appelant \u00ab\u00a0The Problem Child\u00a0\u00bb.<\/p>\n<p>Le joueur de 27 ans a domin\u00e9 \u00ab\u00a0Iron Mike\u00a0\u00bb vendredi soir et il a admis plus tard qu&#39;il avait pris les choses en douceur lors des tours suivants, car Paul n&#39;avait pas l&#39;intention de blesser Tyson, bless\u00e9.<\/p>\n<p>Imm\u00e9diatement apr\u00e8s sa victoire, Paul a appel\u00e9 Canelo Alvarez pour son prochain combat qui poursuivrait son th\u00e8me de combattre les boxeurs au-del\u00e0 de leur apog\u00e9e.<\/p>\n<p>Mais Daniel Dubois est d\u00e9finitivement dans la fleur de l&#39;\u00e2ge et l&#39;actuel champion des poids lourds serait un adversaire coriace pour Problem Child, qui a re\u00e7u des critiques sur la qualit\u00e9 et l&#39;\u00e2ge de son adversaire pr\u00e9c\u00e9dent.<\/p>\n<p>Dubois a f\u00e9licit\u00e9 Paul pour sa victoire sur Mike Tyson, avant de l&#39;interpeller officiellement sur la plus grande sc\u00e8ne<\/p>\n<p>\u00ab\u00a0Salut Jake, bonnes affaires le week-end. Mais que ressentiriez-vous en vous battant pour le championnat l\u00e9gitime des poids lourds du monde ?<\/p>\n<blockquote class=\"twitter-tweet\">\n<p dir=\"ltr\" lang=\"en\">Le champion du monde des poids lourds Daniel Dubois a interpell\u00e9 Jake Paul \ud83d\ude33 <a rel=\"nofollow\" href=\"https:\/\/t.co\/vDXNFMOqvU\">pic.twitter.com\/vDXNFMOqvU<\/a><\/p>\n<p>\u2013 ESPN Royaume-Uni (@ESPNUK) <a rel=\"nofollow\" href=\"https:\/\/twitter.com\/ESPNUK\/status\/1858832200260632867?ref_src=twsrc%5Etfw\">19 novembre 2024<\/a><\/p>\n<\/blockquote>\n<p>\u00ab\u00a0C&#39;est Daniel Dubois qui vous appelle, maintenant allons-y.\u00a0\u00bb<\/p>\n<p>Mais bien que Dubois ait plus d&#39;exp\u00e9rience que tous les adversaires pr\u00e9c\u00e9dents de Paul, il ne semble pas trop mis en phase par le Britannique et il r\u00e9pond avec insolence.<\/p>\n<p>\u00ab Il a plus de 100 combats entre amateurs et professionnels et s\u2019est battu sur mon undercard hahaha.<\/p>\n<p>\u00ab\u00a0Mais merde, je vais avoir Nakisa [Bidarian, Paul\u2019s advisor] parler \u00e0 Frankie Warren [Dubois\u2019 promoter] et faites la queue pour le tr\u00f4ne.<\/p>\n<p>\u00ab Contrairement \u00e0 Artur [Beterbiev]au moins tu as quelques milliers de fans.<\/p>\n<p>Avec Paul demandant d&#39;impliquer \u00ab Frankie \u00bb Warren, il y a de r\u00e9elles chances que le combat se mat\u00e9rialise l&#39;ann\u00e9e prochaine et nous verrons enfin le record de Paul test\u00e9 par un challenger s\u00e9rieux.<\/p>\n<\/p><\/div>\n<p><script async src=\"https:\/\/platform.twitter.com\/widgets.js\" charset=\"utf-8\"><\/script><\/p>\n","protected":false},"excerpt":{"rendered":"<p>Daniel Dubois interpelle Jake Paul Jake Paul a battu Mike Tyson au Texas il y a \u00e0 peine quatre jours, mais il semble qu&#39;il ait<\/p>\n","protected":false},"author":1,"featured_media":16409,"comment_status":"closed","ping_status":"","sticky":false,"template":"","format":"standard","meta":{"footnotes":""},"categories":[3],"tags":[91,4151,6497,2007,2254,5399,873,304,2005,92],"yoast_head":"<!-- This site is optimized with the Yoast SEO plugin v21.0 - https:\/\/yoast.com\/wordpress\/plugins\/seo\/ -->\n<title>Jake Paul r\u00e9pond \u00e0 l&#039;appel de Daniel Dubois avec une r\u00e9ponse effront\u00e9e<\/title>\n<meta name=\"robots\" content=\"index, follow, max-snippet:-1, max-image-preview:large, max-video-preview:-1\" \/>\n<link rel=\"canonical\" href=\"https:\/\/footdavant.fr\/actualites\/jake-paul-repond-a-lappel-de-daniel-dubois-avec-une-reponse-effrontee\/\" \/>\n<meta property=\"og:locale\" content=\"fr_FR\" \/>\n<meta property=\"og:type\" content=\"article\" \/>\n<meta property=\"og:title\" content=\"Jake Paul r\u00e9pond \u00e0 l&#039;appel de Daniel Dubois avec une r\u00e9ponse effront\u00e9e\" \/>\n<meta property=\"og:description\" content=\"Daniel Dubois interpelle Jake Paul Jake Paul a battu Mike Tyson au Texas il y a \u00e0 peine quatre jours, mais il semble qu&#039;il ait\" \/>\n<meta property=\"og:url\" content=\"https:\/\/footdavant.fr\/actualites\/jake-paul-repond-a-lappel-de-daniel-dubois-avec-une-reponse-effrontee\/\" \/>\n<meta property=\"og:site_name\" content=\"Foot d&#039;avant\" \/>\n<meta property=\"article:publisher\" content=\"https:\/\/www.facebook.com\/Footdavant\/\" \/>\n<meta property=\"article:published_time\" content=\"2024-11-20T07:48:01+00:00\" \/>\n<meta property=\"article:modified_time\" content=\"2024-11-20T07:48:02+00:00\" \/>\n<meta property=\"og:image\" content=\"https:\/\/footdavant.fr\/actualites\/wp-content\/uploads\/2024\/11\/Jake-Paul-repond-a-l39appel-de-Daniel-Dubois-avec-une.jpg\" \/>\n\t<meta property=\"og:image:width\" content=\"696\" \/>\n\t<meta property=\"og:image:height\" content=\"429\" \/>\n\t<meta property=\"og:image:type\" content=\"image\/jpeg\" \/>\n<meta name=\"author\" content=\"Cl\u00e9ment\" \/>\n<meta name=\"twitter:card\" content=\"summary_large_image\" \/>\n<meta name=\"twitter:creator\" content=\"@FootdavantFr\" \/>\n<meta name=\"twitter:site\" content=\"@FootdavantFr\" \/>\n<meta name=\"twitter:label1\" content=\"\u00c9crit par\" \/>\n\t<meta name=\"twitter:data1\" content=\"Cl\u00e9ment\" \/>\n\t<meta name=\"twitter:label2\" content=\"Dur\u00e9e de lecture estim\u00e9e\" \/>\n\t<meta name=\"twitter:data2\" content=\"2 minutes\" \/>\n<script type=\"application\/ld+json\" class=\"yoast-schema-graph\">{\"@context\":\"https:\/\/schema.org\",\"@graph\":[{\"@type\":\"Article\",\"@id\":\"https:\/\/footdavant.fr\/actualites\/jake-paul-repond-a-lappel-de-daniel-dubois-avec-une-reponse-effrontee\/#article\",\"isPartOf\":{\"@id\":\"https:\/\/footdavant.fr\/actualites\/jake-paul-repond-a-lappel-de-daniel-dubois-avec-une-reponse-effrontee\/\"},\"author\":{\"name\":\"Cl\u00e9ment\",\"@id\":\"https:\/\/footdavant.fr\/actualites\/#\/schema\/person\/bc222566d95871b37e597b3ed3ba5e1d\"},\"headline\":\"Jake Paul r\u00e9pond \u00e0 l&#39;appel de Daniel Dubois avec une r\u00e9ponse effront\u00e9e\",\"datePublished\":\"2024-11-20T07:48:01+00:00\",\"dateModified\":\"2024-11-20T07:48:02+00:00\",\"mainEntityOfPage\":{\"@id\":\"https:\/\/footdavant.fr\/actualites\/jake-paul-repond-a-lappel-de-daniel-dubois-avec-une-reponse-effrontee\/\"},\"wordCount\":371,\"publisher\":{\"@id\":\"https:\/\/footdavant.fr\/actualites\/#organization\"},\"keywords\":[\"avec\",\"Daniel\",\"Dubois\",\"effront\u00e9e\",\"Jake\",\"l39appel\",\"Paul\",\"r\u00e9pond\",\"r\u00e9ponse\",\"une\"],\"articleSection\":[\"Football\"],\"inLanguage\":\"fr-FR\"},{\"@type\":\"WebPage\",\"@id\":\"https:\/\/footdavant.fr\/actualites\/jake-paul-repond-a-lappel-de-daniel-dubois-avec-une-reponse-effrontee\/\",\"url\":\"https:\/\/footdavant.fr\/actualites\/jake-paul-repond-a-lappel-de-daniel-dubois-avec-une-reponse-effrontee\/\",\"name\":\"Jake Paul r\u00e9pond \u00e0 l&#39;appel de Daniel Dubois avec une r\u00e9ponse effront\u00e9e\",\"isPartOf\":{\"@id\":\"https:\/\/footdavant.fr\/actualites\/#website\"},\"datePublished\":\"2024-11-20T07:48:01+00:00\",\"dateModified\":\"2024-11-20T07:48:02+00:00\",\"breadcrumb\":{\"@id\":\"https:\/\/footdavant.fr\/actualites\/jake-paul-repond-a-lappel-de-daniel-dubois-avec-une-reponse-effrontee\/#breadcrumb\"},\"inLanguage\":\"fr-FR\",\"potentialAction\":[{\"@type\":\"ReadAction\",\"target\":[\"https:\/\/footdavant.fr\/actualites\/jake-paul-repond-a-lappel-de-daniel-dubois-avec-une-reponse-effrontee\/\"]}]},{\"@type\":\"BreadcrumbList\",\"@id\":\"https:\/\/footdavant.fr\/actualites\/jake-paul-repond-a-lappel-de-daniel-dubois-avec-une-reponse-effrontee\/#breadcrumb\",\"itemListElement\":[{\"@type\":\"ListItem\",\"position\":1,\"name\":\"Accueil\",\"item\":\"https:\/\/footdavant.fr\/actualites\/\"},{\"@type\":\"ListItem\",\"position\":2,\"name\":\"Jake Paul r\u00e9pond \u00e0 l&#39;appel de Daniel Dubois avec une r\u00e9ponse effront\u00e9e\"}]},{\"@type\":\"WebSite\",\"@id\":\"https:\/\/footdavant.fr\/actualites\/#website\",\"url\":\"https:\/\/footdavant.fr\/actualites\/\",\"name\":\"Foot d'avant\",\"description\":\"\",\"publisher\":{\"@id\":\"https:\/\/footdavant.fr\/actualites\/#organization\"},\"potentialAction\":[{\"@type\":\"SearchAction\",\"target\":{\"@type\":\"EntryPoint\",\"urlTemplate\":\"https:\/\/footdavant.fr\/actualites\/?s={search_term_string}\"},\"query-input\":\"required name=search_term_string\"}],\"inLanguage\":\"fr-FR\"},{\"@type\":\"Organization\",\"@id\":\"https:\/\/footdavant.fr\/actualites\/#organization\",\"name\":\"Foot d'avant\",\"url\":\"https:\/\/footdavant.fr\/actualites\/\",\"logo\":{\"@type\":\"ImageObject\",\"inLanguage\":\"fr-FR\",\"@id\":\"https:\/\/footdavant.fr\/actualites\/#\/schema\/logo\/image\/\",\"url\":\"https:\/\/footdavant.fr\/actualites\/wp-content\/uploads\/2023\/09\/Copy-of-FootDavant-Logo.png\",\"contentUrl\":\"https:\/\/footdavant.fr\/actualites\/wp-content\/uploads\/2023\/09\/Copy-of-FootDavant-Logo.png\",\"width\":936,\"height\":549,\"caption\":\"Foot d'avant\"},\"image\":{\"@id\":\"https:\/\/footdavant.fr\/actualites\/#\/schema\/logo\/image\/\"},\"sameAs\":[\"https:\/\/www.facebook.com\/Footdavant\/\",\"https:\/\/twitter.com\/FootdavantFr\",\"https:\/\/www.instagram.com\/footdavant.fr\/\"]},{\"@type\":\"Person\",\"@id\":\"https:\/\/footdavant.fr\/actualites\/#\/schema\/person\/bc222566d95871b37e597b3ed3ba5e1d\",\"name\":\"Cl\u00e9ment\",\"image\":{\"@type\":\"ImageObject\",\"inLanguage\":\"fr-FR\",\"@id\":\"https:\/\/footdavant.fr\/actualites\/#\/schema\/person\/image\/\",\"url\":\"https:\/\/secure.gravatar.com\/avatar\/7728b29aac2719421e1a9159b2254c44?s=96&d=mm&r=g\",\"contentUrl\":\"https:\/\/secure.gravatar.com\/avatar\/7728b29aac2719421e1a9159b2254c44?s=96&d=mm&r=g\",\"caption\":\"Cl\u00e9ment\"},\"sameAs\":[\"https:\/\/footdavant.fr\/\"]}]}<\/script>\n<!-- \/ Yoast SEO plugin. -->","yoast_head_json":{"title":"Jake Paul r\u00e9pond \u00e0 l&#39;appel de Daniel Dubois avec une r\u00e9ponse effront\u00e9e","robots":{"index":"index","follow":"follow","max-snippet":"max-snippet:-1","max-image-preview":"max-image-preview:large","max-video-preview":"max-video-preview:-1"},"canonical":"https:\/\/footdavant.fr\/actualites\/jake-paul-repond-a-lappel-de-daniel-dubois-avec-une-reponse-effrontee\/","og_locale":"fr_FR","og_type":"article","og_title":"Jake Paul r\u00e9pond \u00e0 l&#39;appel de Daniel Dubois avec une r\u00e9ponse effront\u00e9e","og_description":"Daniel Dubois interpelle Jake Paul Jake Paul a battu Mike Tyson au Texas il y a \u00e0 peine quatre jours, mais il semble qu&#39;il ait","og_url":"https:\/\/footdavant.fr\/actualites\/jake-paul-repond-a-lappel-de-daniel-dubois-avec-une-reponse-effrontee\/","og_site_name":"Foot d&#039;avant","article_publisher":"https:\/\/www.facebook.com\/Footdavant\/","article_published_time":"2024-11-20T07:48:01+00:00","article_modified_time":"2024-11-20T07:48:02+00:00","og_image":[{"width":696,"height":429,"url":"https:\/\/footdavant.fr\/actualites\/wp-content\/uploads\/2024\/11\/Jake-Paul-repond-a-l39appel-de-Daniel-Dubois-avec-une.jpg","type":"image\/jpeg"}],"author":"Cl\u00e9ment","twitter_card":"summary_large_image","twitter_creator":"@FootdavantFr","twitter_site":"@FootdavantFr","twitter_misc":{"\u00c9crit par":"Cl\u00e9ment","Dur\u00e9e de lecture estim\u00e9e":"2 minutes"},"schema":{"@context":"https:\/\/schema.org","@graph":[{"@type":"Article","@id":"https:\/\/footdavant.fr\/actualites\/jake-paul-repond-a-lappel-de-daniel-dubois-avec-une-reponse-effrontee\/#article","isPartOf":{"@id":"https:\/\/footdavant.fr\/actualites\/jake-paul-repond-a-lappel-de-daniel-dubois-avec-une-reponse-effrontee\/"},"author":{"name":"Cl\u00e9ment","@id":"https:\/\/footdavant.fr\/actualites\/#\/schema\/person\/bc222566d95871b37e597b3ed3ba5e1d"},"headline":"Jake Paul r\u00e9pond \u00e0 l&#39;appel de Daniel Dubois avec une r\u00e9ponse effront\u00e9e","datePublished":"2024-11-20T07:48:01+00:00","dateModified":"2024-11-20T07:48:02+00:00","mainEntityOfPage":{"@id":"https:\/\/footdavant.fr\/actualites\/jake-paul-repond-a-lappel-de-daniel-dubois-avec-une-reponse-effrontee\/"},"wordCount":371,"publisher":{"@id":"https:\/\/footdavant.fr\/actualites\/#organization"},"keywords":["avec","Daniel","Dubois","effront\u00e9e","Jake","l39appel","Paul","r\u00e9pond","r\u00e9ponse","une"],"articleSection":["Football"],"inLanguage":"fr-FR"},{"@type":"WebPage","@id":"https:\/\/footdavant.fr\/actualites\/jake-paul-repond-a-lappel-de-daniel-dubois-avec-une-reponse-effrontee\/","url":"https:\/\/footdavant.fr\/actualites\/jake-paul-repond-a-lappel-de-daniel-dubois-avec-une-reponse-effrontee\/","name":"Jake Paul r\u00e9pond \u00e0 l&#39;appel de Daniel Dubois avec une r\u00e9ponse effront\u00e9e","isPartOf":{"@id":"https:\/\/footdavant.fr\/actualites\/#website"},"datePublished":"2024-11-20T07:48:01+00:00","dateModified":"2024-11-20T07:48:02+00:00","breadcrumb":{"@id":"https:\/\/footdavant.fr\/actualites\/jake-paul-repond-a-lappel-de-daniel-dubois-avec-une-reponse-effrontee\/#breadcrumb"},"inLanguage":"fr-FR","potentialAction":[{"@type":"ReadAction","target":["https:\/\/footdavant.fr\/actualites\/jake-paul-repond-a-lappel-de-daniel-dubois-avec-une-reponse-effrontee\/"]}]},{"@type":"BreadcrumbList","@id":"https:\/\/footdavant.fr\/actualites\/jake-paul-repond-a-lappel-de-daniel-dubois-avec-une-reponse-effrontee\/#breadcrumb","itemListElement":[{"@type":"ListItem","position":1,"name":"Accueil","item":"https:\/\/footdavant.fr\/actualites\/"},{"@type":"ListItem","position":2,"name":"Jake Paul r\u00e9pond \u00e0 l&#39;appel de Daniel Dubois avec une r\u00e9ponse effront\u00e9e"}]},{"@type":"WebSite","@id":"https:\/\/footdavant.fr\/actualites\/#website","url":"https:\/\/footdavant.fr\/actualites\/","name":"Foot d'avant","description":"","publisher":{"@id":"https:\/\/footdavant.fr\/actualites\/#organization"},"potentialAction":[{"@type":"SearchAction","target":{"@type":"EntryPoint","urlTemplate":"https:\/\/footdavant.fr\/actualites\/?s={search_term_string}"},"query-input":"required name=search_term_string"}],"inLanguage":"fr-FR"},{"@type":"Organization","@id":"https:\/\/footdavant.fr\/actualites\/#organization","name":"Foot d'avant","url":"https:\/\/footdavant.fr\/actualites\/","logo":{"@type":"ImageObject","inLanguage":"fr-FR","@id":"https:\/\/footdavant.fr\/actualites\/#\/schema\/logo\/image\/","url":"https:\/\/footdavant.fr\/actualites\/wp-content\/uploads\/2023\/09\/Copy-of-FootDavant-Logo.png","contentUrl":"https:\/\/footdavant.fr\/actualites\/wp-content\/uploads\/2023\/09\/Copy-of-FootDavant-Logo.png","width":936,"height":549,"caption":"Foot d'avant"},"image":{"@id":"https:\/\/footdavant.fr\/actualites\/#\/schema\/logo\/image\/"},"sameAs":["https:\/\/www.facebook.com\/Footdavant\/","https:\/\/twitter.com\/FootdavantFr","https:\/\/www.instagram.com\/footdavant.fr\/"]},{"@type":"Person","@id":"https:\/\/footdavant.fr\/actualites\/#\/schema\/person\/bc222566d95871b37e597b3ed3ba5e1d","name":"Cl\u00e9ment","image":{"@type":"ImageObject","inLanguage":"fr-FR","@id":"https:\/\/footdavant.fr\/actualites\/#\/schema\/person\/image\/","url":"https:\/\/secure.gravatar.com\/avatar\/7728b29aac2719421e1a9159b2254c44?s=96&d=mm&r=g","contentUrl":"https:\/\/secure.gravatar.com\/avatar\/7728b29aac2719421e1a9159b2254c44?s=96&d=mm&r=g","caption":"Cl\u00e9ment"},"sameAs":["https:\/\/footdavant.fr\/"]}]}},"_links":{"self":[{"href":"https:\/\/footdavant.fr\/actualites\/wp-json\/wp\/v2\/posts\/16408"}],"collection":[{"href":"https:\/\/footdavant.fr\/actualites\/wp-json\/wp\/v2\/posts"}],"about":[{"href":"https:\/\/footdavant.fr\/actualites\/wp-json\/wp\/v2\/types\/post"}],"author":[{"embeddable":true,"href":"https:\/\/footdavant.fr\/actualites\/wp-json\/wp\/v2\/users\/1"}],"replies":[{"embeddable":true,"href":"https:\/\/footdavant.fr\/actualites\/wp-json\/wp\/v2\/comments?post=16408"}],"version-history":[{"count":1,"href":"https:\/\/footdavant.fr\/actualites\/wp-json\/wp\/v2\/posts\/16408\/revisions"}],"predecessor-version":[{"id":16410,"href":"https:\/\/footdavant.fr\/actualites\/wp-json\/wp\/v2\/posts\/16408\/revisions\/16410"}],"wp:featuredmedia":[{"embeddable":true,"href":"https:\/\/footdavant.fr\/actualites\/wp-json\/wp\/v2\/media\/16409"}],"wp:attachment":[{"href":"https:\/\/footdavant.fr\/actualites\/wp-json\/wp\/v2\/media?parent=16408"}],"wp:term":[{"taxonomy":"category","embeddable":true,"href":"https:\/\/footdavant.fr\/actualites\/wp-json\/wp\/v2\/categories?post=16408"},{"taxonomy":"post_tag","embeddable":true,"href":"https:\/\/footdavant.fr\/actualites\/wp-json\/wp\/v2\/tags?post=16408"}],"curies":[{"name":"wp","href":"https:\/\/api.w.org\/{rel}","templated":true}]}}