{"id":16411,"date":"2024-11-20T10:48:01","date_gmt":"2024-11-20T09:48:01","guid":{"rendered":"https:\/\/footdavant.fr\/actualites\/nouvelles-du-transfert-de-leicester-city-les-foxes-se-lancent-dans-la-course-a-quatre-chevaux-pour-lattaquant-du-bayern-munich\/"},"modified":"2024-11-20T10:48:02","modified_gmt":"2024-11-20T09:48:02","slug":"nouvelles-du-transfert-de-leicester-city-les-foxes-se-lancent-dans-la-course-a-quatre-chevaux-pour-lattaquant-du-bayern-munich","status":"publish","type":"post","link":"https:\/\/footdavant.fr\/actualites\/nouvelles-du-transfert-de-leicester-city-les-foxes-se-lancent-dans-la-course-a-quatre-chevaux-pour-lattaquant-du-bayern-munich\/","title":{"rendered":"Nouvelles du transfert de Leicester City : les Foxes se lancent dans la course \u00e0 quatre chevaux pour l&#39;attaquant du Bayern Munich ?"},"content":{"rendered":"<p>Leicester City serait int\u00e9ress\u00e9 par la signature en janvier de Mathys Tel, du Bayern Munich, Nottingham Forest, Crystal Palace et Fulham lorgnant \u00e9galement sur l&#39;ailier.<\/p>\n<div id=\"article_body\" itemprop=\"articleBody\">\n<h3 class=\"firstPara\">\n<strong class=\"autotag\">Leicester City<\/strong> seraient int\u00e9ress\u00e9s \u00e0 signer <strong class=\"autotag\">Bayern Munich<\/strong> enfant <strong class=\"autotag\">Mathys T\u00e9l<\/strong> en janvier.<\/h3>\n<p>Le joueur de 19 ans a d\u00e9j\u00e0 \u00e9t\u00e9 li\u00e9 \u00e0 la Premier League cette saison, avec les voisins des East Midlands des Foxes. <strong class=\"autotag\">For\u00eat de Nottingham<\/strong> on dit aussi qu&#39;il est <strong>passionn\u00e9 par le joueur<\/strong>.<\/p>\n<p>Tel a actuellement du mal \u00e0 gagner du temps de jeu en Bundesliga pour <strong class=\"autotag\">Vincent Kompany<\/strong>cette saison, jouant un total de 112 minutes en quatre matches de championnat.<\/p>\n<p>L&#39;ancienne cible de Manchester United a pris du retard sur des personnalit\u00e9s comme <strong class=\"autotag\">Kingsley Coman<\/strong>, <strong class=\"autotag\">Leroy San\u00e9<\/strong> et <strong class=\"autotag\">Serge Gnabry<\/strong> dans la hi\u00e9rarchie \u00e0 l\u2019Allianz Arena.<\/p>\n<p>Tel \u00e9tait un rempla\u00e7ant inutilis\u00e9 samedi apr\u00e8s-midi, lorsque <strong class=\"autotag\">Harry Kane<\/strong> et compagnie ont accru leur avance au sommet du <strong>Classement de la Bundesliga<\/strong> avec une victoire 1-0 \u00e0 St Pauli, nouvellement promu.<\/p>\n<p class=\"imgI\">\n<h2 class=\"k3\">Leicester et Forest envisagent-ils la star du Bayern Tel avant la fen\u00eatre de janvier ?<\/h2>\n<p>Selon <em>PrisHors-jeu<\/em>quatuor de clubs de Premier League envisagent de s&#39;offrir les services de Tel, l&#39;homme du Bayern Munich, pour la nouvelle ann\u00e9e.<\/p>\n<p>Le rapport affirme que le duo des East Midlands, Leicester et Nottingham Forest, souhaite amener le jeune respectivement au King Power Stadium et au City Ground.<\/p>\n<p>Il semblerait \u00e9galement qu&#39;il y ait un penchant pour Tel dans la capitale anglaise, avec <strong class=\"autotag\">Palais de Cristal<\/strong> et <strong class=\"autotag\">Fulham<\/strong> \u00e9galement int\u00e9ress\u00e9 \u00e0 sceller la signature de T\u00e9l.<\/p>\n<p>En marge de l&#39;\u00e9quipe premi\u00e8re de Kompany en Bavi\u00e8re, le joueur de 19 ans devrait \u00eatre pr\u00eat\u00e9 au club au cours de la fen\u00eatre de janvier.<\/p>\n<p>On pense que Tel reste un \u00e9l\u00e9ment important des projets \u00e0 long terme de Munich, ce qui signifie que la Bundesliga n&#39;envisagera des offres temporaires pour l&#39;ailier qu&#39;en janvier.<\/p>\n<p class=\"imgI\"><img decoding=\"async\" loading=\"lazy\" class=\"l\" src=\"https:\/\/footdavant.fr\/actualites\/wp-content\/uploads\/2024\/11\/1732096081_13_Nouvelles-du-transfert-de-Leicester-City-les-Foxes-se.jpg\" title=\"Oliver Glasner, directeur de Crystal Palace, photographi\u00e9 le 30 octobre 2024\" alt=\"Oliver Glasner, directeur de Crystal Palace, photographi\u00e9 le 30 octobre 2024\" width=\"640\" height=\"480\"><\/p>\n<h2 class=\"k3\">Qui a le plus besoin de Tel\u00a0?<\/h2>\n<p>En jetant un coup d&#39;\u0153il sur <strong>Tableau de la Premier League<\/strong> et les statistiques d&#39;attaque, il est difficile de s&#39;opposer \u00e0 ce que Crystal Palace exige des renforts avanc\u00e9s au cours de la nouvelle ann\u00e9e.<\/p>\n<p>La vente de <strong class=\"autotag\">Michel Olise<\/strong> au Bayern Munich au cours de l&#39;\u00e9t\u00e9 a consid\u00e9rablement affaibli les Eagles, qui n&#39;ont marqu\u00e9 que huit fois lors de leurs 11 premiers matches de haut niveau.<\/p>\n<p>Arriv\u00e9e hors saison <strong class=\"autotag\">Daichi Kamada<\/strong> a du mal \u00e0 trouver ses marques en Angleterre, n&#39;ayant pas r\u00e9ussi \u00e0 marquer un but lors de 11 matches jusqu&#39;\u00e0 pr\u00e9sent.<\/p>\n<p>Tel offrirait une option diff\u00e9rente sur le flanc droit pour l&#39;entra\u00eeneur-chef <strong class=\"autotag\">Olivier Glasner<\/strong>qui devait guider Palace vers la comp\u00e9tition europ\u00e9enne cette saison apr\u00e8s une fin sensationnelle de la campagne 2023-24.<\/p>\n<\/div>\n","protected":false},"excerpt":{"rendered":"<p>Leicester City serait int\u00e9ress\u00e9 par la signature en janvier de Mathys Tel, du Bayern Munich, Nottingham Forest, Crystal Palace et Fulham lorgnant \u00e9galement sur l&#39;ailier.<\/p>\n","protected":false},"author":1,"featured_media":16412,"comment_status":"closed","ping_status":"","sticky":false,"template":"","format":"standard","meta":{"footnotes":""},"categories":[5],"tags":[340,7098,27,19,5742,4304,7097,1293,93,341,461,51,373,700],"yoast_head":"<!-- This site is optimized with the Yoast SEO plugin v21.0 - https:\/\/yoast.com\/wordpress\/plugins\/seo\/ -->\n<title>Nouvelles du transfert de Leicester City : les Foxes se lancent dans la course \u00e0 quatre chevaux pour l&#039;attaquant du Bayern Munich ?<\/title>\n<meta name=\"robots\" content=\"index, follow, max-snippet:-1, max-image-preview:large, max-video-preview:-1\" \/>\n<link rel=\"canonical\" href=\"https:\/\/footdavant.fr\/actualites\/nouvelles-du-transfert-de-leicester-city-les-foxes-se-lancent-dans-la-course-a-quatre-chevaux-pour-lattaquant-du-bayern-munich\/\" \/>\n<meta property=\"og:locale\" content=\"fr_FR\" \/>\n<meta property=\"og:type\" content=\"article\" \/>\n<meta property=\"og:title\" content=\"Nouvelles du transfert de Leicester City : les Foxes se lancent dans la course \u00e0 quatre chevaux pour l&#039;attaquant du Bayern Munich ?\" \/>\n<meta property=\"og:description\" content=\"Leicester City serait int\u00e9ress\u00e9 par la signature en janvier de Mathys Tel, du Bayern Munich, Nottingham Forest, Crystal Palace et Fulham lorgnant \u00e9galement sur l&#039;ailier.\" \/>\n<meta property=\"og:url\" content=\"https:\/\/footdavant.fr\/actualites\/nouvelles-du-transfert-de-leicester-city-les-foxes-se-lancent-dans-la-course-a-quatre-chevaux-pour-lattaquant-du-bayern-munich\/\" \/>\n<meta property=\"og:site_name\" content=\"Foot d&#039;avant\" \/>\n<meta property=\"article:publisher\" content=\"https:\/\/www.facebook.com\/Footdavant\/\" \/>\n<meta property=\"article:published_time\" content=\"2024-11-20T09:48:01+00:00\" \/>\n<meta property=\"article:modified_time\" content=\"2024-11-20T09:48:02+00:00\" \/>\n<meta property=\"og:image\" content=\"https:\/\/footdavant.fr\/actualites\/wp-content\/uploads\/2024\/11\/Nouvelles-du-transfert-de-Leicester-City-les-Foxes-se.jpg\" \/>\n\t<meta property=\"og:image:width\" content=\"640\" \/>\n\t<meta property=\"og:image:height\" content=\"480\" \/>\n\t<meta property=\"og:image:type\" content=\"image\/jpeg\" \/>\n<meta name=\"author\" content=\"Cl\u00e9ment\" \/>\n<meta name=\"twitter:card\" content=\"summary_large_image\" \/>\n<meta name=\"twitter:creator\" content=\"@FootdavantFr\" \/>\n<meta name=\"twitter:site\" content=\"@FootdavantFr\" \/>\n<meta name=\"twitter:label1\" content=\"\u00c9crit par\" \/>\n\t<meta name=\"twitter:data1\" content=\"Cl\u00e9ment\" \/>\n\t<meta name=\"twitter:label2\" content=\"Dur\u00e9e de lecture estim\u00e9e\" \/>\n\t<meta name=\"twitter:data2\" content=\"2 minutes\" \/>\n<script type=\"application\/ld+json\" class=\"yoast-schema-graph\">{\"@context\":\"https:\/\/schema.org\",\"@graph\":[{\"@type\":\"Article\",\"@id\":\"https:\/\/footdavant.fr\/actualites\/nouvelles-du-transfert-de-leicester-city-les-foxes-se-lancent-dans-la-course-a-quatre-chevaux-pour-lattaquant-du-bayern-munich\/#article\",\"isPartOf\":{\"@id\":\"https:\/\/footdavant.fr\/actualites\/nouvelles-du-transfert-de-leicester-city-les-foxes-se-lancent-dans-la-course-a-quatre-chevaux-pour-lattaquant-du-bayern-munich\/\"},\"author\":{\"name\":\"Cl\u00e9ment\",\"@id\":\"https:\/\/footdavant.fr\/actualites\/#\/schema\/person\/bc222566d95871b37e597b3ed3ba5e1d\"},\"headline\":\"Nouvelles du transfert de Leicester City : les Foxes se lancent dans la course \u00e0 quatre chevaux pour l&#39;attaquant du Bayern Munich ?\",\"datePublished\":\"2024-11-20T09:48:01+00:00\",\"dateModified\":\"2024-11-20T09:48:02+00:00\",\"mainEntityOfPage\":{\"@id\":\"https:\/\/footdavant.fr\/actualites\/nouvelles-du-transfert-de-leicester-city-les-foxes-se-lancent-dans-la-course-a-quatre-chevaux-pour-lattaquant-du-bayern-munich\/\"},\"wordCount\":489,\"publisher\":{\"@id\":\"https:\/\/footdavant.fr\/actualites\/#organization\"},\"keywords\":[\"Bayern\",\"chevaux\",\"City\",\"dans\",\"Foxes\",\"l39attaquant\",\"lancent\",\"Leicester\",\"les\",\"Munich\",\"Nouvelles\",\"pour\",\"quatre\",\"transfert\"],\"articleSection\":[\"Premier League\"],\"inLanguage\":\"fr-FR\"},{\"@type\":\"WebPage\",\"@id\":\"https:\/\/footdavant.fr\/actualites\/nouvelles-du-transfert-de-leicester-city-les-foxes-se-lancent-dans-la-course-a-quatre-chevaux-pour-lattaquant-du-bayern-munich\/\",\"url\":\"https:\/\/footdavant.fr\/actualites\/nouvelles-du-transfert-de-leicester-city-les-foxes-se-lancent-dans-la-course-a-quatre-chevaux-pour-lattaquant-du-bayern-munich\/\",\"name\":\"Nouvelles du transfert de Leicester City : les Foxes se lancent dans la course \u00e0 quatre chevaux pour l&#39;attaquant du Bayern Munich ?\",\"isPartOf\":{\"@id\":\"https:\/\/footdavant.fr\/actualites\/#website\"},\"datePublished\":\"2024-11-20T09:48:01+00:00\",\"dateModified\":\"2024-11-20T09:48:02+00:00\",\"breadcrumb\":{\"@id\":\"https:\/\/footdavant.fr\/actualites\/nouvelles-du-transfert-de-leicester-city-les-foxes-se-lancent-dans-la-course-a-quatre-chevaux-pour-lattaquant-du-bayern-munich\/#breadcrumb\"},\"inLanguage\":\"fr-FR\",\"potentialAction\":[{\"@type\":\"ReadAction\",\"target\":[\"https:\/\/footdavant.fr\/actualites\/nouvelles-du-transfert-de-leicester-city-les-foxes-se-lancent-dans-la-course-a-quatre-chevaux-pour-lattaquant-du-bayern-munich\/\"]}]},{\"@type\":\"BreadcrumbList\",\"@id\":\"https:\/\/footdavant.fr\/actualites\/nouvelles-du-transfert-de-leicester-city-les-foxes-se-lancent-dans-la-course-a-quatre-chevaux-pour-lattaquant-du-bayern-munich\/#breadcrumb\",\"itemListElement\":[{\"@type\":\"ListItem\",\"position\":1,\"name\":\"Accueil\",\"item\":\"https:\/\/footdavant.fr\/actualites\/\"},{\"@type\":\"ListItem\",\"position\":2,\"name\":\"Nouvelles du transfert de Leicester City : les Foxes se lancent dans la course \u00e0 quatre chevaux pour l&#39;attaquant du Bayern Munich ?\"}]},{\"@type\":\"WebSite\",\"@id\":\"https:\/\/footdavant.fr\/actualites\/#website\",\"url\":\"https:\/\/footdavant.fr\/actualites\/\",\"name\":\"Foot d'avant\",\"description\":\"\",\"publisher\":{\"@id\":\"https:\/\/footdavant.fr\/actualites\/#organization\"},\"potentialAction\":[{\"@type\":\"SearchAction\",\"target\":{\"@type\":\"EntryPoint\",\"urlTemplate\":\"https:\/\/footdavant.fr\/actualites\/?s={search_term_string}\"},\"query-input\":\"required name=search_term_string\"}],\"inLanguage\":\"fr-FR\"},{\"@type\":\"Organization\",\"@id\":\"https:\/\/footdavant.fr\/actualites\/#organization\",\"name\":\"Foot d'avant\",\"url\":\"https:\/\/footdavant.fr\/actualites\/\",\"logo\":{\"@type\":\"ImageObject\",\"inLanguage\":\"fr-FR\",\"@id\":\"https:\/\/footdavant.fr\/actualites\/#\/schema\/logo\/image\/\",\"url\":\"https:\/\/footdavant.fr\/actualites\/wp-content\/uploads\/2023\/09\/Copy-of-FootDavant-Logo.png\",\"contentUrl\":\"https:\/\/footdavant.fr\/actualites\/wp-content\/uploads\/2023\/09\/Copy-of-FootDavant-Logo.png\",\"width\":936,\"height\":549,\"caption\":\"Foot d'avant\"},\"image\":{\"@id\":\"https:\/\/footdavant.fr\/actualites\/#\/schema\/logo\/image\/\"},\"sameAs\":[\"https:\/\/www.facebook.com\/Footdavant\/\",\"https:\/\/twitter.com\/FootdavantFr\",\"https:\/\/www.instagram.com\/footdavant.fr\/\"]},{\"@type\":\"Person\",\"@id\":\"https:\/\/footdavant.fr\/actualites\/#\/schema\/person\/bc222566d95871b37e597b3ed3ba5e1d\",\"name\":\"Cl\u00e9ment\",\"image\":{\"@type\":\"ImageObject\",\"inLanguage\":\"fr-FR\",\"@id\":\"https:\/\/footdavant.fr\/actualites\/#\/schema\/person\/image\/\",\"url\":\"https:\/\/secure.gravatar.com\/avatar\/7728b29aac2719421e1a9159b2254c44?s=96&d=mm&r=g\",\"contentUrl\":\"https:\/\/secure.gravatar.com\/avatar\/7728b29aac2719421e1a9159b2254c44?s=96&d=mm&r=g\",\"caption\":\"Cl\u00e9ment\"},\"sameAs\":[\"https:\/\/footdavant.fr\/\"]}]}<\/script>\n<!-- \/ Yoast SEO plugin. -->","yoast_head_json":{"title":"Nouvelles du transfert de Leicester City : les Foxes se lancent dans la course \u00e0 quatre chevaux pour l&#39;attaquant du Bayern Munich ?","robots":{"index":"index","follow":"follow","max-snippet":"max-snippet:-1","max-image-preview":"max-image-preview:large","max-video-preview":"max-video-preview:-1"},"canonical":"https:\/\/footdavant.fr\/actualites\/nouvelles-du-transfert-de-leicester-city-les-foxes-se-lancent-dans-la-course-a-quatre-chevaux-pour-lattaquant-du-bayern-munich\/","og_locale":"fr_FR","og_type":"article","og_title":"Nouvelles du transfert de Leicester City : les Foxes se lancent dans la course \u00e0 quatre chevaux pour l&#39;attaquant du Bayern Munich ?","og_description":"Leicester City serait int\u00e9ress\u00e9 par la signature en janvier de Mathys Tel, du Bayern Munich, Nottingham Forest, Crystal Palace et Fulham lorgnant \u00e9galement sur l&#39;ailier.","og_url":"https:\/\/footdavant.fr\/actualites\/nouvelles-du-transfert-de-leicester-city-les-foxes-se-lancent-dans-la-course-a-quatre-chevaux-pour-lattaquant-du-bayern-munich\/","og_site_name":"Foot d&#039;avant","article_publisher":"https:\/\/www.facebook.com\/Footdavant\/","article_published_time":"2024-11-20T09:48:01+00:00","article_modified_time":"2024-11-20T09:48:02+00:00","og_image":[{"width":640,"height":480,"url":"https:\/\/footdavant.fr\/actualites\/wp-content\/uploads\/2024\/11\/Nouvelles-du-transfert-de-Leicester-City-les-Foxes-se.jpg","type":"image\/jpeg"}],"author":"Cl\u00e9ment","twitter_card":"summary_large_image","twitter_creator":"@FootdavantFr","twitter_site":"@FootdavantFr","twitter_misc":{"\u00c9crit par":"Cl\u00e9ment","Dur\u00e9e de lecture estim\u00e9e":"2 minutes"},"schema":{"@context":"https:\/\/schema.org","@graph":[{"@type":"Article","@id":"https:\/\/footdavant.fr\/actualites\/nouvelles-du-transfert-de-leicester-city-les-foxes-se-lancent-dans-la-course-a-quatre-chevaux-pour-lattaquant-du-bayern-munich\/#article","isPartOf":{"@id":"https:\/\/footdavant.fr\/actualites\/nouvelles-du-transfert-de-leicester-city-les-foxes-se-lancent-dans-la-course-a-quatre-chevaux-pour-lattaquant-du-bayern-munich\/"},"author":{"name":"Cl\u00e9ment","@id":"https:\/\/footdavant.fr\/actualites\/#\/schema\/person\/bc222566d95871b37e597b3ed3ba5e1d"},"headline":"Nouvelles du transfert de Leicester City : les Foxes se lancent dans la course \u00e0 quatre chevaux pour l&#39;attaquant du Bayern Munich ?","datePublished":"2024-11-20T09:48:01+00:00","dateModified":"2024-11-20T09:48:02+00:00","mainEntityOfPage":{"@id":"https:\/\/footdavant.fr\/actualites\/nouvelles-du-transfert-de-leicester-city-les-foxes-se-lancent-dans-la-course-a-quatre-chevaux-pour-lattaquant-du-bayern-munich\/"},"wordCount":489,"publisher":{"@id":"https:\/\/footdavant.fr\/actualites\/#organization"},"keywords":["Bayern","chevaux","City","dans","Foxes","l39attaquant","lancent","Leicester","les","Munich","Nouvelles","pour","quatre","transfert"],"articleSection":["Premier League"],"inLanguage":"fr-FR"},{"@type":"WebPage","@id":"https:\/\/footdavant.fr\/actualites\/nouvelles-du-transfert-de-leicester-city-les-foxes-se-lancent-dans-la-course-a-quatre-chevaux-pour-lattaquant-du-bayern-munich\/","url":"https:\/\/footdavant.fr\/actualites\/nouvelles-du-transfert-de-leicester-city-les-foxes-se-lancent-dans-la-course-a-quatre-chevaux-pour-lattaquant-du-bayern-munich\/","name":"Nouvelles du transfert de Leicester City : les Foxes se lancent dans la course \u00e0 quatre chevaux pour l&#39;attaquant du Bayern Munich ?","isPartOf":{"@id":"https:\/\/footdavant.fr\/actualites\/#website"},"datePublished":"2024-11-20T09:48:01+00:00","dateModified":"2024-11-20T09:48:02+00:00","breadcrumb":{"@id":"https:\/\/footdavant.fr\/actualites\/nouvelles-du-transfert-de-leicester-city-les-foxes-se-lancent-dans-la-course-a-quatre-chevaux-pour-lattaquant-du-bayern-munich\/#breadcrumb"},"inLanguage":"fr-FR","potentialAction":[{"@type":"ReadAction","target":["https:\/\/footdavant.fr\/actualites\/nouvelles-du-transfert-de-leicester-city-les-foxes-se-lancent-dans-la-course-a-quatre-chevaux-pour-lattaquant-du-bayern-munich\/"]}]},{"@type":"BreadcrumbList","@id":"https:\/\/footdavant.fr\/actualites\/nouvelles-du-transfert-de-leicester-city-les-foxes-se-lancent-dans-la-course-a-quatre-chevaux-pour-lattaquant-du-bayern-munich\/#breadcrumb","itemListElement":[{"@type":"ListItem","position":1,"name":"Accueil","item":"https:\/\/footdavant.fr\/actualites\/"},{"@type":"ListItem","position":2,"name":"Nouvelles du transfert de Leicester City : les Foxes se lancent dans la course \u00e0 quatre chevaux pour l&#39;attaquant du Bayern Munich ?"}]},{"@type":"WebSite","@id":"https:\/\/footdavant.fr\/actualites\/#website","url":"https:\/\/footdavant.fr\/actualites\/","name":"Foot d'avant","description":"","publisher":{"@id":"https:\/\/footdavant.fr\/actualites\/#organization"},"potentialAction":[{"@type":"SearchAction","target":{"@type":"EntryPoint","urlTemplate":"https:\/\/footdavant.fr\/actualites\/?s={search_term_string}"},"query-input":"required name=search_term_string"}],"inLanguage":"fr-FR"},{"@type":"Organization","@id":"https:\/\/footdavant.fr\/actualites\/#organization","name":"Foot d'avant","url":"https:\/\/footdavant.fr\/actualites\/","logo":{"@type":"ImageObject","inLanguage":"fr-FR","@id":"https:\/\/footdavant.fr\/actualites\/#\/schema\/logo\/image\/","url":"https:\/\/footdavant.fr\/actualites\/wp-content\/uploads\/2023\/09\/Copy-of-FootDavant-Logo.png","contentUrl":"https:\/\/footdavant.fr\/actualites\/wp-content\/uploads\/2023\/09\/Copy-of-FootDavant-Logo.png","width":936,"height":549,"caption":"Foot d'avant"},"image":{"@id":"https:\/\/footdavant.fr\/actualites\/#\/schema\/logo\/image\/"},"sameAs":["https:\/\/www.facebook.com\/Footdavant\/","https:\/\/twitter.com\/FootdavantFr","https:\/\/www.instagram.com\/footdavant.fr\/"]},{"@type":"Person","@id":"https:\/\/footdavant.fr\/actualites\/#\/schema\/person\/bc222566d95871b37e597b3ed3ba5e1d","name":"Cl\u00e9ment","image":{"@type":"ImageObject","inLanguage":"fr-FR","@id":"https:\/\/footdavant.fr\/actualites\/#\/schema\/person\/image\/","url":"https:\/\/secure.gravatar.com\/avatar\/7728b29aac2719421e1a9159b2254c44?s=96&d=mm&r=g","contentUrl":"https:\/\/secure.gravatar.com\/avatar\/7728b29aac2719421e1a9159b2254c44?s=96&d=mm&r=g","caption":"Cl\u00e9ment"},"sameAs":["https:\/\/footdavant.fr\/"]}]}},"_links":{"self":[{"href":"https:\/\/footdavant.fr\/actualites\/wp-json\/wp\/v2\/posts\/16411"}],"collection":[{"href":"https:\/\/footdavant.fr\/actualites\/wp-json\/wp\/v2\/posts"}],"about":[{"href":"https:\/\/footdavant.fr\/actualites\/wp-json\/wp\/v2\/types\/post"}],"author":[{"embeddable":true,"href":"https:\/\/footdavant.fr\/actualites\/wp-json\/wp\/v2\/users\/1"}],"replies":[{"embeddable":true,"href":"https:\/\/footdavant.fr\/actualites\/wp-json\/wp\/v2\/comments?post=16411"}],"version-history":[{"count":1,"href":"https:\/\/footdavant.fr\/actualites\/wp-json\/wp\/v2\/posts\/16411\/revisions"}],"predecessor-version":[{"id":16413,"href":"https:\/\/footdavant.fr\/actualites\/wp-json\/wp\/v2\/posts\/16411\/revisions\/16413"}],"wp:featuredmedia":[{"embeddable":true,"href":"https:\/\/footdavant.fr\/actualites\/wp-json\/wp\/v2\/media\/16412"}],"wp:attachment":[{"href":"https:\/\/footdavant.fr\/actualites\/wp-json\/wp\/v2\/media?parent=16411"}],"wp:term":[{"taxonomy":"category","embeddable":true,"href":"https:\/\/footdavant.fr\/actualites\/wp-json\/wp\/v2\/categories?post=16411"},{"taxonomy":"post_tag","embeddable":true,"href":"https:\/\/footdavant.fr\/actualites\/wp-json\/wp\/v2\/tags?post=16411"}],"curies":[{"name":"wp","href":"https:\/\/api.w.org\/{rel}","templated":true}]}}