{"id":16414,"date":"2024-11-20T12:49:41","date_gmt":"2024-11-20T11:49:41","guid":{"rendered":"https:\/\/footdavant.fr\/actualites\/la-legende-darsenal-nommee-manager-de-genes\/"},"modified":"2024-11-20T12:49:43","modified_gmt":"2024-11-20T11:49:43","slug":"la-legende-darsenal-nommee-manager-de-genes","status":"publish","type":"post","link":"https:\/\/footdavant.fr\/actualites\/la-legende-darsenal-nommee-manager-de-genes\/","title":{"rendered":"La l\u00e9gende d&#39;Arsenal nomm\u00e9e manager de G\u00eanes"},"content":{"rendered":"<div>\n<p>Patrick Vieira a \u00e9t\u00e9 nomm\u00e9 nouvel entra\u00eeneur-chef du club de Serie A de G\u00eanes.<\/p>\n<p>L&#39;ancien milieu de terrain d&#39;Arsenal rejoint l&#39;\u00e9quipe qui occupe actuellement la 17e place de l&#39;\u00e9lite italienne et remplace Alberto Gilardino, aux commandes depuis d\u00e9cembre 2022.<\/p>\n<p>Vieira, 48 ans, \u00e9tait r\u00e9cemment \u00e0 la t\u00eate de Strasbourg jusqu&#39;\u00e0 son d\u00e9part en juillet. Avant ce passage d&#39;une saison, il a dirig\u00e9 l&#39;\u00e9quipe de Premier League Crystal Palace et Nice en Ligue 1.<\/p>\n<p>G\u00eanes n&#39;a remport\u00e9 que deux de ses 10 matches de championnat jusqu&#39;\u00e0 pr\u00e9sent cette saison et se situe \u00e0 seulement un point au-dessus de la zone de rel\u00e9gation.<\/p>\n<p>Le Fran\u00e7ais retrouvera Mario Balotelli \u00e0 G\u00eanes, l&#39;attaquant de 34 ans revenant en Serie A cet \u00e9t\u00e9.<\/p>\n<p>Vieira a jou\u00e9 aux c\u00f4t\u00e9s de Balotelli \u00e0 l&#39;Inter Milan et \u00e0 Manchester City avant de le diriger \u00e0 Nice.<\/p>\n<blockquote class=\"twitter-tweet\">\n<p dir=\"ltr\" lang=\"it\">Le Genoa CFC a communiqu\u00e9 sous serment sur la conduite technique de la premi\u00e8re \u00e9quipe de Patrick Vieira.<\/p>\n<p>Il nouveau monsieur dirigera nel pomeriggio le premier allenamento apr\u00e8s la formalisation du contrat au si\u00e8ge de Villa Rostan.<\/p>\n<p>Dopo un percorso professionale, tra il 2011 e il\u2026 <a rel=\"nofollow\" href=\"https:\/\/t.co\/jmp8m6guxr\" rel=\"nofollow\">pic.twitter.com\/jmp8m6guxr<\/a><\/p>\n<p>\u2013 G\u00eanes CFC (@GenoaCFC) <a rel=\"nofollow\" href=\"https:\/\/twitter.com\/GenoaCFC\/status\/1859174857604297160?ref_src=twsrc%5Etfw\" rel=\"nofollow noopener\">20 novembre 2024<\/a><\/p>\n<\/blockquote>\n<h3><span id=\"Balotelli_and_Vieira8217s_frosty_past\">Le pass\u00e9 glacial de Balotelli et Vieira<\/span><\/h3>\n<p>Balotelli et Vieira ont endur\u00e9 une relation glaciale du c\u00f4t\u00e9 de la Ligue 1, Balotelli sugg\u00e9rant que des d\u00e9saccords avec le patron sur la tactique ont conduit \u00e0 sa sortie du club en 2019.<\/p>\n<p>L&#39;ancien vainqueur de la Premier League a d\u00e9clar\u00e9 : \u00ab J&#39;habitais \u00e0 Villefranche, et c&#39;\u00e9tait fou. Je souriais tous les jours, j&#39;allais \u00e0 la mer tous les jours. C&#39;\u00e9tait une vie de r\u00eave\u00a0\u00bb, a d\u00e9clar\u00e9 Balotelli dans une interview en avril.<\/p>\n<p>\u00ab Le probl\u00e8me \u00e9tait que la fa\u00e7on dont Vieira jouait ne me convenait pas vraiment. Je m&#39;entendais bien avec lui, mais sur le plan sportif, je n&#39;\u00e9tais pas d&#39;accord. Si je n&#39;avais pas eu ces probl\u00e8mes avec lui, je n&#39;aurais jamais quitt\u00e9 Nice.<\/p>\n<p>Vieira a lui-m\u00eame parl\u00e9 des d\u00e9fis auxquels il a \u00e9t\u00e9 confront\u00e9 lors de la gestion de l&#39;attaquant italien.<\/p>\n<p>Le manager avait d\u00e9clar\u00e9 \u00e0 l&#39;\u00e9poque : \u00ab Quand il s&#39;agit de Mario, j&#39;ai envie de r\u00e9pondre, ou simplement de le plaquer contre le mur, ou de le laisser pendre par le col au porte-manteau.<\/p>\n<p>\u00ab\u00a0Mais je ne peux pas, car je ne suis plus joueur.\u00a0\u00bb<\/p>\n<p>Il s&#39;est ensuite ouvert davantage en 2020, r\u00e9v\u00e9lant : \u00ab L&#39;\u00e9tat d&#39;esprit de Mario \u00e9tait difficile pour un sport collectif.<\/p>\n<p>\u00ab La philosophie que je voulais mettre en place, la convivialit\u00e9 et l&#39;\u00e9thique de travail que je voulais construire, c&#39;\u00e9tait difficile pour moi de travailler avec un joueur comme Mario.<\/p>\n<p>\u00ab\u00a0C&#39;\u00e9tait vraiment difficile pour nous deux de travailler ensemble, alors nous avons d\u00e9cid\u00e9 de suivre des voies diff\u00e9rentes.\u00a0\u00bb<\/p>\n<h3><span id=\"Vieira8217s_managerial_career\">La carri\u00e8re de manager de Vieira<\/span><\/h3>\n<p>Apr\u00e8s avoir pris sa retraite \u00e0 Man City en 2011, Vieira a pris en charge l&#39;\u00e9quipe de d\u00e9veloppement de son ancien club en 2013 avant de diriger New York City, qui appartient au City Group.<\/p>\n<p>Il a men\u00e9 l&#39;\u00e9quipe de la MLS aux quatri\u00e8me et deuxi\u00e8me places avant d&#39;\u00eatre nomm\u00e9 entra\u00eeneur de Nice en 2017, les menant \u00e0 la septi\u00e8me place de la Ligue 1.<\/p>\n<p>Le nouveau r\u00f4le de Vieira est venu en Premier League avec Crystal Palace en 2021. Il a men\u00e9 les Eagles \u00e0 la 12e place et aux demi-finales de la FA Cup lors de sa premi\u00e8re saison \u00e0 la t\u00eate avant d&#39;\u00eatre limog\u00e9 la saison suivante apr\u00e8s une s\u00e9rie de 12 matchs sans victoire.<\/p>\n<p>Le vainqueur de la Coupe du Monde 1998 est ensuite revenu en France pour passer une saison \u00e0 Strasbourg, Vieira \u00e9tant le premier rendez-vous pris par les propri\u00e9taires BlueCo, qui sont \u00e9galement en charge de Chelsea.<\/p>\n<p>Il a \u00e9t\u00e9 licenci\u00e9 apr\u00e8s 12 mois dans ce r\u00f4le apr\u00e8s une 13e place.<\/p>\n<\/p><\/div>\n<p><script async src=\"https:\/\/platform.twitter.com\/widgets.js\" charset=\"utf-8\"><\/script><\/p>\n","protected":false},"excerpt":{"rendered":"<p>Patrick Vieira a \u00e9t\u00e9 nomm\u00e9 nouvel entra\u00eeneur-chef du club de Serie A de G\u00eanes. L&#39;ancien milieu de terrain d&#39;Arsenal rejoint l&#39;\u00e9quipe qui occupe actuellement la<\/p>\n","protected":false},"author":1,"featured_media":16415,"comment_status":"closed","ping_status":"","sticky":false,"template":"","format":"standard","meta":{"footnotes":""},"categories":[3],"tags":[4221,2920,3120,504,7099],"yoast_head":"<!-- This site is optimized with the Yoast SEO plugin v21.0 - https:\/\/yoast.com\/wordpress\/plugins\/seo\/ -->\n<title>La l\u00e9gende d&#039;Arsenal nomm\u00e9e manager de G\u00eanes<\/title>\n<meta name=\"robots\" content=\"index, follow, max-snippet:-1, max-image-preview:large, max-video-preview:-1\" \/>\n<link rel=\"canonical\" href=\"https:\/\/footdavant.fr\/actualites\/la-legende-darsenal-nommee-manager-de-genes\/\" \/>\n<meta property=\"og:locale\" content=\"fr_FR\" \/>\n<meta property=\"og:type\" content=\"article\" \/>\n<meta property=\"og:title\" content=\"La l\u00e9gende d&#039;Arsenal nomm\u00e9e manager de G\u00eanes\" \/>\n<meta property=\"og:description\" content=\"Patrick Vieira a \u00e9t\u00e9 nomm\u00e9 nouvel entra\u00eeneur-chef du club de Serie A de G\u00eanes. L&#039;ancien milieu de terrain d&#039;Arsenal rejoint l&#039;\u00e9quipe qui occupe actuellement la\" \/>\n<meta property=\"og:url\" content=\"https:\/\/footdavant.fr\/actualites\/la-legende-darsenal-nommee-manager-de-genes\/\" \/>\n<meta property=\"og:site_name\" content=\"Foot d&#039;avant\" \/>\n<meta property=\"article:publisher\" content=\"https:\/\/www.facebook.com\/Footdavant\/\" \/>\n<meta property=\"article:published_time\" content=\"2024-11-20T11:49:41+00:00\" \/>\n<meta property=\"article:modified_time\" content=\"2024-11-20T11:49:43+00:00\" \/>\n<meta property=\"og:image\" content=\"https:\/\/footdavant.fr\/actualites\/wp-content\/uploads\/2024\/11\/La-legende-d39Arsenal-nommee-manager-de-Genes.jpg\" \/>\n\t<meta property=\"og:image:width\" content=\"1200\" \/>\n\t<meta property=\"og:image:height\" content=\"675\" \/>\n\t<meta property=\"og:image:type\" content=\"image\/jpeg\" \/>\n<meta name=\"author\" content=\"Cl\u00e9ment\" \/>\n<meta name=\"twitter:card\" content=\"summary_large_image\" \/>\n<meta name=\"twitter:creator\" content=\"@FootdavantFr\" \/>\n<meta name=\"twitter:site\" content=\"@FootdavantFr\" \/>\n<meta name=\"twitter:label1\" content=\"\u00c9crit par\" \/>\n\t<meta name=\"twitter:data1\" content=\"Cl\u00e9ment\" \/>\n\t<meta name=\"twitter:label2\" content=\"Dur\u00e9e de lecture estim\u00e9e\" \/>\n\t<meta name=\"twitter:data2\" content=\"3 minutes\" \/>\n<script type=\"application\/ld+json\" class=\"yoast-schema-graph\">{\"@context\":\"https:\/\/schema.org\",\"@graph\":[{\"@type\":\"Article\",\"@id\":\"https:\/\/footdavant.fr\/actualites\/la-legende-darsenal-nommee-manager-de-genes\/#article\",\"isPartOf\":{\"@id\":\"https:\/\/footdavant.fr\/actualites\/la-legende-darsenal-nommee-manager-de-genes\/\"},\"author\":{\"name\":\"Cl\u00e9ment\",\"@id\":\"https:\/\/footdavant.fr\/actualites\/#\/schema\/person\/bc222566d95871b37e597b3ed3ba5e1d\"},\"headline\":\"La l\u00e9gende d&#39;Arsenal nomm\u00e9e manager de G\u00eanes\",\"datePublished\":\"2024-11-20T11:49:41+00:00\",\"dateModified\":\"2024-11-20T11:49:43+00:00\",\"mainEntityOfPage\":{\"@id\":\"https:\/\/footdavant.fr\/actualites\/la-legende-darsenal-nommee-manager-de-genes\/\"},\"wordCount\":679,\"publisher\":{\"@id\":\"https:\/\/footdavant.fr\/actualites\/#organization\"},\"keywords\":[\"d39Arsenal\",\"G\u00eanes\",\"l\u00e9gende\",\"manager\",\"nomm\u00e9e\"],\"articleSection\":[\"Football\"],\"inLanguage\":\"fr-FR\"},{\"@type\":\"WebPage\",\"@id\":\"https:\/\/footdavant.fr\/actualites\/la-legende-darsenal-nommee-manager-de-genes\/\",\"url\":\"https:\/\/footdavant.fr\/actualites\/la-legende-darsenal-nommee-manager-de-genes\/\",\"name\":\"La l\u00e9gende d&#39;Arsenal nomm\u00e9e manager de G\u00eanes\",\"isPartOf\":{\"@id\":\"https:\/\/footdavant.fr\/actualites\/#website\"},\"datePublished\":\"2024-11-20T11:49:41+00:00\",\"dateModified\":\"2024-11-20T11:49:43+00:00\",\"breadcrumb\":{\"@id\":\"https:\/\/footdavant.fr\/actualites\/la-legende-darsenal-nommee-manager-de-genes\/#breadcrumb\"},\"inLanguage\":\"fr-FR\",\"potentialAction\":[{\"@type\":\"ReadAction\",\"target\":[\"https:\/\/footdavant.fr\/actualites\/la-legende-darsenal-nommee-manager-de-genes\/\"]}]},{\"@type\":\"BreadcrumbList\",\"@id\":\"https:\/\/footdavant.fr\/actualites\/la-legende-darsenal-nommee-manager-de-genes\/#breadcrumb\",\"itemListElement\":[{\"@type\":\"ListItem\",\"position\":1,\"name\":\"Accueil\",\"item\":\"https:\/\/footdavant.fr\/actualites\/\"},{\"@type\":\"ListItem\",\"position\":2,\"name\":\"La l\u00e9gende d&#39;Arsenal nomm\u00e9e manager de G\u00eanes\"}]},{\"@type\":\"WebSite\",\"@id\":\"https:\/\/footdavant.fr\/actualites\/#website\",\"url\":\"https:\/\/footdavant.fr\/actualites\/\",\"name\":\"Foot d'avant\",\"description\":\"\",\"publisher\":{\"@id\":\"https:\/\/footdavant.fr\/actualites\/#organization\"},\"potentialAction\":[{\"@type\":\"SearchAction\",\"target\":{\"@type\":\"EntryPoint\",\"urlTemplate\":\"https:\/\/footdavant.fr\/actualites\/?s={search_term_string}\"},\"query-input\":\"required name=search_term_string\"}],\"inLanguage\":\"fr-FR\"},{\"@type\":\"Organization\",\"@id\":\"https:\/\/footdavant.fr\/actualites\/#organization\",\"name\":\"Foot d'avant\",\"url\":\"https:\/\/footdavant.fr\/actualites\/\",\"logo\":{\"@type\":\"ImageObject\",\"inLanguage\":\"fr-FR\",\"@id\":\"https:\/\/footdavant.fr\/actualites\/#\/schema\/logo\/image\/\",\"url\":\"https:\/\/footdavant.fr\/actualites\/wp-content\/uploads\/2023\/09\/Copy-of-FootDavant-Logo.png\",\"contentUrl\":\"https:\/\/footdavant.fr\/actualites\/wp-content\/uploads\/2023\/09\/Copy-of-FootDavant-Logo.png\",\"width\":936,\"height\":549,\"caption\":\"Foot d'avant\"},\"image\":{\"@id\":\"https:\/\/footdavant.fr\/actualites\/#\/schema\/logo\/image\/\"},\"sameAs\":[\"https:\/\/www.facebook.com\/Footdavant\/\",\"https:\/\/twitter.com\/FootdavantFr\",\"https:\/\/www.instagram.com\/footdavant.fr\/\"]},{\"@type\":\"Person\",\"@id\":\"https:\/\/footdavant.fr\/actualites\/#\/schema\/person\/bc222566d95871b37e597b3ed3ba5e1d\",\"name\":\"Cl\u00e9ment\",\"image\":{\"@type\":\"ImageObject\",\"inLanguage\":\"fr-FR\",\"@id\":\"https:\/\/footdavant.fr\/actualites\/#\/schema\/person\/image\/\",\"url\":\"https:\/\/secure.gravatar.com\/avatar\/7728b29aac2719421e1a9159b2254c44?s=96&d=mm&r=g\",\"contentUrl\":\"https:\/\/secure.gravatar.com\/avatar\/7728b29aac2719421e1a9159b2254c44?s=96&d=mm&r=g\",\"caption\":\"Cl\u00e9ment\"},\"sameAs\":[\"https:\/\/footdavant.fr\/\"]}]}<\/script>\n<!-- \/ Yoast SEO plugin. -->","yoast_head_json":{"title":"La l\u00e9gende d&#39;Arsenal nomm\u00e9e manager de G\u00eanes","robots":{"index":"index","follow":"follow","max-snippet":"max-snippet:-1","max-image-preview":"max-image-preview:large","max-video-preview":"max-video-preview:-1"},"canonical":"https:\/\/footdavant.fr\/actualites\/la-legende-darsenal-nommee-manager-de-genes\/","og_locale":"fr_FR","og_type":"article","og_title":"La l\u00e9gende d&#39;Arsenal nomm\u00e9e manager de G\u00eanes","og_description":"Patrick Vieira a \u00e9t\u00e9 nomm\u00e9 nouvel entra\u00eeneur-chef du club de Serie A de G\u00eanes. L&#39;ancien milieu de terrain d&#39;Arsenal rejoint l&#39;\u00e9quipe qui occupe actuellement la","og_url":"https:\/\/footdavant.fr\/actualites\/la-legende-darsenal-nommee-manager-de-genes\/","og_site_name":"Foot d&#039;avant","article_publisher":"https:\/\/www.facebook.com\/Footdavant\/","article_published_time":"2024-11-20T11:49:41+00:00","article_modified_time":"2024-11-20T11:49:43+00:00","og_image":[{"width":1200,"height":675,"url":"https:\/\/footdavant.fr\/actualites\/wp-content\/uploads\/2024\/11\/La-legende-d39Arsenal-nommee-manager-de-Genes.jpg","type":"image\/jpeg"}],"author":"Cl\u00e9ment","twitter_card":"summary_large_image","twitter_creator":"@FootdavantFr","twitter_site":"@FootdavantFr","twitter_misc":{"\u00c9crit par":"Cl\u00e9ment","Dur\u00e9e de lecture estim\u00e9e":"3 minutes"},"schema":{"@context":"https:\/\/schema.org","@graph":[{"@type":"Article","@id":"https:\/\/footdavant.fr\/actualites\/la-legende-darsenal-nommee-manager-de-genes\/#article","isPartOf":{"@id":"https:\/\/footdavant.fr\/actualites\/la-legende-darsenal-nommee-manager-de-genes\/"},"author":{"name":"Cl\u00e9ment","@id":"https:\/\/footdavant.fr\/actualites\/#\/schema\/person\/bc222566d95871b37e597b3ed3ba5e1d"},"headline":"La l\u00e9gende d&#39;Arsenal nomm\u00e9e manager de G\u00eanes","datePublished":"2024-11-20T11:49:41+00:00","dateModified":"2024-11-20T11:49:43+00:00","mainEntityOfPage":{"@id":"https:\/\/footdavant.fr\/actualites\/la-legende-darsenal-nommee-manager-de-genes\/"},"wordCount":679,"publisher":{"@id":"https:\/\/footdavant.fr\/actualites\/#organization"},"keywords":["d39Arsenal","G\u00eanes","l\u00e9gende","manager","nomm\u00e9e"],"articleSection":["Football"],"inLanguage":"fr-FR"},{"@type":"WebPage","@id":"https:\/\/footdavant.fr\/actualites\/la-legende-darsenal-nommee-manager-de-genes\/","url":"https:\/\/footdavant.fr\/actualites\/la-legende-darsenal-nommee-manager-de-genes\/","name":"La l\u00e9gende d&#39;Arsenal nomm\u00e9e manager de G\u00eanes","isPartOf":{"@id":"https:\/\/footdavant.fr\/actualites\/#website"},"datePublished":"2024-11-20T11:49:41+00:00","dateModified":"2024-11-20T11:49:43+00:00","breadcrumb":{"@id":"https:\/\/footdavant.fr\/actualites\/la-legende-darsenal-nommee-manager-de-genes\/#breadcrumb"},"inLanguage":"fr-FR","potentialAction":[{"@type":"ReadAction","target":["https:\/\/footdavant.fr\/actualites\/la-legende-darsenal-nommee-manager-de-genes\/"]}]},{"@type":"BreadcrumbList","@id":"https:\/\/footdavant.fr\/actualites\/la-legende-darsenal-nommee-manager-de-genes\/#breadcrumb","itemListElement":[{"@type":"ListItem","position":1,"name":"Accueil","item":"https:\/\/footdavant.fr\/actualites\/"},{"@type":"ListItem","position":2,"name":"La l\u00e9gende d&#39;Arsenal nomm\u00e9e manager de G\u00eanes"}]},{"@type":"WebSite","@id":"https:\/\/footdavant.fr\/actualites\/#website","url":"https:\/\/footdavant.fr\/actualites\/","name":"Foot d'avant","description":"","publisher":{"@id":"https:\/\/footdavant.fr\/actualites\/#organization"},"potentialAction":[{"@type":"SearchAction","target":{"@type":"EntryPoint","urlTemplate":"https:\/\/footdavant.fr\/actualites\/?s={search_term_string}"},"query-input":"required name=search_term_string"}],"inLanguage":"fr-FR"},{"@type":"Organization","@id":"https:\/\/footdavant.fr\/actualites\/#organization","name":"Foot d'avant","url":"https:\/\/footdavant.fr\/actualites\/","logo":{"@type":"ImageObject","inLanguage":"fr-FR","@id":"https:\/\/footdavant.fr\/actualites\/#\/schema\/logo\/image\/","url":"https:\/\/footdavant.fr\/actualites\/wp-content\/uploads\/2023\/09\/Copy-of-FootDavant-Logo.png","contentUrl":"https:\/\/footdavant.fr\/actualites\/wp-content\/uploads\/2023\/09\/Copy-of-FootDavant-Logo.png","width":936,"height":549,"caption":"Foot d'avant"},"image":{"@id":"https:\/\/footdavant.fr\/actualites\/#\/schema\/logo\/image\/"},"sameAs":["https:\/\/www.facebook.com\/Footdavant\/","https:\/\/twitter.com\/FootdavantFr","https:\/\/www.instagram.com\/footdavant.fr\/"]},{"@type":"Person","@id":"https:\/\/footdavant.fr\/actualites\/#\/schema\/person\/bc222566d95871b37e597b3ed3ba5e1d","name":"Cl\u00e9ment","image":{"@type":"ImageObject","inLanguage":"fr-FR","@id":"https:\/\/footdavant.fr\/actualites\/#\/schema\/person\/image\/","url":"https:\/\/secure.gravatar.com\/avatar\/7728b29aac2719421e1a9159b2254c44?s=96&d=mm&r=g","contentUrl":"https:\/\/secure.gravatar.com\/avatar\/7728b29aac2719421e1a9159b2254c44?s=96&d=mm&r=g","caption":"Cl\u00e9ment"},"sameAs":["https:\/\/footdavant.fr\/"]}]}},"_links":{"self":[{"href":"https:\/\/footdavant.fr\/actualites\/wp-json\/wp\/v2\/posts\/16414"}],"collection":[{"href":"https:\/\/footdavant.fr\/actualites\/wp-json\/wp\/v2\/posts"}],"about":[{"href":"https:\/\/footdavant.fr\/actualites\/wp-json\/wp\/v2\/types\/post"}],"author":[{"embeddable":true,"href":"https:\/\/footdavant.fr\/actualites\/wp-json\/wp\/v2\/users\/1"}],"replies":[{"embeddable":true,"href":"https:\/\/footdavant.fr\/actualites\/wp-json\/wp\/v2\/comments?post=16414"}],"version-history":[{"count":1,"href":"https:\/\/footdavant.fr\/actualites\/wp-json\/wp\/v2\/posts\/16414\/revisions"}],"predecessor-version":[{"id":16416,"href":"https:\/\/footdavant.fr\/actualites\/wp-json\/wp\/v2\/posts\/16414\/revisions\/16416"}],"wp:featuredmedia":[{"embeddable":true,"href":"https:\/\/footdavant.fr\/actualites\/wp-json\/wp\/v2\/media\/16415"}],"wp:attachment":[{"href":"https:\/\/footdavant.fr\/actualites\/wp-json\/wp\/v2\/media?parent=16414"}],"wp:term":[{"taxonomy":"category","embeddable":true,"href":"https:\/\/footdavant.fr\/actualites\/wp-json\/wp\/v2\/categories?post=16414"},{"taxonomy":"post_tag","embeddable":true,"href":"https:\/\/footdavant.fr\/actualites\/wp-json\/wp\/v2\/tags?post=16414"}],"curies":[{"name":"wp","href":"https:\/\/api.w.org\/{rel}","templated":true}]}}