{"id":16417,"date":"2024-11-20T14:49:45","date_gmt":"2024-11-20T13:49:45","guid":{"rendered":"https:\/\/footdavant.fr\/actualites\/tottenham-hotspur-1-2-ipswich-town-ange-postecoglou-va-t-il-etre-limoge-lavenir-du-patron-des-spurs-apres-la-defaite-en-premier-league\/"},"modified":"2024-11-20T14:49:46","modified_gmt":"2024-11-20T13:49:46","slug":"tottenham-hotspur-1-2-ipswich-town-ange-postecoglou-va-t-il-etre-limoge-lavenir-du-patron-des-spurs-apres-la-defaite-en-premier-league","status":"publish","type":"post","link":"https:\/\/footdavant.fr\/actualites\/tottenham-hotspur-1-2-ipswich-town-ange-postecoglou-va-t-il-etre-limoge-lavenir-du-patron-des-spurs-apres-la-defaite-en-premier-league\/","title":{"rendered":"Tottenham Hotspur 1-2 Ipswich Town : Ange Postecoglou va-t-il \u00eatre limog\u00e9 ? L&#39;avenir du patron des Spurs apr\u00e8s la d\u00e9faite en Premier League"},"content":{"rendered":"<p>La position d&#39;Ange Postecoglou en tant que manager de Tottenham Hotspur n&#39;est pas en danger malgr\u00e9 la d\u00e9faite choc de son \u00e9quipe contre Ipswich Town dimanche en Premier League.<\/p>\n<div id=\"article_body\" itemprop=\"articleBody\">\n<h3 class=\"firstPara\">\n<strong class=\"autotag\">Ange Postecoglou<\/strong>la position de directeur de <strong class=\"autotag\">Tottenham Hotspur<\/strong> ne serait pas en danger apr\u00e8s que son \u00e9quipe ait \u00e9t\u00e9 <strong>battu 2-1 par Ipswich Town<\/strong> en Premier League dimanche.<\/h3>\n<p>L&#39;homme de 59 ans et ses joueurs ont \u00e9t\u00e9 hu\u00e9s apr\u00e8s le coup de sifflet \u00e0 temps plein au Tottenham Hotspur Stadium, les supporters d\u00e9plorant le manque de coh\u00e9rence qui tourmente l&#39;\u00e9quipe depuis la nomination de l&#39;Australien en juin 2023.<\/p>\n<p>Les Spurs avaient battu les deux champions <strong>Manchester City 2-1<\/strong> le 30 octobre en Coupe EFL et <strong>Aston Villa 4-1<\/strong> lors de leur match suivant, le 3 novembre, mais la semaine derni\u00e8re, ils <strong>perdu 3-2 en Ligue Europa contre Galatasaray<\/strong> et 2-1 contre Ipswich.<\/p>\n<p>L&#39;\u00e9quipe de Postecoglou est d\u00e9sormais <strong>10\u00e8me de Premier League<\/strong> avec 16 points apr\u00e8s 11 semaines de match, mais ne sont que dans la moiti\u00e9 sup\u00e9rieure du tableau gr\u00e2ce \u00e0 une meilleure diff\u00e9rence de buts que Brentford.<\/p>\n<p>Cependant, <em>Initi\u00e9 au football<\/em> rapportent que le manager dispose de beaucoup de cr\u00e9dit en banque et b\u00e9n\u00e9ficie du soutien des responsables du club alors qu&#39;il tente de faire monter Tottenham au classement.<\/p>\n<p class=\"imgI\">\n<h2>Pr\u00e9occupations d\u00e9fensives<\/h2>\n<p>La d\u00e9faite des Spurs contre Ipswich \u00e9tait leur cinqui\u00e8me de la saison en Premier League et c&#39;\u00e9tait aussi la deuxi\u00e8me fois qu&#39;ils perdaient contre un adversaire sans victoire apr\u00e8s avoir \u00e9t\u00e9 <strong>battu 1-0 par Crystal Palace<\/strong> fin octobre.<\/p>\n<p>L\u2019un des sujets de pr\u00e9occupation concernant Tottenham ces derni\u00e8res saisons a \u00e9t\u00e9 leur fragilit\u00e9 d\u00e9fensive, le club ayant enregistr\u00e9 cinq feuilles blanches lors de ses 40 derniers matches de haut niveau.<\/p>\n<p>L&#39;Australien a \u00e9galement fait l&#39;objet de critiques apr\u00e8s ses commentaires \u00e0 la suite du match contre son \u00e9quipe. <strong>D\u00e9faite 1-0 contre son rival Arsenal<\/strong> en septembre, affirmant qu&#39;il remporte toujours des troph\u00e9es lors de sa deuxi\u00e8me saison \u00e0 la t\u00eate.<\/p>\n<p>\u00ab\u00a0Je me corrige : je ne gagne pas habituellement des choses, je gagne toujours des choses au cours de ma deuxi\u00e8me ann\u00e9e. Rien n&#39;a chang\u00e9\u00a0\u00bb, a-t-il d\u00e9clar\u00e9 aux journalistes apr\u00e8s la d\u00e9faite dans le derby du nord de Londres lorsqu&#39;on lui a demand\u00e9 s&#39;il maintenait ses affirmations.<\/p>\n<p>Bien que ses affirmations mettent en \u00e9vidence son immense confiance en lui, certains ont trouv\u00e9 ses remarques rebutantes \u00e9tant donn\u00e9 que les Spurs n&#39;ont pas remport\u00e9 de troph\u00e9e depuis leur victoire contre Chelsea en finale de la Coupe EFL en 2008 et que d&#39;autres managers tels que le l\u00e9gendaire <strong class=\"autotag\">Jos\u00e9 Mourinho<\/strong> n&#39;ont pas r\u00e9ussi \u00e0 apporter de l&#39;argenterie au club.<\/p>\n<p>S&#39;il devait \u00eatre limog\u00e9, Postecoglou deviendrait le cinqui\u00e8me entra\u00eeneur \u00e0 avoir \u00e9t\u00e9 licenci\u00e9 du banc de Tottenham au cours des cinq derni\u00e8res ann\u00e9es, mais la liste des rempla\u00e7ants potentiels semble de plus en plus mince compte tenu notamment de <strong class=\"autotag\">Ruben Amorim<\/strong> et <strong class=\"autotag\">Thomas Tuchel<\/strong> sont <strong>hors de la table<\/strong>.<\/p>\n<p class=\"imgI\"><img decoding=\"async\" loading=\"lazy\" class=\"l\" src=\"https:\/\/footdavant.fr\/actualites\/wp-content\/uploads\/2024\/11\/1732110585_193_Tottenham-Hotspur-1-2-Ipswich-Town-Ange-Postecoglou-va-t-il-etre.jpg\" title=\"Cristian Romero de Tottenham Hotspur photographi\u00e9 le 3 novembre 2024\" alt=\"Cristian Romero de Tottenham Hotspur photographi\u00e9 le 3 novembre 2024\" width=\"640\" height=\"480\"><\/p>\n<h2>Une \u00e9quipe jeune et prometteuse<\/h2>\n<p>L&#39;Australien m\u00e9rite peut-\u00eatre une certaine indulgence pour les incoh\u00e9rences de son \u00e9quipe, d&#39;autant plus qu&#39;il a b\u00e2ti une jeune \u00e9quipe remarquablement prometteuse qui conna\u00eetra naturellement des hauts et des bas au cours de son d\u00e9veloppement.<\/p>\n<p>En effet, bon nombre de ses principaux acteurs tels que <strong class=\"autotag\">Dejan Kulusevski<\/strong>, <strong class=\"autotag\">Micky van de Ven<\/strong> et <strong class=\"autotag\">Destin Udogie<\/strong> avez 24 ans ou moins.<\/p>\n<p>Signature d&#39;\u00e9t\u00e9 <strong class=\"autotag\">Archie Gris<\/strong> est consid\u00e9r\u00e9 par certains comme poss\u00e9dant un immense potentiel, mais il ne f\u00eatera ses 19 ans qu\u2019en mars 2025.<\/p>\n<p>De plus, malgr\u00e9 la jeunesse et l&#39;inexp\u00e9rience de son \u00e9quipe, Postecoglou a d\u00e9j\u00e0 r\u00e9ussi \u00e0 produire une formidable \u00e9quipe offensive, l&#39;\u00e9quipe \u00e9tant en t\u00eate du classement des buts de la Premier League apr\u00e8s avoir marqu\u00e9 23 fois cette campagne.<\/p>\n<p>Il ne fait aucun doute que les Spurs devront r\u00e9soudre leurs probl\u00e8mes d\u00e9fensifs, que ce soit sur le terrain d&#39;entra\u00eenement ou sur le march\u00e9 des transferts, mais la saison 2024-25 a encore un long chemin \u00e0 parcourir et ils ne sont qu&#39;\u00e0 trois points d&#39;Arsenal, quatri\u00e8me. ainsi que Chelsea, troisi\u00e8me.<\/p>\n<\/div>\n","protected":false},"excerpt":{"rendered":"<p>La position d&#39;Ange Postecoglou en tant que manager de Tottenham Hotspur n&#39;est pas en danger malgr\u00e9 la d\u00e9faite choc de son \u00e9quipe contre Ipswich Town<\/p>\n","protected":false},"author":1,"featured_media":16418,"comment_status":"closed","ping_status":"","sticky":false,"template":"","format":"standard","meta":{"footnotes":""},"categories":[5],"tags":[552,25,425,12,270,69,4383,4309,202,1960,231,553,201,1575,68,376,952],"yoast_head":"<!-- This site is optimized with the Yoast SEO plugin v21.0 - https:\/\/yoast.com\/wordpress\/plugins\/seo\/ -->\n<title>Tottenham Hotspur 1-2 Ipswich Town : Ange Postecoglou va-t-il \u00eatre limog\u00e9 ? L&#039;avenir du patron des Spurs apr\u00e8s la d\u00e9faite en Premier League<\/title>\n<meta name=\"robots\" content=\"index, follow, max-snippet:-1, max-image-preview:large, max-video-preview:-1\" \/>\n<link rel=\"canonical\" href=\"https:\/\/footdavant.fr\/actualites\/tottenham-hotspur-1-2-ipswich-town-ange-postecoglou-va-t-il-etre-limoge-lavenir-du-patron-des-spurs-apres-la-defaite-en-premier-league\/\" \/>\n<meta property=\"og:locale\" content=\"fr_FR\" \/>\n<meta property=\"og:type\" content=\"article\" \/>\n<meta property=\"og:title\" content=\"Tottenham Hotspur 1-2 Ipswich Town : Ange Postecoglou va-t-il \u00eatre limog\u00e9 ? L&#039;avenir du patron des Spurs apr\u00e8s la d\u00e9faite en Premier League\" \/>\n<meta property=\"og:description\" content=\"La position d&#039;Ange Postecoglou en tant que manager de Tottenham Hotspur n&#039;est pas en danger malgr\u00e9 la d\u00e9faite choc de son \u00e9quipe contre Ipswich Town\" \/>\n<meta property=\"og:url\" content=\"https:\/\/footdavant.fr\/actualites\/tottenham-hotspur-1-2-ipswich-town-ange-postecoglou-va-t-il-etre-limoge-lavenir-du-patron-des-spurs-apres-la-defaite-en-premier-league\/\" \/>\n<meta property=\"og:site_name\" content=\"Foot d&#039;avant\" \/>\n<meta property=\"article:publisher\" content=\"https:\/\/www.facebook.com\/Footdavant\/\" \/>\n<meta property=\"article:published_time\" content=\"2024-11-20T13:49:45+00:00\" \/>\n<meta property=\"article:modified_time\" content=\"2024-11-20T13:49:46+00:00\" \/>\n<meta property=\"og:image\" content=\"https:\/\/footdavant.fr\/actualites\/wp-content\/uploads\/2024\/11\/Tottenham-Hotspur-1-2-Ipswich-Town-Ange-Postecoglou-va-t-il-etre.jpg\" \/>\n\t<meta property=\"og:image:width\" content=\"640\" \/>\n\t<meta property=\"og:image:height\" content=\"480\" \/>\n\t<meta property=\"og:image:type\" content=\"image\/jpeg\" \/>\n<meta name=\"author\" content=\"Cl\u00e9ment\" \/>\n<meta name=\"twitter:card\" content=\"summary_large_image\" \/>\n<meta name=\"twitter:creator\" content=\"@FootdavantFr\" \/>\n<meta name=\"twitter:site\" content=\"@FootdavantFr\" \/>\n<meta name=\"twitter:label1\" content=\"\u00c9crit par\" \/>\n\t<meta name=\"twitter:data1\" content=\"Cl\u00e9ment\" \/>\n\t<meta name=\"twitter:label2\" content=\"Dur\u00e9e de lecture estim\u00e9e\" \/>\n\t<meta name=\"twitter:data2\" content=\"4 minutes\" \/>\n<script type=\"application\/ld+json\" class=\"yoast-schema-graph\">{\"@context\":\"https:\/\/schema.org\",\"@graph\":[{\"@type\":\"Article\",\"@id\":\"https:\/\/footdavant.fr\/actualites\/tottenham-hotspur-1-2-ipswich-town-ange-postecoglou-va-t-il-etre-limoge-lavenir-du-patron-des-spurs-apres-la-defaite-en-premier-league\/#article\",\"isPartOf\":{\"@id\":\"https:\/\/footdavant.fr\/actualites\/tottenham-hotspur-1-2-ipswich-town-ange-postecoglou-va-t-il-etre-limoge-lavenir-du-patron-des-spurs-apres-la-defaite-en-premier-league\/\"},\"author\":{\"name\":\"Cl\u00e9ment\",\"@id\":\"https:\/\/footdavant.fr\/actualites\/#\/schema\/person\/bc222566d95871b37e597b3ed3ba5e1d\"},\"headline\":\"Tottenham Hotspur 1-2 Ipswich Town : Ange Postecoglou va-t-il \u00eatre limog\u00e9 ? L&#39;avenir du patron des Spurs apr\u00e8s la d\u00e9faite en Premier League\",\"datePublished\":\"2024-11-20T13:49:45+00:00\",\"dateModified\":\"2024-11-20T13:49:46+00:00\",\"mainEntityOfPage\":{\"@id\":\"https:\/\/footdavant.fr\/actualites\/tottenham-hotspur-1-2-ipswich-town-ange-postecoglou-va-t-il-etre-limoge-lavenir-du-patron-des-spurs-apres-la-defaite-en-premier-league\/\"},\"wordCount\":747,\"publisher\":{\"@id\":\"https:\/\/footdavant.fr\/actualites\/#organization\"},\"keywords\":[\"Ange\",\"apr\u00e8s\",\"d\u00e9faite\",\"des\",\"\u00eatre\",\"Hotspur\",\"Ipswich\",\"l39avenir\",\"League\",\"limoge\",\"patron\",\"Postecoglou\",\"Premier\",\"Spurs\",\"Tottenham\",\"Town\",\"vatil\"],\"articleSection\":[\"Premier League\"],\"inLanguage\":\"fr-FR\"},{\"@type\":\"WebPage\",\"@id\":\"https:\/\/footdavant.fr\/actualites\/tottenham-hotspur-1-2-ipswich-town-ange-postecoglou-va-t-il-etre-limoge-lavenir-du-patron-des-spurs-apres-la-defaite-en-premier-league\/\",\"url\":\"https:\/\/footdavant.fr\/actualites\/tottenham-hotspur-1-2-ipswich-town-ange-postecoglou-va-t-il-etre-limoge-lavenir-du-patron-des-spurs-apres-la-defaite-en-premier-league\/\",\"name\":\"Tottenham Hotspur 1-2 Ipswich Town : Ange Postecoglou va-t-il \u00eatre limog\u00e9 ? L&#39;avenir du patron des Spurs apr\u00e8s la d\u00e9faite en Premier League\",\"isPartOf\":{\"@id\":\"https:\/\/footdavant.fr\/actualites\/#website\"},\"datePublished\":\"2024-11-20T13:49:45+00:00\",\"dateModified\":\"2024-11-20T13:49:46+00:00\",\"breadcrumb\":{\"@id\":\"https:\/\/footdavant.fr\/actualites\/tottenham-hotspur-1-2-ipswich-town-ange-postecoglou-va-t-il-etre-limoge-lavenir-du-patron-des-spurs-apres-la-defaite-en-premier-league\/#breadcrumb\"},\"inLanguage\":\"fr-FR\",\"potentialAction\":[{\"@type\":\"ReadAction\",\"target\":[\"https:\/\/footdavant.fr\/actualites\/tottenham-hotspur-1-2-ipswich-town-ange-postecoglou-va-t-il-etre-limoge-lavenir-du-patron-des-spurs-apres-la-defaite-en-premier-league\/\"]}]},{\"@type\":\"BreadcrumbList\",\"@id\":\"https:\/\/footdavant.fr\/actualites\/tottenham-hotspur-1-2-ipswich-town-ange-postecoglou-va-t-il-etre-limoge-lavenir-du-patron-des-spurs-apres-la-defaite-en-premier-league\/#breadcrumb\",\"itemListElement\":[{\"@type\":\"ListItem\",\"position\":1,\"name\":\"Accueil\",\"item\":\"https:\/\/footdavant.fr\/actualites\/\"},{\"@type\":\"ListItem\",\"position\":2,\"name\":\"Tottenham Hotspur 1-2 Ipswich Town : Ange Postecoglou va-t-il \u00eatre limog\u00e9 ? L&#39;avenir du patron des Spurs apr\u00e8s la d\u00e9faite en Premier League\"}]},{\"@type\":\"WebSite\",\"@id\":\"https:\/\/footdavant.fr\/actualites\/#website\",\"url\":\"https:\/\/footdavant.fr\/actualites\/\",\"name\":\"Foot d'avant\",\"description\":\"\",\"publisher\":{\"@id\":\"https:\/\/footdavant.fr\/actualites\/#organization\"},\"potentialAction\":[{\"@type\":\"SearchAction\",\"target\":{\"@type\":\"EntryPoint\",\"urlTemplate\":\"https:\/\/footdavant.fr\/actualites\/?s={search_term_string}\"},\"query-input\":\"required name=search_term_string\"}],\"inLanguage\":\"fr-FR\"},{\"@type\":\"Organization\",\"@id\":\"https:\/\/footdavant.fr\/actualites\/#organization\",\"name\":\"Foot d'avant\",\"url\":\"https:\/\/footdavant.fr\/actualites\/\",\"logo\":{\"@type\":\"ImageObject\",\"inLanguage\":\"fr-FR\",\"@id\":\"https:\/\/footdavant.fr\/actualites\/#\/schema\/logo\/image\/\",\"url\":\"https:\/\/footdavant.fr\/actualites\/wp-content\/uploads\/2023\/09\/Copy-of-FootDavant-Logo.png\",\"contentUrl\":\"https:\/\/footdavant.fr\/actualites\/wp-content\/uploads\/2023\/09\/Copy-of-FootDavant-Logo.png\",\"width\":936,\"height\":549,\"caption\":\"Foot d'avant\"},\"image\":{\"@id\":\"https:\/\/footdavant.fr\/actualites\/#\/schema\/logo\/image\/\"},\"sameAs\":[\"https:\/\/www.facebook.com\/Footdavant\/\",\"https:\/\/twitter.com\/FootdavantFr\",\"https:\/\/www.instagram.com\/footdavant.fr\/\"]},{\"@type\":\"Person\",\"@id\":\"https:\/\/footdavant.fr\/actualites\/#\/schema\/person\/bc222566d95871b37e597b3ed3ba5e1d\",\"name\":\"Cl\u00e9ment\",\"image\":{\"@type\":\"ImageObject\",\"inLanguage\":\"fr-FR\",\"@id\":\"https:\/\/footdavant.fr\/actualites\/#\/schema\/person\/image\/\",\"url\":\"https:\/\/secure.gravatar.com\/avatar\/7728b29aac2719421e1a9159b2254c44?s=96&d=mm&r=g\",\"contentUrl\":\"https:\/\/secure.gravatar.com\/avatar\/7728b29aac2719421e1a9159b2254c44?s=96&d=mm&r=g\",\"caption\":\"Cl\u00e9ment\"},\"sameAs\":[\"https:\/\/footdavant.fr\/\"]}]}<\/script>\n<!-- \/ Yoast SEO plugin. -->","yoast_head_json":{"title":"Tottenham Hotspur 1-2 Ipswich Town : Ange Postecoglou va-t-il \u00eatre limog\u00e9 ? L&#39;avenir du patron des Spurs apr\u00e8s la d\u00e9faite en Premier League","robots":{"index":"index","follow":"follow","max-snippet":"max-snippet:-1","max-image-preview":"max-image-preview:large","max-video-preview":"max-video-preview:-1"},"canonical":"https:\/\/footdavant.fr\/actualites\/tottenham-hotspur-1-2-ipswich-town-ange-postecoglou-va-t-il-etre-limoge-lavenir-du-patron-des-spurs-apres-la-defaite-en-premier-league\/","og_locale":"fr_FR","og_type":"article","og_title":"Tottenham Hotspur 1-2 Ipswich Town : Ange Postecoglou va-t-il \u00eatre limog\u00e9 ? L&#39;avenir du patron des Spurs apr\u00e8s la d\u00e9faite en Premier League","og_description":"La position d&#39;Ange Postecoglou en tant que manager de Tottenham Hotspur n&#39;est pas en danger malgr\u00e9 la d\u00e9faite choc de son \u00e9quipe contre Ipswich Town","og_url":"https:\/\/footdavant.fr\/actualites\/tottenham-hotspur-1-2-ipswich-town-ange-postecoglou-va-t-il-etre-limoge-lavenir-du-patron-des-spurs-apres-la-defaite-en-premier-league\/","og_site_name":"Foot d&#039;avant","article_publisher":"https:\/\/www.facebook.com\/Footdavant\/","article_published_time":"2024-11-20T13:49:45+00:00","article_modified_time":"2024-11-20T13:49:46+00:00","og_image":[{"width":640,"height":480,"url":"https:\/\/footdavant.fr\/actualites\/wp-content\/uploads\/2024\/11\/Tottenham-Hotspur-1-2-Ipswich-Town-Ange-Postecoglou-va-t-il-etre.jpg","type":"image\/jpeg"}],"author":"Cl\u00e9ment","twitter_card":"summary_large_image","twitter_creator":"@FootdavantFr","twitter_site":"@FootdavantFr","twitter_misc":{"\u00c9crit par":"Cl\u00e9ment","Dur\u00e9e de lecture estim\u00e9e":"4 minutes"},"schema":{"@context":"https:\/\/schema.org","@graph":[{"@type":"Article","@id":"https:\/\/footdavant.fr\/actualites\/tottenham-hotspur-1-2-ipswich-town-ange-postecoglou-va-t-il-etre-limoge-lavenir-du-patron-des-spurs-apres-la-defaite-en-premier-league\/#article","isPartOf":{"@id":"https:\/\/footdavant.fr\/actualites\/tottenham-hotspur-1-2-ipswich-town-ange-postecoglou-va-t-il-etre-limoge-lavenir-du-patron-des-spurs-apres-la-defaite-en-premier-league\/"},"author":{"name":"Cl\u00e9ment","@id":"https:\/\/footdavant.fr\/actualites\/#\/schema\/person\/bc222566d95871b37e597b3ed3ba5e1d"},"headline":"Tottenham Hotspur 1-2 Ipswich Town : Ange Postecoglou va-t-il \u00eatre limog\u00e9 ? L&#39;avenir du patron des Spurs apr\u00e8s la d\u00e9faite en Premier League","datePublished":"2024-11-20T13:49:45+00:00","dateModified":"2024-11-20T13:49:46+00:00","mainEntityOfPage":{"@id":"https:\/\/footdavant.fr\/actualites\/tottenham-hotspur-1-2-ipswich-town-ange-postecoglou-va-t-il-etre-limoge-lavenir-du-patron-des-spurs-apres-la-defaite-en-premier-league\/"},"wordCount":747,"publisher":{"@id":"https:\/\/footdavant.fr\/actualites\/#organization"},"keywords":["Ange","apr\u00e8s","d\u00e9faite","des","\u00eatre","Hotspur","Ipswich","l39avenir","League","limoge","patron","Postecoglou","Premier","Spurs","Tottenham","Town","vatil"],"articleSection":["Premier League"],"inLanguage":"fr-FR"},{"@type":"WebPage","@id":"https:\/\/footdavant.fr\/actualites\/tottenham-hotspur-1-2-ipswich-town-ange-postecoglou-va-t-il-etre-limoge-lavenir-du-patron-des-spurs-apres-la-defaite-en-premier-league\/","url":"https:\/\/footdavant.fr\/actualites\/tottenham-hotspur-1-2-ipswich-town-ange-postecoglou-va-t-il-etre-limoge-lavenir-du-patron-des-spurs-apres-la-defaite-en-premier-league\/","name":"Tottenham Hotspur 1-2 Ipswich Town : Ange Postecoglou va-t-il \u00eatre limog\u00e9 ? L&#39;avenir du patron des Spurs apr\u00e8s la d\u00e9faite en Premier League","isPartOf":{"@id":"https:\/\/footdavant.fr\/actualites\/#website"},"datePublished":"2024-11-20T13:49:45+00:00","dateModified":"2024-11-20T13:49:46+00:00","breadcrumb":{"@id":"https:\/\/footdavant.fr\/actualites\/tottenham-hotspur-1-2-ipswich-town-ange-postecoglou-va-t-il-etre-limoge-lavenir-du-patron-des-spurs-apres-la-defaite-en-premier-league\/#breadcrumb"},"inLanguage":"fr-FR","potentialAction":[{"@type":"ReadAction","target":["https:\/\/footdavant.fr\/actualites\/tottenham-hotspur-1-2-ipswich-town-ange-postecoglou-va-t-il-etre-limoge-lavenir-du-patron-des-spurs-apres-la-defaite-en-premier-league\/"]}]},{"@type":"BreadcrumbList","@id":"https:\/\/footdavant.fr\/actualites\/tottenham-hotspur-1-2-ipswich-town-ange-postecoglou-va-t-il-etre-limoge-lavenir-du-patron-des-spurs-apres-la-defaite-en-premier-league\/#breadcrumb","itemListElement":[{"@type":"ListItem","position":1,"name":"Accueil","item":"https:\/\/footdavant.fr\/actualites\/"},{"@type":"ListItem","position":2,"name":"Tottenham Hotspur 1-2 Ipswich Town : Ange Postecoglou va-t-il \u00eatre limog\u00e9 ? L&#39;avenir du patron des Spurs apr\u00e8s la d\u00e9faite en Premier League"}]},{"@type":"WebSite","@id":"https:\/\/footdavant.fr\/actualites\/#website","url":"https:\/\/footdavant.fr\/actualites\/","name":"Foot d'avant","description":"","publisher":{"@id":"https:\/\/footdavant.fr\/actualites\/#organization"},"potentialAction":[{"@type":"SearchAction","target":{"@type":"EntryPoint","urlTemplate":"https:\/\/footdavant.fr\/actualites\/?s={search_term_string}"},"query-input":"required name=search_term_string"}],"inLanguage":"fr-FR"},{"@type":"Organization","@id":"https:\/\/footdavant.fr\/actualites\/#organization","name":"Foot d'avant","url":"https:\/\/footdavant.fr\/actualites\/","logo":{"@type":"ImageObject","inLanguage":"fr-FR","@id":"https:\/\/footdavant.fr\/actualites\/#\/schema\/logo\/image\/","url":"https:\/\/footdavant.fr\/actualites\/wp-content\/uploads\/2023\/09\/Copy-of-FootDavant-Logo.png","contentUrl":"https:\/\/footdavant.fr\/actualites\/wp-content\/uploads\/2023\/09\/Copy-of-FootDavant-Logo.png","width":936,"height":549,"caption":"Foot d'avant"},"image":{"@id":"https:\/\/footdavant.fr\/actualites\/#\/schema\/logo\/image\/"},"sameAs":["https:\/\/www.facebook.com\/Footdavant\/","https:\/\/twitter.com\/FootdavantFr","https:\/\/www.instagram.com\/footdavant.fr\/"]},{"@type":"Person","@id":"https:\/\/footdavant.fr\/actualites\/#\/schema\/person\/bc222566d95871b37e597b3ed3ba5e1d","name":"Cl\u00e9ment","image":{"@type":"ImageObject","inLanguage":"fr-FR","@id":"https:\/\/footdavant.fr\/actualites\/#\/schema\/person\/image\/","url":"https:\/\/secure.gravatar.com\/avatar\/7728b29aac2719421e1a9159b2254c44?s=96&d=mm&r=g","contentUrl":"https:\/\/secure.gravatar.com\/avatar\/7728b29aac2719421e1a9159b2254c44?s=96&d=mm&r=g","caption":"Cl\u00e9ment"},"sameAs":["https:\/\/footdavant.fr\/"]}]}},"_links":{"self":[{"href":"https:\/\/footdavant.fr\/actualites\/wp-json\/wp\/v2\/posts\/16417"}],"collection":[{"href":"https:\/\/footdavant.fr\/actualites\/wp-json\/wp\/v2\/posts"}],"about":[{"href":"https:\/\/footdavant.fr\/actualites\/wp-json\/wp\/v2\/types\/post"}],"author":[{"embeddable":true,"href":"https:\/\/footdavant.fr\/actualites\/wp-json\/wp\/v2\/users\/1"}],"replies":[{"embeddable":true,"href":"https:\/\/footdavant.fr\/actualites\/wp-json\/wp\/v2\/comments?post=16417"}],"version-history":[{"count":1,"href":"https:\/\/footdavant.fr\/actualites\/wp-json\/wp\/v2\/posts\/16417\/revisions"}],"predecessor-version":[{"id":16419,"href":"https:\/\/footdavant.fr\/actualites\/wp-json\/wp\/v2\/posts\/16417\/revisions\/16419"}],"wp:featuredmedia":[{"embeddable":true,"href":"https:\/\/footdavant.fr\/actualites\/wp-json\/wp\/v2\/media\/16418"}],"wp:attachment":[{"href":"https:\/\/footdavant.fr\/actualites\/wp-json\/wp\/v2\/media?parent=16417"}],"wp:term":[{"taxonomy":"category","embeddable":true,"href":"https:\/\/footdavant.fr\/actualites\/wp-json\/wp\/v2\/categories?post=16417"},{"taxonomy":"post_tag","embeddable":true,"href":"https:\/\/footdavant.fr\/actualites\/wp-json\/wp\/v2\/tags?post=16417"}],"curies":[{"name":"wp","href":"https:\/\/api.w.org\/{rel}","templated":true}]}}