{"id":16422,"date":"2024-11-20T18:48:02","date_gmt":"2024-11-20T17:48:02","guid":{"rendered":"https:\/\/footdavant.fr\/actualites\/nouvelles-du-transfert-darsenal-arteta-determine-a-renforcer-son-attaque-avec-un-homme-de-west-ham-evalue-a-83-millions-de-livres-sterling\/"},"modified":"2024-11-20T18:48:03","modified_gmt":"2024-11-20T17:48:03","slug":"nouvelles-du-transfert-darsenal-arteta-determine-a-renforcer-son-attaque-avec-un-homme-de-west-ham-evalue-a-83-millions-de-livres-sterling","status":"publish","type":"post","link":"https:\/\/footdavant.fr\/actualites\/nouvelles-du-transfert-darsenal-arteta-determine-a-renforcer-son-attaque-avec-un-homme-de-west-ham-evalue-a-83-millions-de-livres-sterling\/","title":{"rendered":"Nouvelles du transfert d&#39;Arsenal : Arteta \u00ab d\u00e9termin\u00e9 \u00e0 renforcer son attaque \u00bb avec un homme de West Ham \u00e9valu\u00e9 \u00e0 83 millions de livres sterling"},"content":{"rendered":"<p>Le manager d&#39;Arsenal, Mikel Arteta, chercherait \u00e0 renforcer son attaque en faisant appel \u00e0 l&#39;un des joueurs cl\u00e9s de West Ham United.<\/p>\n<div id=\"article_body\" itemprop=\"articleBody\">\n<h3 class=\"firstPara\">\n<strong class=\"autotag\">Arsenal<\/strong> auraient \u00e9t\u00e9 pr\u00e9s\u00e9lectionn\u00e9s <strong class=\"autotag\">West Ham United<\/strong> attaquant <strong class=\"autotag\">Mohammed Kudus<\/strong> en vue de recruter le joueur l\u2019\u00e9t\u00e9 prochain.<\/h3>\n<p>Kudus a rapidement pris vie en Premier League apr\u00e8s \u00eatre arriv\u00e9 de l&#39;Ajax pour 38 millions de livres sterling l&#39;\u00e9t\u00e9 dernier, devenant ainsi l&#39;un des joueurs cl\u00e9s des Hammers.<\/p>\n<p>Sign\u00e9 juste apr\u00e8s que West Ham ait remport\u00e9 la Conference League sous <strong class=\"autotag\">David Moy\u00e8s<\/strong>le Ghan\u00e9en faisait partie de l&#39;\u00e9quipe qui a atteint les quarts de finale de la Ligue Europa la saison derni\u00e8re.<\/p>\n<p>Lors de sa premi\u00e8re saison dans l&#39;Est de Londres, Kudus a marqu\u00e9 17 buts toutes comp\u00e9titions confondues, et son importance pour l&#39;\u00e9quipe a \u00e9t\u00e9 illustr\u00e9e par leurs r\u00e9sultats d\u00e9cevants depuis qu&#39;il a re\u00e7u une suspension de cinq matches apr\u00e8s son expulsion contre Tottenham Hotspur.<\/p>\n<p>Depuis le d\u00e9part de Moyes, <strong class=\"autotag\">Julen Lopetegui<\/strong> a actuellement du mal \u00e0 atteindre les m\u00eames sommets et West Ham, \u00e0 l\u2019heure actuelle, ne semble pas susceptible de d\u00e9fier les places europ\u00e9ennes cette saison.<\/p>\n<p class=\"imgI\">\n<h2 class=\"k3\">Bravo de d\u00e9m\u00e9nager \u00e0 Londres ?<\/h2>\n<p>Apr\u00e8s avoir jou\u00e9 r\u00e9guli\u00e8rement en Ligue des champions \u00e0 l&#39;Ajax et en Ligue Europa la saison derni\u00e8re, rater le football continental deux saisons de suite pourrait rapprocher Kudus de la sortie du stade de Londres.<\/p>\n<p><em>Fiches<\/em> affirment qu&#39;Arsenal pourrait utiliser cela \u00e0 son avantage et cibler un mouvement pour le joueur de 24 ans afin de renforcer son attaque la saison prochaine.<\/p>\n<p>Le rapport indique que les Gunners bougeront pour le joueur au cours des prochains mois et pourraient m\u00eame \u00eatre tent\u00e9s de payer la clause de lib\u00e9ration de Kudus, \u00e9valu\u00e9e \u00e0 83 millions de livres sterling.<\/p>\n<p>Le contrat de Kudus court jusqu&#39;en 2028, il est donc peu probable que West Ham se contente de beaucoup moins que ce chiffre, mais une saison de lutte contre la rel\u00e9gation pourrait rendre extr\u00eamement difficile pour eux de conserver l&#39;un de leurs biens les plus pr\u00e9cieux.<\/p>\n<p class=\"imgI\"><img decoding=\"async\" loading=\"lazy\" class=\"l\" src=\"https:\/\/footdavant.fr\/actualites\/wp-content\/uploads\/2024\/11\/1732124882_951_Nouvelles-du-transfert-d39Arsenal-Arteta-determine-a-renforcer.jpg\" title=\"Mikel Arteta, manager d&#39;Arsenal, photographi\u00e9 le 2 novembre 2024\" alt=\"Mikel Arteta, manager d&#39;Arsenal, photographi\u00e9 le 2 novembre 2024\" width=\"640\" height=\"480\"><\/p>\n<h2 class=\"k3\">Dans quels domaines Arsenal pourrait-il vouloir s\u2019am\u00e9liorer ?<\/h2>\n<p><strong class=\"autotag\">Bukayo Saka<\/strong>La place de sur le c\u00f4t\u00e9 droit de l&#39;attaque est verrouill\u00e9e, mais le patron d&#39;Arsenal <strong class=\"autotag\">Mikel Arteta<\/strong> pourrait choisir de se renforcer au centre et \u00e0 gauche apr\u00e8s un d\u00e9but de saison assez poussif, ce qui les voit <strong>neuf points \u00e0 la d\u00e9rive<\/strong> de Liverpool d\u00e9j\u00e0.<\/p>\n<p>Les Gunners n&#39;ont marqu\u00e9 que quatre buts lors de leurs six derniers matches de Premier League et de Ligue des champions, s&#39;inclinant \u00e0 trois reprises et ne s&#39;imposant qu&#39;une seule fois, \u00e0 domicile contre le Shakhtar Donetsk.<\/p>\n<p><strong class=\"autotag\">Raheem Sterling<\/strong>La signature du pr\u00eat de ne fonctionne \u00e9videmment pas, car il a \u00e9t\u00e9 un rempla\u00e7ant inutilis\u00e9 lors des trois derniers matchs pour lesquels il \u00e9tait disponible, alors qu&#39;aucun des deux <strong class=\"autotag\">L\u00e9andro Trossard<\/strong> et <strong class=\"autotag\">Gabriel Martinelli<\/strong> peut se tailler une place sur le c\u00f4t\u00e9 de mani\u00e8re coh\u00e9rente sur l\u2019aile gauche.<\/p>\n<p>Kudus s&#39;est montr\u00e9 capable de d\u00e9buter \u00e0 gauche, mais son passage \u00e0 l&#39;Ajax montre \u00e9galement qu&#39;il peut \u00eatre utilis\u00e9 comme attaquant central, y jouant une grande partie de la campagne lorsqu&#39;il a inscrit 18 buts lors de sa derni\u00e8re saison \u00e0 Amsterdam.<\/p>\n<\/div>\n","protected":false},"excerpt":{"rendered":"<p>Le manager d&#39;Arsenal, Mikel Arteta, chercherait \u00e0 renforcer son attaque en faisant appel \u00e0 l&#39;un des joueurs cl\u00e9s de West Ham United. Arsenal auraient \u00e9t\u00e9<\/p>\n","protected":false},"author":1,"featured_media":16423,"comment_status":"closed","ping_status":"","sticky":false,"template":"","format":"standard","meta":{"footnotes":""},"categories":[5],"tags":[211,1501,91,4221,2269,1894,286,1245,115,114,461,4973,86,116,700,285],"yoast_head":"<!-- This site is optimized with the Yoast SEO plugin v21.0 - https:\/\/yoast.com\/wordpress\/plugins\/seo\/ -->\n<title>Nouvelles du transfert d&#039;Arsenal : Arteta \u00ab d\u00e9termin\u00e9 \u00e0 renforcer son attaque \u00bb avec un homme de West Ham \u00e9valu\u00e9 \u00e0 83 millions de livres sterling<\/title>\n<meta name=\"robots\" content=\"index, follow, max-snippet:-1, max-image-preview:large, max-video-preview:-1\" \/>\n<link rel=\"canonical\" href=\"https:\/\/footdavant.fr\/actualites\/nouvelles-du-transfert-darsenal-arteta-determine-a-renforcer-son-attaque-avec-un-homme-de-west-ham-evalue-a-83-millions-de-livres-sterling\/\" \/>\n<meta property=\"og:locale\" content=\"fr_FR\" \/>\n<meta property=\"og:type\" content=\"article\" \/>\n<meta property=\"og:title\" content=\"Nouvelles du transfert d&#039;Arsenal : Arteta \u00ab d\u00e9termin\u00e9 \u00e0 renforcer son attaque \u00bb avec un homme de West Ham \u00e9valu\u00e9 \u00e0 83 millions de livres sterling\" \/>\n<meta property=\"og:description\" content=\"Le manager d&#039;Arsenal, Mikel Arteta, chercherait \u00e0 renforcer son attaque en faisant appel \u00e0 l&#039;un des joueurs cl\u00e9s de West Ham United. Arsenal auraient \u00e9t\u00e9\" \/>\n<meta property=\"og:url\" content=\"https:\/\/footdavant.fr\/actualites\/nouvelles-du-transfert-darsenal-arteta-determine-a-renforcer-son-attaque-avec-un-homme-de-west-ham-evalue-a-83-millions-de-livres-sterling\/\" \/>\n<meta property=\"og:site_name\" content=\"Foot d&#039;avant\" \/>\n<meta property=\"article:publisher\" content=\"https:\/\/www.facebook.com\/Footdavant\/\" \/>\n<meta property=\"article:published_time\" content=\"2024-11-20T17:48:02+00:00\" \/>\n<meta property=\"article:modified_time\" content=\"2024-11-20T17:48:03+00:00\" \/>\n<meta property=\"og:image\" content=\"https:\/\/footdavant.fr\/actualites\/wp-content\/uploads\/2024\/11\/Nouvelles-du-transfert-d39Arsenal-Arteta-determine-a-renforcer.jpg\" \/>\n\t<meta property=\"og:image:width\" content=\"640\" \/>\n\t<meta property=\"og:image:height\" content=\"480\" \/>\n\t<meta property=\"og:image:type\" content=\"image\/jpeg\" \/>\n<meta name=\"author\" content=\"Cl\u00e9ment\" \/>\n<meta name=\"twitter:card\" content=\"summary_large_image\" \/>\n<meta name=\"twitter:creator\" content=\"@FootdavantFr\" \/>\n<meta name=\"twitter:site\" content=\"@FootdavantFr\" \/>\n<meta name=\"twitter:label1\" content=\"\u00c9crit par\" \/>\n\t<meta name=\"twitter:data1\" content=\"Cl\u00e9ment\" \/>\n\t<meta name=\"twitter:label2\" content=\"Dur\u00e9e de lecture estim\u00e9e\" \/>\n\t<meta name=\"twitter:data2\" content=\"3 minutes\" \/>\n<script type=\"application\/ld+json\" class=\"yoast-schema-graph\">{\"@context\":\"https:\/\/schema.org\",\"@graph\":[{\"@type\":\"Article\",\"@id\":\"https:\/\/footdavant.fr\/actualites\/nouvelles-du-transfert-darsenal-arteta-determine-a-renforcer-son-attaque-avec-un-homme-de-west-ham-evalue-a-83-millions-de-livres-sterling\/#article\",\"isPartOf\":{\"@id\":\"https:\/\/footdavant.fr\/actualites\/nouvelles-du-transfert-darsenal-arteta-determine-a-renforcer-son-attaque-avec-un-homme-de-west-ham-evalue-a-83-millions-de-livres-sterling\/\"},\"author\":{\"name\":\"Cl\u00e9ment\",\"@id\":\"https:\/\/footdavant.fr\/actualites\/#\/schema\/person\/bc222566d95871b37e597b3ed3ba5e1d\"},\"headline\":\"Nouvelles du transfert d&#39;Arsenal : Arteta \u00ab d\u00e9termin\u00e9 \u00e0 renforcer son attaque \u00bb avec un homme de West Ham \u00e9valu\u00e9 \u00e0 83 millions de livres sterling\",\"datePublished\":\"2024-11-20T17:48:02+00:00\",\"dateModified\":\"2024-11-20T17:48:03+00:00\",\"mainEntityOfPage\":{\"@id\":\"https:\/\/footdavant.fr\/actualites\/nouvelles-du-transfert-darsenal-arteta-determine-a-renforcer-son-attaque-avec-un-homme-de-west-ham-evalue-a-83-millions-de-livres-sterling\/\"},\"wordCount\":588,\"publisher\":{\"@id\":\"https:\/\/footdavant.fr\/actualites\/#organization\"},\"keywords\":[\"Arteta\",\"attaque\",\"avec\",\"d39Arsenal\",\"d\u00e9termin\u00e9\",\"\u00e9value\",\"Ham\",\"homme\",\"livres\",\"millions\",\"Nouvelles\",\"renforcer\",\"son\",\"sterling\",\"transfert\",\"West\"],\"articleSection\":[\"Premier League\"],\"inLanguage\":\"fr-FR\"},{\"@type\":\"WebPage\",\"@id\":\"https:\/\/footdavant.fr\/actualites\/nouvelles-du-transfert-darsenal-arteta-determine-a-renforcer-son-attaque-avec-un-homme-de-west-ham-evalue-a-83-millions-de-livres-sterling\/\",\"url\":\"https:\/\/footdavant.fr\/actualites\/nouvelles-du-transfert-darsenal-arteta-determine-a-renforcer-son-attaque-avec-un-homme-de-west-ham-evalue-a-83-millions-de-livres-sterling\/\",\"name\":\"Nouvelles du transfert d&#39;Arsenal : Arteta \u00ab d\u00e9termin\u00e9 \u00e0 renforcer son attaque \u00bb avec un homme de West Ham \u00e9valu\u00e9 \u00e0 83 millions de livres sterling\",\"isPartOf\":{\"@id\":\"https:\/\/footdavant.fr\/actualites\/#website\"},\"datePublished\":\"2024-11-20T17:48:02+00:00\",\"dateModified\":\"2024-11-20T17:48:03+00:00\",\"breadcrumb\":{\"@id\":\"https:\/\/footdavant.fr\/actualites\/nouvelles-du-transfert-darsenal-arteta-determine-a-renforcer-son-attaque-avec-un-homme-de-west-ham-evalue-a-83-millions-de-livres-sterling\/#breadcrumb\"},\"inLanguage\":\"fr-FR\",\"potentialAction\":[{\"@type\":\"ReadAction\",\"target\":[\"https:\/\/footdavant.fr\/actualites\/nouvelles-du-transfert-darsenal-arteta-determine-a-renforcer-son-attaque-avec-un-homme-de-west-ham-evalue-a-83-millions-de-livres-sterling\/\"]}]},{\"@type\":\"BreadcrumbList\",\"@id\":\"https:\/\/footdavant.fr\/actualites\/nouvelles-du-transfert-darsenal-arteta-determine-a-renforcer-son-attaque-avec-un-homme-de-west-ham-evalue-a-83-millions-de-livres-sterling\/#breadcrumb\",\"itemListElement\":[{\"@type\":\"ListItem\",\"position\":1,\"name\":\"Accueil\",\"item\":\"https:\/\/footdavant.fr\/actualites\/\"},{\"@type\":\"ListItem\",\"position\":2,\"name\":\"Nouvelles du transfert d&#39;Arsenal : Arteta \u00ab d\u00e9termin\u00e9 \u00e0 renforcer son attaque \u00bb avec un homme de West Ham \u00e9valu\u00e9 \u00e0 83 millions de livres sterling\"}]},{\"@type\":\"WebSite\",\"@id\":\"https:\/\/footdavant.fr\/actualites\/#website\",\"url\":\"https:\/\/footdavant.fr\/actualites\/\",\"name\":\"Foot d'avant\",\"description\":\"\",\"publisher\":{\"@id\":\"https:\/\/footdavant.fr\/actualites\/#organization\"},\"potentialAction\":[{\"@type\":\"SearchAction\",\"target\":{\"@type\":\"EntryPoint\",\"urlTemplate\":\"https:\/\/footdavant.fr\/actualites\/?s={search_term_string}\"},\"query-input\":\"required name=search_term_string\"}],\"inLanguage\":\"fr-FR\"},{\"@type\":\"Organization\",\"@id\":\"https:\/\/footdavant.fr\/actualites\/#organization\",\"name\":\"Foot d'avant\",\"url\":\"https:\/\/footdavant.fr\/actualites\/\",\"logo\":{\"@type\":\"ImageObject\",\"inLanguage\":\"fr-FR\",\"@id\":\"https:\/\/footdavant.fr\/actualites\/#\/schema\/logo\/image\/\",\"url\":\"https:\/\/footdavant.fr\/actualites\/wp-content\/uploads\/2023\/09\/Copy-of-FootDavant-Logo.png\",\"contentUrl\":\"https:\/\/footdavant.fr\/actualites\/wp-content\/uploads\/2023\/09\/Copy-of-FootDavant-Logo.png\",\"width\":936,\"height\":549,\"caption\":\"Foot d'avant\"},\"image\":{\"@id\":\"https:\/\/footdavant.fr\/actualites\/#\/schema\/logo\/image\/\"},\"sameAs\":[\"https:\/\/www.facebook.com\/Footdavant\/\",\"https:\/\/twitter.com\/FootdavantFr\",\"https:\/\/www.instagram.com\/footdavant.fr\/\"]},{\"@type\":\"Person\",\"@id\":\"https:\/\/footdavant.fr\/actualites\/#\/schema\/person\/bc222566d95871b37e597b3ed3ba5e1d\",\"name\":\"Cl\u00e9ment\",\"image\":{\"@type\":\"ImageObject\",\"inLanguage\":\"fr-FR\",\"@id\":\"https:\/\/footdavant.fr\/actualites\/#\/schema\/person\/image\/\",\"url\":\"https:\/\/secure.gravatar.com\/avatar\/7728b29aac2719421e1a9159b2254c44?s=96&d=mm&r=g\",\"contentUrl\":\"https:\/\/secure.gravatar.com\/avatar\/7728b29aac2719421e1a9159b2254c44?s=96&d=mm&r=g\",\"caption\":\"Cl\u00e9ment\"},\"sameAs\":[\"https:\/\/footdavant.fr\/\"]}]}<\/script>\n<!-- \/ Yoast SEO plugin. -->","yoast_head_json":{"title":"Nouvelles du transfert d&#39;Arsenal : Arteta \u00ab d\u00e9termin\u00e9 \u00e0 renforcer son attaque \u00bb avec un homme de West Ham \u00e9valu\u00e9 \u00e0 83 millions de livres sterling","robots":{"index":"index","follow":"follow","max-snippet":"max-snippet:-1","max-image-preview":"max-image-preview:large","max-video-preview":"max-video-preview:-1"},"canonical":"https:\/\/footdavant.fr\/actualites\/nouvelles-du-transfert-darsenal-arteta-determine-a-renforcer-son-attaque-avec-un-homme-de-west-ham-evalue-a-83-millions-de-livres-sterling\/","og_locale":"fr_FR","og_type":"article","og_title":"Nouvelles du transfert d&#39;Arsenal : Arteta \u00ab d\u00e9termin\u00e9 \u00e0 renforcer son attaque \u00bb avec un homme de West Ham \u00e9valu\u00e9 \u00e0 83 millions de livres sterling","og_description":"Le manager d&#39;Arsenal, Mikel Arteta, chercherait \u00e0 renforcer son attaque en faisant appel \u00e0 l&#39;un des joueurs cl\u00e9s de West Ham United. Arsenal auraient \u00e9t\u00e9","og_url":"https:\/\/footdavant.fr\/actualites\/nouvelles-du-transfert-darsenal-arteta-determine-a-renforcer-son-attaque-avec-un-homme-de-west-ham-evalue-a-83-millions-de-livres-sterling\/","og_site_name":"Foot d&#039;avant","article_publisher":"https:\/\/www.facebook.com\/Footdavant\/","article_published_time":"2024-11-20T17:48:02+00:00","article_modified_time":"2024-11-20T17:48:03+00:00","og_image":[{"width":640,"height":480,"url":"https:\/\/footdavant.fr\/actualites\/wp-content\/uploads\/2024\/11\/Nouvelles-du-transfert-d39Arsenal-Arteta-determine-a-renforcer.jpg","type":"image\/jpeg"}],"author":"Cl\u00e9ment","twitter_card":"summary_large_image","twitter_creator":"@FootdavantFr","twitter_site":"@FootdavantFr","twitter_misc":{"\u00c9crit par":"Cl\u00e9ment","Dur\u00e9e de lecture estim\u00e9e":"3 minutes"},"schema":{"@context":"https:\/\/schema.org","@graph":[{"@type":"Article","@id":"https:\/\/footdavant.fr\/actualites\/nouvelles-du-transfert-darsenal-arteta-determine-a-renforcer-son-attaque-avec-un-homme-de-west-ham-evalue-a-83-millions-de-livres-sterling\/#article","isPartOf":{"@id":"https:\/\/footdavant.fr\/actualites\/nouvelles-du-transfert-darsenal-arteta-determine-a-renforcer-son-attaque-avec-un-homme-de-west-ham-evalue-a-83-millions-de-livres-sterling\/"},"author":{"name":"Cl\u00e9ment","@id":"https:\/\/footdavant.fr\/actualites\/#\/schema\/person\/bc222566d95871b37e597b3ed3ba5e1d"},"headline":"Nouvelles du transfert d&#39;Arsenal : Arteta \u00ab d\u00e9termin\u00e9 \u00e0 renforcer son attaque \u00bb avec un homme de West Ham \u00e9valu\u00e9 \u00e0 83 millions de livres sterling","datePublished":"2024-11-20T17:48:02+00:00","dateModified":"2024-11-20T17:48:03+00:00","mainEntityOfPage":{"@id":"https:\/\/footdavant.fr\/actualites\/nouvelles-du-transfert-darsenal-arteta-determine-a-renforcer-son-attaque-avec-un-homme-de-west-ham-evalue-a-83-millions-de-livres-sterling\/"},"wordCount":588,"publisher":{"@id":"https:\/\/footdavant.fr\/actualites\/#organization"},"keywords":["Arteta","attaque","avec","d39Arsenal","d\u00e9termin\u00e9","\u00e9value","Ham","homme","livres","millions","Nouvelles","renforcer","son","sterling","transfert","West"],"articleSection":["Premier League"],"inLanguage":"fr-FR"},{"@type":"WebPage","@id":"https:\/\/footdavant.fr\/actualites\/nouvelles-du-transfert-darsenal-arteta-determine-a-renforcer-son-attaque-avec-un-homme-de-west-ham-evalue-a-83-millions-de-livres-sterling\/","url":"https:\/\/footdavant.fr\/actualites\/nouvelles-du-transfert-darsenal-arteta-determine-a-renforcer-son-attaque-avec-un-homme-de-west-ham-evalue-a-83-millions-de-livres-sterling\/","name":"Nouvelles du transfert d&#39;Arsenal : Arteta \u00ab d\u00e9termin\u00e9 \u00e0 renforcer son attaque \u00bb avec un homme de West Ham \u00e9valu\u00e9 \u00e0 83 millions de livres sterling","isPartOf":{"@id":"https:\/\/footdavant.fr\/actualites\/#website"},"datePublished":"2024-11-20T17:48:02+00:00","dateModified":"2024-11-20T17:48:03+00:00","breadcrumb":{"@id":"https:\/\/footdavant.fr\/actualites\/nouvelles-du-transfert-darsenal-arteta-determine-a-renforcer-son-attaque-avec-un-homme-de-west-ham-evalue-a-83-millions-de-livres-sterling\/#breadcrumb"},"inLanguage":"fr-FR","potentialAction":[{"@type":"ReadAction","target":["https:\/\/footdavant.fr\/actualites\/nouvelles-du-transfert-darsenal-arteta-determine-a-renforcer-son-attaque-avec-un-homme-de-west-ham-evalue-a-83-millions-de-livres-sterling\/"]}]},{"@type":"BreadcrumbList","@id":"https:\/\/footdavant.fr\/actualites\/nouvelles-du-transfert-darsenal-arteta-determine-a-renforcer-son-attaque-avec-un-homme-de-west-ham-evalue-a-83-millions-de-livres-sterling\/#breadcrumb","itemListElement":[{"@type":"ListItem","position":1,"name":"Accueil","item":"https:\/\/footdavant.fr\/actualites\/"},{"@type":"ListItem","position":2,"name":"Nouvelles du transfert d&#39;Arsenal : Arteta \u00ab d\u00e9termin\u00e9 \u00e0 renforcer son attaque \u00bb avec un homme de West Ham \u00e9valu\u00e9 \u00e0 83 millions de livres sterling"}]},{"@type":"WebSite","@id":"https:\/\/footdavant.fr\/actualites\/#website","url":"https:\/\/footdavant.fr\/actualites\/","name":"Foot d'avant","description":"","publisher":{"@id":"https:\/\/footdavant.fr\/actualites\/#organization"},"potentialAction":[{"@type":"SearchAction","target":{"@type":"EntryPoint","urlTemplate":"https:\/\/footdavant.fr\/actualites\/?s={search_term_string}"},"query-input":"required name=search_term_string"}],"inLanguage":"fr-FR"},{"@type":"Organization","@id":"https:\/\/footdavant.fr\/actualites\/#organization","name":"Foot d'avant","url":"https:\/\/footdavant.fr\/actualites\/","logo":{"@type":"ImageObject","inLanguage":"fr-FR","@id":"https:\/\/footdavant.fr\/actualites\/#\/schema\/logo\/image\/","url":"https:\/\/footdavant.fr\/actualites\/wp-content\/uploads\/2023\/09\/Copy-of-FootDavant-Logo.png","contentUrl":"https:\/\/footdavant.fr\/actualites\/wp-content\/uploads\/2023\/09\/Copy-of-FootDavant-Logo.png","width":936,"height":549,"caption":"Foot d'avant"},"image":{"@id":"https:\/\/footdavant.fr\/actualites\/#\/schema\/logo\/image\/"},"sameAs":["https:\/\/www.facebook.com\/Footdavant\/","https:\/\/twitter.com\/FootdavantFr","https:\/\/www.instagram.com\/footdavant.fr\/"]},{"@type":"Person","@id":"https:\/\/footdavant.fr\/actualites\/#\/schema\/person\/bc222566d95871b37e597b3ed3ba5e1d","name":"Cl\u00e9ment","image":{"@type":"ImageObject","inLanguage":"fr-FR","@id":"https:\/\/footdavant.fr\/actualites\/#\/schema\/person\/image\/","url":"https:\/\/secure.gravatar.com\/avatar\/7728b29aac2719421e1a9159b2254c44?s=96&d=mm&r=g","contentUrl":"https:\/\/secure.gravatar.com\/avatar\/7728b29aac2719421e1a9159b2254c44?s=96&d=mm&r=g","caption":"Cl\u00e9ment"},"sameAs":["https:\/\/footdavant.fr\/"]}]}},"_links":{"self":[{"href":"https:\/\/footdavant.fr\/actualites\/wp-json\/wp\/v2\/posts\/16422"}],"collection":[{"href":"https:\/\/footdavant.fr\/actualites\/wp-json\/wp\/v2\/posts"}],"about":[{"href":"https:\/\/footdavant.fr\/actualites\/wp-json\/wp\/v2\/types\/post"}],"author":[{"embeddable":true,"href":"https:\/\/footdavant.fr\/actualites\/wp-json\/wp\/v2\/users\/1"}],"replies":[{"embeddable":true,"href":"https:\/\/footdavant.fr\/actualites\/wp-json\/wp\/v2\/comments?post=16422"}],"version-history":[{"count":1,"href":"https:\/\/footdavant.fr\/actualites\/wp-json\/wp\/v2\/posts\/16422\/revisions"}],"predecessor-version":[{"id":16424,"href":"https:\/\/footdavant.fr\/actualites\/wp-json\/wp\/v2\/posts\/16422\/revisions\/16424"}],"wp:featuredmedia":[{"embeddable":true,"href":"https:\/\/footdavant.fr\/actualites\/wp-json\/wp\/v2\/media\/16423"}],"wp:attachment":[{"href":"https:\/\/footdavant.fr\/actualites\/wp-json\/wp\/v2\/media?parent=16422"}],"wp:term":[{"taxonomy":"category","embeddable":true,"href":"https:\/\/footdavant.fr\/actualites\/wp-json\/wp\/v2\/categories?post=16422"},{"taxonomy":"post_tag","embeddable":true,"href":"https:\/\/footdavant.fr\/actualites\/wp-json\/wp\/v2\/tags?post=16422"}],"curies":[{"name":"wp","href":"https:\/\/api.w.org\/{rel}","templated":true}]}}