{"id":16425,"date":"2024-11-20T20:48:37","date_gmt":"2024-11-20T19:48:37","guid":{"rendered":"https:\/\/footdavant.fr\/actualites\/joao-felix-termine-une-belle-pause-internationale-et-renato-veiga-egalement-solide\/"},"modified":"2024-11-20T20:48:37","modified_gmt":"2024-11-20T19:48:37","slug":"joao-felix-termine-une-belle-pause-internationale-et-renato-veiga-egalement-solide","status":"publish","type":"post","link":"https:\/\/footdavant.fr\/actualites\/joao-felix-termine-une-belle-pause-internationale-et-renato-veiga-egalement-solide\/","title":{"rendered":"Joao Felix termine une belle pause internationale et Renato Veiga \u00e9galement solide \u2013"},"content":{"rendered":"<div id=\"mvp-content-main\">\n<p>Il est temps de jeter un \u0153il \u00e0 une autre s\u00e9rie de matchs internationaux hier soir avec une connexion avec Chelsea.<\/p>\n<p>Joao Felix et Renato Veiga ont tous deux d\u00e9but\u00e9 pour le Portugal lors de leur match nul 1-1 contre la Croatie en Ligue des Nations.<\/p>\n<p>Felix a d\u00e9but\u00e9 dans le cadre d&#39;un doubl\u00e9 pour le Portugal aux c\u00f4t\u00e9s de Raphael Leao, et Veiga a d\u00e9but\u00e9 au milieu d&#39;un trio de retour.<\/p>\n<p>Veiga a r\u00e9alis\u00e9 un assez bon match, obtenant une note de 6,9 \u200b\u200bsur Sofascore, tandis que Felix a brill\u00e9 en faisant crier son homme du match avec une note de 8,5.<\/p>\n<div class=\"captioned-image-container\">\n<figure>\n<div class=\"image2-inset\"><img loading=\"lazy\" decoding=\"async\" class=\"sizing-normal\" src=\"https:\/\/footdavant.fr\/actualites\/wp-content\/uploads\/2024\/11\/Joao-Felix-termine-une-belle-pause-internationale-et-Renato-Veiga.png\" alt=\"\" width=\"1097\" height=\"671\" data-attrs='{\"src\":\"https:\/\/substack-post-media.s3.amazonaws.com\/public\/images\/0256c2be-962e-46a6-a342-39076fea511e_1097x671.png\",\"srcNoWatermark\":null,\"fullscreen\":null,\"imageSize\":null,\"height\":671,\"width\":1097,\"resizeWidth\":null,\"bytes\":145750,\"alt\":null,\"title\":null,\"type\":\"image\/png\",\"href\":null,\"belowTheFold\":false,\"topImage\":false,\"internalRedirect\":null,\"isProcessing\":false}'><\/p>\n<\/div>\n<\/figure>\n<\/div>\n<p>Les statistiques de F\u00e9lix \u00e9taient incroyables, il se battait vraiment et \u00e9tait vraiment pr\u00eat pour ce match, r\u00e9alisant une performance compl\u00e8te et \u00e9tait partout.<\/p>\n<p>Il a remport\u00e9 8 de ses 12 duels, 8 des 12 duels au sol, et il a r\u00e9ussi 3 plaquages \u200b\u200ben 90 minutes jou\u00e9es.<\/p>\n<p>En plus d&#39;avoir marqu\u00e9 son beau but, F\u00e9lix a r\u00e9ussi 3 tirs cadr\u00e9s, 1 non cadr\u00e9, effectu\u00e9 3 passes cl\u00e9s, cr\u00e9\u00e9 1 grosse occasion, compl\u00e9t\u00e9 27 passes sur 33 et compl\u00e9t\u00e9 2 tentatives de dribble sur 4. Ce sont des chiffres tr\u00e8s impressionnants.<\/p>\n<p>C&#39;est F\u00e9lix qui envoie une fois de plus son message \u00e0 Enzo Maresca, il veut une place dans le Xl de d\u00e9part pour les matchs de championnat et s&#39;il continue \u00e0 briller ainsi, il ne peut \u00eatre ignor\u00e9. Grande confiance et booster d\u2019\u00e9lan pour l\u2019attaquant.<\/p>\n<p>Veiga a \u00e9galement jou\u00e9 l&#39;int\u00e9gralit\u00e9 des 90 minutes pour le Portugal, mais ne s&#39;est pas vraiment d\u00e9marqu\u00e9 de la m\u00eame mani\u00e8re que Felix.<\/p>\n<p>Cependant, il \u00e9tait solide et avait \u00e9galement un taux de r\u00e9ussite tr\u00e8s \u00e9lev\u00e9 de 96 %.<\/p>\n<p>Bien qu&#39;il n&#39;ait r\u00e9alis\u00e9 qu&#39;un seul tacle tout au long du match (2 de moins que l&#39;attaquant F\u00e9lix), il a remport\u00e9 3 duels sur 4 et 1 duel au sol sur 2. Il a \u00e9galement remport\u00e9 2 duels a\u00e9riens sur 2.<\/p>\n<div class=\"captioned-image-container\">\n<figure>\n<div class=\"image2-inset\"><img loading=\"lazy\" decoding=\"async\" class=\"sizing-normal\" title=\"Image\" src=\"https:\/\/footdavant.fr\/actualites\/wp-content\/uploads\/2024\/11\/Joao-Felix-termine-une-belle-pause-internationale-et-Renato-Veiga.jpeg\" alt=\"Image\" width=\"1456\" height=\"990\" data-attrs='{\"src\":\"https:\/\/substack-post-media.s3.amazonaws.com\/public\/images\/7188a99e-333b-4f58-80ac-f41d6287504f_4096x2784.jpeg\",\"srcNoWatermark\":null,\"fullscreen\":null,\"imageSize\":null,\"height\":990,\"width\":1456,\"resizeWidth\":null,\"bytes\":null,\"alt\":\"Image\",\"title\":null,\"type\":null,\"href\":null,\"belowTheFold\":true,\"topImage\":false,\"internalRedirect\":null,\"isProcessing\":false}'><\/p>\n<\/div>\n<\/figure>\n<\/div>\n<p>L\u00e0 o\u00f9 il a brill\u00e9, ce sont ses longs ballons depuis l\u2019arri\u00e8re, compl\u00e9tant 4 tentatives sur 6. Il contr\u00f4lait \u00e9galement le jeu depuis cette position centrale du d\u00e9fenseur central, le dictant et r\u00e9alisant le plus de touches de l&#39;\u00e9quipe avec 84, ainsi que le plus grand nombre de passes avec 77. C&#39;est tr\u00e8s impressionnant, surtout pour un joueur si jeune.<\/p>\n<p>D\u00e9fensivement, il n&#39;a pas \u00e9t\u00e9 trop test\u00e9, mais il a r\u00e9ussi 4 d\u00e9gagements et 1 interception, et n&#39;a pas \u00e9t\u00e9 dribbl\u00e9 une seule fois.<\/p>\n<p>Il a jou\u00e9 aux c\u00f4t\u00e9s de Tomas Aruajo, une cible de Chelsea, et dans l\u2019ensemble, il avait \u00e9galement l\u2019air plut\u00f4t d\u00e9cent (note de 7,2) et constitue certainement une poursuite potentielle intrigante.<\/p>\n<p>Mais Veiga a \u00e9t\u00e9 bon, F\u00e9lix a \u00e9t\u00e9 superbe et, dans l&#39;ensemble, 90 bonnes minutes pour les gars de Chelsea lors de ce match d&#39;hier soir.<\/p>\n<p>\t\t\t\t\t\t\t\t\t<!--mvp-post-tags--><\/p><\/div>\n","protected":false},"excerpt":{"rendered":"<p>Il est temps de jeter un \u0153il \u00e0 une autre s\u00e9rie de matchs internationaux hier soir avec une connexion avec Chelsea. Joao Felix et Renato<\/p>\n","protected":false},"author":1,"featured_media":0,"comment_status":"","ping_status":"","sticky":false,"template":"","format":"standard","meta":{"footnotes":""},"categories":[3],"tags":[5133,1329,151,6332,150,2907,7100,2134,2205,92,7101],"yoast_head":"<!-- This site is optimized with the Yoast SEO plugin v21.0 - https:\/\/yoast.com\/wordpress\/plugins\/seo\/ -->\n<title>Joao Felix termine une belle pause internationale et Renato Veiga \u00e9galement solide \u2013<\/title>\n<meta name=\"robots\" content=\"index, follow, max-snippet:-1, max-image-preview:large, max-video-preview:-1\" \/>\n<link rel=\"canonical\" href=\"https:\/\/footdavant.fr\/actualites\/joao-felix-termine-une-belle-pause-internationale-et-renato-veiga-egalement-solide\/\" \/>\n<meta property=\"og:locale\" content=\"fr_FR\" \/>\n<meta property=\"og:type\" content=\"article\" \/>\n<meta property=\"og:title\" content=\"Joao Felix termine une belle pause internationale et Renato Veiga \u00e9galement solide \u2013\" \/>\n<meta property=\"og:description\" content=\"Il est temps de jeter un \u0153il \u00e0 une autre s\u00e9rie de matchs internationaux hier soir avec une connexion avec Chelsea. Joao Felix et Renato\" \/>\n<meta property=\"og:url\" content=\"https:\/\/footdavant.fr\/actualites\/joao-felix-termine-une-belle-pause-internationale-et-renato-veiga-egalement-solide\/\" \/>\n<meta property=\"og:site_name\" content=\"Foot d&#039;avant\" \/>\n<meta property=\"article:publisher\" content=\"https:\/\/www.facebook.com\/Footdavant\/\" \/>\n<meta property=\"article:published_time\" content=\"2024-11-20T19:48:37+00:00\" \/>\n<meta property=\"og:image\" content=\"https:\/\/footdavant.fr\/actualites\/wp-content\/uploads\/2024\/11\/Joao-Felix-termine-une-belle-pause-internationale-et-Renato-Veiga.png\" \/>\n<meta name=\"author\" content=\"Cl\u00e9ment\" \/>\n<meta name=\"twitter:card\" content=\"summary_large_image\" \/>\n<meta name=\"twitter:creator\" content=\"@FootdavantFr\" \/>\n<meta name=\"twitter:site\" content=\"@FootdavantFr\" \/>\n<meta name=\"twitter:label1\" content=\"\u00c9crit par\" \/>\n\t<meta name=\"twitter:data1\" content=\"Cl\u00e9ment\" \/>\n\t<meta name=\"twitter:label2\" content=\"Dur\u00e9e de lecture estim\u00e9e\" \/>\n\t<meta name=\"twitter:data2\" content=\"2 minutes\" \/>\n<script type=\"application\/ld+json\" class=\"yoast-schema-graph\">{\"@context\":\"https:\/\/schema.org\",\"@graph\":[{\"@type\":\"Article\",\"@id\":\"https:\/\/footdavant.fr\/actualites\/joao-felix-termine-une-belle-pause-internationale-et-renato-veiga-egalement-solide\/#article\",\"isPartOf\":{\"@id\":\"https:\/\/footdavant.fr\/actualites\/joao-felix-termine-une-belle-pause-internationale-et-renato-veiga-egalement-solide\/\"},\"author\":{\"name\":\"Cl\u00e9ment\",\"@id\":\"https:\/\/footdavant.fr\/actualites\/#\/schema\/person\/bc222566d95871b37e597b3ed3ba5e1d\"},\"headline\":\"Joao Felix termine une belle pause internationale et Renato Veiga \u00e9galement solide \u2013\",\"datePublished\":\"2024-11-20T19:48:37+00:00\",\"dateModified\":\"2024-11-20T19:48:37+00:00\",\"mainEntityOfPage\":{\"@id\":\"https:\/\/footdavant.fr\/actualites\/joao-felix-termine-une-belle-pause-internationale-et-renato-veiga-egalement-solide\/\"},\"wordCount\":502,\"publisher\":{\"@id\":\"https:\/\/footdavant.fr\/actualites\/#organization\"},\"keywords\":[\"belle\",\"\u00e9galement\",\"Felix\",\"internationale\",\"Joao\",\"pause\",\"Renato\",\"solide\",\"termine\",\"une\",\"Veiga\"],\"articleSection\":[\"Football\"],\"inLanguage\":\"fr-FR\"},{\"@type\":\"WebPage\",\"@id\":\"https:\/\/footdavant.fr\/actualites\/joao-felix-termine-une-belle-pause-internationale-et-renato-veiga-egalement-solide\/\",\"url\":\"https:\/\/footdavant.fr\/actualites\/joao-felix-termine-une-belle-pause-internationale-et-renato-veiga-egalement-solide\/\",\"name\":\"Joao Felix termine une belle pause internationale et Renato Veiga \u00e9galement solide \u2013\",\"isPartOf\":{\"@id\":\"https:\/\/footdavant.fr\/actualites\/#website\"},\"datePublished\":\"2024-11-20T19:48:37+00:00\",\"dateModified\":\"2024-11-20T19:48:37+00:00\",\"breadcrumb\":{\"@id\":\"https:\/\/footdavant.fr\/actualites\/joao-felix-termine-une-belle-pause-internationale-et-renato-veiga-egalement-solide\/#breadcrumb\"},\"inLanguage\":\"fr-FR\",\"potentialAction\":[{\"@type\":\"ReadAction\",\"target\":[\"https:\/\/footdavant.fr\/actualites\/joao-felix-termine-une-belle-pause-internationale-et-renato-veiga-egalement-solide\/\"]}]},{\"@type\":\"BreadcrumbList\",\"@id\":\"https:\/\/footdavant.fr\/actualites\/joao-felix-termine-une-belle-pause-internationale-et-renato-veiga-egalement-solide\/#breadcrumb\",\"itemListElement\":[{\"@type\":\"ListItem\",\"position\":1,\"name\":\"Accueil\",\"item\":\"https:\/\/footdavant.fr\/actualites\/\"},{\"@type\":\"ListItem\",\"position\":2,\"name\":\"Joao Felix termine une belle pause internationale et Renato Veiga \u00e9galement solide \u2013\"}]},{\"@type\":\"WebSite\",\"@id\":\"https:\/\/footdavant.fr\/actualites\/#website\",\"url\":\"https:\/\/footdavant.fr\/actualites\/\",\"name\":\"Foot d'avant\",\"description\":\"\",\"publisher\":{\"@id\":\"https:\/\/footdavant.fr\/actualites\/#organization\"},\"potentialAction\":[{\"@type\":\"SearchAction\",\"target\":{\"@type\":\"EntryPoint\",\"urlTemplate\":\"https:\/\/footdavant.fr\/actualites\/?s={search_term_string}\"},\"query-input\":\"required name=search_term_string\"}],\"inLanguage\":\"fr-FR\"},{\"@type\":\"Organization\",\"@id\":\"https:\/\/footdavant.fr\/actualites\/#organization\",\"name\":\"Foot d'avant\",\"url\":\"https:\/\/footdavant.fr\/actualites\/\",\"logo\":{\"@type\":\"ImageObject\",\"inLanguage\":\"fr-FR\",\"@id\":\"https:\/\/footdavant.fr\/actualites\/#\/schema\/logo\/image\/\",\"url\":\"https:\/\/footdavant.fr\/actualites\/wp-content\/uploads\/2023\/09\/Copy-of-FootDavant-Logo.png\",\"contentUrl\":\"https:\/\/footdavant.fr\/actualites\/wp-content\/uploads\/2023\/09\/Copy-of-FootDavant-Logo.png\",\"width\":936,\"height\":549,\"caption\":\"Foot d'avant\"},\"image\":{\"@id\":\"https:\/\/footdavant.fr\/actualites\/#\/schema\/logo\/image\/\"},\"sameAs\":[\"https:\/\/www.facebook.com\/Footdavant\/\",\"https:\/\/twitter.com\/FootdavantFr\",\"https:\/\/www.instagram.com\/footdavant.fr\/\"]},{\"@type\":\"Person\",\"@id\":\"https:\/\/footdavant.fr\/actualites\/#\/schema\/person\/bc222566d95871b37e597b3ed3ba5e1d\",\"name\":\"Cl\u00e9ment\",\"image\":{\"@type\":\"ImageObject\",\"inLanguage\":\"fr-FR\",\"@id\":\"https:\/\/footdavant.fr\/actualites\/#\/schema\/person\/image\/\",\"url\":\"https:\/\/secure.gravatar.com\/avatar\/7728b29aac2719421e1a9159b2254c44?s=96&d=mm&r=g\",\"contentUrl\":\"https:\/\/secure.gravatar.com\/avatar\/7728b29aac2719421e1a9159b2254c44?s=96&d=mm&r=g\",\"caption\":\"Cl\u00e9ment\"},\"sameAs\":[\"https:\/\/footdavant.fr\/\"]}]}<\/script>\n<!-- \/ Yoast SEO plugin. -->","yoast_head_json":{"title":"Joao Felix termine une belle pause internationale et Renato Veiga \u00e9galement solide \u2013","robots":{"index":"index","follow":"follow","max-snippet":"max-snippet:-1","max-image-preview":"max-image-preview:large","max-video-preview":"max-video-preview:-1"},"canonical":"https:\/\/footdavant.fr\/actualites\/joao-felix-termine-une-belle-pause-internationale-et-renato-veiga-egalement-solide\/","og_locale":"fr_FR","og_type":"article","og_title":"Joao Felix termine une belle pause internationale et Renato Veiga \u00e9galement solide \u2013","og_description":"Il est temps de jeter un \u0153il \u00e0 une autre s\u00e9rie de matchs internationaux hier soir avec une connexion avec Chelsea. Joao Felix et Renato","og_url":"https:\/\/footdavant.fr\/actualites\/joao-felix-termine-une-belle-pause-internationale-et-renato-veiga-egalement-solide\/","og_site_name":"Foot d&#039;avant","article_publisher":"https:\/\/www.facebook.com\/Footdavant\/","article_published_time":"2024-11-20T19:48:37+00:00","og_image":[{"url":"https:\/\/footdavant.fr\/actualites\/wp-content\/uploads\/2024\/11\/Joao-Felix-termine-une-belle-pause-internationale-et-Renato-Veiga.png"}],"author":"Cl\u00e9ment","twitter_card":"summary_large_image","twitter_creator":"@FootdavantFr","twitter_site":"@FootdavantFr","twitter_misc":{"\u00c9crit par":"Cl\u00e9ment","Dur\u00e9e de lecture estim\u00e9e":"2 minutes"},"schema":{"@context":"https:\/\/schema.org","@graph":[{"@type":"Article","@id":"https:\/\/footdavant.fr\/actualites\/joao-felix-termine-une-belle-pause-internationale-et-renato-veiga-egalement-solide\/#article","isPartOf":{"@id":"https:\/\/footdavant.fr\/actualites\/joao-felix-termine-une-belle-pause-internationale-et-renato-veiga-egalement-solide\/"},"author":{"name":"Cl\u00e9ment","@id":"https:\/\/footdavant.fr\/actualites\/#\/schema\/person\/bc222566d95871b37e597b3ed3ba5e1d"},"headline":"Joao Felix termine une belle pause internationale et Renato Veiga \u00e9galement solide \u2013","datePublished":"2024-11-20T19:48:37+00:00","dateModified":"2024-11-20T19:48:37+00:00","mainEntityOfPage":{"@id":"https:\/\/footdavant.fr\/actualites\/joao-felix-termine-une-belle-pause-internationale-et-renato-veiga-egalement-solide\/"},"wordCount":502,"publisher":{"@id":"https:\/\/footdavant.fr\/actualites\/#organization"},"keywords":["belle","\u00e9galement","Felix","internationale","Joao","pause","Renato","solide","termine","une","Veiga"],"articleSection":["Football"],"inLanguage":"fr-FR"},{"@type":"WebPage","@id":"https:\/\/footdavant.fr\/actualites\/joao-felix-termine-une-belle-pause-internationale-et-renato-veiga-egalement-solide\/","url":"https:\/\/footdavant.fr\/actualites\/joao-felix-termine-une-belle-pause-internationale-et-renato-veiga-egalement-solide\/","name":"Joao Felix termine une belle pause internationale et Renato Veiga \u00e9galement solide \u2013","isPartOf":{"@id":"https:\/\/footdavant.fr\/actualites\/#website"},"datePublished":"2024-11-20T19:48:37+00:00","dateModified":"2024-11-20T19:48:37+00:00","breadcrumb":{"@id":"https:\/\/footdavant.fr\/actualites\/joao-felix-termine-une-belle-pause-internationale-et-renato-veiga-egalement-solide\/#breadcrumb"},"inLanguage":"fr-FR","potentialAction":[{"@type":"ReadAction","target":["https:\/\/footdavant.fr\/actualites\/joao-felix-termine-une-belle-pause-internationale-et-renato-veiga-egalement-solide\/"]}]},{"@type":"BreadcrumbList","@id":"https:\/\/footdavant.fr\/actualites\/joao-felix-termine-une-belle-pause-internationale-et-renato-veiga-egalement-solide\/#breadcrumb","itemListElement":[{"@type":"ListItem","position":1,"name":"Accueil","item":"https:\/\/footdavant.fr\/actualites\/"},{"@type":"ListItem","position":2,"name":"Joao Felix termine une belle pause internationale et Renato Veiga \u00e9galement solide \u2013"}]},{"@type":"WebSite","@id":"https:\/\/footdavant.fr\/actualites\/#website","url":"https:\/\/footdavant.fr\/actualites\/","name":"Foot d'avant","description":"","publisher":{"@id":"https:\/\/footdavant.fr\/actualites\/#organization"},"potentialAction":[{"@type":"SearchAction","target":{"@type":"EntryPoint","urlTemplate":"https:\/\/footdavant.fr\/actualites\/?s={search_term_string}"},"query-input":"required name=search_term_string"}],"inLanguage":"fr-FR"},{"@type":"Organization","@id":"https:\/\/footdavant.fr\/actualites\/#organization","name":"Foot d'avant","url":"https:\/\/footdavant.fr\/actualites\/","logo":{"@type":"ImageObject","inLanguage":"fr-FR","@id":"https:\/\/footdavant.fr\/actualites\/#\/schema\/logo\/image\/","url":"https:\/\/footdavant.fr\/actualites\/wp-content\/uploads\/2023\/09\/Copy-of-FootDavant-Logo.png","contentUrl":"https:\/\/footdavant.fr\/actualites\/wp-content\/uploads\/2023\/09\/Copy-of-FootDavant-Logo.png","width":936,"height":549,"caption":"Foot d'avant"},"image":{"@id":"https:\/\/footdavant.fr\/actualites\/#\/schema\/logo\/image\/"},"sameAs":["https:\/\/www.facebook.com\/Footdavant\/","https:\/\/twitter.com\/FootdavantFr","https:\/\/www.instagram.com\/footdavant.fr\/"]},{"@type":"Person","@id":"https:\/\/footdavant.fr\/actualites\/#\/schema\/person\/bc222566d95871b37e597b3ed3ba5e1d","name":"Cl\u00e9ment","image":{"@type":"ImageObject","inLanguage":"fr-FR","@id":"https:\/\/footdavant.fr\/actualites\/#\/schema\/person\/image\/","url":"https:\/\/secure.gravatar.com\/avatar\/7728b29aac2719421e1a9159b2254c44?s=96&d=mm&r=g","contentUrl":"https:\/\/secure.gravatar.com\/avatar\/7728b29aac2719421e1a9159b2254c44?s=96&d=mm&r=g","caption":"Cl\u00e9ment"},"sameAs":["https:\/\/footdavant.fr\/"]}]}},"_links":{"self":[{"href":"https:\/\/footdavant.fr\/actualites\/wp-json\/wp\/v2\/posts\/16425"}],"collection":[{"href":"https:\/\/footdavant.fr\/actualites\/wp-json\/wp\/v2\/posts"}],"about":[{"href":"https:\/\/footdavant.fr\/actualites\/wp-json\/wp\/v2\/types\/post"}],"author":[{"embeddable":true,"href":"https:\/\/footdavant.fr\/actualites\/wp-json\/wp\/v2\/users\/1"}],"replies":[{"embeddable":true,"href":"https:\/\/footdavant.fr\/actualites\/wp-json\/wp\/v2\/comments?post=16425"}],"version-history":[{"count":0,"href":"https:\/\/footdavant.fr\/actualites\/wp-json\/wp\/v2\/posts\/16425\/revisions"}],"wp:attachment":[{"href":"https:\/\/footdavant.fr\/actualites\/wp-json\/wp\/v2\/media?parent=16425"}],"wp:term":[{"taxonomy":"category","embeddable":true,"href":"https:\/\/footdavant.fr\/actualites\/wp-json\/wp\/v2\/categories?post=16425"},{"taxonomy":"post_tag","embeddable":true,"href":"https:\/\/footdavant.fr\/actualites\/wp-json\/wp\/v2\/tags?post=16425"}],"curies":[{"name":"wp","href":"https:\/\/api.w.org\/{rel}","templated":true}]}}