{"id":16516,"date":"2024-11-23T14:48:20","date_gmt":"2024-11-23T13:48:20","guid":{"rendered":"https:\/\/footdavant.fr\/actualites\/tottenham-hotspur-lagent-de-radu-dragusin-aborde-lavenir-du-defenseur-au-milieu-des-speculations-sur-la-serie-a\/"},"modified":"2024-11-23T14:48:21","modified_gmt":"2024-11-23T13:48:21","slug":"tottenham-hotspur-lagent-de-radu-dragusin-aborde-lavenir-du-defenseur-au-milieu-des-speculations-sur-la-serie-a","status":"publish","type":"post","link":"https:\/\/footdavant.fr\/actualites\/tottenham-hotspur-lagent-de-radu-dragusin-aborde-lavenir-du-defenseur-au-milieu-des-speculations-sur-la-serie-a\/","title":{"rendered":"Tottenham Hotspur : l&#39;agent de Radu Dragusin aborde l&#39;avenir du d\u00e9fenseur au milieu des sp\u00e9culations sur la Serie A"},"content":{"rendered":"<p>L&#39;agent du d\u00e9fenseur de Tottenham Hotspur, Radu Dragusin, r\u00e9v\u00e8le quand ils \u00e9valueront l&#39;avenir de l&#39;international roumain si son temps de jeu au club reste limit\u00e9.<\/p>\n<div id=\"article_body\" itemprop=\"articleBody\">\n<h3 class=\"firstPara\">\n<strong class=\"autotag\">Radu Dragousine<\/strong> n&#39;a pas l&#39;intention de partir <strong class=\"autotag\">Tottenham Hotspur<\/strong> lors du mercato de janvier, selon son agent.<\/h3>\n<p>L&#39;international roumain se rapproche d&#39;un an dans le nord de Londres apr\u00e8s avoir \u00e9t\u00e9 sign\u00e9 depuis G\u00eanes d\u00e9but 2024.<\/p>\n<p>Bien que <strong class=\"autotag\">Cristian Romero<\/strong> et <strong class=\"autotag\">Micky van de Ven<\/strong> sont le partenariat de d\u00e9fenseur central le plus remarquable du Tottenham Hotspur Stadium, l&#39;espoir \u00e9tait que Dragusin offrirait de la concurrence et une qualit\u00e9 suppl\u00e9mentaire dans une mesure \u00e9gale.<\/p>\n<p>Cependant, le joueur de 22 ans a \u00e9t\u00e9 limit\u00e9 \u00e0 seulement sept titularisations et six sorties de remplacement en Premier League, et cinq autres apparitions dans toutes les comp\u00e9titions.<\/p>\n<p>Les Spurs n&#39;ont gard\u00e9 qu&#39;une seule cage inviol\u00e9e cette saison dans un match o\u00f9 Dragusin a compl\u00e9t\u00e9 les 90 minutes, \u00e0 savoir la victoire 1-0 contre l&#39;AZ Alkmaar en Ligue Europa.<\/p>\n<p class=\"imgI\">\n<h2 class=\"k3\">L&#39;agent r\u00e9pond aux sp\u00e9culations de Dragusin<\/h2>\n<p>Alors que Dragusin n&#39;a pas encore fait bonne impression en Angleterre, <strong>des sp\u00e9culations ont \u00e9merg\u00e9<\/strong> concernant un retour potentiel en Serie A avec des joueurs comme <strong class=\"autotag\">Naples<\/strong> et <strong class=\"autotag\">Juve<\/strong>.<\/p>\n<p>Ces derniers, en particulier, ont besoin de renforts d\u00e9fensifs avec <strong class=\"autotag\">Gleison Bremer<\/strong> et <strong class=\"autotag\">Juan Cabal<\/strong> ayant tous deux \u00e9t\u00e9 exclus \u00e0 long terme en raison d\u2019une blessure.<\/p>\n<p>N\u00e9anmoins, en parlant \u00e0 <em>T\u00e9l\u00e9capri<\/em>agent <strong class=\"autotag\">Florin Man\u00e9a<\/strong> a sugg\u00e9r\u00e9 que Dragusin est pr\u00eat \u00e0 rester patient dans sa tentative d&#39;avoir un impact sous <strong class=\"autotag\">Ange Postecoglou<\/strong>.<\/p>\n<p>Manea a d\u00e9clar\u00e9 : \u00ab\u00a0C&#39;est un honneur pour Radu d&#39;\u00eatre recherch\u00e9 par des \u00e9quipes comme Naples et la Juve, mais pour le moment, ce ne sont que des rumeurs. <\/p>\n<p>\u00ab\u00a0Nous sommes concentr\u00e9s sur Tottenham, il lui reste encore cinq ans de contrat. Ce n&#39;est pas facile d&#39;aller dans un grand club et d&#39;avoir un impact tout de suite, il a encore 22 ans. <\/p>\n<p>\u00ab\u00a0S&#39;il ne joue jamais cette ann\u00e9e, il est normal que d&#39;autres \u00e9valuations soient faites : il ne bougera pas en janvier, en juin nous \u00e9valuerons\u00a0\u00bb.<\/p>\n<p class=\"imgI\"><img decoding=\"async\" loading=\"lazy\" class=\"l\" src=\"https:\/\/footdavant.fr\/actualites\/wp-content\/uploads\/2024\/11\/1732369700_960_Tottenham-Hotspur-l39agent-de-Radu-Dragusin-aborde-l39avenir-du.jpg\" title=\"Ange Postecoglou, manager de Tottenham Hotspur, photographi\u00e9 le 3 novembre 2024\" alt=\"Ange Postecoglou, manager de Tottenham Hotspur, photographi\u00e9 le 3 novembre 2024\" width=\"640\" height=\"480\"><\/p>\n<h2 class=\"k3\">La seule issue r\u00e9aliste ?<\/h2>\n<p>Les Spurs ayant pay\u00e9 21,5 millions de livres sterling pour recruter Dragusin de G\u00eanes, ils se sont engag\u00e9s \u00e0 lui donner le temps de s&#39;installer et \u00e9ventuellement de s&#39;imposer comme un joueur important.<\/p>\n<p>Le temps pass\u00e9 dans et hors de l&#39;\u00e9quipe n&#39;a pas aid\u00e9 un joueur qui a repr\u00e9sent\u00e9 son pays \u00e0 l&#39;Euro 2024, les aidant \u00e0 atteindre les huiti\u00e8mes de finale.<\/p>\n<p>Cela dit, avec <strong class=\"autotag\">Ben Davies<\/strong> Seule alternative au milieu de la ligne arri\u00e8re, Postecoglou ne peut pas se permettre de permettre \u00e0 Dragusin de d\u00e9m\u00e9nager ailleurs avec le football de la Ligue Europa \u00e0 son calendrier.<\/p>\n<p>Postecoglou dit d\u00e9j\u00e0 <strong>\u00e9valuer les options de d\u00e9fense centrale<\/strong> avant le mercato de janvier.<\/p>\n<\/div>\n","protected":false},"excerpt":{"rendered":"<p>L&#39;agent du d\u00e9fenseur de Tottenham Hotspur, Radu Dragusin, r\u00e9v\u00e8le quand ils \u00e9valueront l&#39;avenir de l&#39;international roumain si son temps de jeu au club reste limit\u00e9.<\/p>\n","protected":false},"author":1,"featured_media":16517,"comment_status":"closed","ping_status":"","sticky":false,"template":"","format":"standard","meta":{"footnotes":""},"categories":[5],"tags":[1922,928,12,1675,69,4517,4309,441,1674,705,306,103,68],"yoast_head":"<!-- This site is optimized with the Yoast SEO plugin v21.0 - https:\/\/yoast.com\/wordpress\/plugins\/seo\/ -->\n<title>Tottenham Hotspur : l&#039;agent de Radu Dragusin aborde l&#039;avenir du d\u00e9fenseur au milieu des sp\u00e9culations sur la Serie A<\/title>\n<meta name=\"robots\" content=\"index, follow, max-snippet:-1, max-image-preview:large, max-video-preview:-1\" \/>\n<link rel=\"canonical\" href=\"https:\/\/footdavant.fr\/actualites\/tottenham-hotspur-lagent-de-radu-dragusin-aborde-lavenir-du-defenseur-au-milieu-des-speculations-sur-la-serie-a\/\" \/>\n<meta property=\"og:locale\" content=\"fr_FR\" \/>\n<meta property=\"og:type\" content=\"article\" \/>\n<meta property=\"og:title\" content=\"Tottenham Hotspur : l&#039;agent de Radu Dragusin aborde l&#039;avenir du d\u00e9fenseur au milieu des sp\u00e9culations sur la Serie A\" \/>\n<meta property=\"og:description\" content=\"L&#039;agent du d\u00e9fenseur de Tottenham Hotspur, Radu Dragusin, r\u00e9v\u00e8le quand ils \u00e9valueront l&#039;avenir de l&#039;international roumain si son temps de jeu au club reste limit\u00e9.\" \/>\n<meta property=\"og:url\" content=\"https:\/\/footdavant.fr\/actualites\/tottenham-hotspur-lagent-de-radu-dragusin-aborde-lavenir-du-defenseur-au-milieu-des-speculations-sur-la-serie-a\/\" \/>\n<meta property=\"og:site_name\" content=\"Foot d&#039;avant\" \/>\n<meta property=\"article:publisher\" content=\"https:\/\/www.facebook.com\/Footdavant\/\" \/>\n<meta property=\"article:published_time\" content=\"2024-11-23T13:48:20+00:00\" \/>\n<meta property=\"article:modified_time\" content=\"2024-11-23T13:48:21+00:00\" \/>\n<meta property=\"og:image\" content=\"https:\/\/footdavant.fr\/actualites\/wp-content\/uploads\/2024\/11\/Tottenham-Hotspur-l39agent-de-Radu-Dragusin-aborde-l39avenir-du.jpg\" \/>\n\t<meta property=\"og:image:width\" content=\"640\" \/>\n\t<meta property=\"og:image:height\" content=\"480\" \/>\n\t<meta property=\"og:image:type\" content=\"image\/jpeg\" \/>\n<meta name=\"author\" content=\"Cl\u00e9ment\" \/>\n<meta name=\"twitter:card\" content=\"summary_large_image\" \/>\n<meta name=\"twitter:creator\" content=\"@FootdavantFr\" \/>\n<meta name=\"twitter:site\" content=\"@FootdavantFr\" \/>\n<meta name=\"twitter:label1\" content=\"\u00c9crit par\" \/>\n\t<meta name=\"twitter:data1\" content=\"Cl\u00e9ment\" \/>\n\t<meta name=\"twitter:label2\" content=\"Dur\u00e9e de lecture estim\u00e9e\" \/>\n\t<meta name=\"twitter:data2\" content=\"2 minutes\" \/>\n<script type=\"application\/ld+json\" class=\"yoast-schema-graph\">{\"@context\":\"https:\/\/schema.org\",\"@graph\":[{\"@type\":\"Article\",\"@id\":\"https:\/\/footdavant.fr\/actualites\/tottenham-hotspur-lagent-de-radu-dragusin-aborde-lavenir-du-defenseur-au-milieu-des-speculations-sur-la-serie-a\/#article\",\"isPartOf\":{\"@id\":\"https:\/\/footdavant.fr\/actualites\/tottenham-hotspur-lagent-de-radu-dragusin-aborde-lavenir-du-defenseur-au-milieu-des-speculations-sur-la-serie-a\/\"},\"author\":{\"name\":\"Cl\u00e9ment\",\"@id\":\"https:\/\/footdavant.fr\/actualites\/#\/schema\/person\/bc222566d95871b37e597b3ed3ba5e1d\"},\"headline\":\"Tottenham Hotspur : l&#39;agent de Radu Dragusin aborde l&#39;avenir du d\u00e9fenseur au milieu des sp\u00e9culations sur la Serie A\",\"datePublished\":\"2024-11-23T13:48:20+00:00\",\"dateModified\":\"2024-11-23T13:48:21+00:00\",\"mainEntityOfPage\":{\"@id\":\"https:\/\/footdavant.fr\/actualites\/tottenham-hotspur-lagent-de-radu-dragusin-aborde-lavenir-du-defenseur-au-milieu-des-speculations-sur-la-serie-a\/\"},\"wordCount\":515,\"publisher\":{\"@id\":\"https:\/\/footdavant.fr\/actualites\/#organization\"},\"keywords\":[\"aborde\",\"d\u00e9fenseur\",\"des\",\"Dragusin\",\"Hotspur\",\"L39agent\",\"l39avenir\",\"milieu\",\"Radu\",\"s\u00e9rie\",\"sp\u00e9culations\",\"sur\",\"Tottenham\"],\"articleSection\":[\"Premier League\"],\"inLanguage\":\"fr-FR\"},{\"@type\":\"WebPage\",\"@id\":\"https:\/\/footdavant.fr\/actualites\/tottenham-hotspur-lagent-de-radu-dragusin-aborde-lavenir-du-defenseur-au-milieu-des-speculations-sur-la-serie-a\/\",\"url\":\"https:\/\/footdavant.fr\/actualites\/tottenham-hotspur-lagent-de-radu-dragusin-aborde-lavenir-du-defenseur-au-milieu-des-speculations-sur-la-serie-a\/\",\"name\":\"Tottenham Hotspur : l&#39;agent de Radu Dragusin aborde l&#39;avenir du d\u00e9fenseur au milieu des sp\u00e9culations sur la Serie A\",\"isPartOf\":{\"@id\":\"https:\/\/footdavant.fr\/actualites\/#website\"},\"datePublished\":\"2024-11-23T13:48:20+00:00\",\"dateModified\":\"2024-11-23T13:48:21+00:00\",\"breadcrumb\":{\"@id\":\"https:\/\/footdavant.fr\/actualites\/tottenham-hotspur-lagent-de-radu-dragusin-aborde-lavenir-du-defenseur-au-milieu-des-speculations-sur-la-serie-a\/#breadcrumb\"},\"inLanguage\":\"fr-FR\",\"potentialAction\":[{\"@type\":\"ReadAction\",\"target\":[\"https:\/\/footdavant.fr\/actualites\/tottenham-hotspur-lagent-de-radu-dragusin-aborde-lavenir-du-defenseur-au-milieu-des-speculations-sur-la-serie-a\/\"]}]},{\"@type\":\"BreadcrumbList\",\"@id\":\"https:\/\/footdavant.fr\/actualites\/tottenham-hotspur-lagent-de-radu-dragusin-aborde-lavenir-du-defenseur-au-milieu-des-speculations-sur-la-serie-a\/#breadcrumb\",\"itemListElement\":[{\"@type\":\"ListItem\",\"position\":1,\"name\":\"Accueil\",\"item\":\"https:\/\/footdavant.fr\/actualites\/\"},{\"@type\":\"ListItem\",\"position\":2,\"name\":\"Tottenham Hotspur : l&#39;agent de Radu Dragusin aborde l&#39;avenir du d\u00e9fenseur au milieu des sp\u00e9culations sur la Serie A\"}]},{\"@type\":\"WebSite\",\"@id\":\"https:\/\/footdavant.fr\/actualites\/#website\",\"url\":\"https:\/\/footdavant.fr\/actualites\/\",\"name\":\"Foot d'avant\",\"description\":\"\",\"publisher\":{\"@id\":\"https:\/\/footdavant.fr\/actualites\/#organization\"},\"potentialAction\":[{\"@type\":\"SearchAction\",\"target\":{\"@type\":\"EntryPoint\",\"urlTemplate\":\"https:\/\/footdavant.fr\/actualites\/?s={search_term_string}\"},\"query-input\":\"required name=search_term_string\"}],\"inLanguage\":\"fr-FR\"},{\"@type\":\"Organization\",\"@id\":\"https:\/\/footdavant.fr\/actualites\/#organization\",\"name\":\"Foot d'avant\",\"url\":\"https:\/\/footdavant.fr\/actualites\/\",\"logo\":{\"@type\":\"ImageObject\",\"inLanguage\":\"fr-FR\",\"@id\":\"https:\/\/footdavant.fr\/actualites\/#\/schema\/logo\/image\/\",\"url\":\"https:\/\/footdavant.fr\/actualites\/wp-content\/uploads\/2023\/09\/Copy-of-FootDavant-Logo.png\",\"contentUrl\":\"https:\/\/footdavant.fr\/actualites\/wp-content\/uploads\/2023\/09\/Copy-of-FootDavant-Logo.png\",\"width\":936,\"height\":549,\"caption\":\"Foot d'avant\"},\"image\":{\"@id\":\"https:\/\/footdavant.fr\/actualites\/#\/schema\/logo\/image\/\"},\"sameAs\":[\"https:\/\/www.facebook.com\/Footdavant\/\",\"https:\/\/twitter.com\/FootdavantFr\",\"https:\/\/www.instagram.com\/footdavant.fr\/\"]},{\"@type\":\"Person\",\"@id\":\"https:\/\/footdavant.fr\/actualites\/#\/schema\/person\/bc222566d95871b37e597b3ed3ba5e1d\",\"name\":\"Cl\u00e9ment\",\"image\":{\"@type\":\"ImageObject\",\"inLanguage\":\"fr-FR\",\"@id\":\"https:\/\/footdavant.fr\/actualites\/#\/schema\/person\/image\/\",\"url\":\"https:\/\/secure.gravatar.com\/avatar\/7728b29aac2719421e1a9159b2254c44?s=96&d=mm&r=g\",\"contentUrl\":\"https:\/\/secure.gravatar.com\/avatar\/7728b29aac2719421e1a9159b2254c44?s=96&d=mm&r=g\",\"caption\":\"Cl\u00e9ment\"},\"sameAs\":[\"https:\/\/footdavant.fr\/\"]}]}<\/script>\n<!-- \/ Yoast SEO plugin. -->","yoast_head_json":{"title":"Tottenham Hotspur : l&#39;agent de Radu Dragusin aborde l&#39;avenir du d\u00e9fenseur au milieu des sp\u00e9culations sur la Serie A","robots":{"index":"index","follow":"follow","max-snippet":"max-snippet:-1","max-image-preview":"max-image-preview:large","max-video-preview":"max-video-preview:-1"},"canonical":"https:\/\/footdavant.fr\/actualites\/tottenham-hotspur-lagent-de-radu-dragusin-aborde-lavenir-du-defenseur-au-milieu-des-speculations-sur-la-serie-a\/","og_locale":"fr_FR","og_type":"article","og_title":"Tottenham Hotspur : l&#39;agent de Radu Dragusin aborde l&#39;avenir du d\u00e9fenseur au milieu des sp\u00e9culations sur la Serie A","og_description":"L&#39;agent du d\u00e9fenseur de Tottenham Hotspur, Radu Dragusin, r\u00e9v\u00e8le quand ils \u00e9valueront l&#39;avenir de l&#39;international roumain si son temps de jeu au club reste limit\u00e9.","og_url":"https:\/\/footdavant.fr\/actualites\/tottenham-hotspur-lagent-de-radu-dragusin-aborde-lavenir-du-defenseur-au-milieu-des-speculations-sur-la-serie-a\/","og_site_name":"Foot d&#039;avant","article_publisher":"https:\/\/www.facebook.com\/Footdavant\/","article_published_time":"2024-11-23T13:48:20+00:00","article_modified_time":"2024-11-23T13:48:21+00:00","og_image":[{"width":640,"height":480,"url":"https:\/\/footdavant.fr\/actualites\/wp-content\/uploads\/2024\/11\/Tottenham-Hotspur-l39agent-de-Radu-Dragusin-aborde-l39avenir-du.jpg","type":"image\/jpeg"}],"author":"Cl\u00e9ment","twitter_card":"summary_large_image","twitter_creator":"@FootdavantFr","twitter_site":"@FootdavantFr","twitter_misc":{"\u00c9crit par":"Cl\u00e9ment","Dur\u00e9e de lecture estim\u00e9e":"2 minutes"},"schema":{"@context":"https:\/\/schema.org","@graph":[{"@type":"Article","@id":"https:\/\/footdavant.fr\/actualites\/tottenham-hotspur-lagent-de-radu-dragusin-aborde-lavenir-du-defenseur-au-milieu-des-speculations-sur-la-serie-a\/#article","isPartOf":{"@id":"https:\/\/footdavant.fr\/actualites\/tottenham-hotspur-lagent-de-radu-dragusin-aborde-lavenir-du-defenseur-au-milieu-des-speculations-sur-la-serie-a\/"},"author":{"name":"Cl\u00e9ment","@id":"https:\/\/footdavant.fr\/actualites\/#\/schema\/person\/bc222566d95871b37e597b3ed3ba5e1d"},"headline":"Tottenham Hotspur : l&#39;agent de Radu Dragusin aborde l&#39;avenir du d\u00e9fenseur au milieu des sp\u00e9culations sur la Serie A","datePublished":"2024-11-23T13:48:20+00:00","dateModified":"2024-11-23T13:48:21+00:00","mainEntityOfPage":{"@id":"https:\/\/footdavant.fr\/actualites\/tottenham-hotspur-lagent-de-radu-dragusin-aborde-lavenir-du-defenseur-au-milieu-des-speculations-sur-la-serie-a\/"},"wordCount":515,"publisher":{"@id":"https:\/\/footdavant.fr\/actualites\/#organization"},"keywords":["aborde","d\u00e9fenseur","des","Dragusin","Hotspur","L39agent","l39avenir","milieu","Radu","s\u00e9rie","sp\u00e9culations","sur","Tottenham"],"articleSection":["Premier League"],"inLanguage":"fr-FR"},{"@type":"WebPage","@id":"https:\/\/footdavant.fr\/actualites\/tottenham-hotspur-lagent-de-radu-dragusin-aborde-lavenir-du-defenseur-au-milieu-des-speculations-sur-la-serie-a\/","url":"https:\/\/footdavant.fr\/actualites\/tottenham-hotspur-lagent-de-radu-dragusin-aborde-lavenir-du-defenseur-au-milieu-des-speculations-sur-la-serie-a\/","name":"Tottenham Hotspur : l&#39;agent de Radu Dragusin aborde l&#39;avenir du d\u00e9fenseur au milieu des sp\u00e9culations sur la Serie A","isPartOf":{"@id":"https:\/\/footdavant.fr\/actualites\/#website"},"datePublished":"2024-11-23T13:48:20+00:00","dateModified":"2024-11-23T13:48:21+00:00","breadcrumb":{"@id":"https:\/\/footdavant.fr\/actualites\/tottenham-hotspur-lagent-de-radu-dragusin-aborde-lavenir-du-defenseur-au-milieu-des-speculations-sur-la-serie-a\/#breadcrumb"},"inLanguage":"fr-FR","potentialAction":[{"@type":"ReadAction","target":["https:\/\/footdavant.fr\/actualites\/tottenham-hotspur-lagent-de-radu-dragusin-aborde-lavenir-du-defenseur-au-milieu-des-speculations-sur-la-serie-a\/"]}]},{"@type":"BreadcrumbList","@id":"https:\/\/footdavant.fr\/actualites\/tottenham-hotspur-lagent-de-radu-dragusin-aborde-lavenir-du-defenseur-au-milieu-des-speculations-sur-la-serie-a\/#breadcrumb","itemListElement":[{"@type":"ListItem","position":1,"name":"Accueil","item":"https:\/\/footdavant.fr\/actualites\/"},{"@type":"ListItem","position":2,"name":"Tottenham Hotspur : l&#39;agent de Radu Dragusin aborde l&#39;avenir du d\u00e9fenseur au milieu des sp\u00e9culations sur la Serie A"}]},{"@type":"WebSite","@id":"https:\/\/footdavant.fr\/actualites\/#website","url":"https:\/\/footdavant.fr\/actualites\/","name":"Foot d'avant","description":"","publisher":{"@id":"https:\/\/footdavant.fr\/actualites\/#organization"},"potentialAction":[{"@type":"SearchAction","target":{"@type":"EntryPoint","urlTemplate":"https:\/\/footdavant.fr\/actualites\/?s={search_term_string}"},"query-input":"required name=search_term_string"}],"inLanguage":"fr-FR"},{"@type":"Organization","@id":"https:\/\/footdavant.fr\/actualites\/#organization","name":"Foot d'avant","url":"https:\/\/footdavant.fr\/actualites\/","logo":{"@type":"ImageObject","inLanguage":"fr-FR","@id":"https:\/\/footdavant.fr\/actualites\/#\/schema\/logo\/image\/","url":"https:\/\/footdavant.fr\/actualites\/wp-content\/uploads\/2023\/09\/Copy-of-FootDavant-Logo.png","contentUrl":"https:\/\/footdavant.fr\/actualites\/wp-content\/uploads\/2023\/09\/Copy-of-FootDavant-Logo.png","width":936,"height":549,"caption":"Foot d'avant"},"image":{"@id":"https:\/\/footdavant.fr\/actualites\/#\/schema\/logo\/image\/"},"sameAs":["https:\/\/www.facebook.com\/Footdavant\/","https:\/\/twitter.com\/FootdavantFr","https:\/\/www.instagram.com\/footdavant.fr\/"]},{"@type":"Person","@id":"https:\/\/footdavant.fr\/actualites\/#\/schema\/person\/bc222566d95871b37e597b3ed3ba5e1d","name":"Cl\u00e9ment","image":{"@type":"ImageObject","inLanguage":"fr-FR","@id":"https:\/\/footdavant.fr\/actualites\/#\/schema\/person\/image\/","url":"https:\/\/secure.gravatar.com\/avatar\/7728b29aac2719421e1a9159b2254c44?s=96&d=mm&r=g","contentUrl":"https:\/\/secure.gravatar.com\/avatar\/7728b29aac2719421e1a9159b2254c44?s=96&d=mm&r=g","caption":"Cl\u00e9ment"},"sameAs":["https:\/\/footdavant.fr\/"]}]}},"_links":{"self":[{"href":"https:\/\/footdavant.fr\/actualites\/wp-json\/wp\/v2\/posts\/16516"}],"collection":[{"href":"https:\/\/footdavant.fr\/actualites\/wp-json\/wp\/v2\/posts"}],"about":[{"href":"https:\/\/footdavant.fr\/actualites\/wp-json\/wp\/v2\/types\/post"}],"author":[{"embeddable":true,"href":"https:\/\/footdavant.fr\/actualites\/wp-json\/wp\/v2\/users\/1"}],"replies":[{"embeddable":true,"href":"https:\/\/footdavant.fr\/actualites\/wp-json\/wp\/v2\/comments?post=16516"}],"version-history":[{"count":1,"href":"https:\/\/footdavant.fr\/actualites\/wp-json\/wp\/v2\/posts\/16516\/revisions"}],"predecessor-version":[{"id":16518,"href":"https:\/\/footdavant.fr\/actualites\/wp-json\/wp\/v2\/posts\/16516\/revisions\/16518"}],"wp:featuredmedia":[{"embeddable":true,"href":"https:\/\/footdavant.fr\/actualites\/wp-json\/wp\/v2\/media\/16517"}],"wp:attachment":[{"href":"https:\/\/footdavant.fr\/actualites\/wp-json\/wp\/v2\/media?parent=16516"}],"wp:term":[{"taxonomy":"category","embeddable":true,"href":"https:\/\/footdavant.fr\/actualites\/wp-json\/wp\/v2\/categories?post=16516"},{"taxonomy":"post_tag","embeddable":true,"href":"https:\/\/footdavant.fr\/actualites\/wp-json\/wp\/v2\/tags?post=16516"}],"curies":[{"name":"wp","href":"https:\/\/api.w.org\/{rel}","templated":true}]}}