{"id":16519,"date":"2024-11-23T16:48:30","date_gmt":"2024-11-23T15:48:30","guid":{"rendered":"https:\/\/footdavant.fr\/actualites\/il-est-temps-de-repartir-avec-la-visite-de-forest\/"},"modified":"2024-11-23T16:48:32","modified_gmt":"2024-11-23T15:48:32","slug":"il-est-temps-de-repartir-avec-la-visite-de-forest","status":"publish","type":"post","link":"https:\/\/footdavant.fr\/actualites\/il-est-temps-de-repartir-avec-la-visite-de-forest\/","title":{"rendered":"Il est temps de repartir avec la visite de Forest"},"content":{"rendered":"<div>\n<p>Matin d&#39;un Dublin tr\u00e8s humide et venteux.<\/p>\n<p>Le football est de retour et nous affrontons Nottingham Forest \u00e0 domicile. Sur le papier, ce n&#39;est pas le match le plus d\u00e9licat que nous aurions pu avoir, mais compte tenu de leur forme jusqu&#39;\u00e0 pr\u00e9sent cette saison (et peut-\u00eatre de la n\u00f4tre), ce n&#39;est certainement pas une fatalit\u00e9. Mikel Arteta a \u00e9t\u00e9 \u00e9tonnamment ouvert sur la forme physique de ses joueurs hier, et il y a eu de bonnes nouvelles et un peu de mauvaises lorsqu&#39;il a fourni des mises \u00e0 jour.<\/p>\n<p>D&#39;apr\u00e8s ce qu&#39;il a dit, il semble que Bukayo Saka, Declan Rice, Leandro Trossard et Riccardo Calafiori seront tous disponibles aujourd&#39;hui. Tous ont \u00e9t\u00e9 form\u00e9s, \u00e0 des degr\u00e9s divers, et le manager semble plut\u00f4t positif quant \u00e0 leur implication. Je l&#39;ai aussi trouv\u00e9 assez int\u00e9ressant sur Martin Odegaard qui, apr\u00e8s avoir jou\u00e9 96 minutes lors de son premier match retour, a eu une petite r\u00e9action. Arteta a dit :<\/p>\n<blockquote>\n<p>Apr\u00e8s si longtemps sans jouer, il avait besoin de temps pour r\u00e9cup\u00e9rer. La cheville a r\u00e9agi ainsi que d\u2019autres zones du corps avec autant de charge qui y \u00e9tait appliqu\u00e9e. Ce n&#39;\u00e9tait pas id\u00e9al, mais il va bien, le dernier jour et demi, il s&#39;est entra\u00een\u00e9 avec l&#39;\u00e9quipe et il se sent bien, donc c&#39;est vraiment positif.<\/p>\n<\/blockquote>\n<p>Je ne pense pas qu&#39;il soit du tout inattendu que cela lui ait demand\u00e9 beaucoup de choses. Passer de 0 \u00e0 100 d\u00e8s son premier match retour n&#39;\u00e9tait pas id\u00e9al, mais comme nous entrons maintenant dans une p\u00e9riode de la saison avec un match tous les trois ou quatre jours, il va \u00eatre important que nous g\u00e9rions sa charge avec beaucoup de soin. Cela dit, je m&#39;attends \u00e0 ce qu&#39;il d\u00e9bute aujourd&#39;hui, et cela ne me surprendrait pas de nous voir align\u00e9s ainsi : .<\/p>\n<p>Il y a bien s\u00fbr des ajustements possibles, mais comme je l&#39;ai \u00e9crit hier, je pense qu&#39;un l\u00e9ger changement dans l&#39;\u00e9quilibre du milieu de terrain vaut la peine d&#39;\u00eatre essay\u00e9, et aujourd&#39;hui semble \u00eatre une journ\u00e9e d\u00e9cente pour essayer cela. \u00c0 domicile contre une \u00e9quipe qui va s&#39;asseoir en profondeur, nous priver d&#39;espace et chercher \u00e0 nous frapper au comptoir, je ne pense pas que vous ayez besoin d&#39;une \u00e9quipe avec Rice et Thomas Partey. Et m\u00eame si je ne pense pas que l&#39;on puisse classer Mikel Merino comme un joueur offensif en soi, il a la capacit\u00e9 d&#39;entrer dans la surface, le timing de ses courses dans la zone est g\u00e9n\u00e9ralement bon, il constitue \u00e9galement une menace a\u00e9rienne. .<\/p>\n<p>Cela laisse au manager des options depuis le banc, s&#39;il devait changer les choses en seconde p\u00e9riode, mais quelle que soit la mani\u00e8re dont nous proc\u00e9dons aujourd&#39;hui, trois points sont indispensables. Nous sommes de retour \u00e0 la maison et le responsable a \u00e9t\u00e9 clair sur ce qui \u00e9tait requis\u00a0:<\/p>\n<blockquote>\n<p>Il s\u2019agit de cr\u00e9er une dynamique, d\u2019obtenir des r\u00e9sultats et de remporter des victoires cons\u00e9cutives. Cela cr\u00e9erait \u00e0 nouveau l\u2019\u00e9nergie dont nous avons besoin avec toutes les bonnes choses que nous faisons. Demain et apr\u00e8s chaque pause, et surtout nous allons entrer dans la p\u00e9riode de No\u00ebl, nous savons qu&#39;il y a quelque chose de sp\u00e9cial dans cette p\u00e9riode et il faut g\u00e9n\u00e9rer cet \u00e9lan. Nous pensons que le moment est venu de commencer.<\/p>\n<\/blockquote>\n<p>Quant \u00e0 l&#39;opposition, elle vole haut jusqu&#39;\u00e0 pr\u00e9sent cette saison. Chris Wood a marqu\u00e9 autant que Mo Salah, et avec des joueurs comme Anthony Elanga, Calum Hudson-Odoi et Morgan Gibbs-White, ils ont beaucoup de rythme et de course directe, notamment en contre-attaque. La mani\u00e8re dont nous g\u00e9rerons ces moments de transition sera donc essentielle, ainsi que la tentative de briser une d\u00e9fense assez t\u00eatue. Forest a le deuxi\u00e8me meilleur bilan d\u00e9fensif en termes de buts encaiss\u00e9s jusqu&#39;\u00e0 pr\u00e9sent cette saison, et nous avons un peu eu du mal \u00e0 marquer (m\u00eame si avec 18 buts, nous ne sommes qu&#39;\u00e0 3 du leader Liverpool, donc ce n&#39;est pas aussi mauvais que \u00e7a s&#39;est senti).<\/p>\n<p>Un objectif pr\u00e9coce pour nous aujourd\u2019hui serait id\u00e9al. Je ne pense pas que ce soit le cas, cela rendrait Forest enthousiaste, mais il faudrait qu&#39;ils sortent un peu \u00e0 un moment donn\u00e9, et j&#39;esp\u00e8re que cela pourrait simplement nous donner l&#39;espace dont nous avons besoin pour plus.<\/p>\n<p>D&#39;accord, je vais en rester l\u00e0 pour l&#39;instant. N&#39;oubliez pas que le podcast d&#39;aper\u00e7u est disponible d\u00e8s maintenant sur Patreon. Rejoignez-nous plus tard pour une couverture du blog en direct, et vous obtiendrez le rapport du match, les clips des buts, les r\u00e9actions, les notes des joueurs et bien plus encore sur Arseblog News.<\/p>\n<p>Allez les rouges !<\/p>\n<\/div>\n","protected":false},"excerpt":{"rendered":"<p>Matin d&#39;un Dublin tr\u00e8s humide et venteux. Le football est de retour et nous affrontons Nottingham Forest \u00e0 domicile. Sur le papier, ce n&#39;est pas<\/p>\n","protected":false},"author":1,"featured_media":16520,"comment_status":"closed","ping_status":"","sticky":false,"template":"","format":"standard","meta":{"footnotes":""},"categories":[3],"tags":[91,217,358,7123,168,2152],"yoast_head":"<!-- This site is optimized with the Yoast SEO plugin v21.0 - https:\/\/yoast.com\/wordpress\/plugins\/seo\/ -->\n<title>Il est temps de repartir avec la visite de Forest<\/title>\n<meta name=\"robots\" content=\"index, follow, max-snippet:-1, max-image-preview:large, max-video-preview:-1\" \/>\n<link rel=\"canonical\" href=\"https:\/\/footdavant.fr\/actualites\/il-est-temps-de-repartir-avec-la-visite-de-forest\/\" \/>\n<meta property=\"og:locale\" content=\"fr_FR\" \/>\n<meta property=\"og:type\" content=\"article\" \/>\n<meta property=\"og:title\" content=\"Il est temps de repartir avec la visite de Forest\" \/>\n<meta property=\"og:description\" content=\"Matin d&#039;un Dublin tr\u00e8s humide et venteux. Le football est de retour et nous affrontons Nottingham Forest \u00e0 domicile. Sur le papier, ce n&#039;est pas\" \/>\n<meta property=\"og:url\" content=\"https:\/\/footdavant.fr\/actualites\/il-est-temps-de-repartir-avec-la-visite-de-forest\/\" \/>\n<meta property=\"og:site_name\" content=\"Foot d&#039;avant\" \/>\n<meta property=\"article:publisher\" content=\"https:\/\/www.facebook.com\/Footdavant\/\" \/>\n<meta property=\"article:published_time\" content=\"2024-11-23T15:48:30+00:00\" \/>\n<meta property=\"article:modified_time\" content=\"2024-11-23T15:48:32+00:00\" \/>\n<meta property=\"og:image\" content=\"https:\/\/footdavant.fr\/actualites\/wp-content\/uploads\/2024\/11\/Il-est-temps-de-repartir-avec-la-visite-de-Forest.jpg\" \/>\n\t<meta property=\"og:image:width\" content=\"1500\" \/>\n\t<meta property=\"og:image:height\" content=\"750\" \/>\n\t<meta property=\"og:image:type\" content=\"image\/jpeg\" \/>\n<meta name=\"author\" content=\"Cl\u00e9ment\" \/>\n<meta name=\"twitter:card\" content=\"summary_large_image\" \/>\n<meta name=\"twitter:creator\" content=\"@FootdavantFr\" \/>\n<meta name=\"twitter:site\" content=\"@FootdavantFr\" \/>\n<meta name=\"twitter:label1\" content=\"\u00c9crit par\" \/>\n\t<meta name=\"twitter:data1\" content=\"Cl\u00e9ment\" \/>\n\t<meta name=\"twitter:label2\" content=\"Dur\u00e9e de lecture estim\u00e9e\" \/>\n\t<meta name=\"twitter:data2\" content=\"4 minutes\" \/>\n<script type=\"application\/ld+json\" class=\"yoast-schema-graph\">{\"@context\":\"https:\/\/schema.org\",\"@graph\":[{\"@type\":\"Article\",\"@id\":\"https:\/\/footdavant.fr\/actualites\/il-est-temps-de-repartir-avec-la-visite-de-forest\/#article\",\"isPartOf\":{\"@id\":\"https:\/\/footdavant.fr\/actualites\/il-est-temps-de-repartir-avec-la-visite-de-forest\/\"},\"author\":{\"name\":\"Cl\u00e9ment\",\"@id\":\"https:\/\/footdavant.fr\/actualites\/#\/schema\/person\/bc222566d95871b37e597b3ed3ba5e1d\"},\"headline\":\"Il est temps de repartir avec la visite de Forest\",\"datePublished\":\"2024-11-23T15:48:30+00:00\",\"dateModified\":\"2024-11-23T15:48:32+00:00\",\"mainEntityOfPage\":{\"@id\":\"https:\/\/footdavant.fr\/actualites\/il-est-temps-de-repartir-avec-la-visite-de-forest\/\"},\"wordCount\":857,\"publisher\":{\"@id\":\"https:\/\/footdavant.fr\/actualites\/#organization\"},\"keywords\":[\"avec\",\"est\",\"Forest\",\"repartir\",\"temps\",\"visite\"],\"articleSection\":[\"Football\"],\"inLanguage\":\"fr-FR\"},{\"@type\":\"WebPage\",\"@id\":\"https:\/\/footdavant.fr\/actualites\/il-est-temps-de-repartir-avec-la-visite-de-forest\/\",\"url\":\"https:\/\/footdavant.fr\/actualites\/il-est-temps-de-repartir-avec-la-visite-de-forest\/\",\"name\":\"Il est temps de repartir avec la visite de Forest\",\"isPartOf\":{\"@id\":\"https:\/\/footdavant.fr\/actualites\/#website\"},\"datePublished\":\"2024-11-23T15:48:30+00:00\",\"dateModified\":\"2024-11-23T15:48:32+00:00\",\"breadcrumb\":{\"@id\":\"https:\/\/footdavant.fr\/actualites\/il-est-temps-de-repartir-avec-la-visite-de-forest\/#breadcrumb\"},\"inLanguage\":\"fr-FR\",\"potentialAction\":[{\"@type\":\"ReadAction\",\"target\":[\"https:\/\/footdavant.fr\/actualites\/il-est-temps-de-repartir-avec-la-visite-de-forest\/\"]}]},{\"@type\":\"BreadcrumbList\",\"@id\":\"https:\/\/footdavant.fr\/actualites\/il-est-temps-de-repartir-avec-la-visite-de-forest\/#breadcrumb\",\"itemListElement\":[{\"@type\":\"ListItem\",\"position\":1,\"name\":\"Accueil\",\"item\":\"https:\/\/footdavant.fr\/actualites\/\"},{\"@type\":\"ListItem\",\"position\":2,\"name\":\"Il est temps de repartir avec la visite de Forest\"}]},{\"@type\":\"WebSite\",\"@id\":\"https:\/\/footdavant.fr\/actualites\/#website\",\"url\":\"https:\/\/footdavant.fr\/actualites\/\",\"name\":\"Foot d'avant\",\"description\":\"\",\"publisher\":{\"@id\":\"https:\/\/footdavant.fr\/actualites\/#organization\"},\"potentialAction\":[{\"@type\":\"SearchAction\",\"target\":{\"@type\":\"EntryPoint\",\"urlTemplate\":\"https:\/\/footdavant.fr\/actualites\/?s={search_term_string}\"},\"query-input\":\"required name=search_term_string\"}],\"inLanguage\":\"fr-FR\"},{\"@type\":\"Organization\",\"@id\":\"https:\/\/footdavant.fr\/actualites\/#organization\",\"name\":\"Foot d'avant\",\"url\":\"https:\/\/footdavant.fr\/actualites\/\",\"logo\":{\"@type\":\"ImageObject\",\"inLanguage\":\"fr-FR\",\"@id\":\"https:\/\/footdavant.fr\/actualites\/#\/schema\/logo\/image\/\",\"url\":\"https:\/\/footdavant.fr\/actualites\/wp-content\/uploads\/2023\/09\/Copy-of-FootDavant-Logo.png\",\"contentUrl\":\"https:\/\/footdavant.fr\/actualites\/wp-content\/uploads\/2023\/09\/Copy-of-FootDavant-Logo.png\",\"width\":936,\"height\":549,\"caption\":\"Foot d'avant\"},\"image\":{\"@id\":\"https:\/\/footdavant.fr\/actualites\/#\/schema\/logo\/image\/\"},\"sameAs\":[\"https:\/\/www.facebook.com\/Footdavant\/\",\"https:\/\/twitter.com\/FootdavantFr\",\"https:\/\/www.instagram.com\/footdavant.fr\/\"]},{\"@type\":\"Person\",\"@id\":\"https:\/\/footdavant.fr\/actualites\/#\/schema\/person\/bc222566d95871b37e597b3ed3ba5e1d\",\"name\":\"Cl\u00e9ment\",\"image\":{\"@type\":\"ImageObject\",\"inLanguage\":\"fr-FR\",\"@id\":\"https:\/\/footdavant.fr\/actualites\/#\/schema\/person\/image\/\",\"url\":\"https:\/\/secure.gravatar.com\/avatar\/7728b29aac2719421e1a9159b2254c44?s=96&d=mm&r=g\",\"contentUrl\":\"https:\/\/secure.gravatar.com\/avatar\/7728b29aac2719421e1a9159b2254c44?s=96&d=mm&r=g\",\"caption\":\"Cl\u00e9ment\"},\"sameAs\":[\"https:\/\/footdavant.fr\/\"]}]}<\/script>\n<!-- \/ Yoast SEO plugin. -->","yoast_head_json":{"title":"Il est temps de repartir avec la visite de Forest","robots":{"index":"index","follow":"follow","max-snippet":"max-snippet:-1","max-image-preview":"max-image-preview:large","max-video-preview":"max-video-preview:-1"},"canonical":"https:\/\/footdavant.fr\/actualites\/il-est-temps-de-repartir-avec-la-visite-de-forest\/","og_locale":"fr_FR","og_type":"article","og_title":"Il est temps de repartir avec la visite de Forest","og_description":"Matin d&#39;un Dublin tr\u00e8s humide et venteux. Le football est de retour et nous affrontons Nottingham Forest \u00e0 domicile. Sur le papier, ce n&#39;est pas","og_url":"https:\/\/footdavant.fr\/actualites\/il-est-temps-de-repartir-avec-la-visite-de-forest\/","og_site_name":"Foot d&#039;avant","article_publisher":"https:\/\/www.facebook.com\/Footdavant\/","article_published_time":"2024-11-23T15:48:30+00:00","article_modified_time":"2024-11-23T15:48:32+00:00","og_image":[{"width":1500,"height":750,"url":"https:\/\/footdavant.fr\/actualites\/wp-content\/uploads\/2024\/11\/Il-est-temps-de-repartir-avec-la-visite-de-Forest.jpg","type":"image\/jpeg"}],"author":"Cl\u00e9ment","twitter_card":"summary_large_image","twitter_creator":"@FootdavantFr","twitter_site":"@FootdavantFr","twitter_misc":{"\u00c9crit par":"Cl\u00e9ment","Dur\u00e9e de lecture estim\u00e9e":"4 minutes"},"schema":{"@context":"https:\/\/schema.org","@graph":[{"@type":"Article","@id":"https:\/\/footdavant.fr\/actualites\/il-est-temps-de-repartir-avec-la-visite-de-forest\/#article","isPartOf":{"@id":"https:\/\/footdavant.fr\/actualites\/il-est-temps-de-repartir-avec-la-visite-de-forest\/"},"author":{"name":"Cl\u00e9ment","@id":"https:\/\/footdavant.fr\/actualites\/#\/schema\/person\/bc222566d95871b37e597b3ed3ba5e1d"},"headline":"Il est temps de repartir avec la visite de Forest","datePublished":"2024-11-23T15:48:30+00:00","dateModified":"2024-11-23T15:48:32+00:00","mainEntityOfPage":{"@id":"https:\/\/footdavant.fr\/actualites\/il-est-temps-de-repartir-avec-la-visite-de-forest\/"},"wordCount":857,"publisher":{"@id":"https:\/\/footdavant.fr\/actualites\/#organization"},"keywords":["avec","est","Forest","repartir","temps","visite"],"articleSection":["Football"],"inLanguage":"fr-FR"},{"@type":"WebPage","@id":"https:\/\/footdavant.fr\/actualites\/il-est-temps-de-repartir-avec-la-visite-de-forest\/","url":"https:\/\/footdavant.fr\/actualites\/il-est-temps-de-repartir-avec-la-visite-de-forest\/","name":"Il est temps de repartir avec la visite de Forest","isPartOf":{"@id":"https:\/\/footdavant.fr\/actualites\/#website"},"datePublished":"2024-11-23T15:48:30+00:00","dateModified":"2024-11-23T15:48:32+00:00","breadcrumb":{"@id":"https:\/\/footdavant.fr\/actualites\/il-est-temps-de-repartir-avec-la-visite-de-forest\/#breadcrumb"},"inLanguage":"fr-FR","potentialAction":[{"@type":"ReadAction","target":["https:\/\/footdavant.fr\/actualites\/il-est-temps-de-repartir-avec-la-visite-de-forest\/"]}]},{"@type":"BreadcrumbList","@id":"https:\/\/footdavant.fr\/actualites\/il-est-temps-de-repartir-avec-la-visite-de-forest\/#breadcrumb","itemListElement":[{"@type":"ListItem","position":1,"name":"Accueil","item":"https:\/\/footdavant.fr\/actualites\/"},{"@type":"ListItem","position":2,"name":"Il est temps de repartir avec la visite de Forest"}]},{"@type":"WebSite","@id":"https:\/\/footdavant.fr\/actualites\/#website","url":"https:\/\/footdavant.fr\/actualites\/","name":"Foot d'avant","description":"","publisher":{"@id":"https:\/\/footdavant.fr\/actualites\/#organization"},"potentialAction":[{"@type":"SearchAction","target":{"@type":"EntryPoint","urlTemplate":"https:\/\/footdavant.fr\/actualites\/?s={search_term_string}"},"query-input":"required name=search_term_string"}],"inLanguage":"fr-FR"},{"@type":"Organization","@id":"https:\/\/footdavant.fr\/actualites\/#organization","name":"Foot d'avant","url":"https:\/\/footdavant.fr\/actualites\/","logo":{"@type":"ImageObject","inLanguage":"fr-FR","@id":"https:\/\/footdavant.fr\/actualites\/#\/schema\/logo\/image\/","url":"https:\/\/footdavant.fr\/actualites\/wp-content\/uploads\/2023\/09\/Copy-of-FootDavant-Logo.png","contentUrl":"https:\/\/footdavant.fr\/actualites\/wp-content\/uploads\/2023\/09\/Copy-of-FootDavant-Logo.png","width":936,"height":549,"caption":"Foot d'avant"},"image":{"@id":"https:\/\/footdavant.fr\/actualites\/#\/schema\/logo\/image\/"},"sameAs":["https:\/\/www.facebook.com\/Footdavant\/","https:\/\/twitter.com\/FootdavantFr","https:\/\/www.instagram.com\/footdavant.fr\/"]},{"@type":"Person","@id":"https:\/\/footdavant.fr\/actualites\/#\/schema\/person\/bc222566d95871b37e597b3ed3ba5e1d","name":"Cl\u00e9ment","image":{"@type":"ImageObject","inLanguage":"fr-FR","@id":"https:\/\/footdavant.fr\/actualites\/#\/schema\/person\/image\/","url":"https:\/\/secure.gravatar.com\/avatar\/7728b29aac2719421e1a9159b2254c44?s=96&d=mm&r=g","contentUrl":"https:\/\/secure.gravatar.com\/avatar\/7728b29aac2719421e1a9159b2254c44?s=96&d=mm&r=g","caption":"Cl\u00e9ment"},"sameAs":["https:\/\/footdavant.fr\/"]}]}},"_links":{"self":[{"href":"https:\/\/footdavant.fr\/actualites\/wp-json\/wp\/v2\/posts\/16519"}],"collection":[{"href":"https:\/\/footdavant.fr\/actualites\/wp-json\/wp\/v2\/posts"}],"about":[{"href":"https:\/\/footdavant.fr\/actualites\/wp-json\/wp\/v2\/types\/post"}],"author":[{"embeddable":true,"href":"https:\/\/footdavant.fr\/actualites\/wp-json\/wp\/v2\/users\/1"}],"replies":[{"embeddable":true,"href":"https:\/\/footdavant.fr\/actualites\/wp-json\/wp\/v2\/comments?post=16519"}],"version-history":[{"count":1,"href":"https:\/\/footdavant.fr\/actualites\/wp-json\/wp\/v2\/posts\/16519\/revisions"}],"predecessor-version":[{"id":16521,"href":"https:\/\/footdavant.fr\/actualites\/wp-json\/wp\/v2\/posts\/16519\/revisions\/16521"}],"wp:featuredmedia":[{"embeddable":true,"href":"https:\/\/footdavant.fr\/actualites\/wp-json\/wp\/v2\/media\/16520"}],"wp:attachment":[{"href":"https:\/\/footdavant.fr\/actualites\/wp-json\/wp\/v2\/media?parent=16519"}],"wp:term":[{"taxonomy":"category","embeddable":true,"href":"https:\/\/footdavant.fr\/actualites\/wp-json\/wp\/v2\/categories?post=16519"},{"taxonomy":"post_tag","embeddable":true,"href":"https:\/\/footdavant.fr\/actualites\/wp-json\/wp\/v2\/tags?post=16519"}],"curies":[{"name":"wp","href":"https:\/\/api.w.org\/{rel}","templated":true}]}}