{"id":1653,"date":"2023-11-29T20:51:38","date_gmt":"2023-11-29T19:51:38","guid":{"rendered":"https:\/\/footdavant.fr\/actualites\/klopp-sapprete-a-donner-sa-chance-a-liverpool-a-un-joueur-qui-merite-son-opportunite\/"},"modified":"2023-11-29T20:51:43","modified_gmt":"2023-11-29T19:51:43","slug":"klopp-sapprete-a-donner-sa-chance-a-liverpool-a-un-joueur-qui-merite-son-opportunite","status":"publish","type":"post","link":"https:\/\/footdavant.fr\/actualites\/klopp-sapprete-a-donner-sa-chance-a-liverpool-a-un-joueur-qui-merite-son-opportunite\/","title":{"rendered":"Klopp s&rsquo;appr\u00eate \u00e0 donner sa chance \u00e0 Liverpool \u00e0 un joueur qui \u00ab\u00a0m\u00e9rite son opportunit\u00e9\u00a0\u00bb"},"content":{"rendered":"<p><\/p>\n<div id=\"article-body\">\n<!-- Article Start --><\/p>\n<p>Jurgen Klopp devrait faire appel \u00e0 un joueur qui a \u00e9t\u00e9 \u00e0 la p\u00e9riph\u00e9rie pendant une grande partie de son s\u00e9jour \u00e0 Liverpool mais qui, selon les mots de l&rsquo;entra\u00eeneur, \u00ab\u00a0m\u00e9rite son opportunit\u00e9\u00a0\u00bb de briller.<\/p>\n<p>Le joueur de 56 ans a confirm\u00e9 mercredi qu&rsquo;Alisson Becker serait bless\u00e9 pendant au moins les deux prochaines semaines, ce qui ouvre la porte \u00e0 Caoimhin Kelleher pour une place dans le onze de d\u00e9part.<\/p>\n<p>L&rsquo;international de la R\u00e9publique d&rsquo;Irlande n&rsquo;a pas encore jou\u00e9 en Premier League cette saison, devant plut\u00f4t se contenter de temps de jeu en Ligue Europa et en Coupe Carabao (Transfermarkt).<\/p>\n<p>Cependant, Klopp a soulign\u00e9 que le joueur de 25 ans aurait jou\u00e9 contre le LASK jeudi, ind\u00e9pendamment de ce qui est arriv\u00e9 au gardien de premier choix de Liverpool, d\u00e9clarant (via BBC Sport) : <\/p>\n<\/p>\n<p>Seul le brillant continu d&rsquo;Alisson a emp\u00each\u00e9 Kelleher de s&rsquo;\u00e9tablir \u00e0 Anfield, l&rsquo;Irlandais n&rsquo;ayant fait que 26 apparitions pour Liverpool jusqu&rsquo;\u00e0 pr\u00e9sent (Transfermarkt).<\/p>\n<p>Cependant, il semble pr\u00eat \u00e0 jouer demain soir et lors des prochains matchs de Premier League contre Fulham, Sheffield United et Crystal Palace, alors qu&rsquo;on pourrait compter sur lui pour affronter Manchester United et Arsenal plus tard en d\u00e9cembre en fonction de la rapidit\u00e9 avec laquelle le Br\u00e9silien se remet de sa blessure.<\/p>\n<p>Le joueur de 25 ans a fait du bien aux Reds lorsqu&rsquo;il a \u00e9t\u00e9 appel\u00e9 dans le pass\u00e9, notamment lors des tirs au but de la finale de la Coupe Carabao contre Chelsea il y a deux saisons, et il s&rsquo;est montr\u00e9 particuli\u00e8rement habile \u00e0 contrecarrer l&rsquo;opposition \u00e0 12 m\u00e8tres sur de nombreux autres. occasions.<\/p>\n<p>Il y avait beaucoup d&rsquo;int\u00e9r\u00eat de haut niveau pour Kelleher au cours de l&rsquo;\u00e9t\u00e9, et il aurait \u00e9t\u00e9 pr\u00eat \u00e0 quitter Liverpool pour jouer plus r\u00e9guli\u00e8rement ailleurs, mais Klopp sera d\u00e9sormais extr\u00eamement reconnaissant que le club n&rsquo;ait pas profit\u00e9 de l&rsquo;Irlandais. .<\/p>\n<p>Notre num\u00e9ro 62 se retirera presque certainement une fois qu&rsquo;Alisson sera en pleine forme, mais au cours des prochaines semaines, il a l&rsquo;occasion parfaite de montrer \u00e0 son manager que peut-\u00eatre la place de gardien de but ne devrait pas \u00eatre aussi clou\u00e9e qu&rsquo;elle l&rsquo;a \u00e9t\u00e9. derni\u00e8res ann\u00e9es.<\/p>\n<\/p>\n<p><span class=\"embed-youtube\" style=\"text-align:center; display: block;\"><\/span><\/p>\n<p><!-- Article End -->\t\t\t\t<\/div>\n","protected":false},"excerpt":{"rendered":"<p>Jurgen Klopp devrait faire appel \u00e0 un joueur qui a \u00e9t\u00e9 \u00e0 la p\u00e9riph\u00e9rie pendant une grande partie de son s\u00e9jour \u00e0 Liverpool mais qui,<\/p>\n","protected":false},"author":1,"featured_media":1654,"comment_status":"closed","ping_status":"","sticky":false,"template":"","format":"standard","meta":{"footnotes":""},"categories":[3],"tags":[1708,1274,1221,238,53,1711,1712,243,1710,86],"yoast_head":"<!-- This site is optimized with the Yoast SEO plugin v21.0 - https:\/\/yoast.com\/wordpress\/plugins\/seo\/ -->\n<title>Klopp s&#039;appr\u00eate \u00e0 donner sa chance \u00e0 Liverpool \u00e0 un joueur qui &quot;m\u00e9rite son opportunit\u00e9&quot;<\/title>\n<meta name=\"robots\" content=\"index, follow, max-snippet:-1, max-image-preview:large, max-video-preview:-1\" \/>\n<link rel=\"canonical\" href=\"https:\/\/footdavant.fr\/actualites\/klopp-sapprete-a-donner-sa-chance-a-liverpool-a-un-joueur-qui-merite-son-opportunite\/\" \/>\n<meta property=\"og:locale\" content=\"fr_FR\" \/>\n<meta property=\"og:type\" content=\"article\" \/>\n<meta property=\"og:title\" content=\"Klopp s&#039;appr\u00eate \u00e0 donner sa chance \u00e0 Liverpool \u00e0 un joueur qui &quot;m\u00e9rite son opportunit\u00e9&quot;\" \/>\n<meta property=\"og:description\" content=\"Jurgen Klopp devrait faire appel \u00e0 un joueur qui a \u00e9t\u00e9 \u00e0 la p\u00e9riph\u00e9rie pendant une grande partie de son s\u00e9jour \u00e0 Liverpool mais qui,\" \/>\n<meta property=\"og:url\" content=\"https:\/\/footdavant.fr\/actualites\/klopp-sapprete-a-donner-sa-chance-a-liverpool-a-un-joueur-qui-merite-son-opportunite\/\" \/>\n<meta property=\"og:site_name\" content=\"Foot d&#039;avant\" \/>\n<meta property=\"article:publisher\" content=\"https:\/\/www.facebook.com\/Footdavant\/\" \/>\n<meta property=\"article:published_time\" content=\"2023-11-29T19:51:38+00:00\" \/>\n<meta property=\"article:modified_time\" content=\"2023-11-29T19:51:43+00:00\" \/>\n<meta property=\"og:image\" content=\"https:\/\/footdavant.fr\/actualites\/wp-content\/uploads\/2023\/11\/Klopp-sapprete-a-donner-sa-chance-a-Liverpool-a-un-scaled.jpg\" \/>\n\t<meta property=\"og:image:width\" content=\"2560\" \/>\n\t<meta property=\"og:image:height\" content=\"1707\" \/>\n\t<meta property=\"og:image:type\" content=\"image\/jpeg\" \/>\n<meta name=\"author\" content=\"Cl\u00e9ment\" \/>\n<meta name=\"twitter:card\" content=\"summary_large_image\" \/>\n<meta name=\"twitter:creator\" content=\"@FootdavantFr\" \/>\n<meta name=\"twitter:site\" content=\"@FootdavantFr\" \/>\n<meta name=\"twitter:label1\" content=\"\u00c9crit par\" \/>\n\t<meta name=\"twitter:data1\" content=\"Cl\u00e9ment\" \/>\n\t<meta name=\"twitter:label2\" content=\"Dur\u00e9e de lecture estim\u00e9e\" \/>\n\t<meta name=\"twitter:data2\" content=\"2 minutes\" \/>\n<script type=\"application\/ld+json\" class=\"yoast-schema-graph\">{\"@context\":\"https:\/\/schema.org\",\"@graph\":[{\"@type\":\"Article\",\"@id\":\"https:\/\/footdavant.fr\/actualites\/klopp-sapprete-a-donner-sa-chance-a-liverpool-a-un-joueur-qui-merite-son-opportunite\/#article\",\"isPartOf\":{\"@id\":\"https:\/\/footdavant.fr\/actualites\/klopp-sapprete-a-donner-sa-chance-a-liverpool-a-un-joueur-qui-merite-son-opportunite\/\"},\"author\":{\"name\":\"Cl\u00e9ment\",\"@id\":\"https:\/\/footdavant.fr\/actualites\/#\/schema\/person\/bc222566d95871b37e597b3ed3ba5e1d\"},\"headline\":\"Klopp s&rsquo;appr\u00eate \u00e0 donner sa chance \u00e0 Liverpool \u00e0 un joueur qui \u00ab\u00a0m\u00e9rite son opportunit\u00e9\u00a0\u00bb\",\"datePublished\":\"2023-11-29T19:51:38+00:00\",\"dateModified\":\"2023-11-29T19:51:43+00:00\",\"mainEntityOfPage\":{\"@id\":\"https:\/\/footdavant.fr\/actualites\/klopp-sapprete-a-donner-sa-chance-a-liverpool-a-un-joueur-qui-merite-son-opportunite\/\"},\"wordCount\":382,\"publisher\":{\"@id\":\"https:\/\/footdavant.fr\/actualites\/#organization\"},\"keywords\":[\"chance\",\"donner\",\"joueur\",\"Klopp\",\"Liverpool\",\"m\u00e9rite\",\"opportunit\u00e9\",\"qui\",\"sappr\u00eate\",\"son\"],\"articleSection\":[\"Football\"],\"inLanguage\":\"fr-FR\"},{\"@type\":\"WebPage\",\"@id\":\"https:\/\/footdavant.fr\/actualites\/klopp-sapprete-a-donner-sa-chance-a-liverpool-a-un-joueur-qui-merite-son-opportunite\/\",\"url\":\"https:\/\/footdavant.fr\/actualites\/klopp-sapprete-a-donner-sa-chance-a-liverpool-a-un-joueur-qui-merite-son-opportunite\/\",\"name\":\"Klopp s'appr\u00eate \u00e0 donner sa chance \u00e0 Liverpool \u00e0 un joueur qui \\\"m\u00e9rite son opportunit\u00e9\\\"\",\"isPartOf\":{\"@id\":\"https:\/\/footdavant.fr\/actualites\/#website\"},\"datePublished\":\"2023-11-29T19:51:38+00:00\",\"dateModified\":\"2023-11-29T19:51:43+00:00\",\"breadcrumb\":{\"@id\":\"https:\/\/footdavant.fr\/actualites\/klopp-sapprete-a-donner-sa-chance-a-liverpool-a-un-joueur-qui-merite-son-opportunite\/#breadcrumb\"},\"inLanguage\":\"fr-FR\",\"potentialAction\":[{\"@type\":\"ReadAction\",\"target\":[\"https:\/\/footdavant.fr\/actualites\/klopp-sapprete-a-donner-sa-chance-a-liverpool-a-un-joueur-qui-merite-son-opportunite\/\"]}]},{\"@type\":\"BreadcrumbList\",\"@id\":\"https:\/\/footdavant.fr\/actualites\/klopp-sapprete-a-donner-sa-chance-a-liverpool-a-un-joueur-qui-merite-son-opportunite\/#breadcrumb\",\"itemListElement\":[{\"@type\":\"ListItem\",\"position\":1,\"name\":\"Accueil\",\"item\":\"https:\/\/footdavant.fr\/actualites\/\"},{\"@type\":\"ListItem\",\"position\":2,\"name\":\"Klopp s&rsquo;appr\u00eate \u00e0 donner sa chance \u00e0 Liverpool \u00e0 un joueur qui \u00ab\u00a0m\u00e9rite son opportunit\u00e9\u00a0\u00bb\"}]},{\"@type\":\"WebSite\",\"@id\":\"https:\/\/footdavant.fr\/actualites\/#website\",\"url\":\"https:\/\/footdavant.fr\/actualites\/\",\"name\":\"Foot d'avant\",\"description\":\"\",\"publisher\":{\"@id\":\"https:\/\/footdavant.fr\/actualites\/#organization\"},\"potentialAction\":[{\"@type\":\"SearchAction\",\"target\":{\"@type\":\"EntryPoint\",\"urlTemplate\":\"https:\/\/footdavant.fr\/actualites\/?s={search_term_string}\"},\"query-input\":\"required name=search_term_string\"}],\"inLanguage\":\"fr-FR\"},{\"@type\":\"Organization\",\"@id\":\"https:\/\/footdavant.fr\/actualites\/#organization\",\"name\":\"Foot d'avant\",\"url\":\"https:\/\/footdavant.fr\/actualites\/\",\"logo\":{\"@type\":\"ImageObject\",\"inLanguage\":\"fr-FR\",\"@id\":\"https:\/\/footdavant.fr\/actualites\/#\/schema\/logo\/image\/\",\"url\":\"https:\/\/footdavant.fr\/actualites\/wp-content\/uploads\/2023\/09\/Copy-of-FootDavant-Logo.png\",\"contentUrl\":\"https:\/\/footdavant.fr\/actualites\/wp-content\/uploads\/2023\/09\/Copy-of-FootDavant-Logo.png\",\"width\":936,\"height\":549,\"caption\":\"Foot d'avant\"},\"image\":{\"@id\":\"https:\/\/footdavant.fr\/actualites\/#\/schema\/logo\/image\/\"},\"sameAs\":[\"https:\/\/www.facebook.com\/Footdavant\/\",\"https:\/\/twitter.com\/FootdavantFr\",\"https:\/\/www.instagram.com\/footdavant.fr\/\"]},{\"@type\":\"Person\",\"@id\":\"https:\/\/footdavant.fr\/actualites\/#\/schema\/person\/bc222566d95871b37e597b3ed3ba5e1d\",\"name\":\"Cl\u00e9ment\",\"image\":{\"@type\":\"ImageObject\",\"inLanguage\":\"fr-FR\",\"@id\":\"https:\/\/footdavant.fr\/actualites\/#\/schema\/person\/image\/\",\"url\":\"https:\/\/secure.gravatar.com\/avatar\/7728b29aac2719421e1a9159b2254c44?s=96&d=mm&r=g\",\"contentUrl\":\"https:\/\/secure.gravatar.com\/avatar\/7728b29aac2719421e1a9159b2254c44?s=96&d=mm&r=g\",\"caption\":\"Cl\u00e9ment\"},\"sameAs\":[\"https:\/\/footdavant.fr\/\"]}]}<\/script>\n<!-- \/ Yoast SEO plugin. -->","yoast_head_json":{"title":"Klopp s'appr\u00eate \u00e0 donner sa chance \u00e0 Liverpool \u00e0 un joueur qui \"m\u00e9rite son opportunit\u00e9\"","robots":{"index":"index","follow":"follow","max-snippet":"max-snippet:-1","max-image-preview":"max-image-preview:large","max-video-preview":"max-video-preview:-1"},"canonical":"https:\/\/footdavant.fr\/actualites\/klopp-sapprete-a-donner-sa-chance-a-liverpool-a-un-joueur-qui-merite-son-opportunite\/","og_locale":"fr_FR","og_type":"article","og_title":"Klopp s'appr\u00eate \u00e0 donner sa chance \u00e0 Liverpool \u00e0 un joueur qui \"m\u00e9rite son opportunit\u00e9\"","og_description":"Jurgen Klopp devrait faire appel \u00e0 un joueur qui a \u00e9t\u00e9 \u00e0 la p\u00e9riph\u00e9rie pendant une grande partie de son s\u00e9jour \u00e0 Liverpool mais qui,","og_url":"https:\/\/footdavant.fr\/actualites\/klopp-sapprete-a-donner-sa-chance-a-liverpool-a-un-joueur-qui-merite-son-opportunite\/","og_site_name":"Foot d&#039;avant","article_publisher":"https:\/\/www.facebook.com\/Footdavant\/","article_published_time":"2023-11-29T19:51:38+00:00","article_modified_time":"2023-11-29T19:51:43+00:00","og_image":[{"width":2560,"height":1707,"url":"https:\/\/footdavant.fr\/actualites\/wp-content\/uploads\/2023\/11\/Klopp-sapprete-a-donner-sa-chance-a-Liverpool-a-un-scaled.jpg","type":"image\/jpeg"}],"author":"Cl\u00e9ment","twitter_card":"summary_large_image","twitter_creator":"@FootdavantFr","twitter_site":"@FootdavantFr","twitter_misc":{"\u00c9crit par":"Cl\u00e9ment","Dur\u00e9e de lecture estim\u00e9e":"2 minutes"},"schema":{"@context":"https:\/\/schema.org","@graph":[{"@type":"Article","@id":"https:\/\/footdavant.fr\/actualites\/klopp-sapprete-a-donner-sa-chance-a-liverpool-a-un-joueur-qui-merite-son-opportunite\/#article","isPartOf":{"@id":"https:\/\/footdavant.fr\/actualites\/klopp-sapprete-a-donner-sa-chance-a-liverpool-a-un-joueur-qui-merite-son-opportunite\/"},"author":{"name":"Cl\u00e9ment","@id":"https:\/\/footdavant.fr\/actualites\/#\/schema\/person\/bc222566d95871b37e597b3ed3ba5e1d"},"headline":"Klopp s&rsquo;appr\u00eate \u00e0 donner sa chance \u00e0 Liverpool \u00e0 un joueur qui \u00ab\u00a0m\u00e9rite son opportunit\u00e9\u00a0\u00bb","datePublished":"2023-11-29T19:51:38+00:00","dateModified":"2023-11-29T19:51:43+00:00","mainEntityOfPage":{"@id":"https:\/\/footdavant.fr\/actualites\/klopp-sapprete-a-donner-sa-chance-a-liverpool-a-un-joueur-qui-merite-son-opportunite\/"},"wordCount":382,"publisher":{"@id":"https:\/\/footdavant.fr\/actualites\/#organization"},"keywords":["chance","donner","joueur","Klopp","Liverpool","m\u00e9rite","opportunit\u00e9","qui","sappr\u00eate","son"],"articleSection":["Football"],"inLanguage":"fr-FR"},{"@type":"WebPage","@id":"https:\/\/footdavant.fr\/actualites\/klopp-sapprete-a-donner-sa-chance-a-liverpool-a-un-joueur-qui-merite-son-opportunite\/","url":"https:\/\/footdavant.fr\/actualites\/klopp-sapprete-a-donner-sa-chance-a-liverpool-a-un-joueur-qui-merite-son-opportunite\/","name":"Klopp s'appr\u00eate \u00e0 donner sa chance \u00e0 Liverpool \u00e0 un joueur qui \"m\u00e9rite son opportunit\u00e9\"","isPartOf":{"@id":"https:\/\/footdavant.fr\/actualites\/#website"},"datePublished":"2023-11-29T19:51:38+00:00","dateModified":"2023-11-29T19:51:43+00:00","breadcrumb":{"@id":"https:\/\/footdavant.fr\/actualites\/klopp-sapprete-a-donner-sa-chance-a-liverpool-a-un-joueur-qui-merite-son-opportunite\/#breadcrumb"},"inLanguage":"fr-FR","potentialAction":[{"@type":"ReadAction","target":["https:\/\/footdavant.fr\/actualites\/klopp-sapprete-a-donner-sa-chance-a-liverpool-a-un-joueur-qui-merite-son-opportunite\/"]}]},{"@type":"BreadcrumbList","@id":"https:\/\/footdavant.fr\/actualites\/klopp-sapprete-a-donner-sa-chance-a-liverpool-a-un-joueur-qui-merite-son-opportunite\/#breadcrumb","itemListElement":[{"@type":"ListItem","position":1,"name":"Accueil","item":"https:\/\/footdavant.fr\/actualites\/"},{"@type":"ListItem","position":2,"name":"Klopp s&rsquo;appr\u00eate \u00e0 donner sa chance \u00e0 Liverpool \u00e0 un joueur qui \u00ab\u00a0m\u00e9rite son opportunit\u00e9\u00a0\u00bb"}]},{"@type":"WebSite","@id":"https:\/\/footdavant.fr\/actualites\/#website","url":"https:\/\/footdavant.fr\/actualites\/","name":"Foot d'avant","description":"","publisher":{"@id":"https:\/\/footdavant.fr\/actualites\/#organization"},"potentialAction":[{"@type":"SearchAction","target":{"@type":"EntryPoint","urlTemplate":"https:\/\/footdavant.fr\/actualites\/?s={search_term_string}"},"query-input":"required name=search_term_string"}],"inLanguage":"fr-FR"},{"@type":"Organization","@id":"https:\/\/footdavant.fr\/actualites\/#organization","name":"Foot d'avant","url":"https:\/\/footdavant.fr\/actualites\/","logo":{"@type":"ImageObject","inLanguage":"fr-FR","@id":"https:\/\/footdavant.fr\/actualites\/#\/schema\/logo\/image\/","url":"https:\/\/footdavant.fr\/actualites\/wp-content\/uploads\/2023\/09\/Copy-of-FootDavant-Logo.png","contentUrl":"https:\/\/footdavant.fr\/actualites\/wp-content\/uploads\/2023\/09\/Copy-of-FootDavant-Logo.png","width":936,"height":549,"caption":"Foot d'avant"},"image":{"@id":"https:\/\/footdavant.fr\/actualites\/#\/schema\/logo\/image\/"},"sameAs":["https:\/\/www.facebook.com\/Footdavant\/","https:\/\/twitter.com\/FootdavantFr","https:\/\/www.instagram.com\/footdavant.fr\/"]},{"@type":"Person","@id":"https:\/\/footdavant.fr\/actualites\/#\/schema\/person\/bc222566d95871b37e597b3ed3ba5e1d","name":"Cl\u00e9ment","image":{"@type":"ImageObject","inLanguage":"fr-FR","@id":"https:\/\/footdavant.fr\/actualites\/#\/schema\/person\/image\/","url":"https:\/\/secure.gravatar.com\/avatar\/7728b29aac2719421e1a9159b2254c44?s=96&d=mm&r=g","contentUrl":"https:\/\/secure.gravatar.com\/avatar\/7728b29aac2719421e1a9159b2254c44?s=96&d=mm&r=g","caption":"Cl\u00e9ment"},"sameAs":["https:\/\/footdavant.fr\/"]}]}},"_links":{"self":[{"href":"https:\/\/footdavant.fr\/actualites\/wp-json\/wp\/v2\/posts\/1653"}],"collection":[{"href":"https:\/\/footdavant.fr\/actualites\/wp-json\/wp\/v2\/posts"}],"about":[{"href":"https:\/\/footdavant.fr\/actualites\/wp-json\/wp\/v2\/types\/post"}],"author":[{"embeddable":true,"href":"https:\/\/footdavant.fr\/actualites\/wp-json\/wp\/v2\/users\/1"}],"replies":[{"embeddable":true,"href":"https:\/\/footdavant.fr\/actualites\/wp-json\/wp\/v2\/comments?post=1653"}],"version-history":[{"count":1,"href":"https:\/\/footdavant.fr\/actualites\/wp-json\/wp\/v2\/posts\/1653\/revisions"}],"predecessor-version":[{"id":1655,"href":"https:\/\/footdavant.fr\/actualites\/wp-json\/wp\/v2\/posts\/1653\/revisions\/1655"}],"wp:featuredmedia":[{"embeddable":true,"href":"https:\/\/footdavant.fr\/actualites\/wp-json\/wp\/v2\/media\/1654"}],"wp:attachment":[{"href":"https:\/\/footdavant.fr\/actualites\/wp-json\/wp\/v2\/media?parent=1653"}],"wp:term":[{"taxonomy":"category","embeddable":true,"href":"https:\/\/footdavant.fr\/actualites\/wp-json\/wp\/v2\/categories?post=1653"},{"taxonomy":"post_tag","embeddable":true,"href":"https:\/\/footdavant.fr\/actualites\/wp-json\/wp\/v2\/tags?post=1653"}],"curies":[{"name":"wp","href":"https:\/\/api.w.org\/{rel}","templated":true}]}}