{"id":16531,"date":"2024-11-24T00:48:00","date_gmt":"2024-11-23T23:48:00","guid":{"rendered":"https:\/\/footdavant.fr\/actualites\/muhammad-mokaev-confirme-le-prochain-adversaire-contre-luthando-biko\/"},"modified":"2024-11-24T00:48:02","modified_gmt":"2024-11-23T23:48:02","slug":"muhammad-mokaev-confirme-le-prochain-adversaire-contre-luthando-biko","status":"publish","type":"post","link":"https:\/\/footdavant.fr\/actualites\/muhammad-mokaev-confirme-le-prochain-adversaire-contre-luthando-biko\/","title":{"rendered":"Muhammad Mokaev confirme le prochain adversaire contre Luthando Biko"},"content":{"rendered":"<div>\n<h2><\/h2>\n<p>Cela a \u00e9t\u00e9 une surprise pour tout le monde lorsque Muhammad Mokaev a \u00e9t\u00e9 exclu de l&#39;UFC en juillet, apr\u00e8s sa plus grande victoire \u00e0 ce jour \u00e0 l&#39;UFC 304 \u00e0 Manchester.<\/p>\n<p>Bien qu&#39;il ait \u00e9t\u00e9 abandonn\u00e9 par la plus grande promotion du sport, Mokaev poursuit sa carri\u00e8re et il a r\u00e9cemment r\u00e9gn\u00e9 avec Brave CF, qui a fait de lui le combattant poids mouche le mieux pay\u00e9 du MMA.<\/p>\n<p>S\u2019exprimant apr\u00e8s l\u2019annonce de son contrat, Mokaev a d\u00e9clar\u00e9 : \u00ab Le combattant poids mouche le mieux pay\u00e9 au monde \u00e0 l\u2019heure actuelle sans d\u00e9tenir le titre.<\/p>\n<blockquote class=\"twitter-tweet\">\n<p dir=\"ltr\" lang=\"en\">\ud83d\udea8| Muhammad Mokaev affrontera Luthando Biko \u00e0 <a rel=\"nofollow\" href=\"https:\/\/twitter.com\/hashtag\/BraveCF91?src=hash&amp;ref_src=twsrc%5Etfw\">#BraveCF91<\/a> le 13 d\u00e9cembre.<br \/>[first rep. <a rel=\"nofollow\" href=\"https:\/\/twitter.com\/MMAFighting?ref_src=twsrc%5Etfw\">@MMAFighting<\/a>] <a rel=\"nofollow\" href=\"https:\/\/t.co\/wJgABQFCFS\">pic.twitter.com\/wJgABQFCFS<\/a><\/p>\n<p>\u2013 Orbite MMA (@mma_orbit) <a rel=\"nofollow\" href=\"https:\/\/twitter.com\/mma_orbit\/status\/1859608314872557896?ref_src=twsrc%5Etfw\">21 novembre 2024<\/a><\/p>\n<\/blockquote>\n<p>\u00ab\u00a0Mais bien s\u00fbr, mon objectif est de revenir \u00e0 l&#39;UFC car c&#39;est actuellement la promotion num\u00e9ro 1 au monde.\u00a0\u00bb<\/p>\n<p>Mokaev esp\u00e8re toujours rejoindre l&#39;UFC \u00e0 l&#39;avenir et il a m\u00eame propos\u00e9 de se battre gratuitement sous la direction de Dana White, mais le PDG de l&#39;UFC a d\u00e9cid\u00e9 de tenir parole et de ne pas permettre \u00e0 Mokaev de revenir.<\/p>\n<p>\u00ab\u00a0C&#39;est comme \u00e7a\u00a0\u00bb, a d\u00e9clar\u00e9 White \u00e0 propos du licenciement de Mokaev en ao\u00fbt.<\/p>\n<p>\u00abJe dis toujours ceci, que c&#39;est une opportunit\u00e9 d&#39;\u00eatre ici et de se produire devant le monde entier. C&#39;est juste un gars qui a tout fait de mal et qui a \u00e9nerv\u00e9 ces gars-l\u00e0.<\/p>\n<p>Le \u00ab\u00a0Punisher\u00a0\u00bb est toujours invaincu dans l&#39;Octogone apr\u00e8s 12 combats, ses deux derni\u00e8res victoires \u00e9tant intervenues par d\u00e9cision unanime apr\u00e8s trois rounds.<\/p>\n<p>Le Russe a maintenant confirm\u00e9 ses deuxi\u00e8mes d\u00e9buts pour le Brave CF, le combattant affrontant Luthando Biko le 13 d\u00e9cembre \u00e0 l&#39;ar\u00e8ne Khalifa Sports City de Bahre\u00efn.<\/p>\n<p>Une victoire contre Biko le mois prochain pourrait renverser la situation pour Mokaev qui cherche d\u00e9sesp\u00e9r\u00e9ment \u00e0 revenir dans la plus grande promotion de MMA, mais une surprise de son adversaire pourrait retarder le processus.<\/p>\n<\/p><\/div>\n<p><script async src=\"https:\/\/platform.twitter.com\/widgets.js\" charset=\"utf-8\"><\/script><\/p>\n","protected":false},"excerpt":{"rendered":"<p>Cela a \u00e9t\u00e9 une surprise pour tout le monde lorsque Muhammad Mokaev a \u00e9t\u00e9 exclu de l&#39;UFC en juillet, apr\u00e8s sa plus grande victoire \u00e0<\/p>\n","protected":false},"author":1,"featured_media":16532,"comment_status":"closed","ping_status":"","sticky":false,"template":"","format":"standard","meta":{"footnotes":""},"categories":[3],"tags":[6585,7131,40,20,7130,7129,7128,1257],"yoast_head":"<!-- This site is optimized with the Yoast SEO plugin v21.0 - https:\/\/yoast.com\/wordpress\/plugins\/seo\/ -->\n<title>Muhammad Mokaev confirme le prochain adversaire contre Luthando Biko<\/title>\n<meta name=\"robots\" content=\"index, follow, max-snippet:-1, max-image-preview:large, max-video-preview:-1\" \/>\n<link rel=\"canonical\" href=\"https:\/\/footdavant.fr\/actualites\/muhammad-mokaev-confirme-le-prochain-adversaire-contre-luthando-biko\/\" \/>\n<meta property=\"og:locale\" content=\"fr_FR\" \/>\n<meta property=\"og:type\" content=\"article\" \/>\n<meta property=\"og:title\" content=\"Muhammad Mokaev confirme le prochain adversaire contre Luthando Biko\" \/>\n<meta property=\"og:description\" content=\"Cela a \u00e9t\u00e9 une surprise pour tout le monde lorsque Muhammad Mokaev a \u00e9t\u00e9 exclu de l&#039;UFC en juillet, apr\u00e8s sa plus grande victoire \u00e0\" \/>\n<meta property=\"og:url\" content=\"https:\/\/footdavant.fr\/actualites\/muhammad-mokaev-confirme-le-prochain-adversaire-contre-luthando-biko\/\" \/>\n<meta property=\"og:site_name\" content=\"Foot d&#039;avant\" \/>\n<meta property=\"article:publisher\" content=\"https:\/\/www.facebook.com\/Footdavant\/\" \/>\n<meta property=\"article:published_time\" content=\"2024-11-23T23:48:00+00:00\" \/>\n<meta property=\"article:modified_time\" content=\"2024-11-23T23:48:02+00:00\" \/>\n<meta property=\"og:image\" content=\"https:\/\/footdavant.fr\/actualites\/wp-content\/uploads\/2024\/11\/Muhammad-Mokaev-confirme-le-prochain-adversaire-contre-Luthando-Biko.jpg\" \/>\n\t<meta property=\"og:image:width\" content=\"1100\" \/>\n\t<meta property=\"og:image:height\" content=\"619\" \/>\n\t<meta property=\"og:image:type\" content=\"image\/jpeg\" \/>\n<meta name=\"author\" content=\"Cl\u00e9ment\" \/>\n<meta name=\"twitter:card\" content=\"summary_large_image\" \/>\n<meta name=\"twitter:creator\" content=\"@FootdavantFr\" \/>\n<meta name=\"twitter:site\" content=\"@FootdavantFr\" \/>\n<meta name=\"twitter:label1\" content=\"\u00c9crit par\" \/>\n\t<meta name=\"twitter:data1\" content=\"Cl\u00e9ment\" \/>\n\t<meta name=\"twitter:label2\" content=\"Dur\u00e9e de lecture estim\u00e9e\" \/>\n\t<meta name=\"twitter:data2\" content=\"2 minutes\" \/>\n<script type=\"application\/ld+json\" class=\"yoast-schema-graph\">{\"@context\":\"https:\/\/schema.org\",\"@graph\":[{\"@type\":\"Article\",\"@id\":\"https:\/\/footdavant.fr\/actualites\/muhammad-mokaev-confirme-le-prochain-adversaire-contre-luthando-biko\/#article\",\"isPartOf\":{\"@id\":\"https:\/\/footdavant.fr\/actualites\/muhammad-mokaev-confirme-le-prochain-adversaire-contre-luthando-biko\/\"},\"author\":{\"name\":\"Cl\u00e9ment\",\"@id\":\"https:\/\/footdavant.fr\/actualites\/#\/schema\/person\/bc222566d95871b37e597b3ed3ba5e1d\"},\"headline\":\"Muhammad Mokaev confirme le prochain adversaire contre Luthando Biko\",\"datePublished\":\"2024-11-23T23:48:00+00:00\",\"dateModified\":\"2024-11-23T23:48:02+00:00\",\"mainEntityOfPage\":{\"@id\":\"https:\/\/footdavant.fr\/actualites\/muhammad-mokaev-confirme-le-prochain-adversaire-contre-luthando-biko\/\"},\"wordCount\":346,\"publisher\":{\"@id\":\"https:\/\/footdavant.fr\/actualites\/#organization\"},\"keywords\":[\"adversaire\",\"Biko\",\"confirme\",\"contre\",\"Luthando\",\"Mokaev\",\"Muhammad\",\"prochain\"],\"articleSection\":[\"Football\"],\"inLanguage\":\"fr-FR\"},{\"@type\":\"WebPage\",\"@id\":\"https:\/\/footdavant.fr\/actualites\/muhammad-mokaev-confirme-le-prochain-adversaire-contre-luthando-biko\/\",\"url\":\"https:\/\/footdavant.fr\/actualites\/muhammad-mokaev-confirme-le-prochain-adversaire-contre-luthando-biko\/\",\"name\":\"Muhammad Mokaev confirme le prochain adversaire contre Luthando Biko\",\"isPartOf\":{\"@id\":\"https:\/\/footdavant.fr\/actualites\/#website\"},\"datePublished\":\"2024-11-23T23:48:00+00:00\",\"dateModified\":\"2024-11-23T23:48:02+00:00\",\"breadcrumb\":{\"@id\":\"https:\/\/footdavant.fr\/actualites\/muhammad-mokaev-confirme-le-prochain-adversaire-contre-luthando-biko\/#breadcrumb\"},\"inLanguage\":\"fr-FR\",\"potentialAction\":[{\"@type\":\"ReadAction\",\"target\":[\"https:\/\/footdavant.fr\/actualites\/muhammad-mokaev-confirme-le-prochain-adversaire-contre-luthando-biko\/\"]}]},{\"@type\":\"BreadcrumbList\",\"@id\":\"https:\/\/footdavant.fr\/actualites\/muhammad-mokaev-confirme-le-prochain-adversaire-contre-luthando-biko\/#breadcrumb\",\"itemListElement\":[{\"@type\":\"ListItem\",\"position\":1,\"name\":\"Accueil\",\"item\":\"https:\/\/footdavant.fr\/actualites\/\"},{\"@type\":\"ListItem\",\"position\":2,\"name\":\"Muhammad Mokaev confirme le prochain adversaire contre Luthando Biko\"}]},{\"@type\":\"WebSite\",\"@id\":\"https:\/\/footdavant.fr\/actualites\/#website\",\"url\":\"https:\/\/footdavant.fr\/actualites\/\",\"name\":\"Foot d'avant\",\"description\":\"\",\"publisher\":{\"@id\":\"https:\/\/footdavant.fr\/actualites\/#organization\"},\"potentialAction\":[{\"@type\":\"SearchAction\",\"target\":{\"@type\":\"EntryPoint\",\"urlTemplate\":\"https:\/\/footdavant.fr\/actualites\/?s={search_term_string}\"},\"query-input\":\"required name=search_term_string\"}],\"inLanguage\":\"fr-FR\"},{\"@type\":\"Organization\",\"@id\":\"https:\/\/footdavant.fr\/actualites\/#organization\",\"name\":\"Foot d'avant\",\"url\":\"https:\/\/footdavant.fr\/actualites\/\",\"logo\":{\"@type\":\"ImageObject\",\"inLanguage\":\"fr-FR\",\"@id\":\"https:\/\/footdavant.fr\/actualites\/#\/schema\/logo\/image\/\",\"url\":\"https:\/\/footdavant.fr\/actualites\/wp-content\/uploads\/2023\/09\/Copy-of-FootDavant-Logo.png\",\"contentUrl\":\"https:\/\/footdavant.fr\/actualites\/wp-content\/uploads\/2023\/09\/Copy-of-FootDavant-Logo.png\",\"width\":936,\"height\":549,\"caption\":\"Foot d'avant\"},\"image\":{\"@id\":\"https:\/\/footdavant.fr\/actualites\/#\/schema\/logo\/image\/\"},\"sameAs\":[\"https:\/\/www.facebook.com\/Footdavant\/\",\"https:\/\/twitter.com\/FootdavantFr\",\"https:\/\/www.instagram.com\/footdavant.fr\/\"]},{\"@type\":\"Person\",\"@id\":\"https:\/\/footdavant.fr\/actualites\/#\/schema\/person\/bc222566d95871b37e597b3ed3ba5e1d\",\"name\":\"Cl\u00e9ment\",\"image\":{\"@type\":\"ImageObject\",\"inLanguage\":\"fr-FR\",\"@id\":\"https:\/\/footdavant.fr\/actualites\/#\/schema\/person\/image\/\",\"url\":\"https:\/\/secure.gravatar.com\/avatar\/7728b29aac2719421e1a9159b2254c44?s=96&d=mm&r=g\",\"contentUrl\":\"https:\/\/secure.gravatar.com\/avatar\/7728b29aac2719421e1a9159b2254c44?s=96&d=mm&r=g\",\"caption\":\"Cl\u00e9ment\"},\"sameAs\":[\"https:\/\/footdavant.fr\/\"]}]}<\/script>\n<!-- \/ Yoast SEO plugin. -->","yoast_head_json":{"title":"Muhammad Mokaev confirme le prochain adversaire contre Luthando Biko","robots":{"index":"index","follow":"follow","max-snippet":"max-snippet:-1","max-image-preview":"max-image-preview:large","max-video-preview":"max-video-preview:-1"},"canonical":"https:\/\/footdavant.fr\/actualites\/muhammad-mokaev-confirme-le-prochain-adversaire-contre-luthando-biko\/","og_locale":"fr_FR","og_type":"article","og_title":"Muhammad Mokaev confirme le prochain adversaire contre Luthando Biko","og_description":"Cela a \u00e9t\u00e9 une surprise pour tout le monde lorsque Muhammad Mokaev a \u00e9t\u00e9 exclu de l&#39;UFC en juillet, apr\u00e8s sa plus grande victoire \u00e0","og_url":"https:\/\/footdavant.fr\/actualites\/muhammad-mokaev-confirme-le-prochain-adversaire-contre-luthando-biko\/","og_site_name":"Foot d&#039;avant","article_publisher":"https:\/\/www.facebook.com\/Footdavant\/","article_published_time":"2024-11-23T23:48:00+00:00","article_modified_time":"2024-11-23T23:48:02+00:00","og_image":[{"width":1100,"height":619,"url":"https:\/\/footdavant.fr\/actualites\/wp-content\/uploads\/2024\/11\/Muhammad-Mokaev-confirme-le-prochain-adversaire-contre-Luthando-Biko.jpg","type":"image\/jpeg"}],"author":"Cl\u00e9ment","twitter_card":"summary_large_image","twitter_creator":"@FootdavantFr","twitter_site":"@FootdavantFr","twitter_misc":{"\u00c9crit par":"Cl\u00e9ment","Dur\u00e9e de lecture estim\u00e9e":"2 minutes"},"schema":{"@context":"https:\/\/schema.org","@graph":[{"@type":"Article","@id":"https:\/\/footdavant.fr\/actualites\/muhammad-mokaev-confirme-le-prochain-adversaire-contre-luthando-biko\/#article","isPartOf":{"@id":"https:\/\/footdavant.fr\/actualites\/muhammad-mokaev-confirme-le-prochain-adversaire-contre-luthando-biko\/"},"author":{"name":"Cl\u00e9ment","@id":"https:\/\/footdavant.fr\/actualites\/#\/schema\/person\/bc222566d95871b37e597b3ed3ba5e1d"},"headline":"Muhammad Mokaev confirme le prochain adversaire contre Luthando Biko","datePublished":"2024-11-23T23:48:00+00:00","dateModified":"2024-11-23T23:48:02+00:00","mainEntityOfPage":{"@id":"https:\/\/footdavant.fr\/actualites\/muhammad-mokaev-confirme-le-prochain-adversaire-contre-luthando-biko\/"},"wordCount":346,"publisher":{"@id":"https:\/\/footdavant.fr\/actualites\/#organization"},"keywords":["adversaire","Biko","confirme","contre","Luthando","Mokaev","Muhammad","prochain"],"articleSection":["Football"],"inLanguage":"fr-FR"},{"@type":"WebPage","@id":"https:\/\/footdavant.fr\/actualites\/muhammad-mokaev-confirme-le-prochain-adversaire-contre-luthando-biko\/","url":"https:\/\/footdavant.fr\/actualites\/muhammad-mokaev-confirme-le-prochain-adversaire-contre-luthando-biko\/","name":"Muhammad Mokaev confirme le prochain adversaire contre Luthando Biko","isPartOf":{"@id":"https:\/\/footdavant.fr\/actualites\/#website"},"datePublished":"2024-11-23T23:48:00+00:00","dateModified":"2024-11-23T23:48:02+00:00","breadcrumb":{"@id":"https:\/\/footdavant.fr\/actualites\/muhammad-mokaev-confirme-le-prochain-adversaire-contre-luthando-biko\/#breadcrumb"},"inLanguage":"fr-FR","potentialAction":[{"@type":"ReadAction","target":["https:\/\/footdavant.fr\/actualites\/muhammad-mokaev-confirme-le-prochain-adversaire-contre-luthando-biko\/"]}]},{"@type":"BreadcrumbList","@id":"https:\/\/footdavant.fr\/actualites\/muhammad-mokaev-confirme-le-prochain-adversaire-contre-luthando-biko\/#breadcrumb","itemListElement":[{"@type":"ListItem","position":1,"name":"Accueil","item":"https:\/\/footdavant.fr\/actualites\/"},{"@type":"ListItem","position":2,"name":"Muhammad Mokaev confirme le prochain adversaire contre Luthando Biko"}]},{"@type":"WebSite","@id":"https:\/\/footdavant.fr\/actualites\/#website","url":"https:\/\/footdavant.fr\/actualites\/","name":"Foot d'avant","description":"","publisher":{"@id":"https:\/\/footdavant.fr\/actualites\/#organization"},"potentialAction":[{"@type":"SearchAction","target":{"@type":"EntryPoint","urlTemplate":"https:\/\/footdavant.fr\/actualites\/?s={search_term_string}"},"query-input":"required name=search_term_string"}],"inLanguage":"fr-FR"},{"@type":"Organization","@id":"https:\/\/footdavant.fr\/actualites\/#organization","name":"Foot d'avant","url":"https:\/\/footdavant.fr\/actualites\/","logo":{"@type":"ImageObject","inLanguage":"fr-FR","@id":"https:\/\/footdavant.fr\/actualites\/#\/schema\/logo\/image\/","url":"https:\/\/footdavant.fr\/actualites\/wp-content\/uploads\/2023\/09\/Copy-of-FootDavant-Logo.png","contentUrl":"https:\/\/footdavant.fr\/actualites\/wp-content\/uploads\/2023\/09\/Copy-of-FootDavant-Logo.png","width":936,"height":549,"caption":"Foot d'avant"},"image":{"@id":"https:\/\/footdavant.fr\/actualites\/#\/schema\/logo\/image\/"},"sameAs":["https:\/\/www.facebook.com\/Footdavant\/","https:\/\/twitter.com\/FootdavantFr","https:\/\/www.instagram.com\/footdavant.fr\/"]},{"@type":"Person","@id":"https:\/\/footdavant.fr\/actualites\/#\/schema\/person\/bc222566d95871b37e597b3ed3ba5e1d","name":"Cl\u00e9ment","image":{"@type":"ImageObject","inLanguage":"fr-FR","@id":"https:\/\/footdavant.fr\/actualites\/#\/schema\/person\/image\/","url":"https:\/\/secure.gravatar.com\/avatar\/7728b29aac2719421e1a9159b2254c44?s=96&d=mm&r=g","contentUrl":"https:\/\/secure.gravatar.com\/avatar\/7728b29aac2719421e1a9159b2254c44?s=96&d=mm&r=g","caption":"Cl\u00e9ment"},"sameAs":["https:\/\/footdavant.fr\/"]}]}},"_links":{"self":[{"href":"https:\/\/footdavant.fr\/actualites\/wp-json\/wp\/v2\/posts\/16531"}],"collection":[{"href":"https:\/\/footdavant.fr\/actualites\/wp-json\/wp\/v2\/posts"}],"about":[{"href":"https:\/\/footdavant.fr\/actualites\/wp-json\/wp\/v2\/types\/post"}],"author":[{"embeddable":true,"href":"https:\/\/footdavant.fr\/actualites\/wp-json\/wp\/v2\/users\/1"}],"replies":[{"embeddable":true,"href":"https:\/\/footdavant.fr\/actualites\/wp-json\/wp\/v2\/comments?post=16531"}],"version-history":[{"count":1,"href":"https:\/\/footdavant.fr\/actualites\/wp-json\/wp\/v2\/posts\/16531\/revisions"}],"predecessor-version":[{"id":16533,"href":"https:\/\/footdavant.fr\/actualites\/wp-json\/wp\/v2\/posts\/16531\/revisions\/16533"}],"wp:featuredmedia":[{"embeddable":true,"href":"https:\/\/footdavant.fr\/actualites\/wp-json\/wp\/v2\/media\/16532"}],"wp:attachment":[{"href":"https:\/\/footdavant.fr\/actualites\/wp-json\/wp\/v2\/media?parent=16531"}],"wp:term":[{"taxonomy":"category","embeddable":true,"href":"https:\/\/footdavant.fr\/actualites\/wp-json\/wp\/v2\/categories?post=16531"},{"taxonomy":"post_tag","embeddable":true,"href":"https:\/\/footdavant.fr\/actualites\/wp-json\/wp\/v2\/tags?post=16531"}],"curies":[{"name":"wp","href":"https:\/\/api.w.org\/{rel}","templated":true}]}}