{"id":16629,"date":"2024-11-26T01:48:15","date_gmt":"2024-11-26T00:48:15","guid":{"rendered":"https:\/\/footdavant.fr\/actualites\/apercu-inter-milan-contre-rb-leipzig-pronostics-actualites-de-lequipe-compositions\/"},"modified":"2024-11-26T01:48:18","modified_gmt":"2024-11-26T00:48:18","slug":"apercu-inter-milan-contre-rb-leipzig-pronostics-actualites-de-lequipe-compositions","status":"publish","type":"post","link":"https:\/\/footdavant.fr\/actualites\/apercu-inter-milan-contre-rb-leipzig-pronostics-actualites-de-lequipe-compositions\/","title":{"rendered":"Aper\u00e7u : Inter Milan contre RB Leipzig \u2013 pronostics, actualit\u00e9s de l&#39;\u00e9quipe, compositions"},"content":{"rendered":"<p>Sports Mole pr\u00e9sente un aper\u00e7u du choc de la Ligue des champions de mardi entre l&#39;Inter Milan et le RB Leipzig, y compris les pronostics, les nouvelles de l&#39;\u00e9quipe et les compositions possibles.<\/p>\n<div id=\"article_body\" itemprop=\"articleBody\">\n<p class=\"firstPara\">Ayant connu des d\u00e9buts tr\u00e8s diff\u00e9rents <strong class=\"autotag\">Ligue des Champions<\/strong> des campagnes, <strong class=\"autotag\">Inter Milan<\/strong> et <strong class=\"autotag\">RB Leipzig<\/strong> se r\u00e9unira \u00e0 San Siro mardi soir.<\/p>\n<p>Alors que l&#39;Inter est invaincu et figure en s\u00e9curit\u00e9 dans le top huit, ses homologues allemands n&#39;ont pas encore pris le moindre point cette saison. <strong>phase de championnat<\/strong>.<\/p>\n<h2>Aper\u00e7u du match<\/h2>\n<p class=\"imgI\">\n<p>Apr\u00e8s avoir lanc\u00e9 son dernier d\u00e9fi en Ligue des Champions avec un nul 0-0 \u00e0 Manchester City &#8211; son ennemi lors de la finale 2023 &#8211; l&#39;Inter a depuis battu l&#39;\u00c9toile Rouge de Belgrade et Arsenal \u00e0 San Siro, de chaque c\u00f4t\u00e9 d&#39;une victoire 1-0 contre les Young Boys. en Suisse.<\/p>\n<p>Ayant gard\u00e9 <strong class=\"autotag\">Mikel Arteta<\/strong>Les hommes d&#39;Italie \u00e9taient sans but la derni\u00e8re fois, mais les g\u00e9ants italiens n&#39;ont pas encore encaiss\u00e9 le moindre but dans la plus grande comp\u00e9tition de clubs d&#39;Europe cette saison ; un autre blanc mardi \u00e9quivaudrait \u00e0 la s\u00e9rie de Manchester United en 2010, quand ils \u00e9taient la derni\u00e8re \u00e9quipe \u00e0 d\u00e9buter avec cinq blanchissages successifs.<\/p>\n<p>Comme <strong class=\"autotag\">Hakan Calhanoglu<\/strong>Le coup de pied de p\u00e9nalit\u00e9 de la premi\u00e8re mi-temps a finalement assur\u00e9 les points contre Arsenal, l&#39;Inter est d\u00e9sormais invaincu depuis 11 matchs \u00e0 domicile de Ligue des Champions, tout en en remportant neuf et en gardant neuf cages inviol\u00e9es.<\/p>\n<p>Un bilan aussi formidable les a aid\u00e9s \u00e0 atteindre les huiti\u00e8mes de finale pendant trois saisons cons\u00e9cutives, et <strong class=\"autotag\">Simone Inzaghi<\/strong>L&#39;\u00e9quipe d&#39;Ottawa occupe la quatri\u00e8me place du classement \u00e0 mi-parcours de la phase de championnat de cette saison.<\/p>\n<p>Bien qu&#39;il y ait eu des aberrations occasionnelles au niveau national, les Nerazzurri ont produit une autre cage inviol\u00e9e samedi, en marquant cinq buts dans la premi\u00e8re mi-temps d&#39;un match. <strong>S\u00e9rie A<\/strong> match \u00e0 l&#39;ext\u00e9rieur pour la deuxi\u00e8me fois seulement, avec <strong class=\"autotag\">Marcus Thuram<\/strong> marquant un doubl\u00e9 lors de leur victoire 5-0 contre Hellas V\u00e9rone.<\/p>\n<p>Juste avant la tr\u00eave internationale, l&#39;Inter est revenu au score pour faire match nul 1-1 \u00e0 domicile contre son rival au titre, Naples, et c&#39;est le seul but qu&#39;il a encaiss\u00e9 en cinq matches depuis un incroyable Derby d&#39;Italia de huit buts.<\/p>\n<p>Avec une seule d\u00e9faite en 16 matches cette saison &#8211; contre de vieux adversaires, l&#39;AC Milan en septembre &#8211; les triples champions d&#39;Europe rencontreront d\u00e9sormais leur 14e adversaire allemand diff\u00e9rent \u00e0 ce jour, alors qu&#39;ils rencontreront Leipzig pour la toute premi\u00e8re fois.<\/p>\n<p class=\"imgI\">\n<p>Alors que Leipzig se pr\u00e9pare pour sa premi\u00e8re comp\u00e9tition de Ligue des champions sur le sol italien, ils ont d\u00e9j\u00e0 battu Naples et l&#39;Atalanta BC en Ligue Europa et ne se laisseront pas intimider par un d\u00e9placement \u00e0 Milan.<\/p>\n<p>Cependant, ils n&#39;ont laiss\u00e9 aucune marge d&#39;erreur au cours de la seconde moiti\u00e9 de leur campagne en phase de championnat, puisqu&#39;ils risquent l&#39;\u00e9limination automatique apr\u00e8s quatre d\u00e9faites au rebond. <\/p>\n<p>Apr\u00e8s avoir perdu 3-1 au Celtic Park la derni\u00e8re fois, Die Roten Bullen est \u00e0 une d\u00e9faite d&#39;\u00e9galer sa plus longue s\u00e9rie de d\u00e9faites dans la comp\u00e9tition d&#39;\u00e9lite de l&#39;UEFA, et ils pourraient finir par r\u00e9fl\u00e9chir \u00e0 ce qui aurait pu se passer.<\/p>\n<p><strong class=\"autotag\">Marc Rose<\/strong>L&#39;\u00e9quipe de Madrid a effectivement perdu pas moins de neuf points depuis ses positions gagnantes jusqu&#39;\u00e0 pr\u00e9sent, revenant les mains vides de trois matchs au cours desquels ils ont marqu\u00e9 le premier but &#8211; contre l&#39;Atletico Madrid, la Juventus, puis le Celtic.<\/p>\n<p>De tels probl\u00e8mes \u00e0 conserver l&#39;avantage semblent avoir affect\u00e9 une forme nationale auparavant excellente : en dehors de la Ligue des champions, ils n&#39;ont perdu que deux fois en 24 matchs, mais les deux d\u00e9faites ont eu lieu lors de leurs trois derniers matches de Bundesliga, y compris la erreur de samedi \u00e0 Hoffenheim. <\/p>\n<p>Leipzig a men\u00e9 trois fois mais s&#39;est quand m\u00eame retrouv\u00e9 du mauvais c\u00f4t\u00e9 d&#39;un thriller de sept buts, les quatre buts qu&#39;ils ont inscrits n&#39;\u00e9tant qu&#39;un de moins que lors de leurs 10 premiers matches de championnat combin\u00e9s.<\/p>\n<p>Gardien de longue date <strong class=\"autotag\">Peter Gulacsi<\/strong> n&#39;avait pas encaiss\u00e9 de but en Bundesliga depuis 510 minutes plus t\u00f4t cette saison \u2013 \u00e9tablissant un nouveau record du club \u2013 mais les r\u00e9cents manquements susciteront certaines inqui\u00e9tudes. N\u00e9anmoins, le c\u00f4t\u00e9 saxon continue <strong>occupe la troisi\u00e8me place de l&#39;\u00e9lite allemande<\/strong> et peut d\u00e9sormais se d\u00e9lecter du r\u00f4le d&#39;outsider \u00e0 San Siro.<\/p>\n<p>Forme de la Ligue des Champions de l&#39;Inter Milan :<\/p>\n<p>Forme Inter Milan (toutes comp\u00e9titions) :<\/p>\n<p>Forme de la Ligue des champions du RB Leipzig\u00a0:<\/p>\n<p>Forme RB Leipzig (toutes comp\u00e9titions) :<\/p>\n<h2>Nouvelles de l&#39;\u00e9quipe<\/h2>\n<p class=\"imgI\">\n<p>Apr\u00e8s le capitaine de l&#39;Inter <strong class=\"autotag\">Lautaro Mart\u00ednez<\/strong> revenu tardivement de son service en Argentine et a ensuite \u00e9t\u00e9 touch\u00e9 par un virus, il reste \u00e0 voir s&#39;il sera pr\u00eat \u00e0 s&#39;associer \u00e0 Marcus Thuram mardi ; donc, <strong class=\"autotag\">Mehdi Tar\u00e9mi<\/strong>, <strong class=\"autotag\">Marko Arnautovic<\/strong> et <strong class=\"autotag\">Joaqu\u00edn Corr\u00e9a<\/strong> &#8211; ce dernier ayant marqu\u00e9 lors d&#39;un rare d\u00e9part ce week-end &#8211; se disputeront tous les places devant. <\/p>\n<p>De m\u00eame, l&#39;intrigant du milieu de terrain Hakan Calhanoglu s&#39;est bless\u00e9 \u00e0 la cuisse alors qu&#39;il \u00e9tait avec la Turquie et a rat\u00e9 la victoire de samedi. <strong class=\"autotag\">Kristjan Asllani<\/strong> est en attente de suppl\u00e9ance\u00a0; <strong class=\"autotag\">Francesco Acerbi<\/strong> est parti t\u00f4t \u00e0 V\u00e9rone et pourrait \u00e9galement rater son coup.<\/p>\n<p>Si le d\u00e9fenseur central v\u00e9t\u00e9ran devait \u00eatre mis \u00e0 l&#39;\u00e9cart, soit <strong class=\"autotag\">Benjamin Pavard<\/strong> ou <strong class=\"autotag\">Stefan de Vrij<\/strong> entrerait dans le trio de d\u00e9fense des h\u00f4tes, s&#39;alignant devant le gardien suisse <strong class=\"autotag\">Yann Sommer<\/strong>qui a arr\u00eat\u00e9 les 14 tirs cadr\u00e9s qu&#39;il a affront\u00e9s en Ligue des Champions cette saison.<\/p>\n<p>Pendant ce temps, le duo de Leipzig <strong class=\"autotag\">Eljif Elmas<\/strong> et <strong class=\"autotag\">Yusuf Poulsen<\/strong> tous deux ont \u00e9t\u00e9 bless\u00e9s en service international, et <strong class=\"autotag\">El Chadaille Bitshiabu<\/strong> a r\u00e9cemment subi un revers \u00e0 l\u2019entra\u00eenement.<\/p>\n<p>Meneur de jeu influent <strong class=\"autotag\">Xavi Simons<\/strong> et l&#39;arri\u00e8re lat\u00e9ral allemand <strong class=\"autotag\">David Raum<\/strong> ont \u00e9galement \u00e9t\u00e9 sur la table de traitement &#8211; dans leur cas, en raison de probl\u00e8mes de cheville. En l&#39;absence de Simons, <strong class=\"autotag\">Christophe Baumgartner<\/strong> est entr\u00e9 dans la br\u00e8che, et il devrait soutenir une puissante paire de front de <strong class=\"autotag\">Lois Openda<\/strong> et <strong class=\"autotag\">Benjamin Sesko<\/strong>.<\/p>\n<p>Avec trois buts, ce dernier est le meilleur buteur de Die Roten Bullen en Ligue des Champions cette saison, tandis que l&#39;ailier <strong class=\"autotag\">Antonio Nusa<\/strong> b\u00e9n\u00e9ficie \u00e9galement d&#39;une tache violette : il a marqu\u00e9 trois fois lors des deux matches de la Norv\u00e8ge en UEFA Nations League ce mois-ci, puis encore ce week-end.<\/p>\n<p><strong>Onze de d\u00e9part possible de l&#39;Inter Milan :<\/strong><br \/>Sommer\u00a0; Bisseck, De Vrij, Bastoni; Dumfries, Barella, Asllani, Mkhitaryan, Dimarco\u00a0; Thuram, Tar\u00e9mi<\/p>\n<p><strong>Onze de d\u00e9part possibles du RB Leipzig :<\/strong><br \/>Gulacsi; Klostermann, Orban, Lukeba ; Henrichs, Haidara, Seiwald, Nusa\u00a0; Baumgartner\u00a0; Openda, Sesko<\/p>\n<p class=\"sm_center\">\n<h2 class=\"sm_center\">Nous disons : Inter Milan 2-1 RB Leipzig<\/h2>\n<p>M\u00eame une d\u00e9fense in\u00e9branlable de l&#39;Inter pourrait ne pas \u00eatre en mesure de tenir Leipzig \u00e0 distance pendant 90 minutes, compte tenu du rythme abondant et des prouesses finales des visiteurs.<\/p>\n<p>Pourtant, les Nerazzurri ont plus que suffisant pour r\u00e9colter trois points suppl\u00e9mentaires, car ils peuvent \u00e9galement \u00eatre impitoyables dans le dernier tiers.<\/p>\n<p>Pour l\u2019analyse des donn\u00e9es des r\u00e9sultats les plus probables, des scores et plus encore pour ce match, veuillez cliquer ici.<\/p>\n<h2>Aper\u00e7us par email<\/h2>\n<div>Cliquez ici pour obtenir <strong>Taupe de sport<\/strong>L&#39;e-mail quotidien d&#39;avant-premi\u00e8res et de pronostics pour chaque jeu majeur\u00a0!<\/div>\n<p><\/div>\n","protected":false},"excerpt":{"rendered":"<p>Sports Mole pr\u00e9sente un aper\u00e7u du choc de la Ligue des champions de mardi entre l&#39;Inter Milan et le RB Leipzig, y compris les pronostics,<\/p>\n","protected":false},"author":1,"featured_media":16630,"comment_status":"closed","ping_status":"","sticky":false,"template":"","format":"standard","meta":{"footnotes":""},"categories":[4],"tags":[7,284,383,20,535,4219,434,250,382],"yoast_head":"<!-- This site is optimized with the Yoast SEO plugin v21.0 - https:\/\/yoast.com\/wordpress\/plugins\/seo\/ -->\n<title>Aper\u00e7u : Inter Milan contre RB Leipzig \u2013 pronostics, actualit\u00e9s de l&#039;\u00e9quipe, compositions<\/title>\n<meta name=\"robots\" content=\"index, follow, max-snippet:-1, max-image-preview:large, max-video-preview:-1\" \/>\n<link rel=\"canonical\" href=\"https:\/\/footdavant.fr\/actualites\/apercu-inter-milan-contre-rb-leipzig-pronostics-actualites-de-lequipe-compositions\/\" \/>\n<meta property=\"og:locale\" content=\"fr_FR\" \/>\n<meta property=\"og:type\" content=\"article\" \/>\n<meta property=\"og:title\" content=\"Aper\u00e7u : Inter Milan contre RB Leipzig \u2013 pronostics, actualit\u00e9s de l&#039;\u00e9quipe, compositions\" \/>\n<meta property=\"og:description\" content=\"Sports Mole pr\u00e9sente un aper\u00e7u du choc de la Ligue des champions de mardi entre l&#039;Inter Milan et le RB Leipzig, y compris les pronostics,\" \/>\n<meta property=\"og:url\" content=\"https:\/\/footdavant.fr\/actualites\/apercu-inter-milan-contre-rb-leipzig-pronostics-actualites-de-lequipe-compositions\/\" \/>\n<meta property=\"og:site_name\" content=\"Foot d&#039;avant\" \/>\n<meta property=\"article:publisher\" content=\"https:\/\/www.facebook.com\/Footdavant\/\" \/>\n<meta property=\"article:published_time\" content=\"2024-11-26T00:48:15+00:00\" \/>\n<meta property=\"article:modified_time\" content=\"2024-11-26T00:48:18+00:00\" \/>\n<meta property=\"og:image\" content=\"https:\/\/footdavant.fr\/actualites\/wp-content\/uploads\/2024\/11\/Apercu-Inter-Milan-contre-RB-Leipzig-\u2013-pronostics-actualites.jpg\" \/>\n\t<meta property=\"og:image:width\" content=\"1280\" \/>\n\t<meta property=\"og:image:height\" content=\"960\" \/>\n\t<meta property=\"og:image:type\" content=\"image\/jpeg\" \/>\n<meta name=\"author\" content=\"Cl\u00e9ment\" \/>\n<meta name=\"twitter:card\" content=\"summary_large_image\" \/>\n<meta name=\"twitter:creator\" content=\"@FootdavantFr\" \/>\n<meta name=\"twitter:site\" content=\"@FootdavantFr\" \/>\n<meta name=\"twitter:label1\" content=\"\u00c9crit par\" \/>\n\t<meta name=\"twitter:data1\" content=\"Cl\u00e9ment\" \/>\n\t<meta name=\"twitter:label2\" content=\"Dur\u00e9e de lecture estim\u00e9e\" \/>\n\t<meta name=\"twitter:data2\" content=\"7 minutes\" \/>\n<script type=\"application\/ld+json\" class=\"yoast-schema-graph\">{\"@context\":\"https:\/\/schema.org\",\"@graph\":[{\"@type\":\"Article\",\"@id\":\"https:\/\/footdavant.fr\/actualites\/apercu-inter-milan-contre-rb-leipzig-pronostics-actualites-de-lequipe-compositions\/#article\",\"isPartOf\":{\"@id\":\"https:\/\/footdavant.fr\/actualites\/apercu-inter-milan-contre-rb-leipzig-pronostics-actualites-de-lequipe-compositions\/\"},\"author\":{\"name\":\"Cl\u00e9ment\",\"@id\":\"https:\/\/footdavant.fr\/actualites\/#\/schema\/person\/bc222566d95871b37e597b3ed3ba5e1d\"},\"headline\":\"Aper\u00e7u : Inter Milan contre RB Leipzig \u2013 pronostics, actualit\u00e9s de l&#39;\u00e9quipe, compositions\",\"datePublished\":\"2024-11-26T00:48:15+00:00\",\"dateModified\":\"2024-11-26T00:48:18+00:00\",\"mainEntityOfPage\":{\"@id\":\"https:\/\/footdavant.fr\/actualites\/apercu-inter-milan-contre-rb-leipzig-pronostics-actualites-de-lequipe-compositions\/\"},\"wordCount\":1329,\"publisher\":{\"@id\":\"https:\/\/footdavant.fr\/actualites\/#organization\"},\"keywords\":[\"Actualit\u00e9s\",\"Aper\u00e7u\",\"compositions\",\"contre\",\"Inter\",\"l39\u00e9quipe\",\"Leipzig\",\"Milan\",\"pronostics\"],\"articleSection\":[\"Champions League\"],\"inLanguage\":\"fr-FR\"},{\"@type\":\"WebPage\",\"@id\":\"https:\/\/footdavant.fr\/actualites\/apercu-inter-milan-contre-rb-leipzig-pronostics-actualites-de-lequipe-compositions\/\",\"url\":\"https:\/\/footdavant.fr\/actualites\/apercu-inter-milan-contre-rb-leipzig-pronostics-actualites-de-lequipe-compositions\/\",\"name\":\"Aper\u00e7u : Inter Milan contre RB Leipzig \u2013 pronostics, actualit\u00e9s de l&#39;\u00e9quipe, compositions\",\"isPartOf\":{\"@id\":\"https:\/\/footdavant.fr\/actualites\/#website\"},\"datePublished\":\"2024-11-26T00:48:15+00:00\",\"dateModified\":\"2024-11-26T00:48:18+00:00\",\"breadcrumb\":{\"@id\":\"https:\/\/footdavant.fr\/actualites\/apercu-inter-milan-contre-rb-leipzig-pronostics-actualites-de-lequipe-compositions\/#breadcrumb\"},\"inLanguage\":\"fr-FR\",\"potentialAction\":[{\"@type\":\"ReadAction\",\"target\":[\"https:\/\/footdavant.fr\/actualites\/apercu-inter-milan-contre-rb-leipzig-pronostics-actualites-de-lequipe-compositions\/\"]}]},{\"@type\":\"BreadcrumbList\",\"@id\":\"https:\/\/footdavant.fr\/actualites\/apercu-inter-milan-contre-rb-leipzig-pronostics-actualites-de-lequipe-compositions\/#breadcrumb\",\"itemListElement\":[{\"@type\":\"ListItem\",\"position\":1,\"name\":\"Accueil\",\"item\":\"https:\/\/footdavant.fr\/actualites\/\"},{\"@type\":\"ListItem\",\"position\":2,\"name\":\"Aper\u00e7u : Inter Milan contre RB Leipzig \u2013 pronostics, actualit\u00e9s de l&#39;\u00e9quipe, compositions\"}]},{\"@type\":\"WebSite\",\"@id\":\"https:\/\/footdavant.fr\/actualites\/#website\",\"url\":\"https:\/\/footdavant.fr\/actualites\/\",\"name\":\"Foot d'avant\",\"description\":\"\",\"publisher\":{\"@id\":\"https:\/\/footdavant.fr\/actualites\/#organization\"},\"potentialAction\":[{\"@type\":\"SearchAction\",\"target\":{\"@type\":\"EntryPoint\",\"urlTemplate\":\"https:\/\/footdavant.fr\/actualites\/?s={search_term_string}\"},\"query-input\":\"required name=search_term_string\"}],\"inLanguage\":\"fr-FR\"},{\"@type\":\"Organization\",\"@id\":\"https:\/\/footdavant.fr\/actualites\/#organization\",\"name\":\"Foot d'avant\",\"url\":\"https:\/\/footdavant.fr\/actualites\/\",\"logo\":{\"@type\":\"ImageObject\",\"inLanguage\":\"fr-FR\",\"@id\":\"https:\/\/footdavant.fr\/actualites\/#\/schema\/logo\/image\/\",\"url\":\"https:\/\/footdavant.fr\/actualites\/wp-content\/uploads\/2023\/09\/Copy-of-FootDavant-Logo.png\",\"contentUrl\":\"https:\/\/footdavant.fr\/actualites\/wp-content\/uploads\/2023\/09\/Copy-of-FootDavant-Logo.png\",\"width\":936,\"height\":549,\"caption\":\"Foot d'avant\"},\"image\":{\"@id\":\"https:\/\/footdavant.fr\/actualites\/#\/schema\/logo\/image\/\"},\"sameAs\":[\"https:\/\/www.facebook.com\/Footdavant\/\",\"https:\/\/twitter.com\/FootdavantFr\",\"https:\/\/www.instagram.com\/footdavant.fr\/\"]},{\"@type\":\"Person\",\"@id\":\"https:\/\/footdavant.fr\/actualites\/#\/schema\/person\/bc222566d95871b37e597b3ed3ba5e1d\",\"name\":\"Cl\u00e9ment\",\"image\":{\"@type\":\"ImageObject\",\"inLanguage\":\"fr-FR\",\"@id\":\"https:\/\/footdavant.fr\/actualites\/#\/schema\/person\/image\/\",\"url\":\"https:\/\/secure.gravatar.com\/avatar\/7728b29aac2719421e1a9159b2254c44?s=96&d=mm&r=g\",\"contentUrl\":\"https:\/\/secure.gravatar.com\/avatar\/7728b29aac2719421e1a9159b2254c44?s=96&d=mm&r=g\",\"caption\":\"Cl\u00e9ment\"},\"sameAs\":[\"https:\/\/footdavant.fr\/\"]}]}<\/script>\n<!-- \/ Yoast SEO plugin. -->","yoast_head_json":{"title":"Aper\u00e7u : Inter Milan contre RB Leipzig \u2013 pronostics, actualit\u00e9s de l&#39;\u00e9quipe, compositions","robots":{"index":"index","follow":"follow","max-snippet":"max-snippet:-1","max-image-preview":"max-image-preview:large","max-video-preview":"max-video-preview:-1"},"canonical":"https:\/\/footdavant.fr\/actualites\/apercu-inter-milan-contre-rb-leipzig-pronostics-actualites-de-lequipe-compositions\/","og_locale":"fr_FR","og_type":"article","og_title":"Aper\u00e7u : Inter Milan contre RB Leipzig \u2013 pronostics, actualit\u00e9s de l&#39;\u00e9quipe, compositions","og_description":"Sports Mole pr\u00e9sente un aper\u00e7u du choc de la Ligue des champions de mardi entre l&#39;Inter Milan et le RB Leipzig, y compris les pronostics,","og_url":"https:\/\/footdavant.fr\/actualites\/apercu-inter-milan-contre-rb-leipzig-pronostics-actualites-de-lequipe-compositions\/","og_site_name":"Foot d&#039;avant","article_publisher":"https:\/\/www.facebook.com\/Footdavant\/","article_published_time":"2024-11-26T00:48:15+00:00","article_modified_time":"2024-11-26T00:48:18+00:00","og_image":[{"width":1280,"height":960,"url":"https:\/\/footdavant.fr\/actualites\/wp-content\/uploads\/2024\/11\/Apercu-Inter-Milan-contre-RB-Leipzig-\u2013-pronostics-actualites.jpg","type":"image\/jpeg"}],"author":"Cl\u00e9ment","twitter_card":"summary_large_image","twitter_creator":"@FootdavantFr","twitter_site":"@FootdavantFr","twitter_misc":{"\u00c9crit par":"Cl\u00e9ment","Dur\u00e9e de lecture estim\u00e9e":"7 minutes"},"schema":{"@context":"https:\/\/schema.org","@graph":[{"@type":"Article","@id":"https:\/\/footdavant.fr\/actualites\/apercu-inter-milan-contre-rb-leipzig-pronostics-actualites-de-lequipe-compositions\/#article","isPartOf":{"@id":"https:\/\/footdavant.fr\/actualites\/apercu-inter-milan-contre-rb-leipzig-pronostics-actualites-de-lequipe-compositions\/"},"author":{"name":"Cl\u00e9ment","@id":"https:\/\/footdavant.fr\/actualites\/#\/schema\/person\/bc222566d95871b37e597b3ed3ba5e1d"},"headline":"Aper\u00e7u : Inter Milan contre RB Leipzig \u2013 pronostics, actualit\u00e9s de l&#39;\u00e9quipe, compositions","datePublished":"2024-11-26T00:48:15+00:00","dateModified":"2024-11-26T00:48:18+00:00","mainEntityOfPage":{"@id":"https:\/\/footdavant.fr\/actualites\/apercu-inter-milan-contre-rb-leipzig-pronostics-actualites-de-lequipe-compositions\/"},"wordCount":1329,"publisher":{"@id":"https:\/\/footdavant.fr\/actualites\/#organization"},"keywords":["Actualit\u00e9s","Aper\u00e7u","compositions","contre","Inter","l39\u00e9quipe","Leipzig","Milan","pronostics"],"articleSection":["Champions League"],"inLanguage":"fr-FR"},{"@type":"WebPage","@id":"https:\/\/footdavant.fr\/actualites\/apercu-inter-milan-contre-rb-leipzig-pronostics-actualites-de-lequipe-compositions\/","url":"https:\/\/footdavant.fr\/actualites\/apercu-inter-milan-contre-rb-leipzig-pronostics-actualites-de-lequipe-compositions\/","name":"Aper\u00e7u : Inter Milan contre RB Leipzig \u2013 pronostics, actualit\u00e9s de l&#39;\u00e9quipe, compositions","isPartOf":{"@id":"https:\/\/footdavant.fr\/actualites\/#website"},"datePublished":"2024-11-26T00:48:15+00:00","dateModified":"2024-11-26T00:48:18+00:00","breadcrumb":{"@id":"https:\/\/footdavant.fr\/actualites\/apercu-inter-milan-contre-rb-leipzig-pronostics-actualites-de-lequipe-compositions\/#breadcrumb"},"inLanguage":"fr-FR","potentialAction":[{"@type":"ReadAction","target":["https:\/\/footdavant.fr\/actualites\/apercu-inter-milan-contre-rb-leipzig-pronostics-actualites-de-lequipe-compositions\/"]}]},{"@type":"BreadcrumbList","@id":"https:\/\/footdavant.fr\/actualites\/apercu-inter-milan-contre-rb-leipzig-pronostics-actualites-de-lequipe-compositions\/#breadcrumb","itemListElement":[{"@type":"ListItem","position":1,"name":"Accueil","item":"https:\/\/footdavant.fr\/actualites\/"},{"@type":"ListItem","position":2,"name":"Aper\u00e7u : Inter Milan contre RB Leipzig \u2013 pronostics, actualit\u00e9s de l&#39;\u00e9quipe, compositions"}]},{"@type":"WebSite","@id":"https:\/\/footdavant.fr\/actualites\/#website","url":"https:\/\/footdavant.fr\/actualites\/","name":"Foot d'avant","description":"","publisher":{"@id":"https:\/\/footdavant.fr\/actualites\/#organization"},"potentialAction":[{"@type":"SearchAction","target":{"@type":"EntryPoint","urlTemplate":"https:\/\/footdavant.fr\/actualites\/?s={search_term_string}"},"query-input":"required name=search_term_string"}],"inLanguage":"fr-FR"},{"@type":"Organization","@id":"https:\/\/footdavant.fr\/actualites\/#organization","name":"Foot d'avant","url":"https:\/\/footdavant.fr\/actualites\/","logo":{"@type":"ImageObject","inLanguage":"fr-FR","@id":"https:\/\/footdavant.fr\/actualites\/#\/schema\/logo\/image\/","url":"https:\/\/footdavant.fr\/actualites\/wp-content\/uploads\/2023\/09\/Copy-of-FootDavant-Logo.png","contentUrl":"https:\/\/footdavant.fr\/actualites\/wp-content\/uploads\/2023\/09\/Copy-of-FootDavant-Logo.png","width":936,"height":549,"caption":"Foot d'avant"},"image":{"@id":"https:\/\/footdavant.fr\/actualites\/#\/schema\/logo\/image\/"},"sameAs":["https:\/\/www.facebook.com\/Footdavant\/","https:\/\/twitter.com\/FootdavantFr","https:\/\/www.instagram.com\/footdavant.fr\/"]},{"@type":"Person","@id":"https:\/\/footdavant.fr\/actualites\/#\/schema\/person\/bc222566d95871b37e597b3ed3ba5e1d","name":"Cl\u00e9ment","image":{"@type":"ImageObject","inLanguage":"fr-FR","@id":"https:\/\/footdavant.fr\/actualites\/#\/schema\/person\/image\/","url":"https:\/\/secure.gravatar.com\/avatar\/7728b29aac2719421e1a9159b2254c44?s=96&d=mm&r=g","contentUrl":"https:\/\/secure.gravatar.com\/avatar\/7728b29aac2719421e1a9159b2254c44?s=96&d=mm&r=g","caption":"Cl\u00e9ment"},"sameAs":["https:\/\/footdavant.fr\/"]}]}},"_links":{"self":[{"href":"https:\/\/footdavant.fr\/actualites\/wp-json\/wp\/v2\/posts\/16629"}],"collection":[{"href":"https:\/\/footdavant.fr\/actualites\/wp-json\/wp\/v2\/posts"}],"about":[{"href":"https:\/\/footdavant.fr\/actualites\/wp-json\/wp\/v2\/types\/post"}],"author":[{"embeddable":true,"href":"https:\/\/footdavant.fr\/actualites\/wp-json\/wp\/v2\/users\/1"}],"replies":[{"embeddable":true,"href":"https:\/\/footdavant.fr\/actualites\/wp-json\/wp\/v2\/comments?post=16629"}],"version-history":[{"count":1,"href":"https:\/\/footdavant.fr\/actualites\/wp-json\/wp\/v2\/posts\/16629\/revisions"}],"predecessor-version":[{"id":16631,"href":"https:\/\/footdavant.fr\/actualites\/wp-json\/wp\/v2\/posts\/16629\/revisions\/16631"}],"wp:featuredmedia":[{"embeddable":true,"href":"https:\/\/footdavant.fr\/actualites\/wp-json\/wp\/v2\/media\/16630"}],"wp:attachment":[{"href":"https:\/\/footdavant.fr\/actualites\/wp-json\/wp\/v2\/media?parent=16629"}],"wp:term":[{"taxonomy":"category","embeddable":true,"href":"https:\/\/footdavant.fr\/actualites\/wp-json\/wp\/v2\/categories?post=16629"},{"taxonomy":"post_tag","embeddable":true,"href":"https:\/\/footdavant.fr\/actualites\/wp-json\/wp\/v2\/tags?post=16629"}],"curies":[{"name":"wp","href":"https:\/\/api.w.org\/{rel}","templated":true}]}}