{"id":16632,"date":"2024-11-26T02:48:16","date_gmt":"2024-11-26T01:48:16","guid":{"rendered":"https:\/\/footdavant.fr\/actualites\/les-plaintes-pour-blessures-de-virgil-van-dijk-revelees-avant-le-choc-de-liverpool-en-premier-league-avec-southampton\/"},"modified":"2024-11-26T02:48:17","modified_gmt":"2024-11-26T01:48:17","slug":"les-plaintes-pour-blessures-de-virgil-van-dijk-revelees-avant-le-choc-de-liverpool-en-premier-league-avec-southampton","status":"publish","type":"post","link":"https:\/\/footdavant.fr\/actualites\/les-plaintes-pour-blessures-de-virgil-van-dijk-revelees-avant-le-choc-de-liverpool-en-premier-league-avec-southampton\/","title":{"rendered":"Les \u00ab plaintes pour blessures \u00bb de Virgil van Dijk r\u00e9v\u00e9l\u00e9es avant le choc de Liverpool en Premier League avec Southampton"},"content":{"rendered":"<p>Le patron des Pays-Bas, Ronald Koeman, r\u00e9v\u00e8le la raison du retrait de Virgil van Dijk, ce qui en fait un doute potentiel pour la rencontre de dimanche en Premier League contre Southampton.<\/p>\n<div id=\"article_body\" itemprop=\"articleBody\">\n<h3 class=\"firstPara\">\n<strong class=\"autotag\">Liverpool<\/strong> capitaine <strong class=\"autotag\">Virgile van Dijk<\/strong> est apparu comme un doute pour le choc de dimanche en Premier League avec <strong class=\"autotag\">Southampton<\/strong>.<\/h3>\n<p>Van Dijk a jou\u00e9 toute la dur\u00e9e de <strong>Victoire dominante des Pays-Bas contre la Hongrie<\/strong> lors du choc de l&#39;UEFA Nations League samedi.<\/p>\n<p>Le d\u00e9fenseur de Liverpool a aid\u00e9 son pays \u00e0 garder sa cage inviol\u00e9e en enregistrant une victoire \u00e9crasante 4-0 pour sceller sa place en quarts de finale.<\/p>\n<p>Cependant, Van Dijk ne fera pas partie de l&#39;\u00e9quipe des Pays-Bas pour le dernier match de groupe contre la Bosnie-Herz\u00e9govine mardi soir.<\/p>\n<p>Lundi, il a \u00e9t\u00e9 annonc\u00e9 que Van Dijk et Barcelone <strong class=\"autotag\">Frenkie de Jong<\/strong> avait \u00e9t\u00e9 <strong>re\u00e7u la permission de quitter le camp d&#39;entra\u00eenement<\/strong> \u00ab\u00a0pour des raisons m\u00e9dicales\u00a0\u00bb. <\/p>\n<p class=\"imgI\">\n<h2 class=\"k3\">Koeman r\u00e9v\u00e8le les plaintes pour blessures de Van Dijk<\/h2>\n<p>Patron des Pays-Bas <strong class=\"autotag\">Ronald Koeman<\/strong> a depuis r\u00e9v\u00e9l\u00e9 que Van Dijk avait eu des probl\u00e8mes de forme physique avant la victoire contre la Hongrie.<\/p>\n<p>\u00ab\u00a0Virgil avait quelques plaintes mineures, il les avait d\u00e9j\u00e0 eu la semaine derni\u00e8re\u00a0\u00bb, a d\u00e9clar\u00e9 Koeman aux journalistes avant le match \u00e0 l&#39;ext\u00e9rieur contre la Bosnie-Herz\u00e9govine. \u00ab\u00a0Il s&#39;est entra\u00een\u00e9 s\u00e9par\u00e9ment la semaine derni\u00e8re jusqu&#39;\u00e0 mercredi.\u00a0\u00bb<\/p>\n<p>\u00ab\u00a0Compte tenu \u00e9galement du calendrier que ce type de joueurs doivent respecter, il joue toujours \u00e0 tout. C&#39;est pourquoi nous avons d\u00e9cid\u00e9 de le renvoyer au club.\u00a0\u00bb<\/p>\n<p>Liverpool avait pr\u00e9c\u00e9demment confirm\u00e9 que Van Dijk serait \u00e9valu\u00e9 au centre de formation AXA avant le retour de la Premier League.<\/p>\n<p class=\"imgI\"><img decoding=\"async\" loading=\"lazy\" class=\"l\" src=\"https:\/\/footdavant.fr\/actualites\/wp-content\/uploads\/2024\/11\/1732585696_859_Les-plaintes-pour-blessures-de-Virgil-van-Dijk.jpg\" title=\"Virgil van Dijk de Liverpool photographi\u00e9 le 27 octobre 2024\" alt=\"Virgil van Dijk de Liverpool photographi\u00e9 le 27 octobre 2024\" width=\"640\" height=\"480\"><\/p>\n<h2 class=\"k3\">Van Dijk doute d&#39;affronter son ancien club<\/h2>\n<p>Van Dijk n&#39;a peut-\u00eatre que des plaintes mineures, mais il aura \u00e0 c\u0153ur de se d\u00e9barrasser de tout coup avant le choc de dimanche contre son ancien club de Southampton \u00e0 St Mary&#39;s.<\/p>\n<p>Liverpool aura d\u00e9sesp\u00e9r\u00e9ment besoin de disposer de son capitaine, d&#39;autant plus qu&#39;il a jou\u00e9 un r\u00f4le cl\u00e9 dans ce qui a \u00e9t\u00e9 une campagne r\u00e9ussie en Premier League jusqu&#39;\u00e0 pr\u00e9sent.<\/p>\n<p>Le joueur de 33 ans a disput\u00e9 chaque minute des 11 matches de championnat de Liverpool, aidant le club \u00e0 r\u00e9colter 28 points en 11 matches pour \u00e9tablir une avance de cinq points en t\u00eate du classement. <strong>Tableau de la Premier League<\/strong>. <\/p>\n<p>Avec seulement six buts encaiss\u00e9s, Liverpool poss\u00e8de actuellement le meilleur bilan d\u00e9fensif de l&#39;\u00e9lite, en grande partie gr\u00e2ce au formidable partenariat de Van Dijk en d\u00e9fense centrale avec <strong class=\"autotag\">Ibrahima Konat\u00e9<\/strong>.<\/p>\n<p>Van Dijk n&#39;est pas le seul probl\u00e8me de blessure de Liverpool avant le week-end, avec <strong class=\"autotag\">Diogo Jota<\/strong>, <strong class=\"autotag\">Harvey Elliott<\/strong>, <strong class=\"autotag\">Federico Chiesa<\/strong> et <strong class=\"autotag\">Alisson Becker<\/strong> pousser \u00e0 revenir \u00e0 l\u2019action le plus rapidement possible.<\/p>\n<p><strong class=\"autotag\">Trent Alexander-Arnold<\/strong> est aussi un doute pour le voyage sur la c\u00f4te sud apr\u00e8s <strong>se retirer de l&#39;\u00e9quipe d&#39;Angleterre<\/strong> \u00e0 cause d&#39;une blessure aux ischio-jambiers.<\/p>\n<\/div>\n","protected":false},"excerpt":{"rendered":"<p>Le patron des Pays-Bas, Ronald Koeman, r\u00e9v\u00e8le la raison du retrait de Virgil van Dijk, ce qui en fait un doute potentiel pour la rencontre<\/p>\n","protected":false},"author":1,"featured_media":16633,"comment_status":"closed","ping_status":"","sticky":false,"template":"","format":"standard","meta":{"footnotes":""},"categories":[5],"tags":[491,91,155,332,784,202,93,53,7154,51,201,7155,1748,783,782],"yoast_head":"<!-- This site is optimized with the Yoast SEO plugin v21.0 - https:\/\/yoast.com\/wordpress\/plugins\/seo\/ -->\n<title>Les \u00ab plaintes pour blessures \u00bb de Virgil van Dijk r\u00e9v\u00e9l\u00e9es avant le choc de Liverpool en Premier League avec Southampton<\/title>\n<meta name=\"robots\" content=\"index, follow, max-snippet:-1, max-image-preview:large, max-video-preview:-1\" \/>\n<link rel=\"canonical\" href=\"https:\/\/footdavant.fr\/actualites\/les-plaintes-pour-blessures-de-virgil-van-dijk-revelees-avant-le-choc-de-liverpool-en-premier-league-avec-southampton\/\" \/>\n<meta property=\"og:locale\" content=\"fr_FR\" \/>\n<meta property=\"og:type\" content=\"article\" \/>\n<meta property=\"og:title\" content=\"Les \u00ab plaintes pour blessures \u00bb de Virgil van Dijk r\u00e9v\u00e9l\u00e9es avant le choc de Liverpool en Premier League avec Southampton\" \/>\n<meta property=\"og:description\" content=\"Le patron des Pays-Bas, Ronald Koeman, r\u00e9v\u00e8le la raison du retrait de Virgil van Dijk, ce qui en fait un doute potentiel pour la rencontre\" \/>\n<meta property=\"og:url\" content=\"https:\/\/footdavant.fr\/actualites\/les-plaintes-pour-blessures-de-virgil-van-dijk-revelees-avant-le-choc-de-liverpool-en-premier-league-avec-southampton\/\" \/>\n<meta property=\"og:site_name\" content=\"Foot d&#039;avant\" \/>\n<meta property=\"article:publisher\" content=\"https:\/\/www.facebook.com\/Footdavant\/\" \/>\n<meta property=\"article:published_time\" content=\"2024-11-26T01:48:16+00:00\" \/>\n<meta property=\"article:modified_time\" content=\"2024-11-26T01:48:17+00:00\" \/>\n<meta property=\"og:image\" content=\"https:\/\/footdavant.fr\/actualites\/wp-content\/uploads\/2024\/11\/Les-plaintes-pour-blessures-de-Virgil-van-Dijk.jpg\" \/>\n\t<meta property=\"og:image:width\" content=\"640\" \/>\n\t<meta property=\"og:image:height\" content=\"480\" \/>\n\t<meta property=\"og:image:type\" content=\"image\/jpeg\" \/>\n<meta name=\"author\" content=\"Cl\u00e9ment\" \/>\n<meta name=\"twitter:card\" content=\"summary_large_image\" \/>\n<meta name=\"twitter:creator\" content=\"@FootdavantFr\" \/>\n<meta name=\"twitter:site\" content=\"@FootdavantFr\" \/>\n<meta name=\"twitter:label1\" content=\"\u00c9crit par\" \/>\n\t<meta name=\"twitter:data1\" content=\"Cl\u00e9ment\" \/>\n\t<meta name=\"twitter:label2\" content=\"Dur\u00e9e de lecture estim\u00e9e\" \/>\n\t<meta name=\"twitter:data2\" content=\"3 minutes\" \/>\n<script type=\"application\/ld+json\" class=\"yoast-schema-graph\">{\"@context\":\"https:\/\/schema.org\",\"@graph\":[{\"@type\":\"Article\",\"@id\":\"https:\/\/footdavant.fr\/actualites\/les-plaintes-pour-blessures-de-virgil-van-dijk-revelees-avant-le-choc-de-liverpool-en-premier-league-avec-southampton\/#article\",\"isPartOf\":{\"@id\":\"https:\/\/footdavant.fr\/actualites\/les-plaintes-pour-blessures-de-virgil-van-dijk-revelees-avant-le-choc-de-liverpool-en-premier-league-avec-southampton\/\"},\"author\":{\"name\":\"Cl\u00e9ment\",\"@id\":\"https:\/\/footdavant.fr\/actualites\/#\/schema\/person\/bc222566d95871b37e597b3ed3ba5e1d\"},\"headline\":\"Les \u00ab plaintes pour blessures \u00bb de Virgil van Dijk r\u00e9v\u00e9l\u00e9es avant le choc de Liverpool en Premier League avec Southampton\",\"datePublished\":\"2024-11-26T01:48:16+00:00\",\"dateModified\":\"2024-11-26T01:48:17+00:00\",\"mainEntityOfPage\":{\"@id\":\"https:\/\/footdavant.fr\/actualites\/les-plaintes-pour-blessures-de-virgil-van-dijk-revelees-avant-le-choc-de-liverpool-en-premier-league-avec-southampton\/\"},\"wordCount\":538,\"publisher\":{\"@id\":\"https:\/\/footdavant.fr\/actualites\/#organization\"},\"keywords\":[\"avant\",\"avec\",\"blessures\",\"choc\",\"Dijk\",\"League\",\"les\",\"Liverpool\",\"plaintes\",\"pour\",\"Premier\",\"r\u00e9v\u00e9l\u00e9es\",\"Southampton\",\"van\",\"Virgil\"],\"articleSection\":[\"Premier League\"],\"inLanguage\":\"fr-FR\"},{\"@type\":\"WebPage\",\"@id\":\"https:\/\/footdavant.fr\/actualites\/les-plaintes-pour-blessures-de-virgil-van-dijk-revelees-avant-le-choc-de-liverpool-en-premier-league-avec-southampton\/\",\"url\":\"https:\/\/footdavant.fr\/actualites\/les-plaintes-pour-blessures-de-virgil-van-dijk-revelees-avant-le-choc-de-liverpool-en-premier-league-avec-southampton\/\",\"name\":\"Les \u00ab plaintes pour blessures \u00bb de Virgil van Dijk r\u00e9v\u00e9l\u00e9es avant le choc de Liverpool en Premier League avec Southampton\",\"isPartOf\":{\"@id\":\"https:\/\/footdavant.fr\/actualites\/#website\"},\"datePublished\":\"2024-11-26T01:48:16+00:00\",\"dateModified\":\"2024-11-26T01:48:17+00:00\",\"breadcrumb\":{\"@id\":\"https:\/\/footdavant.fr\/actualites\/les-plaintes-pour-blessures-de-virgil-van-dijk-revelees-avant-le-choc-de-liverpool-en-premier-league-avec-southampton\/#breadcrumb\"},\"inLanguage\":\"fr-FR\",\"potentialAction\":[{\"@type\":\"ReadAction\",\"target\":[\"https:\/\/footdavant.fr\/actualites\/les-plaintes-pour-blessures-de-virgil-van-dijk-revelees-avant-le-choc-de-liverpool-en-premier-league-avec-southampton\/\"]}]},{\"@type\":\"BreadcrumbList\",\"@id\":\"https:\/\/footdavant.fr\/actualites\/les-plaintes-pour-blessures-de-virgil-van-dijk-revelees-avant-le-choc-de-liverpool-en-premier-league-avec-southampton\/#breadcrumb\",\"itemListElement\":[{\"@type\":\"ListItem\",\"position\":1,\"name\":\"Accueil\",\"item\":\"https:\/\/footdavant.fr\/actualites\/\"},{\"@type\":\"ListItem\",\"position\":2,\"name\":\"Les \u00ab plaintes pour blessures \u00bb de Virgil van Dijk r\u00e9v\u00e9l\u00e9es avant le choc de Liverpool en Premier League avec Southampton\"}]},{\"@type\":\"WebSite\",\"@id\":\"https:\/\/footdavant.fr\/actualites\/#website\",\"url\":\"https:\/\/footdavant.fr\/actualites\/\",\"name\":\"Foot d'avant\",\"description\":\"\",\"publisher\":{\"@id\":\"https:\/\/footdavant.fr\/actualites\/#organization\"},\"potentialAction\":[{\"@type\":\"SearchAction\",\"target\":{\"@type\":\"EntryPoint\",\"urlTemplate\":\"https:\/\/footdavant.fr\/actualites\/?s={search_term_string}\"},\"query-input\":\"required name=search_term_string\"}],\"inLanguage\":\"fr-FR\"},{\"@type\":\"Organization\",\"@id\":\"https:\/\/footdavant.fr\/actualites\/#organization\",\"name\":\"Foot d'avant\",\"url\":\"https:\/\/footdavant.fr\/actualites\/\",\"logo\":{\"@type\":\"ImageObject\",\"inLanguage\":\"fr-FR\",\"@id\":\"https:\/\/footdavant.fr\/actualites\/#\/schema\/logo\/image\/\",\"url\":\"https:\/\/footdavant.fr\/actualites\/wp-content\/uploads\/2023\/09\/Copy-of-FootDavant-Logo.png\",\"contentUrl\":\"https:\/\/footdavant.fr\/actualites\/wp-content\/uploads\/2023\/09\/Copy-of-FootDavant-Logo.png\",\"width\":936,\"height\":549,\"caption\":\"Foot d'avant\"},\"image\":{\"@id\":\"https:\/\/footdavant.fr\/actualites\/#\/schema\/logo\/image\/\"},\"sameAs\":[\"https:\/\/www.facebook.com\/Footdavant\/\",\"https:\/\/twitter.com\/FootdavantFr\",\"https:\/\/www.instagram.com\/footdavant.fr\/\"]},{\"@type\":\"Person\",\"@id\":\"https:\/\/footdavant.fr\/actualites\/#\/schema\/person\/bc222566d95871b37e597b3ed3ba5e1d\",\"name\":\"Cl\u00e9ment\",\"image\":{\"@type\":\"ImageObject\",\"inLanguage\":\"fr-FR\",\"@id\":\"https:\/\/footdavant.fr\/actualites\/#\/schema\/person\/image\/\",\"url\":\"https:\/\/secure.gravatar.com\/avatar\/7728b29aac2719421e1a9159b2254c44?s=96&d=mm&r=g\",\"contentUrl\":\"https:\/\/secure.gravatar.com\/avatar\/7728b29aac2719421e1a9159b2254c44?s=96&d=mm&r=g\",\"caption\":\"Cl\u00e9ment\"},\"sameAs\":[\"https:\/\/footdavant.fr\/\"]}]}<\/script>\n<!-- \/ Yoast SEO plugin. -->","yoast_head_json":{"title":"Les \u00ab plaintes pour blessures \u00bb de Virgil van Dijk r\u00e9v\u00e9l\u00e9es avant le choc de Liverpool en Premier League avec Southampton","robots":{"index":"index","follow":"follow","max-snippet":"max-snippet:-1","max-image-preview":"max-image-preview:large","max-video-preview":"max-video-preview:-1"},"canonical":"https:\/\/footdavant.fr\/actualites\/les-plaintes-pour-blessures-de-virgil-van-dijk-revelees-avant-le-choc-de-liverpool-en-premier-league-avec-southampton\/","og_locale":"fr_FR","og_type":"article","og_title":"Les \u00ab plaintes pour blessures \u00bb de Virgil van Dijk r\u00e9v\u00e9l\u00e9es avant le choc de Liverpool en Premier League avec Southampton","og_description":"Le patron des Pays-Bas, Ronald Koeman, r\u00e9v\u00e8le la raison du retrait de Virgil van Dijk, ce qui en fait un doute potentiel pour la rencontre","og_url":"https:\/\/footdavant.fr\/actualites\/les-plaintes-pour-blessures-de-virgil-van-dijk-revelees-avant-le-choc-de-liverpool-en-premier-league-avec-southampton\/","og_site_name":"Foot d&#039;avant","article_publisher":"https:\/\/www.facebook.com\/Footdavant\/","article_published_time":"2024-11-26T01:48:16+00:00","article_modified_time":"2024-11-26T01:48:17+00:00","og_image":[{"width":640,"height":480,"url":"https:\/\/footdavant.fr\/actualites\/wp-content\/uploads\/2024\/11\/Les-plaintes-pour-blessures-de-Virgil-van-Dijk.jpg","type":"image\/jpeg"}],"author":"Cl\u00e9ment","twitter_card":"summary_large_image","twitter_creator":"@FootdavantFr","twitter_site":"@FootdavantFr","twitter_misc":{"\u00c9crit par":"Cl\u00e9ment","Dur\u00e9e de lecture estim\u00e9e":"3 minutes"},"schema":{"@context":"https:\/\/schema.org","@graph":[{"@type":"Article","@id":"https:\/\/footdavant.fr\/actualites\/les-plaintes-pour-blessures-de-virgil-van-dijk-revelees-avant-le-choc-de-liverpool-en-premier-league-avec-southampton\/#article","isPartOf":{"@id":"https:\/\/footdavant.fr\/actualites\/les-plaintes-pour-blessures-de-virgil-van-dijk-revelees-avant-le-choc-de-liverpool-en-premier-league-avec-southampton\/"},"author":{"name":"Cl\u00e9ment","@id":"https:\/\/footdavant.fr\/actualites\/#\/schema\/person\/bc222566d95871b37e597b3ed3ba5e1d"},"headline":"Les \u00ab plaintes pour blessures \u00bb de Virgil van Dijk r\u00e9v\u00e9l\u00e9es avant le choc de Liverpool en Premier League avec Southampton","datePublished":"2024-11-26T01:48:16+00:00","dateModified":"2024-11-26T01:48:17+00:00","mainEntityOfPage":{"@id":"https:\/\/footdavant.fr\/actualites\/les-plaintes-pour-blessures-de-virgil-van-dijk-revelees-avant-le-choc-de-liverpool-en-premier-league-avec-southampton\/"},"wordCount":538,"publisher":{"@id":"https:\/\/footdavant.fr\/actualites\/#organization"},"keywords":["avant","avec","blessures","choc","Dijk","League","les","Liverpool","plaintes","pour","Premier","r\u00e9v\u00e9l\u00e9es","Southampton","van","Virgil"],"articleSection":["Premier League"],"inLanguage":"fr-FR"},{"@type":"WebPage","@id":"https:\/\/footdavant.fr\/actualites\/les-plaintes-pour-blessures-de-virgil-van-dijk-revelees-avant-le-choc-de-liverpool-en-premier-league-avec-southampton\/","url":"https:\/\/footdavant.fr\/actualites\/les-plaintes-pour-blessures-de-virgil-van-dijk-revelees-avant-le-choc-de-liverpool-en-premier-league-avec-southampton\/","name":"Les \u00ab plaintes pour blessures \u00bb de Virgil van Dijk r\u00e9v\u00e9l\u00e9es avant le choc de Liverpool en Premier League avec Southampton","isPartOf":{"@id":"https:\/\/footdavant.fr\/actualites\/#website"},"datePublished":"2024-11-26T01:48:16+00:00","dateModified":"2024-11-26T01:48:17+00:00","breadcrumb":{"@id":"https:\/\/footdavant.fr\/actualites\/les-plaintes-pour-blessures-de-virgil-van-dijk-revelees-avant-le-choc-de-liverpool-en-premier-league-avec-southampton\/#breadcrumb"},"inLanguage":"fr-FR","potentialAction":[{"@type":"ReadAction","target":["https:\/\/footdavant.fr\/actualites\/les-plaintes-pour-blessures-de-virgil-van-dijk-revelees-avant-le-choc-de-liverpool-en-premier-league-avec-southampton\/"]}]},{"@type":"BreadcrumbList","@id":"https:\/\/footdavant.fr\/actualites\/les-plaintes-pour-blessures-de-virgil-van-dijk-revelees-avant-le-choc-de-liverpool-en-premier-league-avec-southampton\/#breadcrumb","itemListElement":[{"@type":"ListItem","position":1,"name":"Accueil","item":"https:\/\/footdavant.fr\/actualites\/"},{"@type":"ListItem","position":2,"name":"Les \u00ab plaintes pour blessures \u00bb de Virgil van Dijk r\u00e9v\u00e9l\u00e9es avant le choc de Liverpool en Premier League avec Southampton"}]},{"@type":"WebSite","@id":"https:\/\/footdavant.fr\/actualites\/#website","url":"https:\/\/footdavant.fr\/actualites\/","name":"Foot d'avant","description":"","publisher":{"@id":"https:\/\/footdavant.fr\/actualites\/#organization"},"potentialAction":[{"@type":"SearchAction","target":{"@type":"EntryPoint","urlTemplate":"https:\/\/footdavant.fr\/actualites\/?s={search_term_string}"},"query-input":"required name=search_term_string"}],"inLanguage":"fr-FR"},{"@type":"Organization","@id":"https:\/\/footdavant.fr\/actualites\/#organization","name":"Foot d'avant","url":"https:\/\/footdavant.fr\/actualites\/","logo":{"@type":"ImageObject","inLanguage":"fr-FR","@id":"https:\/\/footdavant.fr\/actualites\/#\/schema\/logo\/image\/","url":"https:\/\/footdavant.fr\/actualites\/wp-content\/uploads\/2023\/09\/Copy-of-FootDavant-Logo.png","contentUrl":"https:\/\/footdavant.fr\/actualites\/wp-content\/uploads\/2023\/09\/Copy-of-FootDavant-Logo.png","width":936,"height":549,"caption":"Foot d'avant"},"image":{"@id":"https:\/\/footdavant.fr\/actualites\/#\/schema\/logo\/image\/"},"sameAs":["https:\/\/www.facebook.com\/Footdavant\/","https:\/\/twitter.com\/FootdavantFr","https:\/\/www.instagram.com\/footdavant.fr\/"]},{"@type":"Person","@id":"https:\/\/footdavant.fr\/actualites\/#\/schema\/person\/bc222566d95871b37e597b3ed3ba5e1d","name":"Cl\u00e9ment","image":{"@type":"ImageObject","inLanguage":"fr-FR","@id":"https:\/\/footdavant.fr\/actualites\/#\/schema\/person\/image\/","url":"https:\/\/secure.gravatar.com\/avatar\/7728b29aac2719421e1a9159b2254c44?s=96&d=mm&r=g","contentUrl":"https:\/\/secure.gravatar.com\/avatar\/7728b29aac2719421e1a9159b2254c44?s=96&d=mm&r=g","caption":"Cl\u00e9ment"},"sameAs":["https:\/\/footdavant.fr\/"]}]}},"_links":{"self":[{"href":"https:\/\/footdavant.fr\/actualites\/wp-json\/wp\/v2\/posts\/16632"}],"collection":[{"href":"https:\/\/footdavant.fr\/actualites\/wp-json\/wp\/v2\/posts"}],"about":[{"href":"https:\/\/footdavant.fr\/actualites\/wp-json\/wp\/v2\/types\/post"}],"author":[{"embeddable":true,"href":"https:\/\/footdavant.fr\/actualites\/wp-json\/wp\/v2\/users\/1"}],"replies":[{"embeddable":true,"href":"https:\/\/footdavant.fr\/actualites\/wp-json\/wp\/v2\/comments?post=16632"}],"version-history":[{"count":1,"href":"https:\/\/footdavant.fr\/actualites\/wp-json\/wp\/v2\/posts\/16632\/revisions"}],"predecessor-version":[{"id":16634,"href":"https:\/\/footdavant.fr\/actualites\/wp-json\/wp\/v2\/posts\/16632\/revisions\/16634"}],"wp:featuredmedia":[{"embeddable":true,"href":"https:\/\/footdavant.fr\/actualites\/wp-json\/wp\/v2\/media\/16633"}],"wp:attachment":[{"href":"https:\/\/footdavant.fr\/actualites\/wp-json\/wp\/v2\/media?parent=16632"}],"wp:term":[{"taxonomy":"category","embeddable":true,"href":"https:\/\/footdavant.fr\/actualites\/wp-json\/wp\/v2\/categories?post=16632"},{"taxonomy":"post_tag","embeddable":true,"href":"https:\/\/footdavant.fr\/actualites\/wp-json\/wp\/v2\/tags?post=16632"}],"curies":[{"name":"wp","href":"https:\/\/api.w.org\/{rel}","templated":true}]}}