{"id":16638,"date":"2024-11-26T05:49:20","date_gmt":"2024-11-26T04:49:20","guid":{"rendered":"https:\/\/footdavant.fr\/actualites\/bayern-munich-contre-paris-saint-germain-bilan-des-face-a-face-et-rencontres-passees\/"},"modified":"2024-11-26T05:49:22","modified_gmt":"2024-11-26T04:49:22","slug":"bayern-munich-contre-paris-saint-germain-bilan-des-face-a-face-et-rencontres-passees","status":"publish","type":"post","link":"https:\/\/footdavant.fr\/actualites\/bayern-munich-contre-paris-saint-germain-bilan-des-face-a-face-et-rencontres-passees\/","title":{"rendered":"Bayern Munich contre Paris Saint-Germain : bilan des face-\u00e0-face et rencontres pass\u00e9es"},"content":{"rendered":"<p>Avant le choc de la Ligue des champions de mardi entre le Bayern et le PSG, Sports Mole se penche sur le bilan des confrontations et les rencontres pr\u00e9c\u00e9dentes entre les deux clubs.<\/p>\n<div id=\"article_body\" itemprop=\"articleBody\">\n<p class=\"firstPara\">Il y aura un concours \u00e0 succ\u00e8s dans le <strong class=\"autotag\">Ligue des Champions<\/strong> \u00e0 l&#39;Allianz Arena mardi soir, alors que les g\u00e9ants allemands <strong class=\"autotag\">Bayern Munich<\/strong> bienvenue aux champions fran\u00e7ais <strong class=\"autotag\">Paris Saint-Germain<\/strong>.<\/p>\n<p>Les deux \u00e9quipes ont \u00e9t\u00e9 d\u00e9cevantes dans la comp\u00e9tition jusqu&#39;\u00e0 pr\u00e9sent cette saison, le Bayern r\u00e9coltant six points en quatre matches pour se classer \u00e0 la 17e place du classement. <strong>Tableau de la Ligue des Champions<\/strong>tandis que le PSG est 25\u00e8me, n&#39;ayant r\u00e9ussi \u00e0 engranger que quatre points en quatre matches.<\/p>\n<p>Bayern &#8211; en t\u00eate du classement <strong>Classement de la Bundesliga<\/strong> &#8211; entrera dans la comp\u00e9tition apr\u00e8s une victoire 3-0 contre Augsbourg vendredi soir, tandis que le PSG s&#39;est \u00e9galement impos\u00e9 3-0 contre Toulouse la derni\u00e8re fois pour prendre six points d&#39;avance en t\u00eate du classement. <strong>Le classement de la Ligue 1<\/strong>.<\/p>\n<p>Ici, <strong>Taupe de sport<\/strong> examine en profondeur le bilan des confrontations et les rencontres pr\u00e9c\u00e9dentes entre les deux parties avant ce qui s&#39;annonce comme un affrontement fascinant \u00e0 Munich.<\/p>\n<hr>\n<p class=\"imgI\">\n<h2>Record en face-\u00e0-face<\/h2>\n<p><strong>R\u00e9unions pr\u00e9c\u00e9dentes :<\/strong> 13<br \/><strong>Le Bayern gagne :<\/strong> 7<br \/><strong>Tirages\u00a0:<\/strong> 0<br \/><strong>Le PSG gagne :<\/strong> 6<\/p>\n<p>Le Bayern et le PSG se sont affront\u00e9s \u00e0 13 reprises au cours de l&#39;histoire, et il n&#39;y a pas eu un seul match nul, le Bayern menant tout juste sept victoires \u00e0 six, et les deux hommes se sont affront\u00e9s r\u00e9guli\u00e8rement ces derni\u00e8res ann\u00e9es.<\/p>\n<p>Le Bayern est en fait sur une s\u00e9rie de trois victoires contre le PSG, dont des victoires 1-0 et 2-0 lorsque les deux hommes se sont affront\u00e9s lors des huiti\u00e8mes de finale de la Ligue des champions 2022-23.<\/p>\n<p>Les g\u00e9ants de Munich ont \u00e9galement battu le PSG 1-0 lors du match retour de leur match en quarts de finale de la comp\u00e9tition 2020-21, bien que l&#39;\u00e9quipe fran\u00e7aise se soit qualifi\u00e9e pour les quatre derniers gr\u00e2ce \u00e0 la r\u00e8gle des buts \u00e0 l&#39;ext\u00e9rieur.<\/p>\n<p>La rencontre la plus c\u00e9l\u00e8bre entre les deux \u00e9quipes a eu lieu lors de la finale de la Ligue des champions en ao\u00fbt 2020, et c&#39;est le Bayern qui est sorti victorieux gr\u00e2ce \u00e0 une t\u00eate de 59e minute. <strong class=\"autotag\">Kingsley Coman<\/strong>.<\/p>\n<p>Le Bayern a remport\u00e9 cinq des six derni\u00e8res rencontres entre les deux \u00e9quipes, mais leurs premiers matchs ont \u00e9t\u00e9 domin\u00e9s par le PSG.<\/p>\n<p>Les huit premiers matches entre le Bayern et le PSG se sont d\u00e9roul\u00e9s en phase de groupes de la Ligue des champions et l&#39;\u00e9quipe fran\u00e7aise a remport\u00e9 cinq victoires, dont un succ\u00e8s 1-0 \u00e0 Munich en novembre 1994.<\/p>\n<p>Le PSG compte deux victoires \u00e0 l&#39;ext\u00e9rieur contre le Bayern \u00e0 son actif, et il tentera de mettre fin \u00e0 une s\u00e9quence de trois d\u00e9faites cons\u00e9cutives contre la Bundesliga lorsque les deux \u00e9quipes s&#39;affronteront \u00e0 l&#39;Allianz Arena mardi soir.<\/p>\n<p>Le Bayern a en effet remport\u00e9 12 de ses 14 derniers matches contre des \u00e9quipes fran\u00e7aises \u00e0 domicile et \u00e0 l&#39;ext\u00e9rieur, tandis que le PSG a \u00e9t\u00e9 battu lors de huit de ses 15 matches \u00e0 l&#39;ext\u00e9rieur contre des clubs allemands dans l&#39;histoire de la comp\u00e9tition.<\/p>\n<h2>R\u00e9unions pr\u00e9c\u00e9dentes<\/h2>\n<p><strong>08 mars 2023\u00a0:<\/strong> Bayern 2-0 PSG (8es de finale de la Ligue des Champions)<br \/><strong>14 f\u00e9vrier 2023\u00a0:<\/strong> PSG 0-1 Bayern (8es de finale de la Ligue des Champions)<br \/><strong>13 avril 2021\u00a0:<\/strong> PSG 0-1 Bayern (quarts de finale de la Ligue des Champions)<br \/><strong>07 avril 2021\u00a0:<\/strong> Bayern 2-3 PSG (quarts de finale de la Ligue des Champions)<br \/><strong>23 ao\u00fbt 2020\u00a0:<\/strong> PSG 0-1 Bayern (Finale de la Ligue des Champions)<br \/><strong>05 d\u00e9cembre 2017\u00a0:<\/strong> Bayern 3-1 PSG (phase de groupes de la Ligue des Champions)<br \/><strong>27 septembre 2017\u00a0:<\/strong> PSG 3-0 Bayern (phase de groupes de la Ligue des Champions)<br \/><strong>18 octobre 2000\u00a0:<\/strong> Bayern 2-0 PSG (phase de groupes de la Ligue des Champions)<br \/><strong>26 septembre 2000\u00a0:<\/strong> PSG 1-0 Bayern (phase de groupes de la Ligue des Champions)<br \/><strong>05 novembre 1997\u00a0:<\/strong> PSG 3-1 Bayern (phase de groupes de la Ligue des Champions)<br \/><strong>22 octobre 1997\u00a0:<\/strong> Bayern 5-1 PSG (phase de groupes de la Ligue des Champions)<br \/><strong>23 novembre 1994\u00a0:<\/strong> Bayern 0-1 PSG (phase de groupes de la Ligue des Champions)<br \/><strong>14 septembre 1994\u00a0:<\/strong> PSG 2-0 Bayern (phase de groupes de la Ligue des Champions)<\/p>\n<hr>\n<\/div>\n","protected":false},"excerpt":{"rendered":"<p>Avant le choc de la Ligue des champions de mardi entre le Bayern et le PSG, Sports Mole se penche sur le bilan des confrontations<\/p>\n","protected":false},"author":1,"featured_media":16639,"comment_status":"closed","ping_status":"","sticky":false,"template":"","format":"standard","meta":{"footnotes":""},"categories":[4],"tags":[340,251,20,12,252,341,100,254,253,249],"yoast_head":"<!-- This site is optimized with the Yoast SEO plugin v21.0 - https:\/\/yoast.com\/wordpress\/plugins\/seo\/ -->\n<title>Bayern Munich contre Paris Saint-Germain : bilan des face-\u00e0-face et rencontres pass\u00e9es<\/title>\n<meta name=\"robots\" content=\"index, follow, max-snippet:-1, max-image-preview:large, max-video-preview:-1\" \/>\n<link rel=\"canonical\" href=\"https:\/\/footdavant.fr\/actualites\/bayern-munich-contre-paris-saint-germain-bilan-des-face-a-face-et-rencontres-passees\/\" \/>\n<meta property=\"og:locale\" content=\"fr_FR\" \/>\n<meta property=\"og:type\" content=\"article\" \/>\n<meta property=\"og:title\" content=\"Bayern Munich contre Paris Saint-Germain : bilan des face-\u00e0-face et rencontres pass\u00e9es\" \/>\n<meta property=\"og:description\" content=\"Avant le choc de la Ligue des champions de mardi entre le Bayern et le PSG, Sports Mole se penche sur le bilan des confrontations\" \/>\n<meta property=\"og:url\" content=\"https:\/\/footdavant.fr\/actualites\/bayern-munich-contre-paris-saint-germain-bilan-des-face-a-face-et-rencontres-passees\/\" \/>\n<meta property=\"og:site_name\" content=\"Foot d&#039;avant\" \/>\n<meta property=\"article:publisher\" content=\"https:\/\/www.facebook.com\/Footdavant\/\" \/>\n<meta property=\"article:published_time\" content=\"2024-11-26T04:49:20+00:00\" \/>\n<meta property=\"article:modified_time\" content=\"2024-11-26T04:49:22+00:00\" \/>\n<meta property=\"og:image\" content=\"https:\/\/footdavant.fr\/actualites\/wp-content\/uploads\/2024\/11\/Bayern-Munich-contre-Paris-Saint-Germain-bilan-des-face-a-face-et.jpg\" \/>\n\t<meta property=\"og:image:width\" content=\"1280\" \/>\n\t<meta property=\"og:image:height\" content=\"960\" \/>\n\t<meta property=\"og:image:type\" content=\"image\/jpeg\" \/>\n<meta name=\"author\" content=\"Cl\u00e9ment\" \/>\n<meta name=\"twitter:card\" content=\"summary_large_image\" \/>\n<meta name=\"twitter:creator\" content=\"@FootdavantFr\" \/>\n<meta name=\"twitter:site\" content=\"@FootdavantFr\" \/>\n<meta name=\"twitter:label1\" content=\"\u00c9crit par\" \/>\n\t<meta name=\"twitter:data1\" content=\"Cl\u00e9ment\" \/>\n\t<meta name=\"twitter:label2\" content=\"Dur\u00e9e de lecture estim\u00e9e\" \/>\n\t<meta name=\"twitter:data2\" content=\"4 minutes\" \/>\n<script type=\"application\/ld+json\" class=\"yoast-schema-graph\">{\"@context\":\"https:\/\/schema.org\",\"@graph\":[{\"@type\":\"Article\",\"@id\":\"https:\/\/footdavant.fr\/actualites\/bayern-munich-contre-paris-saint-germain-bilan-des-face-a-face-et-rencontres-passees\/#article\",\"isPartOf\":{\"@id\":\"https:\/\/footdavant.fr\/actualites\/bayern-munich-contre-paris-saint-germain-bilan-des-face-a-face-et-rencontres-passees\/\"},\"author\":{\"name\":\"Cl\u00e9ment\",\"@id\":\"https:\/\/footdavant.fr\/actualites\/#\/schema\/person\/bc222566d95871b37e597b3ed3ba5e1d\"},\"headline\":\"Bayern Munich contre Paris Saint-Germain : bilan des face-\u00e0-face et rencontres pass\u00e9es\",\"datePublished\":\"2024-11-26T04:49:20+00:00\",\"dateModified\":\"2024-11-26T04:49:22+00:00\",\"mainEntityOfPage\":{\"@id\":\"https:\/\/footdavant.fr\/actualites\/bayern-munich-contre-paris-saint-germain-bilan-des-face-a-face-et-rencontres-passees\/\"},\"wordCount\":743,\"publisher\":{\"@id\":\"https:\/\/footdavant.fr\/actualites\/#organization\"},\"keywords\":[\"Bayern\",\"bilan\",\"contre\",\"des\",\"face\u00e0face\",\"Munich\",\"paris\",\"pass\u00e9es\",\"rencontres\",\"SaintGermain\"],\"articleSection\":[\"Champions League\"],\"inLanguage\":\"fr-FR\"},{\"@type\":\"WebPage\",\"@id\":\"https:\/\/footdavant.fr\/actualites\/bayern-munich-contre-paris-saint-germain-bilan-des-face-a-face-et-rencontres-passees\/\",\"url\":\"https:\/\/footdavant.fr\/actualites\/bayern-munich-contre-paris-saint-germain-bilan-des-face-a-face-et-rencontres-passees\/\",\"name\":\"Bayern Munich contre Paris Saint-Germain : bilan des face-\u00e0-face et rencontres pass\u00e9es\",\"isPartOf\":{\"@id\":\"https:\/\/footdavant.fr\/actualites\/#website\"},\"datePublished\":\"2024-11-26T04:49:20+00:00\",\"dateModified\":\"2024-11-26T04:49:22+00:00\",\"breadcrumb\":{\"@id\":\"https:\/\/footdavant.fr\/actualites\/bayern-munich-contre-paris-saint-germain-bilan-des-face-a-face-et-rencontres-passees\/#breadcrumb\"},\"inLanguage\":\"fr-FR\",\"potentialAction\":[{\"@type\":\"ReadAction\",\"target\":[\"https:\/\/footdavant.fr\/actualites\/bayern-munich-contre-paris-saint-germain-bilan-des-face-a-face-et-rencontres-passees\/\"]}]},{\"@type\":\"BreadcrumbList\",\"@id\":\"https:\/\/footdavant.fr\/actualites\/bayern-munich-contre-paris-saint-germain-bilan-des-face-a-face-et-rencontres-passees\/#breadcrumb\",\"itemListElement\":[{\"@type\":\"ListItem\",\"position\":1,\"name\":\"Accueil\",\"item\":\"https:\/\/footdavant.fr\/actualites\/\"},{\"@type\":\"ListItem\",\"position\":2,\"name\":\"Bayern Munich contre Paris Saint-Germain : bilan des face-\u00e0-face et rencontres pass\u00e9es\"}]},{\"@type\":\"WebSite\",\"@id\":\"https:\/\/footdavant.fr\/actualites\/#website\",\"url\":\"https:\/\/footdavant.fr\/actualites\/\",\"name\":\"Foot d'avant\",\"description\":\"\",\"publisher\":{\"@id\":\"https:\/\/footdavant.fr\/actualites\/#organization\"},\"potentialAction\":[{\"@type\":\"SearchAction\",\"target\":{\"@type\":\"EntryPoint\",\"urlTemplate\":\"https:\/\/footdavant.fr\/actualites\/?s={search_term_string}\"},\"query-input\":\"required name=search_term_string\"}],\"inLanguage\":\"fr-FR\"},{\"@type\":\"Organization\",\"@id\":\"https:\/\/footdavant.fr\/actualites\/#organization\",\"name\":\"Foot d'avant\",\"url\":\"https:\/\/footdavant.fr\/actualites\/\",\"logo\":{\"@type\":\"ImageObject\",\"inLanguage\":\"fr-FR\",\"@id\":\"https:\/\/footdavant.fr\/actualites\/#\/schema\/logo\/image\/\",\"url\":\"https:\/\/footdavant.fr\/actualites\/wp-content\/uploads\/2023\/09\/Copy-of-FootDavant-Logo.png\",\"contentUrl\":\"https:\/\/footdavant.fr\/actualites\/wp-content\/uploads\/2023\/09\/Copy-of-FootDavant-Logo.png\",\"width\":936,\"height\":549,\"caption\":\"Foot d'avant\"},\"image\":{\"@id\":\"https:\/\/footdavant.fr\/actualites\/#\/schema\/logo\/image\/\"},\"sameAs\":[\"https:\/\/www.facebook.com\/Footdavant\/\",\"https:\/\/twitter.com\/FootdavantFr\",\"https:\/\/www.instagram.com\/footdavant.fr\/\"]},{\"@type\":\"Person\",\"@id\":\"https:\/\/footdavant.fr\/actualites\/#\/schema\/person\/bc222566d95871b37e597b3ed3ba5e1d\",\"name\":\"Cl\u00e9ment\",\"image\":{\"@type\":\"ImageObject\",\"inLanguage\":\"fr-FR\",\"@id\":\"https:\/\/footdavant.fr\/actualites\/#\/schema\/person\/image\/\",\"url\":\"https:\/\/secure.gravatar.com\/avatar\/7728b29aac2719421e1a9159b2254c44?s=96&d=mm&r=g\",\"contentUrl\":\"https:\/\/secure.gravatar.com\/avatar\/7728b29aac2719421e1a9159b2254c44?s=96&d=mm&r=g\",\"caption\":\"Cl\u00e9ment\"},\"sameAs\":[\"https:\/\/footdavant.fr\/\"]}]}<\/script>\n<!-- \/ Yoast SEO plugin. -->","yoast_head_json":{"title":"Bayern Munich contre Paris Saint-Germain : bilan des face-\u00e0-face et rencontres pass\u00e9es","robots":{"index":"index","follow":"follow","max-snippet":"max-snippet:-1","max-image-preview":"max-image-preview:large","max-video-preview":"max-video-preview:-1"},"canonical":"https:\/\/footdavant.fr\/actualites\/bayern-munich-contre-paris-saint-germain-bilan-des-face-a-face-et-rencontres-passees\/","og_locale":"fr_FR","og_type":"article","og_title":"Bayern Munich contre Paris Saint-Germain : bilan des face-\u00e0-face et rencontres pass\u00e9es","og_description":"Avant le choc de la Ligue des champions de mardi entre le Bayern et le PSG, Sports Mole se penche sur le bilan des confrontations","og_url":"https:\/\/footdavant.fr\/actualites\/bayern-munich-contre-paris-saint-germain-bilan-des-face-a-face-et-rencontres-passees\/","og_site_name":"Foot d&#039;avant","article_publisher":"https:\/\/www.facebook.com\/Footdavant\/","article_published_time":"2024-11-26T04:49:20+00:00","article_modified_time":"2024-11-26T04:49:22+00:00","og_image":[{"width":1280,"height":960,"url":"https:\/\/footdavant.fr\/actualites\/wp-content\/uploads\/2024\/11\/Bayern-Munich-contre-Paris-Saint-Germain-bilan-des-face-a-face-et.jpg","type":"image\/jpeg"}],"author":"Cl\u00e9ment","twitter_card":"summary_large_image","twitter_creator":"@FootdavantFr","twitter_site":"@FootdavantFr","twitter_misc":{"\u00c9crit par":"Cl\u00e9ment","Dur\u00e9e de lecture estim\u00e9e":"4 minutes"},"schema":{"@context":"https:\/\/schema.org","@graph":[{"@type":"Article","@id":"https:\/\/footdavant.fr\/actualites\/bayern-munich-contre-paris-saint-germain-bilan-des-face-a-face-et-rencontres-passees\/#article","isPartOf":{"@id":"https:\/\/footdavant.fr\/actualites\/bayern-munich-contre-paris-saint-germain-bilan-des-face-a-face-et-rencontres-passees\/"},"author":{"name":"Cl\u00e9ment","@id":"https:\/\/footdavant.fr\/actualites\/#\/schema\/person\/bc222566d95871b37e597b3ed3ba5e1d"},"headline":"Bayern Munich contre Paris Saint-Germain : bilan des face-\u00e0-face et rencontres pass\u00e9es","datePublished":"2024-11-26T04:49:20+00:00","dateModified":"2024-11-26T04:49:22+00:00","mainEntityOfPage":{"@id":"https:\/\/footdavant.fr\/actualites\/bayern-munich-contre-paris-saint-germain-bilan-des-face-a-face-et-rencontres-passees\/"},"wordCount":743,"publisher":{"@id":"https:\/\/footdavant.fr\/actualites\/#organization"},"keywords":["Bayern","bilan","contre","des","face\u00e0face","Munich","paris","pass\u00e9es","rencontres","SaintGermain"],"articleSection":["Champions League"],"inLanguage":"fr-FR"},{"@type":"WebPage","@id":"https:\/\/footdavant.fr\/actualites\/bayern-munich-contre-paris-saint-germain-bilan-des-face-a-face-et-rencontres-passees\/","url":"https:\/\/footdavant.fr\/actualites\/bayern-munich-contre-paris-saint-germain-bilan-des-face-a-face-et-rencontres-passees\/","name":"Bayern Munich contre Paris Saint-Germain : bilan des face-\u00e0-face et rencontres pass\u00e9es","isPartOf":{"@id":"https:\/\/footdavant.fr\/actualites\/#website"},"datePublished":"2024-11-26T04:49:20+00:00","dateModified":"2024-11-26T04:49:22+00:00","breadcrumb":{"@id":"https:\/\/footdavant.fr\/actualites\/bayern-munich-contre-paris-saint-germain-bilan-des-face-a-face-et-rencontres-passees\/#breadcrumb"},"inLanguage":"fr-FR","potentialAction":[{"@type":"ReadAction","target":["https:\/\/footdavant.fr\/actualites\/bayern-munich-contre-paris-saint-germain-bilan-des-face-a-face-et-rencontres-passees\/"]}]},{"@type":"BreadcrumbList","@id":"https:\/\/footdavant.fr\/actualites\/bayern-munich-contre-paris-saint-germain-bilan-des-face-a-face-et-rencontres-passees\/#breadcrumb","itemListElement":[{"@type":"ListItem","position":1,"name":"Accueil","item":"https:\/\/footdavant.fr\/actualites\/"},{"@type":"ListItem","position":2,"name":"Bayern Munich contre Paris Saint-Germain : bilan des face-\u00e0-face et rencontres pass\u00e9es"}]},{"@type":"WebSite","@id":"https:\/\/footdavant.fr\/actualites\/#website","url":"https:\/\/footdavant.fr\/actualites\/","name":"Foot d'avant","description":"","publisher":{"@id":"https:\/\/footdavant.fr\/actualites\/#organization"},"potentialAction":[{"@type":"SearchAction","target":{"@type":"EntryPoint","urlTemplate":"https:\/\/footdavant.fr\/actualites\/?s={search_term_string}"},"query-input":"required name=search_term_string"}],"inLanguage":"fr-FR"},{"@type":"Organization","@id":"https:\/\/footdavant.fr\/actualites\/#organization","name":"Foot d'avant","url":"https:\/\/footdavant.fr\/actualites\/","logo":{"@type":"ImageObject","inLanguage":"fr-FR","@id":"https:\/\/footdavant.fr\/actualites\/#\/schema\/logo\/image\/","url":"https:\/\/footdavant.fr\/actualites\/wp-content\/uploads\/2023\/09\/Copy-of-FootDavant-Logo.png","contentUrl":"https:\/\/footdavant.fr\/actualites\/wp-content\/uploads\/2023\/09\/Copy-of-FootDavant-Logo.png","width":936,"height":549,"caption":"Foot d'avant"},"image":{"@id":"https:\/\/footdavant.fr\/actualites\/#\/schema\/logo\/image\/"},"sameAs":["https:\/\/www.facebook.com\/Footdavant\/","https:\/\/twitter.com\/FootdavantFr","https:\/\/www.instagram.com\/footdavant.fr\/"]},{"@type":"Person","@id":"https:\/\/footdavant.fr\/actualites\/#\/schema\/person\/bc222566d95871b37e597b3ed3ba5e1d","name":"Cl\u00e9ment","image":{"@type":"ImageObject","inLanguage":"fr-FR","@id":"https:\/\/footdavant.fr\/actualites\/#\/schema\/person\/image\/","url":"https:\/\/secure.gravatar.com\/avatar\/7728b29aac2719421e1a9159b2254c44?s=96&d=mm&r=g","contentUrl":"https:\/\/secure.gravatar.com\/avatar\/7728b29aac2719421e1a9159b2254c44?s=96&d=mm&r=g","caption":"Cl\u00e9ment"},"sameAs":["https:\/\/footdavant.fr\/"]}]}},"_links":{"self":[{"href":"https:\/\/footdavant.fr\/actualites\/wp-json\/wp\/v2\/posts\/16638"}],"collection":[{"href":"https:\/\/footdavant.fr\/actualites\/wp-json\/wp\/v2\/posts"}],"about":[{"href":"https:\/\/footdavant.fr\/actualites\/wp-json\/wp\/v2\/types\/post"}],"author":[{"embeddable":true,"href":"https:\/\/footdavant.fr\/actualites\/wp-json\/wp\/v2\/users\/1"}],"replies":[{"embeddable":true,"href":"https:\/\/footdavant.fr\/actualites\/wp-json\/wp\/v2\/comments?post=16638"}],"version-history":[{"count":1,"href":"https:\/\/footdavant.fr\/actualites\/wp-json\/wp\/v2\/posts\/16638\/revisions"}],"predecessor-version":[{"id":16640,"href":"https:\/\/footdavant.fr\/actualites\/wp-json\/wp\/v2\/posts\/16638\/revisions\/16640"}],"wp:featuredmedia":[{"embeddable":true,"href":"https:\/\/footdavant.fr\/actualites\/wp-json\/wp\/v2\/media\/16639"}],"wp:attachment":[{"href":"https:\/\/footdavant.fr\/actualites\/wp-json\/wp\/v2\/media?parent=16638"}],"wp:term":[{"taxonomy":"category","embeddable":true,"href":"https:\/\/footdavant.fr\/actualites\/wp-json\/wp\/v2\/categories?post=16638"},{"taxonomy":"post_tag","embeddable":true,"href":"https:\/\/footdavant.fr\/actualites\/wp-json\/wp\/v2\/tags?post=16638"}],"curies":[{"name":"wp","href":"https:\/\/api.w.org\/{rel}","templated":true}]}}