{"id":16644,"date":"2024-11-26T08:48:45","date_gmt":"2024-11-26T07:48:45","guid":{"rendered":"https:\/\/footdavant.fr\/actualites\/les-joueurs-de-liverpool-ont-ete-choques-de-voir-salah-en-zone-mixte-dimanche\/"},"modified":"2024-11-26T08:48:48","modified_gmt":"2024-11-26T07:48:48","slug":"les-joueurs-de-liverpool-ont-ete-choques-de-voir-salah-en-zone-mixte-dimanche","status":"publish","type":"post","link":"https:\/\/footdavant.fr\/actualites\/les-joueurs-de-liverpool-ont-ete-choques-de-voir-salah-en-zone-mixte-dimanche\/","title":{"rendered":"Les joueurs de Liverpool ont \u00e9t\u00e9 \u00ab\u00a0choqu\u00e9s\u00a0\u00bb de voir Salah en zone mixte dimanche"},"content":{"rendered":"<div id=\"article-body\">\n<!-- Article Start --><\/p>\n<p>Un joueur de Liverpool a apparemment surpris ses co\u00e9quipiers avec ce qu&#39;il a fait \u00e0 St Mary&#39;s dimanche apr\u00e8s-midi.<\/p>\n<p>L&#39;euphorie de la victoire 3-2 contre Southampton a c\u00e9d\u00e9 la place au doute et \u00e0 l&#39;anxi\u00e9t\u00e9 apr\u00e8s que Mo Salah a d\u00e9clar\u00e9 aux journalistes que son club ne lui avait pas encore propos\u00e9 de nouveau contrat alors qu&#39;il ne restait que sept mois sur son contrat actuel, et ce en ce moment. il semble \u00ab probablement plus dehors que dedans \u00bb.<\/p>\n<p>Ses commentaires ont touch\u00e9 une corde sensible chez Jamie Carragher, qui lui a reproch\u00e9 d&#39;avoir parl\u00e9 publiquement de la situation juste avant un double match \u00e0 succ\u00e8s contre le Real Madrid et Manchester City, et a \u00e9galement attir\u00e9 l&#39;attention sur la raret\u00e9 du joueur de 32 ans en conversation avec le appuyez imm\u00e9diatement apr\u00e8s une partie.<\/p>\n<h2>Les joueurs de Liverpool choqu\u00e9s par les actions de Salah<\/h2>\n<p>Dans un article du Daily Mail, Lewis Steele a \u00e9galement soulign\u00e9 \u00e0 quel point il \u00e9tait inhabituel de voir Salah se diriger droit vers la zone mixte \u2013 ce qu&#39;il n&#39;a pratiquement jamais fait depuis un peu plus de sept ans \u00e0 Liverpool \u2013 et l&#39;acte de l&#39;\u00c9gyptien a m\u00eame surpris ses propres co\u00e9quipiers. surprendre.<\/p>\n<p>Le journaliste a \u00e9crit : <\/p>\n<figure id=\"attachment_264805\" aria-describedby=\"caption-attachment-264805\" style=\"width: 760px\" class=\"wp-caption alignnone\"><picture><source type=\"image\/webp\" data- data-><\/source><\/picture><\/figure>\n<h2>L\u2019attente nerveuse continue pour les fans de Liverpool\u2026<\/h2>\n<p>Les rares fois o\u00f9 Salah entre dans la zone mixte, cela a tendance \u00e0 faire la une des journaux. Lorsqu&#39;il l&#39;a fait apr\u00e8s un match nul 2-2 \u00e0 West Ham en avril \u2013 le jour o\u00f9 il a \u00e9chang\u00e9 des mots forts avec Jurgen Klopp sur la ligne de touche \u2013 il a enflamm\u00e9 les cahiers des journalistes en commentant : \u00ab<span class=\"css-1jxf684 r-bcqeeo r-1ttztb7 r-qvutc0 r-poiln3\">Si je parle aujourd&#39;hui, il y aura du feu.<\/span><\/p>\n<p>Compte tenu de son \u00e9clat constant de victoires pendant plusieurs ann\u00e9es, en tandem avec sa situation contractuelle d\u00e9licate, il est in\u00e9vitable que toute d\u00e9claration publique qui pourrait m\u00eame \u00eatre vaguement li\u00e9e \u00e0 son avenir \u00e0 Liverpool attirera une large attention.<\/p>\n<p>On ne peut que se demander ce que ses co\u00e9quipiers ont pens\u00e9 de lui en abordant le sujet publiquement dimanche, en particulier Trent Alexander-Arnold et Virgil van Dijk, qui sont dans le m\u00eame bateau avec seulement sept mois restants sur leurs contrats actuels.<\/p>\n<p>Ce que Salah a sans aucun doute fait, c&#39;est de braquer les projecteurs sur FSG, les partisans des Reds se demandant pourquoi la hi\u00e9rarchie n&#39;a pas encore abord\u00e9 correctement l&#39;avenir de l&#39;\u00c9gyptien.<\/p>\n<p>Des sources fiables telles que David Ornstein ont rassur\u00e9 les fans de Liverpool sur le fait que le club et le joueur \u00e9taient en n\u00e9gociations sur un nouveau contrat potentiel, donc j&#39;esp\u00e8re qu&#39;un accord sera bient\u00f4t trouv\u00e9 et que toute l&#39;hyst\u00e9rie de savoir s&#39;il veut ou non sera enfin dissip\u00e9e. coucher.<\/p>\n<p><!-- Article End -->\t\t\t\t<\/div>\n","protected":false},"excerpt":{"rendered":"<p>Un joueur de Liverpool a apparemment surpris ses co\u00e9quipiers avec ce qu&#39;il a fait \u00e0 St Mary&#39;s dimanche apr\u00e8s-midi. L&#39;euphorie de la victoire 3-2 contre<\/p>\n","protected":false},"author":1,"featured_media":16645,"comment_status":"closed","ping_status":"","sticky":false,"template":"","format":"standard","meta":{"footnotes":""},"categories":[3],"tags":[5397,506,776,220,93,53,7161,244,335,308,1316],"yoast_head":"<!-- This site is optimized with the Yoast SEO plugin v21.0 - https:\/\/yoast.com\/wordpress\/plugins\/seo\/ -->\n<title>Les joueurs de Liverpool ont \u00e9t\u00e9 &quot;choqu\u00e9s&quot; de voir Salah en zone mixte dimanche<\/title>\n<meta name=\"robots\" content=\"index, follow, max-snippet:-1, max-image-preview:large, max-video-preview:-1\" \/>\n<link rel=\"canonical\" href=\"https:\/\/footdavant.fr\/actualites\/les-joueurs-de-liverpool-ont-ete-choques-de-voir-salah-en-zone-mixte-dimanche\/\" \/>\n<meta property=\"og:locale\" content=\"fr_FR\" \/>\n<meta property=\"og:type\" content=\"article\" \/>\n<meta property=\"og:title\" content=\"Les joueurs de Liverpool ont \u00e9t\u00e9 &quot;choqu\u00e9s&quot; de voir Salah en zone mixte dimanche\" \/>\n<meta property=\"og:description\" content=\"Un joueur de Liverpool a apparemment surpris ses co\u00e9quipiers avec ce qu&#039;il a fait \u00e0 St Mary&#039;s dimanche apr\u00e8s-midi. L&#039;euphorie de la victoire 3-2 contre\" \/>\n<meta property=\"og:url\" content=\"https:\/\/footdavant.fr\/actualites\/les-joueurs-de-liverpool-ont-ete-choques-de-voir-salah-en-zone-mixte-dimanche\/\" \/>\n<meta property=\"og:site_name\" content=\"Foot d&#039;avant\" \/>\n<meta property=\"article:publisher\" content=\"https:\/\/www.facebook.com\/Footdavant\/\" \/>\n<meta property=\"article:published_time\" content=\"2024-11-26T07:48:45+00:00\" \/>\n<meta property=\"article:modified_time\" content=\"2024-11-26T07:48:48+00:00\" \/>\n<meta property=\"og:image\" content=\"https:\/\/footdavant.fr\/actualites\/wp-content\/uploads\/2024\/11\/1732607325_Les-joueurs-de-Liverpool-ont-ete-choques-de-voir-Salah.jpg\" \/>\n\t<meta property=\"og:image:width\" content=\"1252\" \/>\n\t<meta property=\"og:image:height\" content=\"830\" \/>\n\t<meta property=\"og:image:type\" content=\"image\/jpeg\" \/>\n<meta name=\"author\" content=\"Cl\u00e9ment\" \/>\n<meta name=\"twitter:card\" content=\"summary_large_image\" \/>\n<meta name=\"twitter:creator\" content=\"@FootdavantFr\" \/>\n<meta name=\"twitter:site\" content=\"@FootdavantFr\" \/>\n<meta name=\"twitter:label1\" content=\"\u00c9crit par\" \/>\n\t<meta name=\"twitter:data1\" content=\"Cl\u00e9ment\" \/>\n\t<meta name=\"twitter:label2\" content=\"Dur\u00e9e de lecture estim\u00e9e\" \/>\n\t<meta name=\"twitter:data2\" content=\"2 minutes\" \/>\n<script type=\"application\/ld+json\" class=\"yoast-schema-graph\">{\"@context\":\"https:\/\/schema.org\",\"@graph\":[{\"@type\":\"Article\",\"@id\":\"https:\/\/footdavant.fr\/actualites\/les-joueurs-de-liverpool-ont-ete-choques-de-voir-salah-en-zone-mixte-dimanche\/#article\",\"isPartOf\":{\"@id\":\"https:\/\/footdavant.fr\/actualites\/les-joueurs-de-liverpool-ont-ete-choques-de-voir-salah-en-zone-mixte-dimanche\/\"},\"author\":{\"name\":\"Cl\u00e9ment\",\"@id\":\"https:\/\/footdavant.fr\/actualites\/#\/schema\/person\/bc222566d95871b37e597b3ed3ba5e1d\"},\"headline\":\"Les joueurs de Liverpool ont \u00e9t\u00e9 \u00ab\u00a0choqu\u00e9s\u00a0\u00bb de voir Salah en zone mixte dimanche\",\"datePublished\":\"2024-11-26T07:48:45+00:00\",\"dateModified\":\"2024-11-26T07:48:48+00:00\",\"mainEntityOfPage\":{\"@id\":\"https:\/\/footdavant.fr\/actualites\/les-joueurs-de-liverpool-ont-ete-choques-de-voir-salah-en-zone-mixte-dimanche\/\"},\"wordCount\":497,\"publisher\":{\"@id\":\"https:\/\/footdavant.fr\/actualites\/#organization\"},\"keywords\":[\"choqu\u00e9s\",\"dimanche\",\"\u00e9t\u00e9\",\"joueurs\",\"les\",\"Liverpool\",\"mixte\",\"ont\",\"Salah\",\"voir\",\"zone\"],\"articleSection\":[\"Football\"],\"inLanguage\":\"fr-FR\"},{\"@type\":\"WebPage\",\"@id\":\"https:\/\/footdavant.fr\/actualites\/les-joueurs-de-liverpool-ont-ete-choques-de-voir-salah-en-zone-mixte-dimanche\/\",\"url\":\"https:\/\/footdavant.fr\/actualites\/les-joueurs-de-liverpool-ont-ete-choques-de-voir-salah-en-zone-mixte-dimanche\/\",\"name\":\"Les joueurs de Liverpool ont \u00e9t\u00e9 \\\"choqu\u00e9s\\\" de voir Salah en zone mixte dimanche\",\"isPartOf\":{\"@id\":\"https:\/\/footdavant.fr\/actualites\/#website\"},\"datePublished\":\"2024-11-26T07:48:45+00:00\",\"dateModified\":\"2024-11-26T07:48:48+00:00\",\"breadcrumb\":{\"@id\":\"https:\/\/footdavant.fr\/actualites\/les-joueurs-de-liverpool-ont-ete-choques-de-voir-salah-en-zone-mixte-dimanche\/#breadcrumb\"},\"inLanguage\":\"fr-FR\",\"potentialAction\":[{\"@type\":\"ReadAction\",\"target\":[\"https:\/\/footdavant.fr\/actualites\/les-joueurs-de-liverpool-ont-ete-choques-de-voir-salah-en-zone-mixte-dimanche\/\"]}]},{\"@type\":\"BreadcrumbList\",\"@id\":\"https:\/\/footdavant.fr\/actualites\/les-joueurs-de-liverpool-ont-ete-choques-de-voir-salah-en-zone-mixte-dimanche\/#breadcrumb\",\"itemListElement\":[{\"@type\":\"ListItem\",\"position\":1,\"name\":\"Accueil\",\"item\":\"https:\/\/footdavant.fr\/actualites\/\"},{\"@type\":\"ListItem\",\"position\":2,\"name\":\"Les joueurs de Liverpool ont \u00e9t\u00e9 \u00ab\u00a0choqu\u00e9s\u00a0\u00bb de voir Salah en zone mixte dimanche\"}]},{\"@type\":\"WebSite\",\"@id\":\"https:\/\/footdavant.fr\/actualites\/#website\",\"url\":\"https:\/\/footdavant.fr\/actualites\/\",\"name\":\"Foot d'avant\",\"description\":\"\",\"publisher\":{\"@id\":\"https:\/\/footdavant.fr\/actualites\/#organization\"},\"potentialAction\":[{\"@type\":\"SearchAction\",\"target\":{\"@type\":\"EntryPoint\",\"urlTemplate\":\"https:\/\/footdavant.fr\/actualites\/?s={search_term_string}\"},\"query-input\":\"required name=search_term_string\"}],\"inLanguage\":\"fr-FR\"},{\"@type\":\"Organization\",\"@id\":\"https:\/\/footdavant.fr\/actualites\/#organization\",\"name\":\"Foot d'avant\",\"url\":\"https:\/\/footdavant.fr\/actualites\/\",\"logo\":{\"@type\":\"ImageObject\",\"inLanguage\":\"fr-FR\",\"@id\":\"https:\/\/footdavant.fr\/actualites\/#\/schema\/logo\/image\/\",\"url\":\"https:\/\/footdavant.fr\/actualites\/wp-content\/uploads\/2023\/09\/Copy-of-FootDavant-Logo.png\",\"contentUrl\":\"https:\/\/footdavant.fr\/actualites\/wp-content\/uploads\/2023\/09\/Copy-of-FootDavant-Logo.png\",\"width\":936,\"height\":549,\"caption\":\"Foot d'avant\"},\"image\":{\"@id\":\"https:\/\/footdavant.fr\/actualites\/#\/schema\/logo\/image\/\"},\"sameAs\":[\"https:\/\/www.facebook.com\/Footdavant\/\",\"https:\/\/twitter.com\/FootdavantFr\",\"https:\/\/www.instagram.com\/footdavant.fr\/\"]},{\"@type\":\"Person\",\"@id\":\"https:\/\/footdavant.fr\/actualites\/#\/schema\/person\/bc222566d95871b37e597b3ed3ba5e1d\",\"name\":\"Cl\u00e9ment\",\"image\":{\"@type\":\"ImageObject\",\"inLanguage\":\"fr-FR\",\"@id\":\"https:\/\/footdavant.fr\/actualites\/#\/schema\/person\/image\/\",\"url\":\"https:\/\/secure.gravatar.com\/avatar\/7728b29aac2719421e1a9159b2254c44?s=96&d=mm&r=g\",\"contentUrl\":\"https:\/\/secure.gravatar.com\/avatar\/7728b29aac2719421e1a9159b2254c44?s=96&d=mm&r=g\",\"caption\":\"Cl\u00e9ment\"},\"sameAs\":[\"https:\/\/footdavant.fr\/\"]}]}<\/script>\n<!-- \/ Yoast SEO plugin. -->","yoast_head_json":{"title":"Les joueurs de Liverpool ont \u00e9t\u00e9 \"choqu\u00e9s\" de voir Salah en zone mixte dimanche","robots":{"index":"index","follow":"follow","max-snippet":"max-snippet:-1","max-image-preview":"max-image-preview:large","max-video-preview":"max-video-preview:-1"},"canonical":"https:\/\/footdavant.fr\/actualites\/les-joueurs-de-liverpool-ont-ete-choques-de-voir-salah-en-zone-mixte-dimanche\/","og_locale":"fr_FR","og_type":"article","og_title":"Les joueurs de Liverpool ont \u00e9t\u00e9 \"choqu\u00e9s\" de voir Salah en zone mixte dimanche","og_description":"Un joueur de Liverpool a apparemment surpris ses co\u00e9quipiers avec ce qu&#39;il a fait \u00e0 St Mary&#39;s dimanche apr\u00e8s-midi. L&#39;euphorie de la victoire 3-2 contre","og_url":"https:\/\/footdavant.fr\/actualites\/les-joueurs-de-liverpool-ont-ete-choques-de-voir-salah-en-zone-mixte-dimanche\/","og_site_name":"Foot d&#039;avant","article_publisher":"https:\/\/www.facebook.com\/Footdavant\/","article_published_time":"2024-11-26T07:48:45+00:00","article_modified_time":"2024-11-26T07:48:48+00:00","og_image":[{"width":1252,"height":830,"url":"https:\/\/footdavant.fr\/actualites\/wp-content\/uploads\/2024\/11\/1732607325_Les-joueurs-de-Liverpool-ont-ete-choques-de-voir-Salah.jpg","type":"image\/jpeg"}],"author":"Cl\u00e9ment","twitter_card":"summary_large_image","twitter_creator":"@FootdavantFr","twitter_site":"@FootdavantFr","twitter_misc":{"\u00c9crit par":"Cl\u00e9ment","Dur\u00e9e de lecture estim\u00e9e":"2 minutes"},"schema":{"@context":"https:\/\/schema.org","@graph":[{"@type":"Article","@id":"https:\/\/footdavant.fr\/actualites\/les-joueurs-de-liverpool-ont-ete-choques-de-voir-salah-en-zone-mixte-dimanche\/#article","isPartOf":{"@id":"https:\/\/footdavant.fr\/actualites\/les-joueurs-de-liverpool-ont-ete-choques-de-voir-salah-en-zone-mixte-dimanche\/"},"author":{"name":"Cl\u00e9ment","@id":"https:\/\/footdavant.fr\/actualites\/#\/schema\/person\/bc222566d95871b37e597b3ed3ba5e1d"},"headline":"Les joueurs de Liverpool ont \u00e9t\u00e9 \u00ab\u00a0choqu\u00e9s\u00a0\u00bb de voir Salah en zone mixte dimanche","datePublished":"2024-11-26T07:48:45+00:00","dateModified":"2024-11-26T07:48:48+00:00","mainEntityOfPage":{"@id":"https:\/\/footdavant.fr\/actualites\/les-joueurs-de-liverpool-ont-ete-choques-de-voir-salah-en-zone-mixte-dimanche\/"},"wordCount":497,"publisher":{"@id":"https:\/\/footdavant.fr\/actualites\/#organization"},"keywords":["choqu\u00e9s","dimanche","\u00e9t\u00e9","joueurs","les","Liverpool","mixte","ont","Salah","voir","zone"],"articleSection":["Football"],"inLanguage":"fr-FR"},{"@type":"WebPage","@id":"https:\/\/footdavant.fr\/actualites\/les-joueurs-de-liverpool-ont-ete-choques-de-voir-salah-en-zone-mixte-dimanche\/","url":"https:\/\/footdavant.fr\/actualites\/les-joueurs-de-liverpool-ont-ete-choques-de-voir-salah-en-zone-mixte-dimanche\/","name":"Les joueurs de Liverpool ont \u00e9t\u00e9 \"choqu\u00e9s\" de voir Salah en zone mixte dimanche","isPartOf":{"@id":"https:\/\/footdavant.fr\/actualites\/#website"},"datePublished":"2024-11-26T07:48:45+00:00","dateModified":"2024-11-26T07:48:48+00:00","breadcrumb":{"@id":"https:\/\/footdavant.fr\/actualites\/les-joueurs-de-liverpool-ont-ete-choques-de-voir-salah-en-zone-mixte-dimanche\/#breadcrumb"},"inLanguage":"fr-FR","potentialAction":[{"@type":"ReadAction","target":["https:\/\/footdavant.fr\/actualites\/les-joueurs-de-liverpool-ont-ete-choques-de-voir-salah-en-zone-mixte-dimanche\/"]}]},{"@type":"BreadcrumbList","@id":"https:\/\/footdavant.fr\/actualites\/les-joueurs-de-liverpool-ont-ete-choques-de-voir-salah-en-zone-mixte-dimanche\/#breadcrumb","itemListElement":[{"@type":"ListItem","position":1,"name":"Accueil","item":"https:\/\/footdavant.fr\/actualites\/"},{"@type":"ListItem","position":2,"name":"Les joueurs de Liverpool ont \u00e9t\u00e9 \u00ab\u00a0choqu\u00e9s\u00a0\u00bb de voir Salah en zone mixte dimanche"}]},{"@type":"WebSite","@id":"https:\/\/footdavant.fr\/actualites\/#website","url":"https:\/\/footdavant.fr\/actualites\/","name":"Foot d'avant","description":"","publisher":{"@id":"https:\/\/footdavant.fr\/actualites\/#organization"},"potentialAction":[{"@type":"SearchAction","target":{"@type":"EntryPoint","urlTemplate":"https:\/\/footdavant.fr\/actualites\/?s={search_term_string}"},"query-input":"required name=search_term_string"}],"inLanguage":"fr-FR"},{"@type":"Organization","@id":"https:\/\/footdavant.fr\/actualites\/#organization","name":"Foot d'avant","url":"https:\/\/footdavant.fr\/actualites\/","logo":{"@type":"ImageObject","inLanguage":"fr-FR","@id":"https:\/\/footdavant.fr\/actualites\/#\/schema\/logo\/image\/","url":"https:\/\/footdavant.fr\/actualites\/wp-content\/uploads\/2023\/09\/Copy-of-FootDavant-Logo.png","contentUrl":"https:\/\/footdavant.fr\/actualites\/wp-content\/uploads\/2023\/09\/Copy-of-FootDavant-Logo.png","width":936,"height":549,"caption":"Foot d'avant"},"image":{"@id":"https:\/\/footdavant.fr\/actualites\/#\/schema\/logo\/image\/"},"sameAs":["https:\/\/www.facebook.com\/Footdavant\/","https:\/\/twitter.com\/FootdavantFr","https:\/\/www.instagram.com\/footdavant.fr\/"]},{"@type":"Person","@id":"https:\/\/footdavant.fr\/actualites\/#\/schema\/person\/bc222566d95871b37e597b3ed3ba5e1d","name":"Cl\u00e9ment","image":{"@type":"ImageObject","inLanguage":"fr-FR","@id":"https:\/\/footdavant.fr\/actualites\/#\/schema\/person\/image\/","url":"https:\/\/secure.gravatar.com\/avatar\/7728b29aac2719421e1a9159b2254c44?s=96&d=mm&r=g","contentUrl":"https:\/\/secure.gravatar.com\/avatar\/7728b29aac2719421e1a9159b2254c44?s=96&d=mm&r=g","caption":"Cl\u00e9ment"},"sameAs":["https:\/\/footdavant.fr\/"]}]}},"_links":{"self":[{"href":"https:\/\/footdavant.fr\/actualites\/wp-json\/wp\/v2\/posts\/16644"}],"collection":[{"href":"https:\/\/footdavant.fr\/actualites\/wp-json\/wp\/v2\/posts"}],"about":[{"href":"https:\/\/footdavant.fr\/actualites\/wp-json\/wp\/v2\/types\/post"}],"author":[{"embeddable":true,"href":"https:\/\/footdavant.fr\/actualites\/wp-json\/wp\/v2\/users\/1"}],"replies":[{"embeddable":true,"href":"https:\/\/footdavant.fr\/actualites\/wp-json\/wp\/v2\/comments?post=16644"}],"version-history":[{"count":1,"href":"https:\/\/footdavant.fr\/actualites\/wp-json\/wp\/v2\/posts\/16644\/revisions"}],"predecessor-version":[{"id":16646,"href":"https:\/\/footdavant.fr\/actualites\/wp-json\/wp\/v2\/posts\/16644\/revisions\/16646"}],"wp:featuredmedia":[{"embeddable":true,"href":"https:\/\/footdavant.fr\/actualites\/wp-json\/wp\/v2\/media\/16645"}],"wp:attachment":[{"href":"https:\/\/footdavant.fr\/actualites\/wp-json\/wp\/v2\/media?parent=16644"}],"wp:term":[{"taxonomy":"category","embeddable":true,"href":"https:\/\/footdavant.fr\/actualites\/wp-json\/wp\/v2\/categories?post=16644"},{"taxonomy":"post_tag","embeddable":true,"href":"https:\/\/footdavant.fr\/actualites\/wp-json\/wp\/v2\/tags?post=16644"}],"curies":[{"name":"wp","href":"https:\/\/api.w.org\/{rel}","templated":true}]}}