{"id":16655,"date":"2024-11-26T13:48:04","date_gmt":"2024-11-26T12:48:04","guid":{"rendered":"https:\/\/footdavant.fr\/actualites\/apercu-manchester-city-contre-feyenoord-pronostics-actualites-de-lequipe-compositions\/"},"modified":"2024-11-26T13:48:07","modified_gmt":"2024-11-26T12:48:07","slug":"apercu-manchester-city-contre-feyenoord-pronostics-actualites-de-lequipe-compositions","status":"publish","type":"post","link":"https:\/\/footdavant.fr\/actualites\/apercu-manchester-city-contre-feyenoord-pronostics-actualites-de-lequipe-compositions\/","title":{"rendered":"Aper\u00e7u : Manchester City contre Feyenoord \u2013 pronostics, actualit\u00e9s de l&#39;\u00e9quipe, compositions"},"content":{"rendered":"<p>Sports Mole pr\u00e9sente un aper\u00e7u du choc de la Ligue des champions de mardi entre Manchester City et Feyenoord, y compris les pronostics, les nouvelles de l&#39;\u00e9quipe et les compositions possibles.<\/p>\n<div id=\"article_body\" itemprop=\"articleBody\">\n<p class=\"firstPara\">En pleine crise apr\u00e8s leur cinqui\u00e8me d\u00e9faite cons\u00e9cutive toutes comp\u00e9titions confondues, doux <strong class=\"autotag\">Manchester City<\/strong> chercher une chance de repr\u00e9sailles mardi <strong class=\"autotag\">Ligue des Champions<\/strong> match de phase de championnat \u00e0 domicile contre <strong class=\"autotag\">Feyenoord<\/strong>.<\/p>\n<p><strong class=\"autotag\">Pep Guardiola<\/strong>du c\u00f4t\u00e9 <strong>ont \u00e9t\u00e9 an\u00e9antis 4-0 par Tottenham Hotspur<\/strong> lors du choc de Premier League de samedi, tandis que leurs adversaires n\u00e9erlandais ont \u00e0 peine transpir\u00e9 lors d&#39;une victoire 3-0 en Eredivisie contre Heerenveen.<\/p>\n<h2>Aper\u00e7u du match<\/h2>\n<p class=\"imgI\">\n<p>Depuis les sommets de <strong>une prolongation de contrat avec Guardiola<\/strong> Au plus bas de sa plus lourde d\u00e9faite \u00e0 domicile en Premier League sous la direction de l&#39;entra\u00eeneur catalan, l&#39;atroce parcours automnal de Man City s&#39;est poursuivi samedi soir contre une \u00e9quipe de Tottenham qui a pris l&#39;habitude de voler des points aux champions.<\/p>\n<p>Cependant, m\u00eame le partisan le plus \u00e0 moiti\u00e9 plein des Lilywhites n&#39;aurait pas pu imaginer l&#39;embarras qui s&#39;ensuivrait \u00e0 l&#39;Etihad, o\u00f9 le gar\u00e7on d&#39;anniversaire <strong class=\"autotag\">James Maddison<\/strong> a frapp\u00e9 un doubl\u00e9 avant <strong class=\"autotag\">Pedro Porro<\/strong> et <strong class=\"autotag\">Brennan Johnson<\/strong> a r\u00e9alis\u00e9 une mutilation mancunienne impr\u00e9vue.<\/p>\n<p>Alors que les supporters de Liverpool \u00e0 travers tout le pays tentent de ma\u00eetriser leur enthousiasme alors qu&#39;un peu moins d&#39;un tiers de la saison est jou\u00e9, les champions en difficult\u00e9 ont pour mission d&#39;\u00e9viter une sixi\u00e8me d\u00e9faite cons\u00e9cutive lors du match continental de mardi, o\u00f9 ils ont \u00e9galement de nombreux torts europ\u00e9ens \u00e0 r\u00e9parer. .<\/p>\n<p>En effet, l&#39;actuel patron de Manchester United <strong class=\"autotag\">Ruben Amorim<\/strong> dirig\u00e9 <strong>un formidable succ\u00e8s 4-1 pour le Sporting Lisbonne<\/strong> lors de son dernier match de Ligue des Champions \u00e0 la t\u00eate des g\u00e9ants portugais, laissant Man City en dehors des places de qualification automatique pour l&#39;UCL \u00e0 la 10e place du classement. <strong>Tableau de 36 \u00e9quipes<\/strong>.<\/p>\n<p>Si la catastrophe survenait \u00e0 nouveau et que les champions en titre de la Premier League \u00e9chouaient mardi, ils auraient perdu deux matches cons\u00e9cutifs \u00e0 domicile pour la premi\u00e8re fois depuis une s\u00e9rie de trois d\u00e9faites cons\u00e9cutives \u00e0 l&#39;Etihad en 2018, mais ils ont disput\u00e9 33 matches \u00e0 domicile sans subir une d\u00e9faite aux tirs au but en Ligue des champions.<\/p>\n<p class=\"imgI\">\n<p>En revanche, le prochain adversaire du Feyenoord n&#39;a qu&#39;\u00e0 remonter au 6 novembre pour conna\u00eetre sa derni\u00e8re d\u00e9faite \u00e0 domicile de 90 minutes dans la premi\u00e8re comp\u00e9tition europ\u00e9enne. <strong class=\"autotag\">Brian Priske<\/strong>Les hommes de &#39;s ont \u00e9t\u00e9 battus 3-1 par une \u00e9quipe du Red Bull Salzbourg qui avait perdu ses trois premiers matches dans la comp\u00e9tition.<\/p>\n<p>Alors que Man City n&#39;a pas r\u00e9ussi \u00e0 renverser la vapeur depuis son dernier revers en Ligue des champions, les visiteurs de l&#39;Etihad de mardi sont rapidement revenus au type avec des victoires dominantes en Eredivisie contre Almere City (4-1) et Heerenveen (3-0) ; ce dernier r\u00e9sultat lui a valu six victoires sur sept dans l&#39;\u00e9lite n\u00e9erlandaise.<\/p>\n<p>L&#39;\u00e9quipe de Priske a encore un long chemin \u00e0 parcourir pour rattraper le leader en fuite, le PSV Eindhoven, en t\u00eate du classement. <strong>Classement de l&#39;Eredivisie<\/strong>cependant, et un total indiff\u00e9rent de six points lors de leurs quatre premiers matches de Ligue des champions de 2024-25 les laisse dans la moiti\u00e9 inf\u00e9rieure du classement de la phase de championnat.<\/p>\n<p>Cependant, six de ces points ont \u00e9t\u00e9 glan\u00e9s \u00e0 l&#39;ext\u00e9rieur, o\u00f9 Feyenoord a d\u00e9j\u00e0 battu G\u00e9rone 3-2 et Benfica 3-1 en Ligue des champions cette saison, et ils pourraient d\u00e9sormais remporter trois matches cons\u00e9cutifs \u00e0 l&#39;ext\u00e9rieur en Coupe d&#39;Europe pour la premi\u00e8re fois. dans leur histoire.<\/p>\n<p>L&#39;\u00e9quipe de Rotterdam \u00e9tait cependant impuissante face au poids lourd de Guardiola lors de la phase de groupes de la Ligue des champions 2017-18, alors que Man City s&#39;est d\u00e9cha\u00een\u00e9 lors d&#39;une racl\u00e9e 4-0 de De Kuip lors de leur rencontre inaugurale avant de devancer Feyenoord 1-0 \u00e0 l&#39;Etihad ; une r\u00e9p\u00e9tition de ce dernier score, bien que peu cat\u00e9gorique, serait accueillie \u00e0 bras ouverts par les fid\u00e8les d\u00e9courag\u00e9s de City mardi.<\/p>\n<p>Forme de la Ligue des Champions de Manchester City :<\/p>\n<p>Forme Manchester City (toutes comp\u00e9titions) :<\/p>\n<p>Forme de la Ligue des Champions de Feyenoord :<\/p>\n<p>Forme Feyenoord (toutes comp\u00e9titions) :<\/p>\n<p><\/p>\n<h2>Nouvelles de l&#39;\u00e9quipe<\/h2>\n<p class=\"imgI\">\n<p>Il n&#39;y a aucune chance que City puisse faire appel \u00e0 <strong class=\"autotag\">Rodri<\/strong> (LCA), <strong class=\"autotag\">Oscar Bob<\/strong> (jambe) ou <strong class=\"autotag\">Mateo Kovacic<\/strong> (non pr\u00e9cis\u00e9) pour la visite de Feyenoord, mais <strong class=\"autotag\">Rub\u00e9n Dias<\/strong> s&#39;entra\u00eene \u00e0 nouveau suite \u00e0 un souci de mollet et pourrait \u00eatre une option.<\/p>\n<p><strong class=\"autotag\">J\u00e9r\u00e9mie Doku<\/strong> (cuisse) est exactement dans le m\u00eame bateau, mais Guardiola r\u00e9fl\u00e9chira sans aucun doute \u00e0 de nombreuses modifications dans les deux cas, y compris un \u00e9ventuel rappel offensif pour <strong class=\"autotag\">K\u00e9vin De Bruyne<\/strong>.<\/p>\n<p>Le meneur de jeu belge a montr\u00e9 quelques touches astucieuses en sortie de banc samedi et pourrait constituer une attaque remani\u00e9e aux c\u00f4t\u00e9s de <strong class=\"autotag\">Jack Grealish<\/strong>alors que <strong class=\"autotag\">Nathan Ak\u00e9<\/strong> devrait d\u00e9placer soit <strong class=\"autotag\">John Pierres<\/strong> ou <strong class=\"autotag\">Josko Gvardiol<\/strong> \u00e0 l&#39;arri\u00e8re.<\/p>\n<p>Quant \u00e0 Feyenoord, sa d\u00e9faite \u00e0 domicile contre Salzbourg a \u00e9t\u00e9 d\u00e9sastreuse pour plus d&#39;une raison, selon le meneur de jeu. <strong class=\"autotag\">Chris-Kevin Nadje<\/strong> a re\u00e7u un carton rouge direct pour une faute grave en seconde p\u00e9riode et ratera le d\u00e9placement \u00e0 Manchester pour cause de suspension.<\/p>\n<p>L&#39;\u00e9quipe de Rotterdam travaille \u00e9galement sur une crise de blessures plus importante que celle de Man City, puisque pas moins de huit joueurs ont rat\u00e9 la victoire contre Heerenveen samedi, dont l&#39;attaquant mortel. <strong class=\"autotag\">Santiago Gim\u00e9nez<\/strong> (hanche), gardien de premier choix <strong class=\"autotag\">Justin Bijlow<\/strong> (muscle) et capitaine <strong class=\"autotag\">Bois Quinten<\/strong> (cheville); cependant, tous les trois se sont entra\u00een\u00e9s avant celui-ci et pourraient \u00eatre impliqu\u00e9s.<\/p>\n<p><strong class=\"autotag\">Hugo Bueno<\/strong> (ind\u00e9termin\u00e9), <strong class=\"autotag\">Ayase Ueda<\/strong> (muscle), <strong class=\"autotag\">Ibrahim Osman<\/strong> (non pr\u00e9cis\u00e9) et <strong class=\"autotag\">Quilindschy Hartman<\/strong> (genou) sont des absents d\u00e9finitifs pour les visiteurs, m\u00eame si ces derniers n&#39;ont de toute fa\u00e7on pas \u00e9t\u00e9 s\u00e9lectionn\u00e9s pour la phase de championnat de Feyenoord en raison de sa longue absence.<\/p>\n<p><strong>Composition de d\u00e9part possible de Manchester City :<\/strong><br \/>Ederson\u00a0; Walker, Akanji, Stones, Ake\u00a0; Nunes, Lewis ; Savinho, De Bruyne, Grealish ; Haaland<\/p>\n<p><strong>Composition de d\u00e9part possible de Feyenoord :<\/strong><br \/>Wellenreuther\u00a0; Nieuwkoop, Trauner, Hancko, Smal; Bois, Zerrouki, Milambo ; Moussa, Gim\u00e9nez, Paixao<\/p>\n<p class=\"sm_center\">\n<h2 class=\"sm_center\">Nous disons : Manchester City 3-0 Feyenoord<\/h2>\n<p>Avec Feyenoord dans une bien pire forme que l&#39;\u00e9quipe de Guardiola en termes de forme physique, le match de mardi est une ample opportunit\u00e9 pour les Citizens de se sortir de leur orni\u00e8re, et qu&#39;ils ne devraient pas laisser passer.<\/p>\n<p>Comme un seul des 19 derniers matchs de Ligue des champions des visiteurs les a vu garder leur cage inviol\u00e9e, City devrait frapper plus d&#39;une fois en route vers la victoire qui pourrait ou non d\u00e9clencher une renaissance hivernale. <\/p>\n<p>Pour l&#39;analyse des donn\u00e9es des r\u00e9sultats les plus probables, des scores et plus encore pour ce match <strong>s&#39;il vous pla\u00eet cliquez ici<\/strong>.<\/p>\n<h2>Aper\u00e7us par email<\/h2>\n<div>Cliquez ici pour obtenir <strong>Taupe de sport<\/strong>L&#39;e-mail quotidien d&#39;avant-premi\u00e8res et de pronostics pour chaque jeu majeur\u00a0!<\/div>\n<p><\/div>\n","protected":false},"excerpt":{"rendered":"<p>Sports Mole pr\u00e9sente un aper\u00e7u du choc de la Ligue des champions de mardi entre Manchester City et Feyenoord, y compris les pronostics, les nouvelles<\/p>\n","protected":false},"author":1,"featured_media":16656,"comment_status":"closed","ping_status":"","sticky":false,"template":"","format":"standard","meta":{"footnotes":""},"categories":[4],"tags":[7,284,27,383,20,406,4219,11,382],"yoast_head":"<!-- This site is optimized with the Yoast SEO plugin v21.0 - https:\/\/yoast.com\/wordpress\/plugins\/seo\/ -->\n<title>Aper\u00e7u : Manchester City contre Feyenoord \u2013 pronostics, actualit\u00e9s de l&#039;\u00e9quipe, compositions<\/title>\n<meta name=\"robots\" content=\"index, follow, max-snippet:-1, max-image-preview:large, max-video-preview:-1\" \/>\n<link rel=\"canonical\" href=\"https:\/\/footdavant.fr\/actualites\/apercu-manchester-city-contre-feyenoord-pronostics-actualites-de-lequipe-compositions\/\" \/>\n<meta property=\"og:locale\" content=\"fr_FR\" \/>\n<meta property=\"og:type\" content=\"article\" \/>\n<meta property=\"og:title\" content=\"Aper\u00e7u : Manchester City contre Feyenoord \u2013 pronostics, actualit\u00e9s de l&#039;\u00e9quipe, compositions\" \/>\n<meta property=\"og:description\" content=\"Sports Mole pr\u00e9sente un aper\u00e7u du choc de la Ligue des champions de mardi entre Manchester City et Feyenoord, y compris les pronostics, les nouvelles\" \/>\n<meta property=\"og:url\" content=\"https:\/\/footdavant.fr\/actualites\/apercu-manchester-city-contre-feyenoord-pronostics-actualites-de-lequipe-compositions\/\" \/>\n<meta property=\"og:site_name\" content=\"Foot d&#039;avant\" \/>\n<meta property=\"article:publisher\" content=\"https:\/\/www.facebook.com\/Footdavant\/\" \/>\n<meta property=\"article:published_time\" content=\"2024-11-26T12:48:04+00:00\" \/>\n<meta property=\"article:modified_time\" content=\"2024-11-26T12:48:07+00:00\" \/>\n<meta property=\"og:image\" content=\"https:\/\/footdavant.fr\/actualites\/wp-content\/uploads\/2024\/11\/Apercu-Manchester-City-contre-Feyenoord-\u2013-pronostics-actualites-de.jpg\" \/>\n\t<meta property=\"og:image:width\" content=\"1280\" \/>\n\t<meta property=\"og:image:height\" content=\"960\" \/>\n\t<meta property=\"og:image:type\" content=\"image\/jpeg\" \/>\n<meta name=\"author\" content=\"Cl\u00e9ment\" \/>\n<meta name=\"twitter:card\" content=\"summary_large_image\" \/>\n<meta name=\"twitter:creator\" content=\"@FootdavantFr\" \/>\n<meta name=\"twitter:site\" content=\"@FootdavantFr\" \/>\n<meta name=\"twitter:label1\" content=\"\u00c9crit par\" \/>\n\t<meta name=\"twitter:data1\" content=\"Cl\u00e9ment\" \/>\n\t<meta name=\"twitter:label2\" content=\"Dur\u00e9e de lecture estim\u00e9e\" \/>\n\t<meta name=\"twitter:data2\" content=\"6 minutes\" \/>\n<script type=\"application\/ld+json\" class=\"yoast-schema-graph\">{\"@context\":\"https:\/\/schema.org\",\"@graph\":[{\"@type\":\"Article\",\"@id\":\"https:\/\/footdavant.fr\/actualites\/apercu-manchester-city-contre-feyenoord-pronostics-actualites-de-lequipe-compositions\/#article\",\"isPartOf\":{\"@id\":\"https:\/\/footdavant.fr\/actualites\/apercu-manchester-city-contre-feyenoord-pronostics-actualites-de-lequipe-compositions\/\"},\"author\":{\"name\":\"Cl\u00e9ment\",\"@id\":\"https:\/\/footdavant.fr\/actualites\/#\/schema\/person\/bc222566d95871b37e597b3ed3ba5e1d\"},\"headline\":\"Aper\u00e7u : Manchester City contre Feyenoord \u2013 pronostics, actualit\u00e9s de l&#39;\u00e9quipe, compositions\",\"datePublished\":\"2024-11-26T12:48:04+00:00\",\"dateModified\":\"2024-11-26T12:48:07+00:00\",\"mainEntityOfPage\":{\"@id\":\"https:\/\/footdavant.fr\/actualites\/apercu-manchester-city-contre-feyenoord-pronostics-actualites-de-lequipe-compositions\/\"},\"wordCount\":1241,\"publisher\":{\"@id\":\"https:\/\/footdavant.fr\/actualites\/#organization\"},\"keywords\":[\"Actualit\u00e9s\",\"Aper\u00e7u\",\"City\",\"compositions\",\"contre\",\"Feyenoord\",\"l39\u00e9quipe\",\"Manchester\",\"pronostics\"],\"articleSection\":[\"Champions League\"],\"inLanguage\":\"fr-FR\"},{\"@type\":\"WebPage\",\"@id\":\"https:\/\/footdavant.fr\/actualites\/apercu-manchester-city-contre-feyenoord-pronostics-actualites-de-lequipe-compositions\/\",\"url\":\"https:\/\/footdavant.fr\/actualites\/apercu-manchester-city-contre-feyenoord-pronostics-actualites-de-lequipe-compositions\/\",\"name\":\"Aper\u00e7u : Manchester City contre Feyenoord \u2013 pronostics, actualit\u00e9s de l&#39;\u00e9quipe, compositions\",\"isPartOf\":{\"@id\":\"https:\/\/footdavant.fr\/actualites\/#website\"},\"datePublished\":\"2024-11-26T12:48:04+00:00\",\"dateModified\":\"2024-11-26T12:48:07+00:00\",\"breadcrumb\":{\"@id\":\"https:\/\/footdavant.fr\/actualites\/apercu-manchester-city-contre-feyenoord-pronostics-actualites-de-lequipe-compositions\/#breadcrumb\"},\"inLanguage\":\"fr-FR\",\"potentialAction\":[{\"@type\":\"ReadAction\",\"target\":[\"https:\/\/footdavant.fr\/actualites\/apercu-manchester-city-contre-feyenoord-pronostics-actualites-de-lequipe-compositions\/\"]}]},{\"@type\":\"BreadcrumbList\",\"@id\":\"https:\/\/footdavant.fr\/actualites\/apercu-manchester-city-contre-feyenoord-pronostics-actualites-de-lequipe-compositions\/#breadcrumb\",\"itemListElement\":[{\"@type\":\"ListItem\",\"position\":1,\"name\":\"Accueil\",\"item\":\"https:\/\/footdavant.fr\/actualites\/\"},{\"@type\":\"ListItem\",\"position\":2,\"name\":\"Aper\u00e7u : Manchester City contre Feyenoord \u2013 pronostics, actualit\u00e9s de l&#39;\u00e9quipe, compositions\"}]},{\"@type\":\"WebSite\",\"@id\":\"https:\/\/footdavant.fr\/actualites\/#website\",\"url\":\"https:\/\/footdavant.fr\/actualites\/\",\"name\":\"Foot d'avant\",\"description\":\"\",\"publisher\":{\"@id\":\"https:\/\/footdavant.fr\/actualites\/#organization\"},\"potentialAction\":[{\"@type\":\"SearchAction\",\"target\":{\"@type\":\"EntryPoint\",\"urlTemplate\":\"https:\/\/footdavant.fr\/actualites\/?s={search_term_string}\"},\"query-input\":\"required name=search_term_string\"}],\"inLanguage\":\"fr-FR\"},{\"@type\":\"Organization\",\"@id\":\"https:\/\/footdavant.fr\/actualites\/#organization\",\"name\":\"Foot d'avant\",\"url\":\"https:\/\/footdavant.fr\/actualites\/\",\"logo\":{\"@type\":\"ImageObject\",\"inLanguage\":\"fr-FR\",\"@id\":\"https:\/\/footdavant.fr\/actualites\/#\/schema\/logo\/image\/\",\"url\":\"https:\/\/footdavant.fr\/actualites\/wp-content\/uploads\/2023\/09\/Copy-of-FootDavant-Logo.png\",\"contentUrl\":\"https:\/\/footdavant.fr\/actualites\/wp-content\/uploads\/2023\/09\/Copy-of-FootDavant-Logo.png\",\"width\":936,\"height\":549,\"caption\":\"Foot d'avant\"},\"image\":{\"@id\":\"https:\/\/footdavant.fr\/actualites\/#\/schema\/logo\/image\/\"},\"sameAs\":[\"https:\/\/www.facebook.com\/Footdavant\/\",\"https:\/\/twitter.com\/FootdavantFr\",\"https:\/\/www.instagram.com\/footdavant.fr\/\"]},{\"@type\":\"Person\",\"@id\":\"https:\/\/footdavant.fr\/actualites\/#\/schema\/person\/bc222566d95871b37e597b3ed3ba5e1d\",\"name\":\"Cl\u00e9ment\",\"image\":{\"@type\":\"ImageObject\",\"inLanguage\":\"fr-FR\",\"@id\":\"https:\/\/footdavant.fr\/actualites\/#\/schema\/person\/image\/\",\"url\":\"https:\/\/secure.gravatar.com\/avatar\/7728b29aac2719421e1a9159b2254c44?s=96&d=mm&r=g\",\"contentUrl\":\"https:\/\/secure.gravatar.com\/avatar\/7728b29aac2719421e1a9159b2254c44?s=96&d=mm&r=g\",\"caption\":\"Cl\u00e9ment\"},\"sameAs\":[\"https:\/\/footdavant.fr\/\"]}]}<\/script>\n<!-- \/ Yoast SEO plugin. -->","yoast_head_json":{"title":"Aper\u00e7u : Manchester City contre Feyenoord \u2013 pronostics, actualit\u00e9s de l&#39;\u00e9quipe, compositions","robots":{"index":"index","follow":"follow","max-snippet":"max-snippet:-1","max-image-preview":"max-image-preview:large","max-video-preview":"max-video-preview:-1"},"canonical":"https:\/\/footdavant.fr\/actualites\/apercu-manchester-city-contre-feyenoord-pronostics-actualites-de-lequipe-compositions\/","og_locale":"fr_FR","og_type":"article","og_title":"Aper\u00e7u : Manchester City contre Feyenoord \u2013 pronostics, actualit\u00e9s de l&#39;\u00e9quipe, compositions","og_description":"Sports Mole pr\u00e9sente un aper\u00e7u du choc de la Ligue des champions de mardi entre Manchester City et Feyenoord, y compris les pronostics, les nouvelles","og_url":"https:\/\/footdavant.fr\/actualites\/apercu-manchester-city-contre-feyenoord-pronostics-actualites-de-lequipe-compositions\/","og_site_name":"Foot d&#039;avant","article_publisher":"https:\/\/www.facebook.com\/Footdavant\/","article_published_time":"2024-11-26T12:48:04+00:00","article_modified_time":"2024-11-26T12:48:07+00:00","og_image":[{"width":1280,"height":960,"url":"https:\/\/footdavant.fr\/actualites\/wp-content\/uploads\/2024\/11\/Apercu-Manchester-City-contre-Feyenoord-\u2013-pronostics-actualites-de.jpg","type":"image\/jpeg"}],"author":"Cl\u00e9ment","twitter_card":"summary_large_image","twitter_creator":"@FootdavantFr","twitter_site":"@FootdavantFr","twitter_misc":{"\u00c9crit par":"Cl\u00e9ment","Dur\u00e9e de lecture estim\u00e9e":"6 minutes"},"schema":{"@context":"https:\/\/schema.org","@graph":[{"@type":"Article","@id":"https:\/\/footdavant.fr\/actualites\/apercu-manchester-city-contre-feyenoord-pronostics-actualites-de-lequipe-compositions\/#article","isPartOf":{"@id":"https:\/\/footdavant.fr\/actualites\/apercu-manchester-city-contre-feyenoord-pronostics-actualites-de-lequipe-compositions\/"},"author":{"name":"Cl\u00e9ment","@id":"https:\/\/footdavant.fr\/actualites\/#\/schema\/person\/bc222566d95871b37e597b3ed3ba5e1d"},"headline":"Aper\u00e7u : Manchester City contre Feyenoord \u2013 pronostics, actualit\u00e9s de l&#39;\u00e9quipe, compositions","datePublished":"2024-11-26T12:48:04+00:00","dateModified":"2024-11-26T12:48:07+00:00","mainEntityOfPage":{"@id":"https:\/\/footdavant.fr\/actualites\/apercu-manchester-city-contre-feyenoord-pronostics-actualites-de-lequipe-compositions\/"},"wordCount":1241,"publisher":{"@id":"https:\/\/footdavant.fr\/actualites\/#organization"},"keywords":["Actualit\u00e9s","Aper\u00e7u","City","compositions","contre","Feyenoord","l39\u00e9quipe","Manchester","pronostics"],"articleSection":["Champions League"],"inLanguage":"fr-FR"},{"@type":"WebPage","@id":"https:\/\/footdavant.fr\/actualites\/apercu-manchester-city-contre-feyenoord-pronostics-actualites-de-lequipe-compositions\/","url":"https:\/\/footdavant.fr\/actualites\/apercu-manchester-city-contre-feyenoord-pronostics-actualites-de-lequipe-compositions\/","name":"Aper\u00e7u : Manchester City contre Feyenoord \u2013 pronostics, actualit\u00e9s de l&#39;\u00e9quipe, compositions","isPartOf":{"@id":"https:\/\/footdavant.fr\/actualites\/#website"},"datePublished":"2024-11-26T12:48:04+00:00","dateModified":"2024-11-26T12:48:07+00:00","breadcrumb":{"@id":"https:\/\/footdavant.fr\/actualites\/apercu-manchester-city-contre-feyenoord-pronostics-actualites-de-lequipe-compositions\/#breadcrumb"},"inLanguage":"fr-FR","potentialAction":[{"@type":"ReadAction","target":["https:\/\/footdavant.fr\/actualites\/apercu-manchester-city-contre-feyenoord-pronostics-actualites-de-lequipe-compositions\/"]}]},{"@type":"BreadcrumbList","@id":"https:\/\/footdavant.fr\/actualites\/apercu-manchester-city-contre-feyenoord-pronostics-actualites-de-lequipe-compositions\/#breadcrumb","itemListElement":[{"@type":"ListItem","position":1,"name":"Accueil","item":"https:\/\/footdavant.fr\/actualites\/"},{"@type":"ListItem","position":2,"name":"Aper\u00e7u : Manchester City contre Feyenoord \u2013 pronostics, actualit\u00e9s de l&#39;\u00e9quipe, compositions"}]},{"@type":"WebSite","@id":"https:\/\/footdavant.fr\/actualites\/#website","url":"https:\/\/footdavant.fr\/actualites\/","name":"Foot d'avant","description":"","publisher":{"@id":"https:\/\/footdavant.fr\/actualites\/#organization"},"potentialAction":[{"@type":"SearchAction","target":{"@type":"EntryPoint","urlTemplate":"https:\/\/footdavant.fr\/actualites\/?s={search_term_string}"},"query-input":"required name=search_term_string"}],"inLanguage":"fr-FR"},{"@type":"Organization","@id":"https:\/\/footdavant.fr\/actualites\/#organization","name":"Foot d'avant","url":"https:\/\/footdavant.fr\/actualites\/","logo":{"@type":"ImageObject","inLanguage":"fr-FR","@id":"https:\/\/footdavant.fr\/actualites\/#\/schema\/logo\/image\/","url":"https:\/\/footdavant.fr\/actualites\/wp-content\/uploads\/2023\/09\/Copy-of-FootDavant-Logo.png","contentUrl":"https:\/\/footdavant.fr\/actualites\/wp-content\/uploads\/2023\/09\/Copy-of-FootDavant-Logo.png","width":936,"height":549,"caption":"Foot d'avant"},"image":{"@id":"https:\/\/footdavant.fr\/actualites\/#\/schema\/logo\/image\/"},"sameAs":["https:\/\/www.facebook.com\/Footdavant\/","https:\/\/twitter.com\/FootdavantFr","https:\/\/www.instagram.com\/footdavant.fr\/"]},{"@type":"Person","@id":"https:\/\/footdavant.fr\/actualites\/#\/schema\/person\/bc222566d95871b37e597b3ed3ba5e1d","name":"Cl\u00e9ment","image":{"@type":"ImageObject","inLanguage":"fr-FR","@id":"https:\/\/footdavant.fr\/actualites\/#\/schema\/person\/image\/","url":"https:\/\/secure.gravatar.com\/avatar\/7728b29aac2719421e1a9159b2254c44?s=96&d=mm&r=g","contentUrl":"https:\/\/secure.gravatar.com\/avatar\/7728b29aac2719421e1a9159b2254c44?s=96&d=mm&r=g","caption":"Cl\u00e9ment"},"sameAs":["https:\/\/footdavant.fr\/"]}]}},"_links":{"self":[{"href":"https:\/\/footdavant.fr\/actualites\/wp-json\/wp\/v2\/posts\/16655"}],"collection":[{"href":"https:\/\/footdavant.fr\/actualites\/wp-json\/wp\/v2\/posts"}],"about":[{"href":"https:\/\/footdavant.fr\/actualites\/wp-json\/wp\/v2\/types\/post"}],"author":[{"embeddable":true,"href":"https:\/\/footdavant.fr\/actualites\/wp-json\/wp\/v2\/users\/1"}],"replies":[{"embeddable":true,"href":"https:\/\/footdavant.fr\/actualites\/wp-json\/wp\/v2\/comments?post=16655"}],"version-history":[{"count":1,"href":"https:\/\/footdavant.fr\/actualites\/wp-json\/wp\/v2\/posts\/16655\/revisions"}],"predecessor-version":[{"id":16657,"href":"https:\/\/footdavant.fr\/actualites\/wp-json\/wp\/v2\/posts\/16655\/revisions\/16657"}],"wp:featuredmedia":[{"embeddable":true,"href":"https:\/\/footdavant.fr\/actualites\/wp-json\/wp\/v2\/media\/16656"}],"wp:attachment":[{"href":"https:\/\/footdavant.fr\/actualites\/wp-json\/wp\/v2\/media?parent=16655"}],"wp:term":[{"taxonomy":"category","embeddable":true,"href":"https:\/\/footdavant.fr\/actualites\/wp-json\/wp\/v2\/categories?post=16655"},{"taxonomy":"post_tag","embeddable":true,"href":"https:\/\/footdavant.fr\/actualites\/wp-json\/wp\/v2\/tags?post=16655"}],"curies":[{"name":"wp","href":"https:\/\/api.w.org\/{rel}","templated":true}]}}