{"id":16719,"date":"2024-11-27T22:48:01","date_gmt":"2024-11-27T21:48:01","guid":{"rendered":"https:\/\/footdavant.fr\/actualites\/lancien-defenseur-de-liverpool-sepp-van-den-berg-explique-pourquoi-il-a-quitte-anfield-pour-brentford\/"},"modified":"2024-11-27T22:48:02","modified_gmt":"2024-11-27T21:48:02","slug":"lancien-defenseur-de-liverpool-sepp-van-den-berg-explique-pourquoi-il-a-quitte-anfield-pour-brentford","status":"publish","type":"post","link":"https:\/\/footdavant.fr\/actualites\/lancien-defenseur-de-liverpool-sepp-van-den-berg-explique-pourquoi-il-a-quitte-anfield-pour-brentford\/","title":{"rendered":"L&#39;ancien d\u00e9fenseur de Liverpool Sepp van den Berg explique pourquoi il a quitt\u00e9 Anfield pour Brentford"},"content":{"rendered":"<p>Le d\u00e9fenseur de Brentford Sepp van den Berg explique pourquoi il a pris la d\u00e9cision de mettre fin \u00e0 son s\u00e9jour \u00e0 Liverpool lors du mercato estival.<\/p>\n<div id=\"article_body\" itemprop=\"articleBody\">\n<h3 class=\"firstPara\">\n<strong class=\"autotag\">Sepp van den Berg<\/strong> a laiss\u00e9 entendre qu&#39;il n&#39;avait aucun regret d&#39;avoir quitt\u00e9 <strong class=\"autotag\">Liverpool<\/strong> pour <strong class=\"autotag\">Brentford<\/strong> lors du mercato estival.<\/h3>\n<p>En 2019, les g\u00e9ants du Merseyside ont pris la d\u00e9cision de payer 4 millions de livres sterling pour recruter le jeune du PEC Zwolle de l&#39;\u00e9poque, l&#39;espoir \u00e9tant qu&#39;il devienne un joueur de la premi\u00e8re \u00e9quipe.<\/p>\n<p>Cependant, en cinq ans sous contrat avec Liverpool, Van den Berg n&#39;a pas r\u00e9ussi \u00e0 faire une apparition en Premier League avec trois de ses quatre sorties en Coupe EFL.<\/p>\n<p>La nomination d&#39;un compatriote n\u00e9erlandais <strong class=\"autotag\">Machine \u00e0 sous Arne<\/strong> a rendu plausible que Van den Berg aurait pu \u00eatre maintenu dans les rangs seniors pour 2024-25, en particulier apr\u00e8s 33 apparitions pour Mayence 05 en Bundesliga la saison derni\u00e8re.<\/p>\n<p>N\u00e9anmoins, plut\u00f4t que de s&#39;asseoir dans la hi\u00e9rarchie \u00e0 Anfield, le joueur de 22 ans a saisi sa chance de d\u00e9m\u00e9nager \u00e0 Brentford pour environ 25 millions de livres sterling.<\/p>\n<p class=\"imgI\">\n<h2 class=\"k3\">\u00ab\u00a0J&#39;ai pris la bonne d\u00e9cision\u00a0\u00bb<\/h2>\n<p>Van den Berg est depuis devenu un habitu\u00e9 de Brentford, effectuant 12 d\u00e9parts et une apparition en tant que rempla\u00e7ant dans toutes les comp\u00e9titions.<\/p>\n<p>Comme cit\u00e9 par <em>Le miroir<\/em>Van den Berg a sugg\u00e9r\u00e9 qu&#39;il avait quitt\u00e9 son temps avec une \u00e9quipe qui est actuellement leader de la Premier League.<\/p>\n<p>Il a d\u00e9clar\u00e9 : \u00ab\u00a0J&#39;ai \u00e9t\u00e9 tr\u00e8s clair d\u00e8s le d\u00e9but sur le fait que je voulais jouer cette saison. \u00c0 Liverpool, vous avez actuellement deux des meilleurs d\u00e9fenseurs centraux du monde. <\/p>\n<p>\u00ab\u00a0Pour moi, c&#39;\u00e9tait le bon moment pour partir, je suis \u00e0 l&#39;\u00e2ge o\u00f9 j&#39;avais besoin de jouer.<\/p>\n<p>\u00ab\u00a0Je le fais depuis de nombreuses ann\u00e9es en \u00e9tant pr\u00eat\u00e9. Il \u00e9tait temps pour moi de prendre une d\u00e9cision permanente et de m&#39;\u00e9tablir en tant que joueur de Premier League et c&#39;est ce que je fais jusqu&#39;\u00e0 pr\u00e9sent. J&#39;ai pris la bonne d\u00e9cision (mais) encore un long chemin \u00e0 parcourir. \u00bb<\/p>\n<p class=\"imgI\"><img decoding=\"async\" loading=\"lazy\" class=\"l\" src=\"https:\/\/footdavant.fr\/actualites\/wp-content\/uploads\/2024\/11\/L39ancien-defenseur-de-Liverpool-Sepp-van-den-Berg-explique-pourquoi.jpg\" title=\"Entra\u00eeneur-chef de Brentford, Thomas Frank, le 21 septembre 2024\" alt=\"Entra\u00eeneur-chef de Brentford, Thomas Frank, le 21 septembre 2024\" width=\"640\" height=\"480\"><\/p>\n<h2 class=\"k3\">Van den Berg, un acteur cl\u00e9 \u00e0 Brentford<\/h2>\n<p>Non seulement Van den Berg a rat\u00e9 \u00e0 peine une minute d&#39;action en Premier League depuis d\u00e9but septembre, mais il a \u00e9galement \u00e9t\u00e9 utilis\u00e9 \u00e0 la fois \u00e0 l&#39;arri\u00e8re et au centre.<\/p>\n<p>Samedi apr\u00e8s-midi, il a \u00e9t\u00e9 d\u00e9ploy\u00e9 \u00e0 l&#39;arri\u00e8re droit en tant que Brentford \u00e0 10. <strong>a obtenu un match nul et vierge \u00e0 Everton<\/strong>enregistrant ainsi leur premi\u00e8re feuille blanche de la saison.<\/p>\n<p>Brentford poss\u00e8de le cinqui\u00e8me pire bilan d\u00e9fensif de la Premier League, conc\u00e9dant 22 buts en 12 matches.<\/p>\n<\/div>\n","protected":false},"excerpt":{"rendered":"<p>Le d\u00e9fenseur de Brentford Sepp van den Berg explique pourquoi il a pris la d\u00e9cision de mettre fin \u00e0 son s\u00e9jour \u00e0 Liverpool lors du<\/p>\n","protected":false},"author":1,"featured_media":16720,"comment_status":"closed","ping_status":"","sticky":false,"template":"","format":"standard","meta":{"footnotes":""},"categories":[5],"tags":[1929,7176,52,928,7175,577,4404,53,51,610,3137,7174,783],"yoast_head":"<!-- This site is optimized with the Yoast SEO plugin v21.0 - https:\/\/yoast.com\/wordpress\/plugins\/seo\/ -->\n<title>L&#039;ancien d\u00e9fenseur de Liverpool Sepp van den Berg explique pourquoi il a quitt\u00e9 Anfield pour Brentford<\/title>\n<meta name=\"robots\" content=\"index, follow, max-snippet:-1, max-image-preview:large, max-video-preview:-1\" \/>\n<link rel=\"canonical\" href=\"https:\/\/footdavant.fr\/actualites\/lancien-defenseur-de-liverpool-sepp-van-den-berg-explique-pourquoi-il-a-quitte-anfield-pour-brentford\/\" \/>\n<meta property=\"og:locale\" content=\"fr_FR\" \/>\n<meta property=\"og:type\" content=\"article\" \/>\n<meta property=\"og:title\" content=\"L&#039;ancien d\u00e9fenseur de Liverpool Sepp van den Berg explique pourquoi il a quitt\u00e9 Anfield pour Brentford\" \/>\n<meta property=\"og:description\" content=\"Le d\u00e9fenseur de Brentford Sepp van den Berg explique pourquoi il a pris la d\u00e9cision de mettre fin \u00e0 son s\u00e9jour \u00e0 Liverpool lors du\" \/>\n<meta property=\"og:url\" content=\"https:\/\/footdavant.fr\/actualites\/lancien-defenseur-de-liverpool-sepp-van-den-berg-explique-pourquoi-il-a-quitte-anfield-pour-brentford\/\" \/>\n<meta property=\"og:site_name\" content=\"Foot d&#039;avant\" \/>\n<meta property=\"article:publisher\" content=\"https:\/\/www.facebook.com\/Footdavant\/\" \/>\n<meta property=\"article:published_time\" content=\"2024-11-27T21:48:01+00:00\" \/>\n<meta property=\"article:modified_time\" content=\"2024-11-27T21:48:02+00:00\" \/>\n<meta property=\"og:image\" content=\"https:\/\/footdavant.fr\/actualites\/wp-content\/uploads\/2024\/11\/L39ancien-defenseur-de-Liverpool-Sepp-van-den-Berg-explique-pourquoi.jpeg\" \/>\n\t<meta property=\"og:image:width\" content=\"640\" \/>\n\t<meta property=\"og:image:height\" content=\"480\" \/>\n\t<meta property=\"og:image:type\" content=\"image\/jpeg\" \/>\n<meta name=\"author\" content=\"Cl\u00e9ment\" \/>\n<meta name=\"twitter:card\" content=\"summary_large_image\" \/>\n<meta name=\"twitter:creator\" content=\"@FootdavantFr\" \/>\n<meta name=\"twitter:site\" content=\"@FootdavantFr\" \/>\n<meta name=\"twitter:label1\" content=\"\u00c9crit par\" \/>\n\t<meta name=\"twitter:data1\" content=\"Cl\u00e9ment\" \/>\n\t<meta name=\"twitter:label2\" content=\"Dur\u00e9e de lecture estim\u00e9e\" \/>\n\t<meta name=\"twitter:data2\" content=\"2 minutes\" \/>\n<script type=\"application\/ld+json\" class=\"yoast-schema-graph\">{\"@context\":\"https:\/\/schema.org\",\"@graph\":[{\"@type\":\"Article\",\"@id\":\"https:\/\/footdavant.fr\/actualites\/lancien-defenseur-de-liverpool-sepp-van-den-berg-explique-pourquoi-il-a-quitte-anfield-pour-brentford\/#article\",\"isPartOf\":{\"@id\":\"https:\/\/footdavant.fr\/actualites\/lancien-defenseur-de-liverpool-sepp-van-den-berg-explique-pourquoi-il-a-quitte-anfield-pour-brentford\/\"},\"author\":{\"name\":\"Cl\u00e9ment\",\"@id\":\"https:\/\/footdavant.fr\/actualites\/#\/schema\/person\/bc222566d95871b37e597b3ed3ba5e1d\"},\"headline\":\"L&#39;ancien d\u00e9fenseur de Liverpool Sepp van den Berg explique pourquoi il a quitt\u00e9 Anfield pour Brentford\",\"datePublished\":\"2024-11-27T21:48:01+00:00\",\"dateModified\":\"2024-11-27T21:48:02+00:00\",\"mainEntityOfPage\":{\"@id\":\"https:\/\/footdavant.fr\/actualites\/lancien-defenseur-de-liverpool-sepp-van-den-berg-explique-pourquoi-il-a-quitte-anfield-pour-brentford\/\"},\"wordCount\":476,\"publisher\":{\"@id\":\"https:\/\/footdavant.fr\/actualites\/#organization\"},\"keywords\":[\"Anfield\",\"Berg\",\"Brentford\",\"d\u00e9fenseur\",\"den\",\"explique\",\"l39ancien\",\"Liverpool\",\"pour\",\"Pourquoi\",\"quitte\",\"Sepp\",\"van\"],\"articleSection\":[\"Premier League\"],\"inLanguage\":\"fr-FR\"},{\"@type\":\"WebPage\",\"@id\":\"https:\/\/footdavant.fr\/actualites\/lancien-defenseur-de-liverpool-sepp-van-den-berg-explique-pourquoi-il-a-quitte-anfield-pour-brentford\/\",\"url\":\"https:\/\/footdavant.fr\/actualites\/lancien-defenseur-de-liverpool-sepp-van-den-berg-explique-pourquoi-il-a-quitte-anfield-pour-brentford\/\",\"name\":\"L&#39;ancien d\u00e9fenseur de Liverpool Sepp van den Berg explique pourquoi il a quitt\u00e9 Anfield pour Brentford\",\"isPartOf\":{\"@id\":\"https:\/\/footdavant.fr\/actualites\/#website\"},\"datePublished\":\"2024-11-27T21:48:01+00:00\",\"dateModified\":\"2024-11-27T21:48:02+00:00\",\"breadcrumb\":{\"@id\":\"https:\/\/footdavant.fr\/actualites\/lancien-defenseur-de-liverpool-sepp-van-den-berg-explique-pourquoi-il-a-quitte-anfield-pour-brentford\/#breadcrumb\"},\"inLanguage\":\"fr-FR\",\"potentialAction\":[{\"@type\":\"ReadAction\",\"target\":[\"https:\/\/footdavant.fr\/actualites\/lancien-defenseur-de-liverpool-sepp-van-den-berg-explique-pourquoi-il-a-quitte-anfield-pour-brentford\/\"]}]},{\"@type\":\"BreadcrumbList\",\"@id\":\"https:\/\/footdavant.fr\/actualites\/lancien-defenseur-de-liverpool-sepp-van-den-berg-explique-pourquoi-il-a-quitte-anfield-pour-brentford\/#breadcrumb\",\"itemListElement\":[{\"@type\":\"ListItem\",\"position\":1,\"name\":\"Accueil\",\"item\":\"https:\/\/footdavant.fr\/actualites\/\"},{\"@type\":\"ListItem\",\"position\":2,\"name\":\"L&#39;ancien d\u00e9fenseur de Liverpool Sepp van den Berg explique pourquoi il a quitt\u00e9 Anfield pour Brentford\"}]},{\"@type\":\"WebSite\",\"@id\":\"https:\/\/footdavant.fr\/actualites\/#website\",\"url\":\"https:\/\/footdavant.fr\/actualites\/\",\"name\":\"Foot d'avant\",\"description\":\"\",\"publisher\":{\"@id\":\"https:\/\/footdavant.fr\/actualites\/#organization\"},\"potentialAction\":[{\"@type\":\"SearchAction\",\"target\":{\"@type\":\"EntryPoint\",\"urlTemplate\":\"https:\/\/footdavant.fr\/actualites\/?s={search_term_string}\"},\"query-input\":\"required name=search_term_string\"}],\"inLanguage\":\"fr-FR\"},{\"@type\":\"Organization\",\"@id\":\"https:\/\/footdavant.fr\/actualites\/#organization\",\"name\":\"Foot d'avant\",\"url\":\"https:\/\/footdavant.fr\/actualites\/\",\"logo\":{\"@type\":\"ImageObject\",\"inLanguage\":\"fr-FR\",\"@id\":\"https:\/\/footdavant.fr\/actualites\/#\/schema\/logo\/image\/\",\"url\":\"https:\/\/footdavant.fr\/actualites\/wp-content\/uploads\/2023\/09\/Copy-of-FootDavant-Logo.png\",\"contentUrl\":\"https:\/\/footdavant.fr\/actualites\/wp-content\/uploads\/2023\/09\/Copy-of-FootDavant-Logo.png\",\"width\":936,\"height\":549,\"caption\":\"Foot d'avant\"},\"image\":{\"@id\":\"https:\/\/footdavant.fr\/actualites\/#\/schema\/logo\/image\/\"},\"sameAs\":[\"https:\/\/www.facebook.com\/Footdavant\/\",\"https:\/\/twitter.com\/FootdavantFr\",\"https:\/\/www.instagram.com\/footdavant.fr\/\"]},{\"@type\":\"Person\",\"@id\":\"https:\/\/footdavant.fr\/actualites\/#\/schema\/person\/bc222566d95871b37e597b3ed3ba5e1d\",\"name\":\"Cl\u00e9ment\",\"image\":{\"@type\":\"ImageObject\",\"inLanguage\":\"fr-FR\",\"@id\":\"https:\/\/footdavant.fr\/actualites\/#\/schema\/person\/image\/\",\"url\":\"https:\/\/secure.gravatar.com\/avatar\/7728b29aac2719421e1a9159b2254c44?s=96&d=mm&r=g\",\"contentUrl\":\"https:\/\/secure.gravatar.com\/avatar\/7728b29aac2719421e1a9159b2254c44?s=96&d=mm&r=g\",\"caption\":\"Cl\u00e9ment\"},\"sameAs\":[\"https:\/\/footdavant.fr\/\"]}]}<\/script>\n<!-- \/ Yoast SEO plugin. -->","yoast_head_json":{"title":"L&#39;ancien d\u00e9fenseur de Liverpool Sepp van den Berg explique pourquoi il a quitt\u00e9 Anfield pour Brentford","robots":{"index":"index","follow":"follow","max-snippet":"max-snippet:-1","max-image-preview":"max-image-preview:large","max-video-preview":"max-video-preview:-1"},"canonical":"https:\/\/footdavant.fr\/actualites\/lancien-defenseur-de-liverpool-sepp-van-den-berg-explique-pourquoi-il-a-quitte-anfield-pour-brentford\/","og_locale":"fr_FR","og_type":"article","og_title":"L&#39;ancien d\u00e9fenseur de Liverpool Sepp van den Berg explique pourquoi il a quitt\u00e9 Anfield pour Brentford","og_description":"Le d\u00e9fenseur de Brentford Sepp van den Berg explique pourquoi il a pris la d\u00e9cision de mettre fin \u00e0 son s\u00e9jour \u00e0 Liverpool lors du","og_url":"https:\/\/footdavant.fr\/actualites\/lancien-defenseur-de-liverpool-sepp-van-den-berg-explique-pourquoi-il-a-quitte-anfield-pour-brentford\/","og_site_name":"Foot d&#039;avant","article_publisher":"https:\/\/www.facebook.com\/Footdavant\/","article_published_time":"2024-11-27T21:48:01+00:00","article_modified_time":"2024-11-27T21:48:02+00:00","og_image":[{"width":640,"height":480,"url":"https:\/\/footdavant.fr\/actualites\/wp-content\/uploads\/2024\/11\/L39ancien-defenseur-de-Liverpool-Sepp-van-den-Berg-explique-pourquoi.jpeg","type":"image\/jpeg"}],"author":"Cl\u00e9ment","twitter_card":"summary_large_image","twitter_creator":"@FootdavantFr","twitter_site":"@FootdavantFr","twitter_misc":{"\u00c9crit par":"Cl\u00e9ment","Dur\u00e9e de lecture estim\u00e9e":"2 minutes"},"schema":{"@context":"https:\/\/schema.org","@graph":[{"@type":"Article","@id":"https:\/\/footdavant.fr\/actualites\/lancien-defenseur-de-liverpool-sepp-van-den-berg-explique-pourquoi-il-a-quitte-anfield-pour-brentford\/#article","isPartOf":{"@id":"https:\/\/footdavant.fr\/actualites\/lancien-defenseur-de-liverpool-sepp-van-den-berg-explique-pourquoi-il-a-quitte-anfield-pour-brentford\/"},"author":{"name":"Cl\u00e9ment","@id":"https:\/\/footdavant.fr\/actualites\/#\/schema\/person\/bc222566d95871b37e597b3ed3ba5e1d"},"headline":"L&#39;ancien d\u00e9fenseur de Liverpool Sepp van den Berg explique pourquoi il a quitt\u00e9 Anfield pour Brentford","datePublished":"2024-11-27T21:48:01+00:00","dateModified":"2024-11-27T21:48:02+00:00","mainEntityOfPage":{"@id":"https:\/\/footdavant.fr\/actualites\/lancien-defenseur-de-liverpool-sepp-van-den-berg-explique-pourquoi-il-a-quitte-anfield-pour-brentford\/"},"wordCount":476,"publisher":{"@id":"https:\/\/footdavant.fr\/actualites\/#organization"},"keywords":["Anfield","Berg","Brentford","d\u00e9fenseur","den","explique","l39ancien","Liverpool","pour","Pourquoi","quitte","Sepp","van"],"articleSection":["Premier League"],"inLanguage":"fr-FR"},{"@type":"WebPage","@id":"https:\/\/footdavant.fr\/actualites\/lancien-defenseur-de-liverpool-sepp-van-den-berg-explique-pourquoi-il-a-quitte-anfield-pour-brentford\/","url":"https:\/\/footdavant.fr\/actualites\/lancien-defenseur-de-liverpool-sepp-van-den-berg-explique-pourquoi-il-a-quitte-anfield-pour-brentford\/","name":"L&#39;ancien d\u00e9fenseur de Liverpool Sepp van den Berg explique pourquoi il a quitt\u00e9 Anfield pour Brentford","isPartOf":{"@id":"https:\/\/footdavant.fr\/actualites\/#website"},"datePublished":"2024-11-27T21:48:01+00:00","dateModified":"2024-11-27T21:48:02+00:00","breadcrumb":{"@id":"https:\/\/footdavant.fr\/actualites\/lancien-defenseur-de-liverpool-sepp-van-den-berg-explique-pourquoi-il-a-quitte-anfield-pour-brentford\/#breadcrumb"},"inLanguage":"fr-FR","potentialAction":[{"@type":"ReadAction","target":["https:\/\/footdavant.fr\/actualites\/lancien-defenseur-de-liverpool-sepp-van-den-berg-explique-pourquoi-il-a-quitte-anfield-pour-brentford\/"]}]},{"@type":"BreadcrumbList","@id":"https:\/\/footdavant.fr\/actualites\/lancien-defenseur-de-liverpool-sepp-van-den-berg-explique-pourquoi-il-a-quitte-anfield-pour-brentford\/#breadcrumb","itemListElement":[{"@type":"ListItem","position":1,"name":"Accueil","item":"https:\/\/footdavant.fr\/actualites\/"},{"@type":"ListItem","position":2,"name":"L&#39;ancien d\u00e9fenseur de Liverpool Sepp van den Berg explique pourquoi il a quitt\u00e9 Anfield pour Brentford"}]},{"@type":"WebSite","@id":"https:\/\/footdavant.fr\/actualites\/#website","url":"https:\/\/footdavant.fr\/actualites\/","name":"Foot d'avant","description":"","publisher":{"@id":"https:\/\/footdavant.fr\/actualites\/#organization"},"potentialAction":[{"@type":"SearchAction","target":{"@type":"EntryPoint","urlTemplate":"https:\/\/footdavant.fr\/actualites\/?s={search_term_string}"},"query-input":"required name=search_term_string"}],"inLanguage":"fr-FR"},{"@type":"Organization","@id":"https:\/\/footdavant.fr\/actualites\/#organization","name":"Foot d'avant","url":"https:\/\/footdavant.fr\/actualites\/","logo":{"@type":"ImageObject","inLanguage":"fr-FR","@id":"https:\/\/footdavant.fr\/actualites\/#\/schema\/logo\/image\/","url":"https:\/\/footdavant.fr\/actualites\/wp-content\/uploads\/2023\/09\/Copy-of-FootDavant-Logo.png","contentUrl":"https:\/\/footdavant.fr\/actualites\/wp-content\/uploads\/2023\/09\/Copy-of-FootDavant-Logo.png","width":936,"height":549,"caption":"Foot d'avant"},"image":{"@id":"https:\/\/footdavant.fr\/actualites\/#\/schema\/logo\/image\/"},"sameAs":["https:\/\/www.facebook.com\/Footdavant\/","https:\/\/twitter.com\/FootdavantFr","https:\/\/www.instagram.com\/footdavant.fr\/"]},{"@type":"Person","@id":"https:\/\/footdavant.fr\/actualites\/#\/schema\/person\/bc222566d95871b37e597b3ed3ba5e1d","name":"Cl\u00e9ment","image":{"@type":"ImageObject","inLanguage":"fr-FR","@id":"https:\/\/footdavant.fr\/actualites\/#\/schema\/person\/image\/","url":"https:\/\/secure.gravatar.com\/avatar\/7728b29aac2719421e1a9159b2254c44?s=96&d=mm&r=g","contentUrl":"https:\/\/secure.gravatar.com\/avatar\/7728b29aac2719421e1a9159b2254c44?s=96&d=mm&r=g","caption":"Cl\u00e9ment"},"sameAs":["https:\/\/footdavant.fr\/"]}]}},"_links":{"self":[{"href":"https:\/\/footdavant.fr\/actualites\/wp-json\/wp\/v2\/posts\/16719"}],"collection":[{"href":"https:\/\/footdavant.fr\/actualites\/wp-json\/wp\/v2\/posts"}],"about":[{"href":"https:\/\/footdavant.fr\/actualites\/wp-json\/wp\/v2\/types\/post"}],"author":[{"embeddable":true,"href":"https:\/\/footdavant.fr\/actualites\/wp-json\/wp\/v2\/users\/1"}],"replies":[{"embeddable":true,"href":"https:\/\/footdavant.fr\/actualites\/wp-json\/wp\/v2\/comments?post=16719"}],"version-history":[{"count":1,"href":"https:\/\/footdavant.fr\/actualites\/wp-json\/wp\/v2\/posts\/16719\/revisions"}],"predecessor-version":[{"id":16721,"href":"https:\/\/footdavant.fr\/actualites\/wp-json\/wp\/v2\/posts\/16719\/revisions\/16721"}],"wp:featuredmedia":[{"embeddable":true,"href":"https:\/\/footdavant.fr\/actualites\/wp-json\/wp\/v2\/media\/16720"}],"wp:attachment":[{"href":"https:\/\/footdavant.fr\/actualites\/wp-json\/wp\/v2\/media?parent=16719"}],"wp:term":[{"taxonomy":"category","embeddable":true,"href":"https:\/\/footdavant.fr\/actualites\/wp-json\/wp\/v2\/categories?post=16719"},{"taxonomy":"post_tag","embeddable":true,"href":"https:\/\/footdavant.fr\/actualites\/wp-json\/wp\/v2\/tags?post=16719"}],"curies":[{"name":"wp","href":"https:\/\/api.w.org\/{rel}","templated":true}]}}