{"id":16722,"date":"2024-11-28T00:48:26","date_gmt":"2024-11-27T23:48:26","guid":{"rendered":"https:\/\/footdavant.fr\/actualites\/marc-guehi-a-chelsea-pourrait-etre-intelligent-mais-pas-le-meilleur-choix\/"},"modified":"2024-11-28T00:48:27","modified_gmt":"2024-11-27T23:48:27","slug":"marc-guehi-a-chelsea-pourrait-etre-intelligent-mais-pas-le-meilleur-choix","status":"publish","type":"post","link":"https:\/\/footdavant.fr\/actualites\/marc-guehi-a-chelsea-pourrait-etre-intelligent-mais-pas-le-meilleur-choix\/","title":{"rendered":"Marc Guehi \u00e0 Chelsea pourrait \u00eatre intelligent mais pas le meilleur choix \u2013"},"content":{"rendered":"<div id=\"mvp-content-main\">\n<p>Il ne s\u2019agit pas d\u2019un article sur les rumeurs de transfert, car j\u2019en ai d\u00e9j\u00e0 publi\u00e9 un aujourd\u2019hui, mais il y a une autre rumeur \u00e0 aborder.<\/p>\n<p>Marc Gu\u00e9hi de retour \u00e0 Chelsea.<\/p>\n<p>Le journaliste Graeme Bailey a d\u00e9clar\u00e9 ceci \u00e0 propos du retour de Guehi \u00e0 Chelsea\u00a0:<\/p>\n<p>\u00ab Guehi est quelqu&#39;un qu&#39;ils aiment, il est en t\u00eate de liste. Palace a des probl\u00e8mes, un accord en janvier n\u2019est pas quelque chose que Guehi pr\u00e9conise.<\/p>\n<p>\u00ab Il lui restera un an sur son contrat l&#39;\u00e9t\u00e9 prochain et sera une proposition tr\u00e8s attractive pour l&#39;un des six premiers. C&#39;est quelqu&#39;un \u00e0 surveiller, c&#39;est s\u00fbr, nous connaissons Chelsea comme lui, et Chelsea veut am\u00e9liorer les options derri\u00e8re Fofana et Colwill.<\/p>\n<p>Je sais que la source ici n&#39;est pas tr\u00e8s bien not\u00e9e, mais j&#39;en parle parce que Guehi est un nom qui nous est constamment donn\u00e9 en tant que cible du d\u00e9fenseur central, donc il y a absolument quelque chose encore l\u00e0. Et Chelsea veut absolument recruter un nouveau d\u00e9fenseur central.<\/p>\n<p>Il pourrait bien y avoir une opportunit\u00e9 ici \u00e9galement, avec Guehi entamant la derni\u00e8re ann\u00e9e de son contrat \u00e0 l\u2019\u00e9t\u00e9 2025 et une chance de l\u2019obtenir peut-\u00eatre un peu moins cher que ce que Crystal Palace demandait auparavant.<\/p>\n<p>Chelsea a des droits correspondants sur toute offre qui arrive et est accept\u00e9e par Palace, ce qui signifie que la d\u00e9cision reviendrait alors au joueur et que l&#39;offre de Chelsea devrait \u00e9galement \u00eatre accept\u00e9e, s&#39;ils en font une. Je m\u2019attendrais \u00e0 ce que des offres arrivent tr\u00e8s bient\u00f4t \u00e9galement, car de nombreux clubs s\u2019int\u00e9ressent \u00e0 lui.<\/p>\n<p>Voudrait-il revenir \u00e0 Chelsea ? Je pense en fait qu&#39;il serait tr\u00e8s s\u00e9duit par cela, \u00e0 condition qu&#39;il re\u00e7oive des assurances en \u00e9quipe premi\u00e8re.<\/p>\n<p>J&#39;adore Guehi et je pense qu&#39;il apporterait beaucoup de ce dont nous avons besoin en d\u00e9fense, notamment le leadership et l&#39;organisation. Je ne suis pas enti\u00e8rement convaincu qu&#39;il serait la meilleure option pour nous, mais je ne serais certainement pas du tout contre.<\/p>\n<\/p>\n<p>\t\t\t\t\t\t\t\t\t<!--mvp-post-tags--><\/p><\/div>\n","protected":false},"excerpt":{"rendered":"<p>Il ne s\u2019agit pas d\u2019un article sur les rumeurs de transfert, car j\u2019en ai d\u00e9j\u00e0 publi\u00e9 un aujourd\u2019hui, mais il y a une autre rumeur<\/p>\n","protected":false},"author":1,"featured_media":16723,"comment_status":"closed","ping_status":"","sticky":false,"template":"","format":"standard","meta":{"footnotes":""},"categories":[3],"tags":[171,404,270,1679,3573,365,1678,452,71,269],"yoast_head":"<!-- This site is optimized with the Yoast SEO plugin v21.0 - https:\/\/yoast.com\/wordpress\/plugins\/seo\/ -->\n<title>Marc Guehi \u00e0 Chelsea pourrait \u00eatre intelligent mais pas le meilleur choix \u2013<\/title>\n<meta name=\"robots\" content=\"index, follow, max-snippet:-1, max-image-preview:large, max-video-preview:-1\" \/>\n<link rel=\"canonical\" href=\"https:\/\/footdavant.fr\/actualites\/marc-guehi-a-chelsea-pourrait-etre-intelligent-mais-pas-le-meilleur-choix\/\" \/>\n<meta property=\"og:locale\" content=\"fr_FR\" \/>\n<meta property=\"og:type\" content=\"article\" \/>\n<meta property=\"og:title\" content=\"Marc Guehi \u00e0 Chelsea pourrait \u00eatre intelligent mais pas le meilleur choix \u2013\" \/>\n<meta property=\"og:description\" content=\"Il ne s\u2019agit pas d\u2019un article sur les rumeurs de transfert, car j\u2019en ai d\u00e9j\u00e0 publi\u00e9 un aujourd\u2019hui, mais il y a une autre rumeur\" \/>\n<meta property=\"og:url\" content=\"https:\/\/footdavant.fr\/actualites\/marc-guehi-a-chelsea-pourrait-etre-intelligent-mais-pas-le-meilleur-choix\/\" \/>\n<meta property=\"og:site_name\" content=\"Foot d&#039;avant\" \/>\n<meta property=\"article:publisher\" content=\"https:\/\/www.facebook.com\/Footdavant\/\" \/>\n<meta property=\"article:published_time\" content=\"2024-11-27T23:48:26+00:00\" \/>\n<meta property=\"article:modified_time\" content=\"2024-11-27T23:48:27+00:00\" \/>\n<meta property=\"og:image\" content=\"https:\/\/footdavant.fr\/actualites\/wp-content\/uploads\/2024\/11\/Marc-Guehi-a-Chelsea-pourrait-etre-intelligent-mais-pas-le.jpg\" \/>\n\t<meta property=\"og:image:width\" content=\"1000\" \/>\n\t<meta property=\"og:image:height\" content=\"600\" \/>\n\t<meta property=\"og:image:type\" content=\"image\/jpeg\" \/>\n<meta name=\"author\" content=\"Cl\u00e9ment\" \/>\n<meta name=\"twitter:card\" content=\"summary_large_image\" \/>\n<meta name=\"twitter:creator\" content=\"@FootdavantFr\" \/>\n<meta name=\"twitter:site\" content=\"@FootdavantFr\" \/>\n<meta name=\"twitter:label1\" content=\"\u00c9crit par\" \/>\n\t<meta name=\"twitter:data1\" content=\"Cl\u00e9ment\" \/>\n\t<meta name=\"twitter:label2\" content=\"Dur\u00e9e de lecture estim\u00e9e\" \/>\n\t<meta name=\"twitter:data2\" content=\"2 minutes\" \/>\n<script type=\"application\/ld+json\" class=\"yoast-schema-graph\">{\"@context\":\"https:\/\/schema.org\",\"@graph\":[{\"@type\":\"Article\",\"@id\":\"https:\/\/footdavant.fr\/actualites\/marc-guehi-a-chelsea-pourrait-etre-intelligent-mais-pas-le-meilleur-choix\/#article\",\"isPartOf\":{\"@id\":\"https:\/\/footdavant.fr\/actualites\/marc-guehi-a-chelsea-pourrait-etre-intelligent-mais-pas-le-meilleur-choix\/\"},\"author\":{\"name\":\"Cl\u00e9ment\",\"@id\":\"https:\/\/footdavant.fr\/actualites\/#\/schema\/person\/bc222566d95871b37e597b3ed3ba5e1d\"},\"headline\":\"Marc Guehi \u00e0 Chelsea pourrait \u00eatre intelligent mais pas le meilleur choix \u2013\",\"datePublished\":\"2024-11-27T23:48:26+00:00\",\"dateModified\":\"2024-11-27T23:48:27+00:00\",\"mainEntityOfPage\":{\"@id\":\"https:\/\/footdavant.fr\/actualites\/marc-guehi-a-chelsea-pourrait-etre-intelligent-mais-pas-le-meilleur-choix\/\"},\"wordCount\":381,\"publisher\":{\"@id\":\"https:\/\/footdavant.fr\/actualites\/#organization\"},\"keywords\":[\"Chelsea\",\"choix\",\"\u00eatre\",\"Guehi\",\"intelligent\",\"mais\",\"Marc\",\"meilleur\",\"pas\",\"pourrait\"],\"articleSection\":[\"Football\"],\"inLanguage\":\"fr-FR\"},{\"@type\":\"WebPage\",\"@id\":\"https:\/\/footdavant.fr\/actualites\/marc-guehi-a-chelsea-pourrait-etre-intelligent-mais-pas-le-meilleur-choix\/\",\"url\":\"https:\/\/footdavant.fr\/actualites\/marc-guehi-a-chelsea-pourrait-etre-intelligent-mais-pas-le-meilleur-choix\/\",\"name\":\"Marc Guehi \u00e0 Chelsea pourrait \u00eatre intelligent mais pas le meilleur choix \u2013\",\"isPartOf\":{\"@id\":\"https:\/\/footdavant.fr\/actualites\/#website\"},\"datePublished\":\"2024-11-27T23:48:26+00:00\",\"dateModified\":\"2024-11-27T23:48:27+00:00\",\"breadcrumb\":{\"@id\":\"https:\/\/footdavant.fr\/actualites\/marc-guehi-a-chelsea-pourrait-etre-intelligent-mais-pas-le-meilleur-choix\/#breadcrumb\"},\"inLanguage\":\"fr-FR\",\"potentialAction\":[{\"@type\":\"ReadAction\",\"target\":[\"https:\/\/footdavant.fr\/actualites\/marc-guehi-a-chelsea-pourrait-etre-intelligent-mais-pas-le-meilleur-choix\/\"]}]},{\"@type\":\"BreadcrumbList\",\"@id\":\"https:\/\/footdavant.fr\/actualites\/marc-guehi-a-chelsea-pourrait-etre-intelligent-mais-pas-le-meilleur-choix\/#breadcrumb\",\"itemListElement\":[{\"@type\":\"ListItem\",\"position\":1,\"name\":\"Accueil\",\"item\":\"https:\/\/footdavant.fr\/actualites\/\"},{\"@type\":\"ListItem\",\"position\":2,\"name\":\"Marc Guehi \u00e0 Chelsea pourrait \u00eatre intelligent mais pas le meilleur choix \u2013\"}]},{\"@type\":\"WebSite\",\"@id\":\"https:\/\/footdavant.fr\/actualites\/#website\",\"url\":\"https:\/\/footdavant.fr\/actualites\/\",\"name\":\"Foot d'avant\",\"description\":\"\",\"publisher\":{\"@id\":\"https:\/\/footdavant.fr\/actualites\/#organization\"},\"potentialAction\":[{\"@type\":\"SearchAction\",\"target\":{\"@type\":\"EntryPoint\",\"urlTemplate\":\"https:\/\/footdavant.fr\/actualites\/?s={search_term_string}\"},\"query-input\":\"required name=search_term_string\"}],\"inLanguage\":\"fr-FR\"},{\"@type\":\"Organization\",\"@id\":\"https:\/\/footdavant.fr\/actualites\/#organization\",\"name\":\"Foot d'avant\",\"url\":\"https:\/\/footdavant.fr\/actualites\/\",\"logo\":{\"@type\":\"ImageObject\",\"inLanguage\":\"fr-FR\",\"@id\":\"https:\/\/footdavant.fr\/actualites\/#\/schema\/logo\/image\/\",\"url\":\"https:\/\/footdavant.fr\/actualites\/wp-content\/uploads\/2023\/09\/Copy-of-FootDavant-Logo.png\",\"contentUrl\":\"https:\/\/footdavant.fr\/actualites\/wp-content\/uploads\/2023\/09\/Copy-of-FootDavant-Logo.png\",\"width\":936,\"height\":549,\"caption\":\"Foot d'avant\"},\"image\":{\"@id\":\"https:\/\/footdavant.fr\/actualites\/#\/schema\/logo\/image\/\"},\"sameAs\":[\"https:\/\/www.facebook.com\/Footdavant\/\",\"https:\/\/twitter.com\/FootdavantFr\",\"https:\/\/www.instagram.com\/footdavant.fr\/\"]},{\"@type\":\"Person\",\"@id\":\"https:\/\/footdavant.fr\/actualites\/#\/schema\/person\/bc222566d95871b37e597b3ed3ba5e1d\",\"name\":\"Cl\u00e9ment\",\"image\":{\"@type\":\"ImageObject\",\"inLanguage\":\"fr-FR\",\"@id\":\"https:\/\/footdavant.fr\/actualites\/#\/schema\/person\/image\/\",\"url\":\"https:\/\/secure.gravatar.com\/avatar\/7728b29aac2719421e1a9159b2254c44?s=96&d=mm&r=g\",\"contentUrl\":\"https:\/\/secure.gravatar.com\/avatar\/7728b29aac2719421e1a9159b2254c44?s=96&d=mm&r=g\",\"caption\":\"Cl\u00e9ment\"},\"sameAs\":[\"https:\/\/footdavant.fr\/\"]}]}<\/script>\n<!-- \/ Yoast SEO plugin. -->","yoast_head_json":{"title":"Marc Guehi \u00e0 Chelsea pourrait \u00eatre intelligent mais pas le meilleur choix \u2013","robots":{"index":"index","follow":"follow","max-snippet":"max-snippet:-1","max-image-preview":"max-image-preview:large","max-video-preview":"max-video-preview:-1"},"canonical":"https:\/\/footdavant.fr\/actualites\/marc-guehi-a-chelsea-pourrait-etre-intelligent-mais-pas-le-meilleur-choix\/","og_locale":"fr_FR","og_type":"article","og_title":"Marc Guehi \u00e0 Chelsea pourrait \u00eatre intelligent mais pas le meilleur choix \u2013","og_description":"Il ne s\u2019agit pas d\u2019un article sur les rumeurs de transfert, car j\u2019en ai d\u00e9j\u00e0 publi\u00e9 un aujourd\u2019hui, mais il y a une autre rumeur","og_url":"https:\/\/footdavant.fr\/actualites\/marc-guehi-a-chelsea-pourrait-etre-intelligent-mais-pas-le-meilleur-choix\/","og_site_name":"Foot d&#039;avant","article_publisher":"https:\/\/www.facebook.com\/Footdavant\/","article_published_time":"2024-11-27T23:48:26+00:00","article_modified_time":"2024-11-27T23:48:27+00:00","og_image":[{"width":1000,"height":600,"url":"https:\/\/footdavant.fr\/actualites\/wp-content\/uploads\/2024\/11\/Marc-Guehi-a-Chelsea-pourrait-etre-intelligent-mais-pas-le.jpg","type":"image\/jpeg"}],"author":"Cl\u00e9ment","twitter_card":"summary_large_image","twitter_creator":"@FootdavantFr","twitter_site":"@FootdavantFr","twitter_misc":{"\u00c9crit par":"Cl\u00e9ment","Dur\u00e9e de lecture estim\u00e9e":"2 minutes"},"schema":{"@context":"https:\/\/schema.org","@graph":[{"@type":"Article","@id":"https:\/\/footdavant.fr\/actualites\/marc-guehi-a-chelsea-pourrait-etre-intelligent-mais-pas-le-meilleur-choix\/#article","isPartOf":{"@id":"https:\/\/footdavant.fr\/actualites\/marc-guehi-a-chelsea-pourrait-etre-intelligent-mais-pas-le-meilleur-choix\/"},"author":{"name":"Cl\u00e9ment","@id":"https:\/\/footdavant.fr\/actualites\/#\/schema\/person\/bc222566d95871b37e597b3ed3ba5e1d"},"headline":"Marc Guehi \u00e0 Chelsea pourrait \u00eatre intelligent mais pas le meilleur choix \u2013","datePublished":"2024-11-27T23:48:26+00:00","dateModified":"2024-11-27T23:48:27+00:00","mainEntityOfPage":{"@id":"https:\/\/footdavant.fr\/actualites\/marc-guehi-a-chelsea-pourrait-etre-intelligent-mais-pas-le-meilleur-choix\/"},"wordCount":381,"publisher":{"@id":"https:\/\/footdavant.fr\/actualites\/#organization"},"keywords":["Chelsea","choix","\u00eatre","Guehi","intelligent","mais","Marc","meilleur","pas","pourrait"],"articleSection":["Football"],"inLanguage":"fr-FR"},{"@type":"WebPage","@id":"https:\/\/footdavant.fr\/actualites\/marc-guehi-a-chelsea-pourrait-etre-intelligent-mais-pas-le-meilleur-choix\/","url":"https:\/\/footdavant.fr\/actualites\/marc-guehi-a-chelsea-pourrait-etre-intelligent-mais-pas-le-meilleur-choix\/","name":"Marc Guehi \u00e0 Chelsea pourrait \u00eatre intelligent mais pas le meilleur choix \u2013","isPartOf":{"@id":"https:\/\/footdavant.fr\/actualites\/#website"},"datePublished":"2024-11-27T23:48:26+00:00","dateModified":"2024-11-27T23:48:27+00:00","breadcrumb":{"@id":"https:\/\/footdavant.fr\/actualites\/marc-guehi-a-chelsea-pourrait-etre-intelligent-mais-pas-le-meilleur-choix\/#breadcrumb"},"inLanguage":"fr-FR","potentialAction":[{"@type":"ReadAction","target":["https:\/\/footdavant.fr\/actualites\/marc-guehi-a-chelsea-pourrait-etre-intelligent-mais-pas-le-meilleur-choix\/"]}]},{"@type":"BreadcrumbList","@id":"https:\/\/footdavant.fr\/actualites\/marc-guehi-a-chelsea-pourrait-etre-intelligent-mais-pas-le-meilleur-choix\/#breadcrumb","itemListElement":[{"@type":"ListItem","position":1,"name":"Accueil","item":"https:\/\/footdavant.fr\/actualites\/"},{"@type":"ListItem","position":2,"name":"Marc Guehi \u00e0 Chelsea pourrait \u00eatre intelligent mais pas le meilleur choix \u2013"}]},{"@type":"WebSite","@id":"https:\/\/footdavant.fr\/actualites\/#website","url":"https:\/\/footdavant.fr\/actualites\/","name":"Foot d'avant","description":"","publisher":{"@id":"https:\/\/footdavant.fr\/actualites\/#organization"},"potentialAction":[{"@type":"SearchAction","target":{"@type":"EntryPoint","urlTemplate":"https:\/\/footdavant.fr\/actualites\/?s={search_term_string}"},"query-input":"required name=search_term_string"}],"inLanguage":"fr-FR"},{"@type":"Organization","@id":"https:\/\/footdavant.fr\/actualites\/#organization","name":"Foot d'avant","url":"https:\/\/footdavant.fr\/actualites\/","logo":{"@type":"ImageObject","inLanguage":"fr-FR","@id":"https:\/\/footdavant.fr\/actualites\/#\/schema\/logo\/image\/","url":"https:\/\/footdavant.fr\/actualites\/wp-content\/uploads\/2023\/09\/Copy-of-FootDavant-Logo.png","contentUrl":"https:\/\/footdavant.fr\/actualites\/wp-content\/uploads\/2023\/09\/Copy-of-FootDavant-Logo.png","width":936,"height":549,"caption":"Foot d'avant"},"image":{"@id":"https:\/\/footdavant.fr\/actualites\/#\/schema\/logo\/image\/"},"sameAs":["https:\/\/www.facebook.com\/Footdavant\/","https:\/\/twitter.com\/FootdavantFr","https:\/\/www.instagram.com\/footdavant.fr\/"]},{"@type":"Person","@id":"https:\/\/footdavant.fr\/actualites\/#\/schema\/person\/bc222566d95871b37e597b3ed3ba5e1d","name":"Cl\u00e9ment","image":{"@type":"ImageObject","inLanguage":"fr-FR","@id":"https:\/\/footdavant.fr\/actualites\/#\/schema\/person\/image\/","url":"https:\/\/secure.gravatar.com\/avatar\/7728b29aac2719421e1a9159b2254c44?s=96&d=mm&r=g","contentUrl":"https:\/\/secure.gravatar.com\/avatar\/7728b29aac2719421e1a9159b2254c44?s=96&d=mm&r=g","caption":"Cl\u00e9ment"},"sameAs":["https:\/\/footdavant.fr\/"]}]}},"_links":{"self":[{"href":"https:\/\/footdavant.fr\/actualites\/wp-json\/wp\/v2\/posts\/16722"}],"collection":[{"href":"https:\/\/footdavant.fr\/actualites\/wp-json\/wp\/v2\/posts"}],"about":[{"href":"https:\/\/footdavant.fr\/actualites\/wp-json\/wp\/v2\/types\/post"}],"author":[{"embeddable":true,"href":"https:\/\/footdavant.fr\/actualites\/wp-json\/wp\/v2\/users\/1"}],"replies":[{"embeddable":true,"href":"https:\/\/footdavant.fr\/actualites\/wp-json\/wp\/v2\/comments?post=16722"}],"version-history":[{"count":1,"href":"https:\/\/footdavant.fr\/actualites\/wp-json\/wp\/v2\/posts\/16722\/revisions"}],"predecessor-version":[{"id":16724,"href":"https:\/\/footdavant.fr\/actualites\/wp-json\/wp\/v2\/posts\/16722\/revisions\/16724"}],"wp:featuredmedia":[{"embeddable":true,"href":"https:\/\/footdavant.fr\/actualites\/wp-json\/wp\/v2\/media\/16723"}],"wp:attachment":[{"href":"https:\/\/footdavant.fr\/actualites\/wp-json\/wp\/v2\/media?parent=16722"}],"wp:term":[{"taxonomy":"category","embeddable":true,"href":"https:\/\/footdavant.fr\/actualites\/wp-json\/wp\/v2\/categories?post=16722"},{"taxonomy":"post_tag","embeddable":true,"href":"https:\/\/footdavant.fr\/actualites\/wp-json\/wp\/v2\/tags?post=16722"}],"curies":[{"name":"wp","href":"https:\/\/api.w.org\/{rel}","templated":true}]}}