{"id":16764,"date":"2024-11-28T18:48:42","date_gmt":"2024-11-28T17:48:42","guid":{"rendered":"https:\/\/footdavant.fr\/actualites\/man-city-3-3-feyenoord-city-et-guardiola-ont-etabli-cinq-records-indesirables-lors-de-leffondrement-de-la-ligue-des-champions-a-letihad\/"},"modified":"2024-11-28T18:48:44","modified_gmt":"2024-11-28T17:48:44","slug":"man-city-3-3-feyenoord-city-et-guardiola-ont-etabli-cinq-records-indesirables-lors-de-leffondrement-de-la-ligue-des-champions-a-letihad","status":"publish","type":"post","link":"https:\/\/footdavant.fr\/actualites\/man-city-3-3-feyenoord-city-et-guardiola-ont-etabli-cinq-records-indesirables-lors-de-leffondrement-de-la-ligue-des-champions-a-letihad\/","title":{"rendered":"Man City 3-3 Feyenoord : City et Guardiola ont \u00e9tabli cinq records ind\u00e9sirables lors de l&#39;effondrement de la Ligue des champions \u00e0 l&#39;Etihad"},"content":{"rendered":"<p>Manchester City et Pep Guardiola accumulent cinq records ind\u00e9sirables lors de leur match nul 3-3 contre Feyenoord en Ligue des champions.<\/p>\n<div id=\"article_body\" itemprop=\"articleBody\">\n<h3 class=\"firstPara\">\n<strong class=\"autotag\">Manchester City<\/strong> et <strong class=\"autotag\">Pep Guardiola<\/strong> ont \u00e9tabli et \u00e9gal\u00e9 de nombreux records ind\u00e9sirables suite \u00e0 leur choc <strong>nul 3-3<\/strong> avec <strong class=\"autotag\">Feyenoord<\/strong> \u00e0 l&#39;Etihad dans le <strong class=\"autotag\">Ligue des Champions<\/strong> ce soir.<\/h3>\n<p>Tout semblait rose \u00e0 l&#39;Est de Manchester lorsque City a pris une avance de 3-0 en 53 minutes contre l&#39;\u00e9quipe n\u00e9erlandaise, et ils se dirigeaient vers le succ\u00e8s, menant toujours par trois \u00e0 un quart d&#39;heure de la fin.<\/p>\n<p><strong class=\"autotag\">Anis Hadj Moussa<\/strong> j&#39;en ai retir\u00e9 un apr\u00e8s <strong class=\"autotag\">Josko Gvardiol<\/strong>&#39;s dans le tiers d\u00e9fensif, mais les h\u00f4tes ont ensuite capitul\u00e9, conc\u00e9dant peu de temps apr\u00e8s <strong class=\"autotag\">Santiago Gim\u00e9nez<\/strong>.<\/p>\n<p>Avec un seul objectif, <strong class=\"autotag\">Ederson<\/strong> puis est sorti de son but pour tenter d&#39;arr\u00eater <strong class=\"autotag\">Igor Paix\u00e3o<\/strong> de courir, mais a rat\u00e9 le ballon et le joueur, permettant au Br\u00e9silien de rep\u00e9rer <strong class=\"autotag\">David Hancko<\/strong>qui a \u00e9galis\u00e9 contre toute attente.<\/p>\n<h2 class=\"k3\">Man City accumule le record ind\u00e9sirable <strong class=\"autotag\">Feyenoord<\/strong> effondrement<\/h2>\n<p class=\"imgI\">\n<p>Le record le plus accablant que City ait \u00e9tabli ce soir est que c&#39;est d\u00e9sormais le dernier qu&#39;une \u00e9quipe ait jamais perdu une avance de trois buts dans l&#39;histoire de la Ligue des champions.<\/p>\n<p>Aucune \u00e9quipe n&#39;avait jamais men\u00e9 3-0 \u00e0 moins de 20 minutes de la fin et n&#39;avait pas r\u00e9ussi \u00e0 gagner en UCL, mais en menant par ce score \u00e0 la 75e minute, City a effac\u00e9 cet exploit non d\u00e9sir\u00e9.<\/p>\n<p>City a \u00e9galement rejoint deux clubs anglais qui ont perdu une avance de trois buts en Ligue des champions. <\/p>\n<p>Arsenal l&#39;a fait contre Anderlecht en 2014, et Liverpool a fait de m\u00eame contre S\u00e9ville en 2017, mais les Reds ont atteint la finale cette saison-l\u00e0, donc ce r\u00e9sultat prouve que tout n&#39;est pas encore perdu.<\/p>\n<p>La s\u00e9rie de cinq d\u00e9faites bien document\u00e9e de City est maintenant termin\u00e9e, mais cela ressemblera autant \u00e0 une d\u00e9faite que toutes celles qui l&#39;ont pr\u00e9c\u00e9d\u00e9e, et le score de 3-3 signifie que City a encaiss\u00e9 deux buts ou plus en six matchs cons\u00e9cutifs. la premi\u00e8re fois depuis 1963.<\/p>\n<p>Il faut \u00e9galement remonter \u00e0 1989 pour la derni\u00e8re fois que Man City a gaspill\u00e9 une avance de trois buts dans un match, et c&#39;\u00e9tait contre <strong class=\"autotag\">Harry Redknapp<\/strong>L&#39;\u00e9quipe de Bournemouth dans une rencontre de championnat de deuxi\u00e8me division.<\/p>\n<p>Un seul membre de l\u2019\u00e9quipe actuelle de City \u00e9tait en vie lorsque cela s\u2019est produit, et il s\u2019agissait du gardien de troisi\u00e8me choix. <strong class=\"autotag\">Scott Carson<\/strong>qui n\u2019avait alors que trois ans.<\/p>\n<h2 class=\"k3\">Guardiola \u00e9tablit un autre record personnel ind\u00e9sirable<\/h2>\n<p class=\"imgI\"><img decoding=\"async\" loading=\"lazy\" class=\"l\" src=\"https:\/\/footdavant.fr\/actualites\/wp-content\/uploads\/2024\/11\/1732816122_23_Man-City-3-3-Feyenoord-City-et-Guardiola-ont-etabli.jpg\" title=\"Le patron de Manchester City, Pep Guardiola, le 9 novembre 2024\" alt=\"Le patron de Manchester City, Pep Guardiola, le 9 novembre 2024\" width=\"640\" height=\"480\"><\/p>\n<p>Apr\u00e8s avoir perdu cinq matchs cons\u00e9cutifs pour la premi\u00e8re fois de sa carri\u00e8re d&#39;entra\u00eeneur suite \u00e0 <strong>D\u00e9faite 4-0<\/strong> \u00e0 Tottenham Hotspur ce week-end, le manager Guardiola a \u00e9tabli une autre premi\u00e8re ind\u00e9sirable ce soir.<\/p>\n<p>Lors de son 942e match en tant que manager, Guardiola a vu son \u00e9quipe prendre trois buts d&#39;avance et \u00e9chouer \u00e0 gagner pour la premi\u00e8re fois, illustrant encore une fois \u00e0 quel point cette tournure des \u00e9v\u00e9nements \u00e9tait \u00e9tonnante.<\/p>\n<p>Avec l&#39;arriv\u00e9e de Liverpool ce week-end, s&#39;assurer que leur s\u00e9rie sans victoire ne s&#39;\u00e9tende pas \u00e0 sept matches semble \u00e9galement une t\u00e2che tr\u00e8s difficile, et avec la confiance sur le terrain, et Guardiola d\u00e9clarant que son \u00e9quipe est \u00ab\u00a0fragile\u00a0\u00bb \u00e0 l&#39;heure actuelle, cela semble une possibilit\u00e9 tr\u00e8s probable. .<\/p>\n<p>L&#39;absence de <strong class=\"autotag\">Rodri<\/strong> sera encore une fois not\u00e9, et leur bilan sans le milieu de terrain espagnol ne cesse de se d\u00e9t\u00e9riorer.<\/p>\n<p>Depuis f\u00e9vrier 2023, City n&#39;a perdu qu&#39;un seul des 78 matches auxquels Rodri a jou\u00e9, remportant plus des trois quarts de ces matchs, mais dans les 28 matches o\u00f9 le joueur de 28 ans n&#39;a pas \u00e9t\u00e9 disponible, le pourcentage de victoires de City chute massivement. \u00e0 57 %, et ils en ont perdu neuf.<\/p>\n<\/div>\n","protected":false},"excerpt":{"rendered":"<p>Manchester City et Pep Guardiola accumulent cinq records ind\u00e9sirables lors de leur match nul 3-3 contre Feyenoord en Ligue des champions. Manchester City et Pep<\/p>\n","protected":false},"author":1,"featured_media":16765,"comment_status":"closed","ping_status":"","sticky":false,"template":"","format":"standard","meta":{"footnotes":""},"categories":[5],"tags":[31,1322,27,12,939,406,8,3846,6141,4377,30,64,24,244,1726],"yoast_head":"<!-- This site is optimized with the Yoast SEO plugin v21.0 - https:\/\/yoast.com\/wordpress\/plugins\/seo\/ -->\n<title>Man City 3-3 Feyenoord : City et Guardiola ont \u00e9tabli cinq records ind\u00e9sirables lors de l&#039;effondrement de la Ligue des champions \u00e0 l&#039;Etihad<\/title>\n<meta name=\"robots\" content=\"index, follow, max-snippet:-1, max-image-preview:large, max-video-preview:-1\" \/>\n<link rel=\"canonical\" href=\"https:\/\/footdavant.fr\/actualites\/man-city-3-3-feyenoord-city-et-guardiola-ont-etabli-cinq-records-indesirables-lors-de-leffondrement-de-la-ligue-des-champions-a-letihad\/\" \/>\n<meta property=\"og:locale\" content=\"fr_FR\" \/>\n<meta property=\"og:type\" content=\"article\" \/>\n<meta property=\"og:title\" content=\"Man City 3-3 Feyenoord : City et Guardiola ont \u00e9tabli cinq records ind\u00e9sirables lors de l&#039;effondrement de la Ligue des champions \u00e0 l&#039;Etihad\" \/>\n<meta property=\"og:description\" content=\"Manchester City et Pep Guardiola accumulent cinq records ind\u00e9sirables lors de leur match nul 3-3 contre Feyenoord en Ligue des champions. Manchester City et Pep\" \/>\n<meta property=\"og:url\" content=\"https:\/\/footdavant.fr\/actualites\/man-city-3-3-feyenoord-city-et-guardiola-ont-etabli-cinq-records-indesirables-lors-de-leffondrement-de-la-ligue-des-champions-a-letihad\/\" \/>\n<meta property=\"og:site_name\" content=\"Foot d&#039;avant\" \/>\n<meta property=\"article:publisher\" content=\"https:\/\/www.facebook.com\/Footdavant\/\" \/>\n<meta property=\"article:published_time\" content=\"2024-11-28T17:48:42+00:00\" \/>\n<meta property=\"article:modified_time\" content=\"2024-11-28T17:48:44+00:00\" \/>\n<meta property=\"og:image\" content=\"https:\/\/footdavant.fr\/actualites\/wp-content\/uploads\/2024\/11\/Man-City-3-3-Feyenoord-City-et-Guardiola-ont-etabli.jpg\" \/>\n\t<meta property=\"og:image:width\" content=\"640\" \/>\n\t<meta property=\"og:image:height\" content=\"480\" \/>\n\t<meta property=\"og:image:type\" content=\"image\/jpeg\" \/>\n<meta name=\"author\" content=\"Cl\u00e9ment\" \/>\n<meta name=\"twitter:card\" content=\"summary_large_image\" \/>\n<meta name=\"twitter:creator\" content=\"@FootdavantFr\" \/>\n<meta name=\"twitter:site\" content=\"@FootdavantFr\" \/>\n<meta name=\"twitter:label1\" content=\"\u00c9crit par\" \/>\n\t<meta name=\"twitter:data1\" content=\"Cl\u00e9ment\" \/>\n\t<meta name=\"twitter:label2\" content=\"Dur\u00e9e de lecture estim\u00e9e\" \/>\n\t<meta name=\"twitter:data2\" content=\"3 minutes\" \/>\n<script type=\"application\/ld+json\" class=\"yoast-schema-graph\">{\"@context\":\"https:\/\/schema.org\",\"@graph\":[{\"@type\":\"Article\",\"@id\":\"https:\/\/footdavant.fr\/actualites\/man-city-3-3-feyenoord-city-et-guardiola-ont-etabli-cinq-records-indesirables-lors-de-leffondrement-de-la-ligue-des-champions-a-letihad\/#article\",\"isPartOf\":{\"@id\":\"https:\/\/footdavant.fr\/actualites\/man-city-3-3-feyenoord-city-et-guardiola-ont-etabli-cinq-records-indesirables-lors-de-leffondrement-de-la-ligue-des-champions-a-letihad\/\"},\"author\":{\"name\":\"Cl\u00e9ment\",\"@id\":\"https:\/\/footdavant.fr\/actualites\/#\/schema\/person\/bc222566d95871b37e597b3ed3ba5e1d\"},\"headline\":\"Man City 3-3 Feyenoord : City et Guardiola ont \u00e9tabli cinq records ind\u00e9sirables lors de l&#39;effondrement de la Ligue des champions \u00e0 l&#39;Etihad\",\"datePublished\":\"2024-11-28T17:48:42+00:00\",\"dateModified\":\"2024-11-28T17:48:44+00:00\",\"mainEntityOfPage\":{\"@id\":\"https:\/\/footdavant.fr\/actualites\/man-city-3-3-feyenoord-city-et-guardiola-ont-etabli-cinq-records-indesirables-lors-de-leffondrement-de-la-ligue-des-champions-a-letihad\/\"},\"wordCount\":693,\"publisher\":{\"@id\":\"https:\/\/footdavant.fr\/actualites\/#organization\"},\"keywords\":[\"champions\",\"Cinq\",\"City\",\"des\",\"\u00e9tabli\",\"Feyenoord\",\"Guardiola\",\"ind\u00e9sirables\",\"l39effondrement\",\"l39Etihad\",\"Ligue\",\"lors\",\"Man\",\"ont\",\"records\"],\"articleSection\":[\"Premier League\"],\"inLanguage\":\"fr-FR\"},{\"@type\":\"WebPage\",\"@id\":\"https:\/\/footdavant.fr\/actualites\/man-city-3-3-feyenoord-city-et-guardiola-ont-etabli-cinq-records-indesirables-lors-de-leffondrement-de-la-ligue-des-champions-a-letihad\/\",\"url\":\"https:\/\/footdavant.fr\/actualites\/man-city-3-3-feyenoord-city-et-guardiola-ont-etabli-cinq-records-indesirables-lors-de-leffondrement-de-la-ligue-des-champions-a-letihad\/\",\"name\":\"Man City 3-3 Feyenoord : City et Guardiola ont \u00e9tabli cinq records ind\u00e9sirables lors de l&#39;effondrement de la Ligue des champions \u00e0 l&#39;Etihad\",\"isPartOf\":{\"@id\":\"https:\/\/footdavant.fr\/actualites\/#website\"},\"datePublished\":\"2024-11-28T17:48:42+00:00\",\"dateModified\":\"2024-11-28T17:48:44+00:00\",\"breadcrumb\":{\"@id\":\"https:\/\/footdavant.fr\/actualites\/man-city-3-3-feyenoord-city-et-guardiola-ont-etabli-cinq-records-indesirables-lors-de-leffondrement-de-la-ligue-des-champions-a-letihad\/#breadcrumb\"},\"inLanguage\":\"fr-FR\",\"potentialAction\":[{\"@type\":\"ReadAction\",\"target\":[\"https:\/\/footdavant.fr\/actualites\/man-city-3-3-feyenoord-city-et-guardiola-ont-etabli-cinq-records-indesirables-lors-de-leffondrement-de-la-ligue-des-champions-a-letihad\/\"]}]},{\"@type\":\"BreadcrumbList\",\"@id\":\"https:\/\/footdavant.fr\/actualites\/man-city-3-3-feyenoord-city-et-guardiola-ont-etabli-cinq-records-indesirables-lors-de-leffondrement-de-la-ligue-des-champions-a-letihad\/#breadcrumb\",\"itemListElement\":[{\"@type\":\"ListItem\",\"position\":1,\"name\":\"Accueil\",\"item\":\"https:\/\/footdavant.fr\/actualites\/\"},{\"@type\":\"ListItem\",\"position\":2,\"name\":\"Man City 3-3 Feyenoord : City et Guardiola ont \u00e9tabli cinq records ind\u00e9sirables lors de l&#39;effondrement de la Ligue des champions \u00e0 l&#39;Etihad\"}]},{\"@type\":\"WebSite\",\"@id\":\"https:\/\/footdavant.fr\/actualites\/#website\",\"url\":\"https:\/\/footdavant.fr\/actualites\/\",\"name\":\"Foot d'avant\",\"description\":\"\",\"publisher\":{\"@id\":\"https:\/\/footdavant.fr\/actualites\/#organization\"},\"potentialAction\":[{\"@type\":\"SearchAction\",\"target\":{\"@type\":\"EntryPoint\",\"urlTemplate\":\"https:\/\/footdavant.fr\/actualites\/?s={search_term_string}\"},\"query-input\":\"required name=search_term_string\"}],\"inLanguage\":\"fr-FR\"},{\"@type\":\"Organization\",\"@id\":\"https:\/\/footdavant.fr\/actualites\/#organization\",\"name\":\"Foot d'avant\",\"url\":\"https:\/\/footdavant.fr\/actualites\/\",\"logo\":{\"@type\":\"ImageObject\",\"inLanguage\":\"fr-FR\",\"@id\":\"https:\/\/footdavant.fr\/actualites\/#\/schema\/logo\/image\/\",\"url\":\"https:\/\/footdavant.fr\/actualites\/wp-content\/uploads\/2023\/09\/Copy-of-FootDavant-Logo.png\",\"contentUrl\":\"https:\/\/footdavant.fr\/actualites\/wp-content\/uploads\/2023\/09\/Copy-of-FootDavant-Logo.png\",\"width\":936,\"height\":549,\"caption\":\"Foot d'avant\"},\"image\":{\"@id\":\"https:\/\/footdavant.fr\/actualites\/#\/schema\/logo\/image\/\"},\"sameAs\":[\"https:\/\/www.facebook.com\/Footdavant\/\",\"https:\/\/twitter.com\/FootdavantFr\",\"https:\/\/www.instagram.com\/footdavant.fr\/\"]},{\"@type\":\"Person\",\"@id\":\"https:\/\/footdavant.fr\/actualites\/#\/schema\/person\/bc222566d95871b37e597b3ed3ba5e1d\",\"name\":\"Cl\u00e9ment\",\"image\":{\"@type\":\"ImageObject\",\"inLanguage\":\"fr-FR\",\"@id\":\"https:\/\/footdavant.fr\/actualites\/#\/schema\/person\/image\/\",\"url\":\"https:\/\/secure.gravatar.com\/avatar\/7728b29aac2719421e1a9159b2254c44?s=96&d=mm&r=g\",\"contentUrl\":\"https:\/\/secure.gravatar.com\/avatar\/7728b29aac2719421e1a9159b2254c44?s=96&d=mm&r=g\",\"caption\":\"Cl\u00e9ment\"},\"sameAs\":[\"https:\/\/footdavant.fr\/\"]}]}<\/script>\n<!-- \/ Yoast SEO plugin. -->","yoast_head_json":{"title":"Man City 3-3 Feyenoord : City et Guardiola ont \u00e9tabli cinq records ind\u00e9sirables lors de l&#39;effondrement de la Ligue des champions \u00e0 l&#39;Etihad","robots":{"index":"index","follow":"follow","max-snippet":"max-snippet:-1","max-image-preview":"max-image-preview:large","max-video-preview":"max-video-preview:-1"},"canonical":"https:\/\/footdavant.fr\/actualites\/man-city-3-3-feyenoord-city-et-guardiola-ont-etabli-cinq-records-indesirables-lors-de-leffondrement-de-la-ligue-des-champions-a-letihad\/","og_locale":"fr_FR","og_type":"article","og_title":"Man City 3-3 Feyenoord : City et Guardiola ont \u00e9tabli cinq records ind\u00e9sirables lors de l&#39;effondrement de la Ligue des champions \u00e0 l&#39;Etihad","og_description":"Manchester City et Pep Guardiola accumulent cinq records ind\u00e9sirables lors de leur match nul 3-3 contre Feyenoord en Ligue des champions. Manchester City et Pep","og_url":"https:\/\/footdavant.fr\/actualites\/man-city-3-3-feyenoord-city-et-guardiola-ont-etabli-cinq-records-indesirables-lors-de-leffondrement-de-la-ligue-des-champions-a-letihad\/","og_site_name":"Foot d&#039;avant","article_publisher":"https:\/\/www.facebook.com\/Footdavant\/","article_published_time":"2024-11-28T17:48:42+00:00","article_modified_time":"2024-11-28T17:48:44+00:00","og_image":[{"width":640,"height":480,"url":"https:\/\/footdavant.fr\/actualites\/wp-content\/uploads\/2024\/11\/Man-City-3-3-Feyenoord-City-et-Guardiola-ont-etabli.jpg","type":"image\/jpeg"}],"author":"Cl\u00e9ment","twitter_card":"summary_large_image","twitter_creator":"@FootdavantFr","twitter_site":"@FootdavantFr","twitter_misc":{"\u00c9crit par":"Cl\u00e9ment","Dur\u00e9e de lecture estim\u00e9e":"3 minutes"},"schema":{"@context":"https:\/\/schema.org","@graph":[{"@type":"Article","@id":"https:\/\/footdavant.fr\/actualites\/man-city-3-3-feyenoord-city-et-guardiola-ont-etabli-cinq-records-indesirables-lors-de-leffondrement-de-la-ligue-des-champions-a-letihad\/#article","isPartOf":{"@id":"https:\/\/footdavant.fr\/actualites\/man-city-3-3-feyenoord-city-et-guardiola-ont-etabli-cinq-records-indesirables-lors-de-leffondrement-de-la-ligue-des-champions-a-letihad\/"},"author":{"name":"Cl\u00e9ment","@id":"https:\/\/footdavant.fr\/actualites\/#\/schema\/person\/bc222566d95871b37e597b3ed3ba5e1d"},"headline":"Man City 3-3 Feyenoord : City et Guardiola ont \u00e9tabli cinq records ind\u00e9sirables lors de l&#39;effondrement de la Ligue des champions \u00e0 l&#39;Etihad","datePublished":"2024-11-28T17:48:42+00:00","dateModified":"2024-11-28T17:48:44+00:00","mainEntityOfPage":{"@id":"https:\/\/footdavant.fr\/actualites\/man-city-3-3-feyenoord-city-et-guardiola-ont-etabli-cinq-records-indesirables-lors-de-leffondrement-de-la-ligue-des-champions-a-letihad\/"},"wordCount":693,"publisher":{"@id":"https:\/\/footdavant.fr\/actualites\/#organization"},"keywords":["champions","Cinq","City","des","\u00e9tabli","Feyenoord","Guardiola","ind\u00e9sirables","l39effondrement","l39Etihad","Ligue","lors","Man","ont","records"],"articleSection":["Premier League"],"inLanguage":"fr-FR"},{"@type":"WebPage","@id":"https:\/\/footdavant.fr\/actualites\/man-city-3-3-feyenoord-city-et-guardiola-ont-etabli-cinq-records-indesirables-lors-de-leffondrement-de-la-ligue-des-champions-a-letihad\/","url":"https:\/\/footdavant.fr\/actualites\/man-city-3-3-feyenoord-city-et-guardiola-ont-etabli-cinq-records-indesirables-lors-de-leffondrement-de-la-ligue-des-champions-a-letihad\/","name":"Man City 3-3 Feyenoord : City et Guardiola ont \u00e9tabli cinq records ind\u00e9sirables lors de l&#39;effondrement de la Ligue des champions \u00e0 l&#39;Etihad","isPartOf":{"@id":"https:\/\/footdavant.fr\/actualites\/#website"},"datePublished":"2024-11-28T17:48:42+00:00","dateModified":"2024-11-28T17:48:44+00:00","breadcrumb":{"@id":"https:\/\/footdavant.fr\/actualites\/man-city-3-3-feyenoord-city-et-guardiola-ont-etabli-cinq-records-indesirables-lors-de-leffondrement-de-la-ligue-des-champions-a-letihad\/#breadcrumb"},"inLanguage":"fr-FR","potentialAction":[{"@type":"ReadAction","target":["https:\/\/footdavant.fr\/actualites\/man-city-3-3-feyenoord-city-et-guardiola-ont-etabli-cinq-records-indesirables-lors-de-leffondrement-de-la-ligue-des-champions-a-letihad\/"]}]},{"@type":"BreadcrumbList","@id":"https:\/\/footdavant.fr\/actualites\/man-city-3-3-feyenoord-city-et-guardiola-ont-etabli-cinq-records-indesirables-lors-de-leffondrement-de-la-ligue-des-champions-a-letihad\/#breadcrumb","itemListElement":[{"@type":"ListItem","position":1,"name":"Accueil","item":"https:\/\/footdavant.fr\/actualites\/"},{"@type":"ListItem","position":2,"name":"Man City 3-3 Feyenoord : City et Guardiola ont \u00e9tabli cinq records ind\u00e9sirables lors de l&#39;effondrement de la Ligue des champions \u00e0 l&#39;Etihad"}]},{"@type":"WebSite","@id":"https:\/\/footdavant.fr\/actualites\/#website","url":"https:\/\/footdavant.fr\/actualites\/","name":"Foot d'avant","description":"","publisher":{"@id":"https:\/\/footdavant.fr\/actualites\/#organization"},"potentialAction":[{"@type":"SearchAction","target":{"@type":"EntryPoint","urlTemplate":"https:\/\/footdavant.fr\/actualites\/?s={search_term_string}"},"query-input":"required name=search_term_string"}],"inLanguage":"fr-FR"},{"@type":"Organization","@id":"https:\/\/footdavant.fr\/actualites\/#organization","name":"Foot d'avant","url":"https:\/\/footdavant.fr\/actualites\/","logo":{"@type":"ImageObject","inLanguage":"fr-FR","@id":"https:\/\/footdavant.fr\/actualites\/#\/schema\/logo\/image\/","url":"https:\/\/footdavant.fr\/actualites\/wp-content\/uploads\/2023\/09\/Copy-of-FootDavant-Logo.png","contentUrl":"https:\/\/footdavant.fr\/actualites\/wp-content\/uploads\/2023\/09\/Copy-of-FootDavant-Logo.png","width":936,"height":549,"caption":"Foot d'avant"},"image":{"@id":"https:\/\/footdavant.fr\/actualites\/#\/schema\/logo\/image\/"},"sameAs":["https:\/\/www.facebook.com\/Footdavant\/","https:\/\/twitter.com\/FootdavantFr","https:\/\/www.instagram.com\/footdavant.fr\/"]},{"@type":"Person","@id":"https:\/\/footdavant.fr\/actualites\/#\/schema\/person\/bc222566d95871b37e597b3ed3ba5e1d","name":"Cl\u00e9ment","image":{"@type":"ImageObject","inLanguage":"fr-FR","@id":"https:\/\/footdavant.fr\/actualites\/#\/schema\/person\/image\/","url":"https:\/\/secure.gravatar.com\/avatar\/7728b29aac2719421e1a9159b2254c44?s=96&d=mm&r=g","contentUrl":"https:\/\/secure.gravatar.com\/avatar\/7728b29aac2719421e1a9159b2254c44?s=96&d=mm&r=g","caption":"Cl\u00e9ment"},"sameAs":["https:\/\/footdavant.fr\/"]}]}},"_links":{"self":[{"href":"https:\/\/footdavant.fr\/actualites\/wp-json\/wp\/v2\/posts\/16764"}],"collection":[{"href":"https:\/\/footdavant.fr\/actualites\/wp-json\/wp\/v2\/posts"}],"about":[{"href":"https:\/\/footdavant.fr\/actualites\/wp-json\/wp\/v2\/types\/post"}],"author":[{"embeddable":true,"href":"https:\/\/footdavant.fr\/actualites\/wp-json\/wp\/v2\/users\/1"}],"replies":[{"embeddable":true,"href":"https:\/\/footdavant.fr\/actualites\/wp-json\/wp\/v2\/comments?post=16764"}],"version-history":[{"count":1,"href":"https:\/\/footdavant.fr\/actualites\/wp-json\/wp\/v2\/posts\/16764\/revisions"}],"predecessor-version":[{"id":16766,"href":"https:\/\/footdavant.fr\/actualites\/wp-json\/wp\/v2\/posts\/16764\/revisions\/16766"}],"wp:featuredmedia":[{"embeddable":true,"href":"https:\/\/footdavant.fr\/actualites\/wp-json\/wp\/v2\/media\/16765"}],"wp:attachment":[{"href":"https:\/\/footdavant.fr\/actualites\/wp-json\/wp\/v2\/media?parent=16764"}],"wp:term":[{"taxonomy":"category","embeddable":true,"href":"https:\/\/footdavant.fr\/actualites\/wp-json\/wp\/v2\/categories?post=16764"},{"taxonomy":"post_tag","embeddable":true,"href":"https:\/\/footdavant.fr\/actualites\/wp-json\/wp\/v2\/tags?post=16764"}],"curies":[{"name":"wp","href":"https:\/\/api.w.org\/{rel}","templated":true}]}}