{"id":16939,"date":"2024-12-02T08:48:51","date_gmt":"2024-12-02T07:48:51","guid":{"rendered":"https:\/\/footdavant.fr\/actualites\/juan-soto-na-accepte-aucun-nouveau-contrat-malgre-les-rumeurs\/"},"modified":"2024-12-02T08:48:51","modified_gmt":"2024-12-02T07:48:51","slug":"juan-soto-na-accepte-aucun-nouveau-contrat-malgre-les-rumeurs","status":"publish","type":"post","link":"https:\/\/footdavant.fr\/actualites\/juan-soto-na-accepte-aucun-nouveau-contrat-malgre-les-rumeurs\/","title":{"rendered":"Juan Soto n&#39;a accept\u00e9 aucun nouveau contrat malgr\u00e9 les rumeurs"},"content":{"rendered":"<div>\n<h2>Juan Soto toujours ind\u00e9cis quant \u00e0 son avenir<\/h2>\n<p>Le monde entier regarde o\u00f9 Juan Soto va se retrouver pendant l&#39;intersaison, alors que le joueur de 26 ans continue de rechercher un contrat \u00e0 long terme qui pourrait faire de lui l&#39;un des joueurs les mieux pay\u00e9s de la MLB.<\/p>\n<p>Soto a pass\u00e9 2023 \u00e0 San Diego et 2024 avec les Yankees, mais apr\u00e8s deux courtes p\u00e9riodes, le voltigeur droit esp\u00e8re trouver un endroit o\u00f9 habiter de fa\u00e7on permanente.<\/p>\n<p>La star dominicaine a pass\u00e9 cinq ans \u00e0 Washington o\u00f9 il est devenu c\u00e9l\u00e8bre, mais il n&#39;a pas ralenti depuis qu&#39;il a quitt\u00e9 les Nationals.<\/p>\n<p>Soto a \u00e9t\u00e9 nomm\u00e9 All-Star au cours de chacune de ses quatre derni\u00e8res saisons et en plus de cela, il a \u00e9galement remport\u00e9 un Silver Slugger chaque ann\u00e9e depuis 2020. Au cours de ses sept ann\u00e9es dans la ligue, Soto a remport\u00e9 un Silver Slugger sur cinq fois.<\/p>\n<blockquote class=\"twitter-tweet\">\n<p dir=\"ltr\" lang=\"en\">Saison Silver Slugger \ud83d\udcaa<\/p>\n<p>F\u00e9licitations \u00e0 <a rel=\"nofollow\" href=\"https:\/\/twitter.com\/TheJudge44?ref_src=twsrc%5Etfw\">@LeJudge44<\/a> &#038; <a rel=\"nofollow\" href=\"https:\/\/twitter.com\/JuanSoto25_?ref_src=twsrc%5Etfw\">@JuanSoto25_<\/a>et \u00e0 toute l&#39;\u00e9quipe pour avoir remport\u00e9 le Silver Slugger Award de l&#39;\u00e9quipe offensive de l&#39;ann\u00e9e de l&#39;AL \ud83d\udc4f <a rel=\"nofollow\" href=\"https:\/\/t.co\/0RjCUqeGv0\">pic.twitter.com\/0RjCUqeGv0<\/a><\/p>\n<p>\u2013 Yankees de New York (@Yankees) <a rel=\"nofollow\" href=\"https:\/\/twitter.com\/Yankees\/status\/1856486860911992900?ref_src=twsrc%5Etfw\">12 novembre 2024<\/a><\/p>\n<\/blockquote>\n<p>Toutes les meilleures \u00e9quipes de la MLB sont apr\u00e8s Soto avant la saison 2025, mais comme la superstar cherche \u00e0 devenir le joueur le mieux pay\u00e9 de la ligue, ses options sont r\u00e9duites \u00e0 seulement deux ou trois \u00e9quipes.<\/p>\n<p>Des rumeurs ont circul\u00e9 cette semaine sugg\u00e9rant que la course pour Soto pourrait \u00eatre termin\u00e9e, mais l&#39;initi\u00e9 de la MLB Jeff Passan a rapport\u00e9 sur X que le voltigeur droit est toujours \u00e0 la recherche d&#39;une nouvelle \u00e9quipe.<\/p>\n<p>\u00ab Je suis reconnaissant envers les journalistes qui n&#39;inventent pas d&#39;histoires \u00bb, a-t-il \u00e9crit. \u00ab\u00a0Je suis \u00e9galement reconnaissant que Juan Soto n&#39;ait accept\u00e9 aucun contrat, ce qui signifie que vous pouvez quitter Twitter et aller passer les vacances avec votre famille. Joyeux Thanksgiving.<\/p>\n<blockquote class=\"twitter-tweet\">\n<p dir=\"ltr\" lang=\"en\">Je suis reconnaissant envers les journalistes qui n&#39;inventent pas d&#39;histoires.<\/p>\n<p>Je suis \u00e9galement reconnaissant que Juan Soto n&#39;ait accept\u00e9 aucun contrat, ce qui signifie que vous pouvez quitter Twitter et aller passer les vacances avec votre famille.<\/p>\n<p>Joyeux Thanksgiving.<\/p>\n<p>\u2013 Jeff Passan (@JeffPassan) <a rel=\"nofollow\" href=\"https:\/\/twitter.com\/JeffPassan\/status\/1862237720849822137?ref_src=twsrc%5Etfw\">28 novembre 2024<\/a><\/p>\n<\/blockquote>\n<p>Les Yankees chercheraient \u00e0 s\u00e9curiser \u00e0 nouveau leur homme dans le cadre d&#39;un accord \u00e0 long terme, les Mets, les Red Sox et les Blue Jays jetant tous leur chapeau sur le ring pour Soto.<\/p>\n<\/p><\/div>\n<p><script async src=\"https:\/\/platform.twitter.com\/widgets.js\" charset=\"utf-8\"><\/script><\/p>\n","protected":false},"excerpt":{"rendered":"<p>Juan Soto toujours ind\u00e9cis quant \u00e0 son avenir Le monde entier regarde o\u00f9 Juan Soto va se retrouver pendant l&#39;intersaison, alors que le joueur de<\/p>\n","protected":false},"author":1,"featured_media":9029,"comment_status":"closed","ping_status":"","sticky":false,"template":"","format":"standard","meta":{"footnotes":""},"categories":[3],"tags":[1111,2454,1218,3317,93,2520,4238,199,976,5047],"yoast_head":"<!-- This site is optimized with the Yoast SEO plugin v21.0 - https:\/\/yoast.com\/wordpress\/plugins\/seo\/ -->\n<title>Juan Soto n&#039;a accept\u00e9 aucun nouveau contrat malgr\u00e9 les rumeurs<\/title>\n<meta name=\"robots\" content=\"index, follow, max-snippet:-1, max-image-preview:large, max-video-preview:-1\" \/>\n<link rel=\"canonical\" href=\"https:\/\/footdavant.fr\/actualites\/juan-soto-na-accepte-aucun-nouveau-contrat-malgre-les-rumeurs\/\" \/>\n<meta property=\"og:locale\" content=\"fr_FR\" \/>\n<meta property=\"og:type\" content=\"article\" \/>\n<meta property=\"og:title\" content=\"Juan Soto n&#039;a accept\u00e9 aucun nouveau contrat malgr\u00e9 les rumeurs\" \/>\n<meta property=\"og:description\" content=\"Juan Soto toujours ind\u00e9cis quant \u00e0 son avenir Le monde entier regarde o\u00f9 Juan Soto va se retrouver pendant l&#039;intersaison, alors que le joueur de\" \/>\n<meta property=\"og:url\" content=\"https:\/\/footdavant.fr\/actualites\/juan-soto-na-accepte-aucun-nouveau-contrat-malgre-les-rumeurs\/\" \/>\n<meta property=\"og:site_name\" content=\"Foot d&#039;avant\" \/>\n<meta property=\"article:publisher\" content=\"https:\/\/www.facebook.com\/Footdavant\/\" \/>\n<meta property=\"article:published_time\" content=\"2024-12-02T07:48:51+00:00\" \/>\n<meta property=\"og:image\" content=\"https:\/\/footdavant.fr\/actualites\/wp-content\/uploads\/2024\/05\/Quelle-equipe-Juan-Soto-signera-t-il-avec-cette-intersaison.jpg\" \/>\n\t<meta property=\"og:image:width\" content=\"696\" \/>\n\t<meta property=\"og:image:height\" content=\"463\" \/>\n\t<meta property=\"og:image:type\" content=\"image\/jpeg\" \/>\n<meta name=\"author\" content=\"Cl\u00e9ment\" \/>\n<meta name=\"twitter:card\" content=\"summary_large_image\" \/>\n<meta name=\"twitter:creator\" content=\"@FootdavantFr\" \/>\n<meta name=\"twitter:site\" content=\"@FootdavantFr\" \/>\n<meta name=\"twitter:label1\" content=\"\u00c9crit par\" \/>\n\t<meta name=\"twitter:data1\" content=\"Cl\u00e9ment\" \/>\n\t<meta name=\"twitter:label2\" content=\"Dur\u00e9e de lecture estim\u00e9e\" \/>\n\t<meta name=\"twitter:data2\" content=\"2 minutes\" \/>\n<script type=\"application\/ld+json\" class=\"yoast-schema-graph\">{\"@context\":\"https:\/\/schema.org\",\"@graph\":[{\"@type\":\"Article\",\"@id\":\"https:\/\/footdavant.fr\/actualites\/juan-soto-na-accepte-aucun-nouveau-contrat-malgre-les-rumeurs\/#article\",\"isPartOf\":{\"@id\":\"https:\/\/footdavant.fr\/actualites\/juan-soto-na-accepte-aucun-nouveau-contrat-malgre-les-rumeurs\/\"},\"author\":{\"name\":\"Cl\u00e9ment\",\"@id\":\"https:\/\/footdavant.fr\/actualites\/#\/schema\/person\/bc222566d95871b37e597b3ed3ba5e1d\"},\"headline\":\"Juan Soto n&#39;a accept\u00e9 aucun nouveau contrat malgr\u00e9 les rumeurs\",\"datePublished\":\"2024-12-02T07:48:51+00:00\",\"dateModified\":\"2024-12-02T07:48:51+00:00\",\"mainEntityOfPage\":{\"@id\":\"https:\/\/footdavant.fr\/actualites\/juan-soto-na-accepte-aucun-nouveau-contrat-malgre-les-rumeurs\/\"},\"wordCount\":411,\"publisher\":{\"@id\":\"https:\/\/footdavant.fr\/actualites\/#organization\"},\"keywords\":[\"accepte\",\"aucun\",\"contrat\",\"Juan\",\"les\",\"malgr\u00e9\",\"n39a\",\"nouveau\",\"rumeurs\",\"Soto\"],\"articleSection\":[\"Football\"],\"inLanguage\":\"fr-FR\"},{\"@type\":\"WebPage\",\"@id\":\"https:\/\/footdavant.fr\/actualites\/juan-soto-na-accepte-aucun-nouveau-contrat-malgre-les-rumeurs\/\",\"url\":\"https:\/\/footdavant.fr\/actualites\/juan-soto-na-accepte-aucun-nouveau-contrat-malgre-les-rumeurs\/\",\"name\":\"Juan Soto n&#39;a accept\u00e9 aucun nouveau contrat malgr\u00e9 les rumeurs\",\"isPartOf\":{\"@id\":\"https:\/\/footdavant.fr\/actualites\/#website\"},\"datePublished\":\"2024-12-02T07:48:51+00:00\",\"dateModified\":\"2024-12-02T07:48:51+00:00\",\"breadcrumb\":{\"@id\":\"https:\/\/footdavant.fr\/actualites\/juan-soto-na-accepte-aucun-nouveau-contrat-malgre-les-rumeurs\/#breadcrumb\"},\"inLanguage\":\"fr-FR\",\"potentialAction\":[{\"@type\":\"ReadAction\",\"target\":[\"https:\/\/footdavant.fr\/actualites\/juan-soto-na-accepte-aucun-nouveau-contrat-malgre-les-rumeurs\/\"]}]},{\"@type\":\"BreadcrumbList\",\"@id\":\"https:\/\/footdavant.fr\/actualites\/juan-soto-na-accepte-aucun-nouveau-contrat-malgre-les-rumeurs\/#breadcrumb\",\"itemListElement\":[{\"@type\":\"ListItem\",\"position\":1,\"name\":\"Accueil\",\"item\":\"https:\/\/footdavant.fr\/actualites\/\"},{\"@type\":\"ListItem\",\"position\":2,\"name\":\"Juan Soto n&#39;a accept\u00e9 aucun nouveau contrat malgr\u00e9 les rumeurs\"}]},{\"@type\":\"WebSite\",\"@id\":\"https:\/\/footdavant.fr\/actualites\/#website\",\"url\":\"https:\/\/footdavant.fr\/actualites\/\",\"name\":\"Foot d'avant\",\"description\":\"\",\"publisher\":{\"@id\":\"https:\/\/footdavant.fr\/actualites\/#organization\"},\"potentialAction\":[{\"@type\":\"SearchAction\",\"target\":{\"@type\":\"EntryPoint\",\"urlTemplate\":\"https:\/\/footdavant.fr\/actualites\/?s={search_term_string}\"},\"query-input\":\"required name=search_term_string\"}],\"inLanguage\":\"fr-FR\"},{\"@type\":\"Organization\",\"@id\":\"https:\/\/footdavant.fr\/actualites\/#organization\",\"name\":\"Foot d'avant\",\"url\":\"https:\/\/footdavant.fr\/actualites\/\",\"logo\":{\"@type\":\"ImageObject\",\"inLanguage\":\"fr-FR\",\"@id\":\"https:\/\/footdavant.fr\/actualites\/#\/schema\/logo\/image\/\",\"url\":\"https:\/\/footdavant.fr\/actualites\/wp-content\/uploads\/2023\/09\/Copy-of-FootDavant-Logo.png\",\"contentUrl\":\"https:\/\/footdavant.fr\/actualites\/wp-content\/uploads\/2023\/09\/Copy-of-FootDavant-Logo.png\",\"width\":936,\"height\":549,\"caption\":\"Foot d'avant\"},\"image\":{\"@id\":\"https:\/\/footdavant.fr\/actualites\/#\/schema\/logo\/image\/\"},\"sameAs\":[\"https:\/\/www.facebook.com\/Footdavant\/\",\"https:\/\/twitter.com\/FootdavantFr\",\"https:\/\/www.instagram.com\/footdavant.fr\/\"]},{\"@type\":\"Person\",\"@id\":\"https:\/\/footdavant.fr\/actualites\/#\/schema\/person\/bc222566d95871b37e597b3ed3ba5e1d\",\"name\":\"Cl\u00e9ment\",\"image\":{\"@type\":\"ImageObject\",\"inLanguage\":\"fr-FR\",\"@id\":\"https:\/\/footdavant.fr\/actualites\/#\/schema\/person\/image\/\",\"url\":\"https:\/\/secure.gravatar.com\/avatar\/7728b29aac2719421e1a9159b2254c44?s=96&d=mm&r=g\",\"contentUrl\":\"https:\/\/secure.gravatar.com\/avatar\/7728b29aac2719421e1a9159b2254c44?s=96&d=mm&r=g\",\"caption\":\"Cl\u00e9ment\"},\"sameAs\":[\"https:\/\/footdavant.fr\/\"]}]}<\/script>\n<!-- \/ Yoast SEO plugin. -->","yoast_head_json":{"title":"Juan Soto n&#39;a accept\u00e9 aucun nouveau contrat malgr\u00e9 les rumeurs","robots":{"index":"index","follow":"follow","max-snippet":"max-snippet:-1","max-image-preview":"max-image-preview:large","max-video-preview":"max-video-preview:-1"},"canonical":"https:\/\/footdavant.fr\/actualites\/juan-soto-na-accepte-aucun-nouveau-contrat-malgre-les-rumeurs\/","og_locale":"fr_FR","og_type":"article","og_title":"Juan Soto n&#39;a accept\u00e9 aucun nouveau contrat malgr\u00e9 les rumeurs","og_description":"Juan Soto toujours ind\u00e9cis quant \u00e0 son avenir Le monde entier regarde o\u00f9 Juan Soto va se retrouver pendant l&#39;intersaison, alors que le joueur de","og_url":"https:\/\/footdavant.fr\/actualites\/juan-soto-na-accepte-aucun-nouveau-contrat-malgre-les-rumeurs\/","og_site_name":"Foot d&#039;avant","article_publisher":"https:\/\/www.facebook.com\/Footdavant\/","article_published_time":"2024-12-02T07:48:51+00:00","og_image":[{"width":696,"height":463,"url":"https:\/\/footdavant.fr\/actualites\/wp-content\/uploads\/2024\/05\/Quelle-equipe-Juan-Soto-signera-t-il-avec-cette-intersaison.jpg","type":"image\/jpeg"}],"author":"Cl\u00e9ment","twitter_card":"summary_large_image","twitter_creator":"@FootdavantFr","twitter_site":"@FootdavantFr","twitter_misc":{"\u00c9crit par":"Cl\u00e9ment","Dur\u00e9e de lecture estim\u00e9e":"2 minutes"},"schema":{"@context":"https:\/\/schema.org","@graph":[{"@type":"Article","@id":"https:\/\/footdavant.fr\/actualites\/juan-soto-na-accepte-aucun-nouveau-contrat-malgre-les-rumeurs\/#article","isPartOf":{"@id":"https:\/\/footdavant.fr\/actualites\/juan-soto-na-accepte-aucun-nouveau-contrat-malgre-les-rumeurs\/"},"author":{"name":"Cl\u00e9ment","@id":"https:\/\/footdavant.fr\/actualites\/#\/schema\/person\/bc222566d95871b37e597b3ed3ba5e1d"},"headline":"Juan Soto n&#39;a accept\u00e9 aucun nouveau contrat malgr\u00e9 les rumeurs","datePublished":"2024-12-02T07:48:51+00:00","dateModified":"2024-12-02T07:48:51+00:00","mainEntityOfPage":{"@id":"https:\/\/footdavant.fr\/actualites\/juan-soto-na-accepte-aucun-nouveau-contrat-malgre-les-rumeurs\/"},"wordCount":411,"publisher":{"@id":"https:\/\/footdavant.fr\/actualites\/#organization"},"keywords":["accepte","aucun","contrat","Juan","les","malgr\u00e9","n39a","nouveau","rumeurs","Soto"],"articleSection":["Football"],"inLanguage":"fr-FR"},{"@type":"WebPage","@id":"https:\/\/footdavant.fr\/actualites\/juan-soto-na-accepte-aucun-nouveau-contrat-malgre-les-rumeurs\/","url":"https:\/\/footdavant.fr\/actualites\/juan-soto-na-accepte-aucun-nouveau-contrat-malgre-les-rumeurs\/","name":"Juan Soto n&#39;a accept\u00e9 aucun nouveau contrat malgr\u00e9 les rumeurs","isPartOf":{"@id":"https:\/\/footdavant.fr\/actualites\/#website"},"datePublished":"2024-12-02T07:48:51+00:00","dateModified":"2024-12-02T07:48:51+00:00","breadcrumb":{"@id":"https:\/\/footdavant.fr\/actualites\/juan-soto-na-accepte-aucun-nouveau-contrat-malgre-les-rumeurs\/#breadcrumb"},"inLanguage":"fr-FR","potentialAction":[{"@type":"ReadAction","target":["https:\/\/footdavant.fr\/actualites\/juan-soto-na-accepte-aucun-nouveau-contrat-malgre-les-rumeurs\/"]}]},{"@type":"BreadcrumbList","@id":"https:\/\/footdavant.fr\/actualites\/juan-soto-na-accepte-aucun-nouveau-contrat-malgre-les-rumeurs\/#breadcrumb","itemListElement":[{"@type":"ListItem","position":1,"name":"Accueil","item":"https:\/\/footdavant.fr\/actualites\/"},{"@type":"ListItem","position":2,"name":"Juan Soto n&#39;a accept\u00e9 aucun nouveau contrat malgr\u00e9 les rumeurs"}]},{"@type":"WebSite","@id":"https:\/\/footdavant.fr\/actualites\/#website","url":"https:\/\/footdavant.fr\/actualites\/","name":"Foot d'avant","description":"","publisher":{"@id":"https:\/\/footdavant.fr\/actualites\/#organization"},"potentialAction":[{"@type":"SearchAction","target":{"@type":"EntryPoint","urlTemplate":"https:\/\/footdavant.fr\/actualites\/?s={search_term_string}"},"query-input":"required name=search_term_string"}],"inLanguage":"fr-FR"},{"@type":"Organization","@id":"https:\/\/footdavant.fr\/actualites\/#organization","name":"Foot d'avant","url":"https:\/\/footdavant.fr\/actualites\/","logo":{"@type":"ImageObject","inLanguage":"fr-FR","@id":"https:\/\/footdavant.fr\/actualites\/#\/schema\/logo\/image\/","url":"https:\/\/footdavant.fr\/actualites\/wp-content\/uploads\/2023\/09\/Copy-of-FootDavant-Logo.png","contentUrl":"https:\/\/footdavant.fr\/actualites\/wp-content\/uploads\/2023\/09\/Copy-of-FootDavant-Logo.png","width":936,"height":549,"caption":"Foot d'avant"},"image":{"@id":"https:\/\/footdavant.fr\/actualites\/#\/schema\/logo\/image\/"},"sameAs":["https:\/\/www.facebook.com\/Footdavant\/","https:\/\/twitter.com\/FootdavantFr","https:\/\/www.instagram.com\/footdavant.fr\/"]},{"@type":"Person","@id":"https:\/\/footdavant.fr\/actualites\/#\/schema\/person\/bc222566d95871b37e597b3ed3ba5e1d","name":"Cl\u00e9ment","image":{"@type":"ImageObject","inLanguage":"fr-FR","@id":"https:\/\/footdavant.fr\/actualites\/#\/schema\/person\/image\/","url":"https:\/\/secure.gravatar.com\/avatar\/7728b29aac2719421e1a9159b2254c44?s=96&d=mm&r=g","contentUrl":"https:\/\/secure.gravatar.com\/avatar\/7728b29aac2719421e1a9159b2254c44?s=96&d=mm&r=g","caption":"Cl\u00e9ment"},"sameAs":["https:\/\/footdavant.fr\/"]}]}},"_links":{"self":[{"href":"https:\/\/footdavant.fr\/actualites\/wp-json\/wp\/v2\/posts\/16939"}],"collection":[{"href":"https:\/\/footdavant.fr\/actualites\/wp-json\/wp\/v2\/posts"}],"about":[{"href":"https:\/\/footdavant.fr\/actualites\/wp-json\/wp\/v2\/types\/post"}],"author":[{"embeddable":true,"href":"https:\/\/footdavant.fr\/actualites\/wp-json\/wp\/v2\/users\/1"}],"replies":[{"embeddable":true,"href":"https:\/\/footdavant.fr\/actualites\/wp-json\/wp\/v2\/comments?post=16939"}],"version-history":[{"count":1,"href":"https:\/\/footdavant.fr\/actualites\/wp-json\/wp\/v2\/posts\/16939\/revisions"}],"predecessor-version":[{"id":16940,"href":"https:\/\/footdavant.fr\/actualites\/wp-json\/wp\/v2\/posts\/16939\/revisions\/16940"}],"wp:featuredmedia":[{"embeddable":true,"href":"https:\/\/footdavant.fr\/actualites\/wp-json\/wp\/v2\/media\/9029"}],"wp:attachment":[{"href":"https:\/\/footdavant.fr\/actualites\/wp-json\/wp\/v2\/media?parent=16939"}],"wp:term":[{"taxonomy":"category","embeddable":true,"href":"https:\/\/footdavant.fr\/actualites\/wp-json\/wp\/v2\/categories?post=16939"},{"taxonomy":"post_tag","embeddable":true,"href":"https:\/\/footdavant.fr\/actualites\/wp-json\/wp\/v2\/tags?post=16939"}],"curies":[{"name":"wp","href":"https:\/\/api.w.org\/{rel}","templated":true}]}}