{"id":16941,"date":"2024-12-02T10:48:53","date_gmt":"2024-12-02T09:48:53","guid":{"rendered":"https:\/\/footdavant.fr\/actualites\/nouvelles-du-transfert-de-man-utd-la-sortie-de-christian-eriksen-de-man-united-se-heurte-a-un-gros-obstacle\/"},"modified":"2024-12-02T10:48:54","modified_gmt":"2024-12-02T09:48:54","slug":"nouvelles-du-transfert-de-man-utd-la-sortie-de-christian-eriksen-de-man-united-se-heurte-a-un-gros-obstacle","status":"publish","type":"post","link":"https:\/\/footdavant.fr\/actualites\/nouvelles-du-transfert-de-man-utd-la-sortie-de-christian-eriksen-de-man-united-se-heurte-a-un-gros-obstacle\/","title":{"rendered":"Nouvelles du transfert de Man Utd: la sortie de Christian Eriksen de Man United se heurte \u00e0 un \u00ab gros obstacle \u00bb"},"content":{"rendered":"<p>Le Celtic envisagerait de recruter le milieu de terrain de Manchester United Christian Eriksen, mais le transfert du Danois \u00e0 Glasgow se heurterait \u00e0 un obstacle majeur.<\/p>\n<div id=\"article_body\" itemprop=\"articleBody\">\n<h3 class=\"firstPara\">\n<strong class=\"autotag\">celtique<\/strong> on pense qu&#39;ils envisagent de d\u00e9m\u00e9nager pour <strong class=\"autotag\">Manchester United<\/strong> milieu de terrain <strong class=\"autotag\">Christian Eriksen<\/strong> mais un d\u00e9m\u00e9nagement \u00e0 Glasgow pour le Danois se heurterait apparemment \u00e0 un obstacle majeur.<\/h3>\n<p>Les Diables Rouges ont livr\u00e9 un <strong>performances consid\u00e9rablement am\u00e9lior\u00e9es<\/strong> jeudi par rapport au week-end dernier, avec <strong class=\"autotag\">Ruben Amorim<\/strong> obtenant sa premi\u00e8re victoire depuis sa prise en charge.<\/p>\n<p>Contre Bodo\/Glimt, le nouvel entra\u00eeneur-chef a d\u00e9but\u00e9 <strong class=\"autotag\">Manuel Ugart\u00e9<\/strong> aux c\u00f4t\u00e9s <strong class=\"autotag\">Bruno Fernandes<\/strong> au milieu de terrain central, tandis que <strong class=\"autotag\">Monture ma\u00e7on<\/strong> a \u00e9t\u00e9 d\u00e9ploy\u00e9 dans un r\u00f4le plus avanc\u00e9.<\/p>\n<p>Cela fait suite \u00e0 une vague de critiques dirig\u00e9es contre <strong class=\"autotag\">Casemiro<\/strong> et Eriksen, qui a d\u00e9but\u00e9 le premier match d&#39;Amorim contre Ipswich Town mais a eu du mal \u00e0 suivre l&#39;intensit\u00e9 de ses exigences.<\/p>\n<p class=\"imgI\">\n<h2 class=\"k3\">Eriksen constitue une pierre d&#39;achoppement pour le transfert du Celtic<\/h2>\n<p>Eriksen a connu une r\u00e9surgence personnelle cette saison, commen\u00e7ant neuf fois sous <strong class=\"autotag\">Erik Ten Hag<\/strong> avant que le N\u00e9erlandais ne soit \u00e9limin\u00e9 apr\u00e8s la d\u00e9faite 2-1 de l&#39;\u00e9quipe contre West Ham le mois dernier. <\/p>\n<p>Cependant, son temps de jeu devrait diminuer \u00e0 mesure que <strong class=\"autotag\">Kobbie Mainoo<\/strong> se rapproche de sa pleine forme physique, l&#39;Anglais \u00e9tant consid\u00e9r\u00e9 comme un meilleur candidat pour le style d&#39;Amorim.<\/p>\n<p>Il y a eu des sp\u00e9culations sur un \u00e9ventuel d\u00e9part en janvier d&#39;Eriksen, dont le contrat actuel \u00e0 Old Trafford devrait expirer \u00e0 la fin de la saison.<\/p>\n<p>Le Celtic a \u00e9t\u00e9 cr\u00e9dit\u00e9 d&#39;un int\u00e9r\u00eat pour l&#39;international danois, mais selon <em>Initi\u00e9 au football<\/em>son salaire actuel de 150 000 \u00a3 par semaine s&#39;av\u00e8re \u00eatre une pierre d&#39;achoppement majeure.<\/p>\n<p>Le rapport ajoute qu&#39;il est peu probable que les champions \u00e9cossais atteignent un salaire aussi \u00e9lev\u00e9 et pourraient choisir d&#39;attendre l&#39;\u00e9t\u00e9 prochain pour essayer de le signer avec un transfert gratuit.<\/p>\n<p>Eriksen a rejoint les g\u00e9ants de la Premier League en 2022 gr\u00e2ce \u00e0 un transfert gratuit et a depuis fait 86 apparitions pour le club.<\/p>\n<p class=\"imgI\"><img decoding=\"async\" loading=\"lazy\" class=\"l\" src=\"https:\/\/footdavant.fr\/actualites\/wp-content\/uploads\/2024\/12\/1733132933_154_Nouvelles-du-transfert-de-Man-Utd-la-sortie-de-Christian.jpg\" title=\"Ruben Amorim, entra\u00eeneur-chef de Manchester United, le 28 novembre 2024\" alt=\"Ruben Amorim, entra\u00eeneur-chef de Manchester United, le 28 novembre 2024\" width=\"640\" height=\"480\"><\/p>\n<h2 class=\"k3\">Amorim n&#39;envisage pas les signatures de janvier<\/h2>\n<p>Depuis son arriv\u00e9e, Amorim est li\u00e9 au transfert de plusieurs de ses anciens joueurs du Sporting Lisbonne \u00e0 Old Trafford, dont l&#39;ailier <strong class=\"autotag\">Geovany Quenda<\/strong> et attaquant <strong class=\"autotag\">Viktor Gyokeres<\/strong>.<\/p>\n<p>Les informations de cette semaine sugg\u00e8rent que les Diables Rouges auraient entam\u00e9 des discussions avec l&#39;agent de Quenda. <strong class=\"autotag\">Jorge Mend\u00e8s<\/strong>bien que le joueur ait r\u00e9cemment prolong\u00e9 son contrat avec les champions de Primeira Liga jusqu&#39;en 2027.<\/p>\n<p>Cependant, il semble que <strong>Amorim n&#39;a aucune intention<\/strong> de faire de nouvelles recrues au cours de la fen\u00eatre hivernale, et se concentre plut\u00f4t sur le d\u00e9veloppement de sa g\u00e9n\u00e9ration actuelle de joueurs. <\/p>\n<p>United occupe actuellement la 12e place du classement. <strong>Tableau de la Premier League<\/strong> et sont de retour en action dimanche apr\u00e8s-midi lorsqu&#39;ils accueilleront Everton. <\/p>\n<\/div>\n","protected":false},"excerpt":{"rendered":"<p>Le Celtic envisagerait de recruter le milieu de terrain de Manchester United Christian Eriksen, mais le transfert du Danois \u00e0 Glasgow se heurterait \u00e0 un<\/p>\n","protected":false},"author":1,"featured_media":16942,"comment_status":"closed","ping_status":"","sticky":false,"template":"","format":"standard","meta":{"footnotes":""},"categories":[5],"tags":[738,739,1456,7219,24,461,3694,1263,700,13,296],"yoast_head":"<!-- This site is optimized with the Yoast SEO plugin v21.0 - https:\/\/yoast.com\/wordpress\/plugins\/seo\/ -->\n<title>Nouvelles du transfert de Man Utd: la sortie de Christian Eriksen de Man United se heurte \u00e0 un \u00ab gros obstacle \u00bb<\/title>\n<meta name=\"robots\" content=\"index, follow, max-snippet:-1, max-image-preview:large, max-video-preview:-1\" \/>\n<link rel=\"canonical\" href=\"https:\/\/footdavant.fr\/actualites\/nouvelles-du-transfert-de-man-utd-la-sortie-de-christian-eriksen-de-man-united-se-heurte-a-un-gros-obstacle\/\" \/>\n<meta property=\"og:locale\" content=\"fr_FR\" \/>\n<meta property=\"og:type\" content=\"article\" \/>\n<meta property=\"og:title\" content=\"Nouvelles du transfert de Man Utd: la sortie de Christian Eriksen de Man United se heurte \u00e0 un \u00ab gros obstacle \u00bb\" \/>\n<meta property=\"og:description\" content=\"Le Celtic envisagerait de recruter le milieu de terrain de Manchester United Christian Eriksen, mais le transfert du Danois \u00e0 Glasgow se heurterait \u00e0 un\" \/>\n<meta property=\"og:url\" content=\"https:\/\/footdavant.fr\/actualites\/nouvelles-du-transfert-de-man-utd-la-sortie-de-christian-eriksen-de-man-united-se-heurte-a-un-gros-obstacle\/\" \/>\n<meta property=\"og:site_name\" content=\"Foot d&#039;avant\" \/>\n<meta property=\"article:publisher\" content=\"https:\/\/www.facebook.com\/Footdavant\/\" \/>\n<meta property=\"article:published_time\" content=\"2024-12-02T09:48:53+00:00\" \/>\n<meta property=\"article:modified_time\" content=\"2024-12-02T09:48:54+00:00\" \/>\n<meta property=\"og:image\" content=\"https:\/\/footdavant.fr\/actualites\/wp-content\/uploads\/2024\/12\/Nouvelles-du-transfert-de-Man-Utd-la-sortie-de-Christian.jpg\" \/>\n\t<meta property=\"og:image:width\" content=\"640\" \/>\n\t<meta property=\"og:image:height\" content=\"480\" \/>\n\t<meta property=\"og:image:type\" content=\"image\/jpeg\" \/>\n<meta name=\"author\" content=\"Cl\u00e9ment\" \/>\n<meta name=\"twitter:card\" content=\"summary_large_image\" \/>\n<meta name=\"twitter:creator\" content=\"@FootdavantFr\" \/>\n<meta name=\"twitter:site\" content=\"@FootdavantFr\" \/>\n<meta name=\"twitter:label1\" content=\"\u00c9crit par\" \/>\n\t<meta name=\"twitter:data1\" content=\"Cl\u00e9ment\" \/>\n\t<meta name=\"twitter:label2\" content=\"Dur\u00e9e de lecture estim\u00e9e\" \/>\n\t<meta name=\"twitter:data2\" content=\"3 minutes\" \/>\n<script type=\"application\/ld+json\" class=\"yoast-schema-graph\">{\"@context\":\"https:\/\/schema.org\",\"@graph\":[{\"@type\":\"Article\",\"@id\":\"https:\/\/footdavant.fr\/actualites\/nouvelles-du-transfert-de-man-utd-la-sortie-de-christian-eriksen-de-man-united-se-heurte-a-un-gros-obstacle\/#article\",\"isPartOf\":{\"@id\":\"https:\/\/footdavant.fr\/actualites\/nouvelles-du-transfert-de-man-utd-la-sortie-de-christian-eriksen-de-man-united-se-heurte-a-un-gros-obstacle\/\"},\"author\":{\"name\":\"Cl\u00e9ment\",\"@id\":\"https:\/\/footdavant.fr\/actualites\/#\/schema\/person\/bc222566d95871b37e597b3ed3ba5e1d\"},\"headline\":\"Nouvelles du transfert de Man Utd: la sortie de Christian Eriksen de Man United se heurte \u00e0 un \u00ab gros obstacle \u00bb\",\"datePublished\":\"2024-12-02T09:48:53+00:00\",\"dateModified\":\"2024-12-02T09:48:54+00:00\",\"mainEntityOfPage\":{\"@id\":\"https:\/\/footdavant.fr\/actualites\/nouvelles-du-transfert-de-man-utd-la-sortie-de-christian-eriksen-de-man-united-se-heurte-a-un-gros-obstacle\/\"},\"wordCount\":527,\"publisher\":{\"@id\":\"https:\/\/footdavant.fr\/actualites\/#organization\"},\"keywords\":[\"Christian\",\"Eriksen\",\"gros\",\"heurte\",\"Man\",\"Nouvelles\",\"obstacle\",\"sortie\",\"transfert\",\"United\",\"Utd\"],\"articleSection\":[\"Premier League\"],\"inLanguage\":\"fr-FR\"},{\"@type\":\"WebPage\",\"@id\":\"https:\/\/footdavant.fr\/actualites\/nouvelles-du-transfert-de-man-utd-la-sortie-de-christian-eriksen-de-man-united-se-heurte-a-un-gros-obstacle\/\",\"url\":\"https:\/\/footdavant.fr\/actualites\/nouvelles-du-transfert-de-man-utd-la-sortie-de-christian-eriksen-de-man-united-se-heurte-a-un-gros-obstacle\/\",\"name\":\"Nouvelles du transfert de Man Utd: la sortie de Christian Eriksen de Man United se heurte \u00e0 un \u00ab gros obstacle \u00bb\",\"isPartOf\":{\"@id\":\"https:\/\/footdavant.fr\/actualites\/#website\"},\"datePublished\":\"2024-12-02T09:48:53+00:00\",\"dateModified\":\"2024-12-02T09:48:54+00:00\",\"breadcrumb\":{\"@id\":\"https:\/\/footdavant.fr\/actualites\/nouvelles-du-transfert-de-man-utd-la-sortie-de-christian-eriksen-de-man-united-se-heurte-a-un-gros-obstacle\/#breadcrumb\"},\"inLanguage\":\"fr-FR\",\"potentialAction\":[{\"@type\":\"ReadAction\",\"target\":[\"https:\/\/footdavant.fr\/actualites\/nouvelles-du-transfert-de-man-utd-la-sortie-de-christian-eriksen-de-man-united-se-heurte-a-un-gros-obstacle\/\"]}]},{\"@type\":\"BreadcrumbList\",\"@id\":\"https:\/\/footdavant.fr\/actualites\/nouvelles-du-transfert-de-man-utd-la-sortie-de-christian-eriksen-de-man-united-se-heurte-a-un-gros-obstacle\/#breadcrumb\",\"itemListElement\":[{\"@type\":\"ListItem\",\"position\":1,\"name\":\"Accueil\",\"item\":\"https:\/\/footdavant.fr\/actualites\/\"},{\"@type\":\"ListItem\",\"position\":2,\"name\":\"Nouvelles du transfert de Man Utd: la sortie de Christian Eriksen de Man United se heurte \u00e0 un \u00ab gros obstacle \u00bb\"}]},{\"@type\":\"WebSite\",\"@id\":\"https:\/\/footdavant.fr\/actualites\/#website\",\"url\":\"https:\/\/footdavant.fr\/actualites\/\",\"name\":\"Foot d'avant\",\"description\":\"\",\"publisher\":{\"@id\":\"https:\/\/footdavant.fr\/actualites\/#organization\"},\"potentialAction\":[{\"@type\":\"SearchAction\",\"target\":{\"@type\":\"EntryPoint\",\"urlTemplate\":\"https:\/\/footdavant.fr\/actualites\/?s={search_term_string}\"},\"query-input\":\"required name=search_term_string\"}],\"inLanguage\":\"fr-FR\"},{\"@type\":\"Organization\",\"@id\":\"https:\/\/footdavant.fr\/actualites\/#organization\",\"name\":\"Foot d'avant\",\"url\":\"https:\/\/footdavant.fr\/actualites\/\",\"logo\":{\"@type\":\"ImageObject\",\"inLanguage\":\"fr-FR\",\"@id\":\"https:\/\/footdavant.fr\/actualites\/#\/schema\/logo\/image\/\",\"url\":\"https:\/\/footdavant.fr\/actualites\/wp-content\/uploads\/2023\/09\/Copy-of-FootDavant-Logo.png\",\"contentUrl\":\"https:\/\/footdavant.fr\/actualites\/wp-content\/uploads\/2023\/09\/Copy-of-FootDavant-Logo.png\",\"width\":936,\"height\":549,\"caption\":\"Foot d'avant\"},\"image\":{\"@id\":\"https:\/\/footdavant.fr\/actualites\/#\/schema\/logo\/image\/\"},\"sameAs\":[\"https:\/\/www.facebook.com\/Footdavant\/\",\"https:\/\/twitter.com\/FootdavantFr\",\"https:\/\/www.instagram.com\/footdavant.fr\/\"]},{\"@type\":\"Person\",\"@id\":\"https:\/\/footdavant.fr\/actualites\/#\/schema\/person\/bc222566d95871b37e597b3ed3ba5e1d\",\"name\":\"Cl\u00e9ment\",\"image\":{\"@type\":\"ImageObject\",\"inLanguage\":\"fr-FR\",\"@id\":\"https:\/\/footdavant.fr\/actualites\/#\/schema\/person\/image\/\",\"url\":\"https:\/\/secure.gravatar.com\/avatar\/7728b29aac2719421e1a9159b2254c44?s=96&d=mm&r=g\",\"contentUrl\":\"https:\/\/secure.gravatar.com\/avatar\/7728b29aac2719421e1a9159b2254c44?s=96&d=mm&r=g\",\"caption\":\"Cl\u00e9ment\"},\"sameAs\":[\"https:\/\/footdavant.fr\/\"]}]}<\/script>\n<!-- \/ Yoast SEO plugin. -->","yoast_head_json":{"title":"Nouvelles du transfert de Man Utd: la sortie de Christian Eriksen de Man United se heurte \u00e0 un \u00ab gros obstacle \u00bb","robots":{"index":"index","follow":"follow","max-snippet":"max-snippet:-1","max-image-preview":"max-image-preview:large","max-video-preview":"max-video-preview:-1"},"canonical":"https:\/\/footdavant.fr\/actualites\/nouvelles-du-transfert-de-man-utd-la-sortie-de-christian-eriksen-de-man-united-se-heurte-a-un-gros-obstacle\/","og_locale":"fr_FR","og_type":"article","og_title":"Nouvelles du transfert de Man Utd: la sortie de Christian Eriksen de Man United se heurte \u00e0 un \u00ab gros obstacle \u00bb","og_description":"Le Celtic envisagerait de recruter le milieu de terrain de Manchester United Christian Eriksen, mais le transfert du Danois \u00e0 Glasgow se heurterait \u00e0 un","og_url":"https:\/\/footdavant.fr\/actualites\/nouvelles-du-transfert-de-man-utd-la-sortie-de-christian-eriksen-de-man-united-se-heurte-a-un-gros-obstacle\/","og_site_name":"Foot d&#039;avant","article_publisher":"https:\/\/www.facebook.com\/Footdavant\/","article_published_time":"2024-12-02T09:48:53+00:00","article_modified_time":"2024-12-02T09:48:54+00:00","og_image":[{"width":640,"height":480,"url":"https:\/\/footdavant.fr\/actualites\/wp-content\/uploads\/2024\/12\/Nouvelles-du-transfert-de-Man-Utd-la-sortie-de-Christian.jpg","type":"image\/jpeg"}],"author":"Cl\u00e9ment","twitter_card":"summary_large_image","twitter_creator":"@FootdavantFr","twitter_site":"@FootdavantFr","twitter_misc":{"\u00c9crit par":"Cl\u00e9ment","Dur\u00e9e de lecture estim\u00e9e":"3 minutes"},"schema":{"@context":"https:\/\/schema.org","@graph":[{"@type":"Article","@id":"https:\/\/footdavant.fr\/actualites\/nouvelles-du-transfert-de-man-utd-la-sortie-de-christian-eriksen-de-man-united-se-heurte-a-un-gros-obstacle\/#article","isPartOf":{"@id":"https:\/\/footdavant.fr\/actualites\/nouvelles-du-transfert-de-man-utd-la-sortie-de-christian-eriksen-de-man-united-se-heurte-a-un-gros-obstacle\/"},"author":{"name":"Cl\u00e9ment","@id":"https:\/\/footdavant.fr\/actualites\/#\/schema\/person\/bc222566d95871b37e597b3ed3ba5e1d"},"headline":"Nouvelles du transfert de Man Utd: la sortie de Christian Eriksen de Man United se heurte \u00e0 un \u00ab gros obstacle \u00bb","datePublished":"2024-12-02T09:48:53+00:00","dateModified":"2024-12-02T09:48:54+00:00","mainEntityOfPage":{"@id":"https:\/\/footdavant.fr\/actualites\/nouvelles-du-transfert-de-man-utd-la-sortie-de-christian-eriksen-de-man-united-se-heurte-a-un-gros-obstacle\/"},"wordCount":527,"publisher":{"@id":"https:\/\/footdavant.fr\/actualites\/#organization"},"keywords":["Christian","Eriksen","gros","heurte","Man","Nouvelles","obstacle","sortie","transfert","United","Utd"],"articleSection":["Premier League"],"inLanguage":"fr-FR"},{"@type":"WebPage","@id":"https:\/\/footdavant.fr\/actualites\/nouvelles-du-transfert-de-man-utd-la-sortie-de-christian-eriksen-de-man-united-se-heurte-a-un-gros-obstacle\/","url":"https:\/\/footdavant.fr\/actualites\/nouvelles-du-transfert-de-man-utd-la-sortie-de-christian-eriksen-de-man-united-se-heurte-a-un-gros-obstacle\/","name":"Nouvelles du transfert de Man Utd: la sortie de Christian Eriksen de Man United se heurte \u00e0 un \u00ab gros obstacle \u00bb","isPartOf":{"@id":"https:\/\/footdavant.fr\/actualites\/#website"},"datePublished":"2024-12-02T09:48:53+00:00","dateModified":"2024-12-02T09:48:54+00:00","breadcrumb":{"@id":"https:\/\/footdavant.fr\/actualites\/nouvelles-du-transfert-de-man-utd-la-sortie-de-christian-eriksen-de-man-united-se-heurte-a-un-gros-obstacle\/#breadcrumb"},"inLanguage":"fr-FR","potentialAction":[{"@type":"ReadAction","target":["https:\/\/footdavant.fr\/actualites\/nouvelles-du-transfert-de-man-utd-la-sortie-de-christian-eriksen-de-man-united-se-heurte-a-un-gros-obstacle\/"]}]},{"@type":"BreadcrumbList","@id":"https:\/\/footdavant.fr\/actualites\/nouvelles-du-transfert-de-man-utd-la-sortie-de-christian-eriksen-de-man-united-se-heurte-a-un-gros-obstacle\/#breadcrumb","itemListElement":[{"@type":"ListItem","position":1,"name":"Accueil","item":"https:\/\/footdavant.fr\/actualites\/"},{"@type":"ListItem","position":2,"name":"Nouvelles du transfert de Man Utd: la sortie de Christian Eriksen de Man United se heurte \u00e0 un \u00ab gros obstacle \u00bb"}]},{"@type":"WebSite","@id":"https:\/\/footdavant.fr\/actualites\/#website","url":"https:\/\/footdavant.fr\/actualites\/","name":"Foot d'avant","description":"","publisher":{"@id":"https:\/\/footdavant.fr\/actualites\/#organization"},"potentialAction":[{"@type":"SearchAction","target":{"@type":"EntryPoint","urlTemplate":"https:\/\/footdavant.fr\/actualites\/?s={search_term_string}"},"query-input":"required name=search_term_string"}],"inLanguage":"fr-FR"},{"@type":"Organization","@id":"https:\/\/footdavant.fr\/actualites\/#organization","name":"Foot d'avant","url":"https:\/\/footdavant.fr\/actualites\/","logo":{"@type":"ImageObject","inLanguage":"fr-FR","@id":"https:\/\/footdavant.fr\/actualites\/#\/schema\/logo\/image\/","url":"https:\/\/footdavant.fr\/actualites\/wp-content\/uploads\/2023\/09\/Copy-of-FootDavant-Logo.png","contentUrl":"https:\/\/footdavant.fr\/actualites\/wp-content\/uploads\/2023\/09\/Copy-of-FootDavant-Logo.png","width":936,"height":549,"caption":"Foot d'avant"},"image":{"@id":"https:\/\/footdavant.fr\/actualites\/#\/schema\/logo\/image\/"},"sameAs":["https:\/\/www.facebook.com\/Footdavant\/","https:\/\/twitter.com\/FootdavantFr","https:\/\/www.instagram.com\/footdavant.fr\/"]},{"@type":"Person","@id":"https:\/\/footdavant.fr\/actualites\/#\/schema\/person\/bc222566d95871b37e597b3ed3ba5e1d","name":"Cl\u00e9ment","image":{"@type":"ImageObject","inLanguage":"fr-FR","@id":"https:\/\/footdavant.fr\/actualites\/#\/schema\/person\/image\/","url":"https:\/\/secure.gravatar.com\/avatar\/7728b29aac2719421e1a9159b2254c44?s=96&d=mm&r=g","contentUrl":"https:\/\/secure.gravatar.com\/avatar\/7728b29aac2719421e1a9159b2254c44?s=96&d=mm&r=g","caption":"Cl\u00e9ment"},"sameAs":["https:\/\/footdavant.fr\/"]}]}},"_links":{"self":[{"href":"https:\/\/footdavant.fr\/actualites\/wp-json\/wp\/v2\/posts\/16941"}],"collection":[{"href":"https:\/\/footdavant.fr\/actualites\/wp-json\/wp\/v2\/posts"}],"about":[{"href":"https:\/\/footdavant.fr\/actualites\/wp-json\/wp\/v2\/types\/post"}],"author":[{"embeddable":true,"href":"https:\/\/footdavant.fr\/actualites\/wp-json\/wp\/v2\/users\/1"}],"replies":[{"embeddable":true,"href":"https:\/\/footdavant.fr\/actualites\/wp-json\/wp\/v2\/comments?post=16941"}],"version-history":[{"count":1,"href":"https:\/\/footdavant.fr\/actualites\/wp-json\/wp\/v2\/posts\/16941\/revisions"}],"predecessor-version":[{"id":16943,"href":"https:\/\/footdavant.fr\/actualites\/wp-json\/wp\/v2\/posts\/16941\/revisions\/16943"}],"wp:featuredmedia":[{"embeddable":true,"href":"https:\/\/footdavant.fr\/actualites\/wp-json\/wp\/v2\/media\/16942"}],"wp:attachment":[{"href":"https:\/\/footdavant.fr\/actualites\/wp-json\/wp\/v2\/media?parent=16941"}],"wp:term":[{"taxonomy":"category","embeddable":true,"href":"https:\/\/footdavant.fr\/actualites\/wp-json\/wp\/v2\/categories?post=16941"},{"taxonomy":"post_tag","embeddable":true,"href":"https:\/\/footdavant.fr\/actualites\/wp-json\/wp\/v2\/tags?post=16941"}],"curies":[{"name":"wp","href":"https:\/\/api.w.org\/{rel}","templated":true}]}}