{"id":16944,"date":"2024-12-02T12:48:30","date_gmt":"2024-12-02T11:48:30","guid":{"rendered":"https:\/\/footdavant.fr\/actualites\/ancelotti-heureux-de-voir-mbappe-dangereux-lors-de-la-victoire-du-real-madrid\/"},"modified":"2024-12-02T12:48:32","modified_gmt":"2024-12-02T11:48:32","slug":"ancelotti-heureux-de-voir-mbappe-dangereux-lors-de-la-victoire-du-real-madrid","status":"publish","type":"post","link":"https:\/\/footdavant.fr\/actualites\/ancelotti-heureux-de-voir-mbappe-dangereux-lors-de-la-victoire-du-real-madrid\/","title":{"rendered":"Ancelotti heureux de voir Mbapp\u00e9 \u00ab\u00a0dangereux\u00a0\u00bb lors de la victoire du Real Madrid"},"content":{"rendered":"<div>\n<p>Carlo Ancelotti a f\u00e9licit\u00e9 Kylian Mbappe pour sa performance \u00ab dangereuse \u00bb apr\u00e8s la victoire 2-0 du Real Madrid sur Getafe dimanche.<\/p>\n<p>Mbappe a fait taire les r\u00e9centes critiques avec un but spectaculaire suite \u00e0 un penalty rat\u00e9 contre Liverpool en milieu de semaine.<\/p>\n<p>Le Real Madrid a pris l&#39;avantage \u00e0 la 30e minute lorsque Jude Bellingham s&#39;est transform\u00e9 sur place.<\/p>\n<p>Peu de temps apr\u00e8s, Bellingham a pr\u00e9par\u00e9 Mbappe pour une brillante frappe \u00e0 longue distance qui a ricoch\u00e9 sur le poteau et dans le filet, doublant l&#39;avantage de Madrid.<\/p>\n<p>Cette victoire a permis \u00e0 Madrid de se rapprocher d&#39;un point du leader de la Liga, Barcelone, Madrid tenant un match en main.<\/p>\n<p>\u00ab\u00a0[Mbappe] \u00e9tait dangereux comme toujours \u00bb, a d\u00e9clar\u00e9 Ancelotti lors de sa conf\u00e9rence de presse d&#39;apr\u00e8s-match.<\/p>\n<p>\u00ab Il a marqu\u00e9 un but important qui nous a aid\u00e9 \u00e0 mieux contr\u00f4ler le match.<\/p>\n<blockquote class=\"twitter-tweet\">\n<p dir=\"ltr\" lang=\"en\">\ud83d\udc54 <a rel=\"nofollow\" href=\"https:\/\/twitter.com\/MrAncelotti?ref_src=twsrc%5Etfw\" rel=\"nofollow noopener\">@MrAncelotti<\/a>: \u00ab\u00a0Nous avons bien contr\u00f4l\u00e9 le match et l&#39;avons gagn\u00e9 \u00e0 juste titre.\u00a0\u00bb<a rel=\"nofollow noopener\" href=\"https:\/\/twitter.com\/hashtag\/RealMadridGetafe?src=hash&amp;ref_src=twsrc%5Etfw\" target=\"_blank\">#RealMadridGetafe<\/a> <a rel=\"nofollow\" href=\"https:\/\/t.co\/iQx45G7VUb\" rel=\"nofollow\">pic.twitter.com\/iQx45G7VUb<\/a><\/p>\n<p>\u2014 Real Madrid CF \ud83c\uddec\ud83c\udde7\ud83c\uddfa\ud83c\uddf8 (@realmadriden) <a rel=\"nofollow\" href=\"https:\/\/twitter.com\/realmadriden\/status\/1863299526960058622?ref_src=twsrc%5Etfw\" rel=\"nofollow noopener\">1 d\u00e9cembre 2024<\/a><\/p>\n<\/blockquote>\n<p>\u00ab Il s&#39;est \u00e9galement cr\u00e9\u00e9 des opportunit\u00e9s en seconde p\u00e9riode. C&#39;\u00e9tait une performance tr\u00e8s active, et c&#39;est exactement ce que nous attendons de lui.<\/p>\n<p>La forme r\u00e9cente de Mbappe a \u00e9t\u00e9 sous surveillance, le Fran\u00e7ais n&#39;ayant marqu\u00e9 que deux fois en neuf matches avant dimanche.<\/p>\n<p>Cependant, son but contre Getafe marquait la premi\u00e8re fois depuis septembre qu&#39;il marquait lors de matches cons\u00e9cutifs de Liga.<\/p>\n<p>\u00ab\u00a0C&#39;est un soulagement, oui\u00a0\u00bb, a ajout\u00e9 Ancelotti.<\/p>\n<p>\u00ab \u00c0 2-0, vos chances de remporter la victoire augmentent\u2026 C&#39;\u00e9tait un but spectaculaire, fantastique. [Mbappe\u2019s] la performance globale \u00e9tait excellente.<\/p>\n<p>\u00ab Les supporters reconnaissent la forme de l&#39;\u00e9quipe et des joueurs individuels. Leur soutien \u00e0 Mbapp\u00e9 \u00e9tait m\u00e9rit\u00e9.<\/p>\n<p>Pendant ce temps, Jude Bellingham a \u00e9t\u00e9 remplac\u00e9 \u00e0 la mi-temps en raison d&#39;un inconfort, mais Ancelotti a minimis\u00e9 les inqui\u00e9tudes concernant l&#39;\u00e9tat du milieu de terrain.<\/p>\n<p>\u00ab\u00a0Bellingham avait un probl\u00e8me au cou et ne pouvait pas continuer\u00a0\u00bb, a expliqu\u00e9 Ancelotti. \u00ab\u00a0Je pense qu&#39;il r\u00e9cup\u00e9rera dans quelques jours.\u00a0\u00bb<\/p>\n<p>Pour l\u2019avenir, le Real Madrid fait face \u00e0 un calendrier charg\u00e9. Ils se rendront \u00e0 l&#39;Athletic Club mercredi et \u00e0 G\u00e9rone samedi pour les matches de LaLiga, suivis d&#39;un affrontement en Ligue des champions \u00e0 l&#39;Atalanta.<\/p>\n<\/p><\/div>\n<p><script async src=\"https:\/\/platform.twitter.com\/widgets.js\" charset=\"utf-8\"><\/script><\/p>\n","protected":false},"excerpt":{"rendered":"<p>Carlo Ancelotti a f\u00e9licit\u00e9 Kylian Mbappe pour sa performance \u00ab dangereuse \u00bb apr\u00e8s la victoire 2-0 du Real Madrid sur Getafe dimanche. Mbappe a fait<\/p>\n","protected":false},"author":1,"featured_media":16945,"comment_status":"closed","ping_status":"","sticky":false,"template":"","format":"standard","meta":{"footnotes":""},"categories":[3],"tags":[727,6205,1206,64,303,63,302,26,308],"yoast_head":"<!-- This site is optimized with the Yoast SEO plugin v21.0 - https:\/\/yoast.com\/wordpress\/plugins\/seo\/ -->\n<title>Ancelotti heureux de voir Mbapp\u00e9 &quot;dangereux&quot; lors de la victoire du Real Madrid<\/title>\n<meta name=\"robots\" content=\"index, follow, max-snippet:-1, max-image-preview:large, max-video-preview:-1\" \/>\n<link rel=\"canonical\" href=\"https:\/\/footdavant.fr\/actualites\/ancelotti-heureux-de-voir-mbappe-dangereux-lors-de-la-victoire-du-real-madrid\/\" \/>\n<meta property=\"og:locale\" content=\"fr_FR\" \/>\n<meta property=\"og:type\" content=\"article\" \/>\n<meta property=\"og:title\" content=\"Ancelotti heureux de voir Mbapp\u00e9 &quot;dangereux&quot; lors de la victoire du Real Madrid\" \/>\n<meta property=\"og:description\" content=\"Carlo Ancelotti a f\u00e9licit\u00e9 Kylian Mbappe pour sa performance \u00ab dangereuse \u00bb apr\u00e8s la victoire 2-0 du Real Madrid sur Getafe dimanche. Mbappe a fait\" \/>\n<meta property=\"og:url\" content=\"https:\/\/footdavant.fr\/actualites\/ancelotti-heureux-de-voir-mbappe-dangereux-lors-de-la-victoire-du-real-madrid\/\" \/>\n<meta property=\"og:site_name\" content=\"Foot d&#039;avant\" \/>\n<meta property=\"article:publisher\" content=\"https:\/\/www.facebook.com\/Footdavant\/\" \/>\n<meta property=\"article:published_time\" content=\"2024-12-02T11:48:30+00:00\" \/>\n<meta property=\"article:modified_time\" content=\"2024-12-02T11:48:32+00:00\" \/>\n<meta property=\"og:image\" content=\"https:\/\/footdavant.fr\/actualites\/wp-content\/uploads\/2024\/12\/Ancelotti-heureux-de-voir-Mbappe-dangereux-lors-de-la-victoire.jpg\" \/>\n\t<meta property=\"og:image:width\" content=\"1200\" \/>\n\t<meta property=\"og:image:height\" content=\"675\" \/>\n\t<meta property=\"og:image:type\" content=\"image\/jpeg\" \/>\n<meta name=\"author\" content=\"Cl\u00e9ment\" \/>\n<meta name=\"twitter:card\" content=\"summary_large_image\" \/>\n<meta name=\"twitter:creator\" content=\"@FootdavantFr\" \/>\n<meta name=\"twitter:site\" content=\"@FootdavantFr\" \/>\n<meta name=\"twitter:label1\" content=\"\u00c9crit par\" \/>\n\t<meta name=\"twitter:data1\" content=\"Cl\u00e9ment\" \/>\n\t<meta name=\"twitter:label2\" content=\"Dur\u00e9e de lecture estim\u00e9e\" \/>\n\t<meta name=\"twitter:data2\" content=\"2 minutes\" \/>\n<script type=\"application\/ld+json\" class=\"yoast-schema-graph\">{\"@context\":\"https:\/\/schema.org\",\"@graph\":[{\"@type\":\"Article\",\"@id\":\"https:\/\/footdavant.fr\/actualites\/ancelotti-heureux-de-voir-mbappe-dangereux-lors-de-la-victoire-du-real-madrid\/#article\",\"isPartOf\":{\"@id\":\"https:\/\/footdavant.fr\/actualites\/ancelotti-heureux-de-voir-mbappe-dangereux-lors-de-la-victoire-du-real-madrid\/\"},\"author\":{\"name\":\"Cl\u00e9ment\",\"@id\":\"https:\/\/footdavant.fr\/actualites\/#\/schema\/person\/bc222566d95871b37e597b3ed3ba5e1d\"},\"headline\":\"Ancelotti heureux de voir Mbapp\u00e9 \u00ab\u00a0dangereux\u00a0\u00bb lors de la victoire du Real Madrid\",\"datePublished\":\"2024-12-02T11:48:30+00:00\",\"dateModified\":\"2024-12-02T11:48:32+00:00\",\"mainEntityOfPage\":{\"@id\":\"https:\/\/footdavant.fr\/actualites\/ancelotti-heureux-de-voir-mbappe-dangereux-lors-de-la-victoire-du-real-madrid\/\"},\"wordCount\":403,\"publisher\":{\"@id\":\"https:\/\/footdavant.fr\/actualites\/#organization\"},\"keywords\":[\"Ancelotti\",\"dangereux\",\"heureux\",\"lors\",\"Madrid\",\"Mbappe\",\"Real\",\"victoire\",\"voir\"],\"articleSection\":[\"Football\"],\"inLanguage\":\"fr-FR\"},{\"@type\":\"WebPage\",\"@id\":\"https:\/\/footdavant.fr\/actualites\/ancelotti-heureux-de-voir-mbappe-dangereux-lors-de-la-victoire-du-real-madrid\/\",\"url\":\"https:\/\/footdavant.fr\/actualites\/ancelotti-heureux-de-voir-mbappe-dangereux-lors-de-la-victoire-du-real-madrid\/\",\"name\":\"Ancelotti heureux de voir Mbapp\u00e9 \\\"dangereux\\\" lors de la victoire du Real Madrid\",\"isPartOf\":{\"@id\":\"https:\/\/footdavant.fr\/actualites\/#website\"},\"datePublished\":\"2024-12-02T11:48:30+00:00\",\"dateModified\":\"2024-12-02T11:48:32+00:00\",\"breadcrumb\":{\"@id\":\"https:\/\/footdavant.fr\/actualites\/ancelotti-heureux-de-voir-mbappe-dangereux-lors-de-la-victoire-du-real-madrid\/#breadcrumb\"},\"inLanguage\":\"fr-FR\",\"potentialAction\":[{\"@type\":\"ReadAction\",\"target\":[\"https:\/\/footdavant.fr\/actualites\/ancelotti-heureux-de-voir-mbappe-dangereux-lors-de-la-victoire-du-real-madrid\/\"]}]},{\"@type\":\"BreadcrumbList\",\"@id\":\"https:\/\/footdavant.fr\/actualites\/ancelotti-heureux-de-voir-mbappe-dangereux-lors-de-la-victoire-du-real-madrid\/#breadcrumb\",\"itemListElement\":[{\"@type\":\"ListItem\",\"position\":1,\"name\":\"Accueil\",\"item\":\"https:\/\/footdavant.fr\/actualites\/\"},{\"@type\":\"ListItem\",\"position\":2,\"name\":\"Ancelotti heureux de voir Mbapp\u00e9 \u00ab\u00a0dangereux\u00a0\u00bb lors de la victoire du Real Madrid\"}]},{\"@type\":\"WebSite\",\"@id\":\"https:\/\/footdavant.fr\/actualites\/#website\",\"url\":\"https:\/\/footdavant.fr\/actualites\/\",\"name\":\"Foot d'avant\",\"description\":\"\",\"publisher\":{\"@id\":\"https:\/\/footdavant.fr\/actualites\/#organization\"},\"potentialAction\":[{\"@type\":\"SearchAction\",\"target\":{\"@type\":\"EntryPoint\",\"urlTemplate\":\"https:\/\/footdavant.fr\/actualites\/?s={search_term_string}\"},\"query-input\":\"required name=search_term_string\"}],\"inLanguage\":\"fr-FR\"},{\"@type\":\"Organization\",\"@id\":\"https:\/\/footdavant.fr\/actualites\/#organization\",\"name\":\"Foot d'avant\",\"url\":\"https:\/\/footdavant.fr\/actualites\/\",\"logo\":{\"@type\":\"ImageObject\",\"inLanguage\":\"fr-FR\",\"@id\":\"https:\/\/footdavant.fr\/actualites\/#\/schema\/logo\/image\/\",\"url\":\"https:\/\/footdavant.fr\/actualites\/wp-content\/uploads\/2023\/09\/Copy-of-FootDavant-Logo.png\",\"contentUrl\":\"https:\/\/footdavant.fr\/actualites\/wp-content\/uploads\/2023\/09\/Copy-of-FootDavant-Logo.png\",\"width\":936,\"height\":549,\"caption\":\"Foot d'avant\"},\"image\":{\"@id\":\"https:\/\/footdavant.fr\/actualites\/#\/schema\/logo\/image\/\"},\"sameAs\":[\"https:\/\/www.facebook.com\/Footdavant\/\",\"https:\/\/twitter.com\/FootdavantFr\",\"https:\/\/www.instagram.com\/footdavant.fr\/\"]},{\"@type\":\"Person\",\"@id\":\"https:\/\/footdavant.fr\/actualites\/#\/schema\/person\/bc222566d95871b37e597b3ed3ba5e1d\",\"name\":\"Cl\u00e9ment\",\"image\":{\"@type\":\"ImageObject\",\"inLanguage\":\"fr-FR\",\"@id\":\"https:\/\/footdavant.fr\/actualites\/#\/schema\/person\/image\/\",\"url\":\"https:\/\/secure.gravatar.com\/avatar\/7728b29aac2719421e1a9159b2254c44?s=96&d=mm&r=g\",\"contentUrl\":\"https:\/\/secure.gravatar.com\/avatar\/7728b29aac2719421e1a9159b2254c44?s=96&d=mm&r=g\",\"caption\":\"Cl\u00e9ment\"},\"sameAs\":[\"https:\/\/footdavant.fr\/\"]}]}<\/script>\n<!-- \/ Yoast SEO plugin. -->","yoast_head_json":{"title":"Ancelotti heureux de voir Mbapp\u00e9 \"dangereux\" lors de la victoire du Real Madrid","robots":{"index":"index","follow":"follow","max-snippet":"max-snippet:-1","max-image-preview":"max-image-preview:large","max-video-preview":"max-video-preview:-1"},"canonical":"https:\/\/footdavant.fr\/actualites\/ancelotti-heureux-de-voir-mbappe-dangereux-lors-de-la-victoire-du-real-madrid\/","og_locale":"fr_FR","og_type":"article","og_title":"Ancelotti heureux de voir Mbapp\u00e9 \"dangereux\" lors de la victoire du Real Madrid","og_description":"Carlo Ancelotti a f\u00e9licit\u00e9 Kylian Mbappe pour sa performance \u00ab dangereuse \u00bb apr\u00e8s la victoire 2-0 du Real Madrid sur Getafe dimanche. Mbappe a fait","og_url":"https:\/\/footdavant.fr\/actualites\/ancelotti-heureux-de-voir-mbappe-dangereux-lors-de-la-victoire-du-real-madrid\/","og_site_name":"Foot d&#039;avant","article_publisher":"https:\/\/www.facebook.com\/Footdavant\/","article_published_time":"2024-12-02T11:48:30+00:00","article_modified_time":"2024-12-02T11:48:32+00:00","og_image":[{"width":1200,"height":675,"url":"https:\/\/footdavant.fr\/actualites\/wp-content\/uploads\/2024\/12\/Ancelotti-heureux-de-voir-Mbappe-dangereux-lors-de-la-victoire.jpg","type":"image\/jpeg"}],"author":"Cl\u00e9ment","twitter_card":"summary_large_image","twitter_creator":"@FootdavantFr","twitter_site":"@FootdavantFr","twitter_misc":{"\u00c9crit par":"Cl\u00e9ment","Dur\u00e9e de lecture estim\u00e9e":"2 minutes"},"schema":{"@context":"https:\/\/schema.org","@graph":[{"@type":"Article","@id":"https:\/\/footdavant.fr\/actualites\/ancelotti-heureux-de-voir-mbappe-dangereux-lors-de-la-victoire-du-real-madrid\/#article","isPartOf":{"@id":"https:\/\/footdavant.fr\/actualites\/ancelotti-heureux-de-voir-mbappe-dangereux-lors-de-la-victoire-du-real-madrid\/"},"author":{"name":"Cl\u00e9ment","@id":"https:\/\/footdavant.fr\/actualites\/#\/schema\/person\/bc222566d95871b37e597b3ed3ba5e1d"},"headline":"Ancelotti heureux de voir Mbapp\u00e9 \u00ab\u00a0dangereux\u00a0\u00bb lors de la victoire du Real Madrid","datePublished":"2024-12-02T11:48:30+00:00","dateModified":"2024-12-02T11:48:32+00:00","mainEntityOfPage":{"@id":"https:\/\/footdavant.fr\/actualites\/ancelotti-heureux-de-voir-mbappe-dangereux-lors-de-la-victoire-du-real-madrid\/"},"wordCount":403,"publisher":{"@id":"https:\/\/footdavant.fr\/actualites\/#organization"},"keywords":["Ancelotti","dangereux","heureux","lors","Madrid","Mbappe","Real","victoire","voir"],"articleSection":["Football"],"inLanguage":"fr-FR"},{"@type":"WebPage","@id":"https:\/\/footdavant.fr\/actualites\/ancelotti-heureux-de-voir-mbappe-dangereux-lors-de-la-victoire-du-real-madrid\/","url":"https:\/\/footdavant.fr\/actualites\/ancelotti-heureux-de-voir-mbappe-dangereux-lors-de-la-victoire-du-real-madrid\/","name":"Ancelotti heureux de voir Mbapp\u00e9 \"dangereux\" lors de la victoire du Real Madrid","isPartOf":{"@id":"https:\/\/footdavant.fr\/actualites\/#website"},"datePublished":"2024-12-02T11:48:30+00:00","dateModified":"2024-12-02T11:48:32+00:00","breadcrumb":{"@id":"https:\/\/footdavant.fr\/actualites\/ancelotti-heureux-de-voir-mbappe-dangereux-lors-de-la-victoire-du-real-madrid\/#breadcrumb"},"inLanguage":"fr-FR","potentialAction":[{"@type":"ReadAction","target":["https:\/\/footdavant.fr\/actualites\/ancelotti-heureux-de-voir-mbappe-dangereux-lors-de-la-victoire-du-real-madrid\/"]}]},{"@type":"BreadcrumbList","@id":"https:\/\/footdavant.fr\/actualites\/ancelotti-heureux-de-voir-mbappe-dangereux-lors-de-la-victoire-du-real-madrid\/#breadcrumb","itemListElement":[{"@type":"ListItem","position":1,"name":"Accueil","item":"https:\/\/footdavant.fr\/actualites\/"},{"@type":"ListItem","position":2,"name":"Ancelotti heureux de voir Mbapp\u00e9 \u00ab\u00a0dangereux\u00a0\u00bb lors de la victoire du Real Madrid"}]},{"@type":"WebSite","@id":"https:\/\/footdavant.fr\/actualites\/#website","url":"https:\/\/footdavant.fr\/actualites\/","name":"Foot d'avant","description":"","publisher":{"@id":"https:\/\/footdavant.fr\/actualites\/#organization"},"potentialAction":[{"@type":"SearchAction","target":{"@type":"EntryPoint","urlTemplate":"https:\/\/footdavant.fr\/actualites\/?s={search_term_string}"},"query-input":"required name=search_term_string"}],"inLanguage":"fr-FR"},{"@type":"Organization","@id":"https:\/\/footdavant.fr\/actualites\/#organization","name":"Foot d'avant","url":"https:\/\/footdavant.fr\/actualites\/","logo":{"@type":"ImageObject","inLanguage":"fr-FR","@id":"https:\/\/footdavant.fr\/actualites\/#\/schema\/logo\/image\/","url":"https:\/\/footdavant.fr\/actualites\/wp-content\/uploads\/2023\/09\/Copy-of-FootDavant-Logo.png","contentUrl":"https:\/\/footdavant.fr\/actualites\/wp-content\/uploads\/2023\/09\/Copy-of-FootDavant-Logo.png","width":936,"height":549,"caption":"Foot d'avant"},"image":{"@id":"https:\/\/footdavant.fr\/actualites\/#\/schema\/logo\/image\/"},"sameAs":["https:\/\/www.facebook.com\/Footdavant\/","https:\/\/twitter.com\/FootdavantFr","https:\/\/www.instagram.com\/footdavant.fr\/"]},{"@type":"Person","@id":"https:\/\/footdavant.fr\/actualites\/#\/schema\/person\/bc222566d95871b37e597b3ed3ba5e1d","name":"Cl\u00e9ment","image":{"@type":"ImageObject","inLanguage":"fr-FR","@id":"https:\/\/footdavant.fr\/actualites\/#\/schema\/person\/image\/","url":"https:\/\/secure.gravatar.com\/avatar\/7728b29aac2719421e1a9159b2254c44?s=96&d=mm&r=g","contentUrl":"https:\/\/secure.gravatar.com\/avatar\/7728b29aac2719421e1a9159b2254c44?s=96&d=mm&r=g","caption":"Cl\u00e9ment"},"sameAs":["https:\/\/footdavant.fr\/"]}]}},"_links":{"self":[{"href":"https:\/\/footdavant.fr\/actualites\/wp-json\/wp\/v2\/posts\/16944"}],"collection":[{"href":"https:\/\/footdavant.fr\/actualites\/wp-json\/wp\/v2\/posts"}],"about":[{"href":"https:\/\/footdavant.fr\/actualites\/wp-json\/wp\/v2\/types\/post"}],"author":[{"embeddable":true,"href":"https:\/\/footdavant.fr\/actualites\/wp-json\/wp\/v2\/users\/1"}],"replies":[{"embeddable":true,"href":"https:\/\/footdavant.fr\/actualites\/wp-json\/wp\/v2\/comments?post=16944"}],"version-history":[{"count":1,"href":"https:\/\/footdavant.fr\/actualites\/wp-json\/wp\/v2\/posts\/16944\/revisions"}],"predecessor-version":[{"id":16946,"href":"https:\/\/footdavant.fr\/actualites\/wp-json\/wp\/v2\/posts\/16944\/revisions\/16946"}],"wp:featuredmedia":[{"embeddable":true,"href":"https:\/\/footdavant.fr\/actualites\/wp-json\/wp\/v2\/media\/16945"}],"wp:attachment":[{"href":"https:\/\/footdavant.fr\/actualites\/wp-json\/wp\/v2\/media?parent=16944"}],"wp:term":[{"taxonomy":"category","embeddable":true,"href":"https:\/\/footdavant.fr\/actualites\/wp-json\/wp\/v2\/categories?post=16944"},{"taxonomy":"post_tag","embeddable":true,"href":"https:\/\/footdavant.fr\/actualites\/wp-json\/wp\/v2\/tags?post=16944"}],"curies":[{"name":"wp","href":"https:\/\/api.w.org\/{rel}","templated":true}]}}