{"id":16947,"date":"2024-12-02T13:48:18","date_gmt":"2024-12-02T12:48:18","guid":{"rendered":"https:\/\/footdavant.fr\/actualites\/liverpool-2-0-real-madrid-lequipe-de-carlo-ancelotti-bat-un-record-de-defaites-en-ligue-des-champions\/"},"modified":"2024-12-02T13:48:22","modified_gmt":"2024-12-02T12:48:22","slug":"liverpool-2-0-real-madrid-lequipe-de-carlo-ancelotti-bat-un-record-de-defaites-en-ligue-des-champions","status":"publish","type":"post","link":"https:\/\/footdavant.fr\/actualites\/liverpool-2-0-real-madrid-lequipe-de-carlo-ancelotti-bat-un-record-de-defaites-en-ligue-des-champions\/","title":{"rendered":"Liverpool 2-0 Real Madrid: l&#39;\u00e9quipe de Carlo Ancelotti bat un record de d\u00e9faites en Ligue des champions"},"content":{"rendered":"<p>Le Real Madrid bat un record de d\u00e9faites en Ligue des champions apr\u00e8s avoir subi une d\u00e9faite 2-0 contre Liverpool \u00e0 Anfield mercredi soir.<\/p>\n<div id=\"article_body\" itemprop=\"articleBody\">\n<h3 class=\"firstPara\">\n<strong class=\"autotag\">R\u00e9al Madrid<\/strong> avez bris\u00e9 un ind\u00e9sirable <strong class=\"autotag\">Ligue des Champions<\/strong> perdre le record apr\u00e8s avoir subi un <strong>d\u00e9faite 2-0<\/strong> \u00e0 <strong class=\"autotag\">Liverpool<\/strong> \u00e0 Anfield mercredi soir.<\/h3>\n<p>Los Blancos, qui ont remport\u00e9 un 15e troph\u00e9e de la Ligue des champions la saison derni\u00e8re, ont termin\u00e9 deuxi\u00e8mes du Merseyside en tant que <strong class=\"autotag\">Alexis MacAllister<\/strong> et <strong class=\"autotag\">Cody Gakpo<\/strong> licenci\u00e9 <strong class=\"autotag\">Machine \u00e0 sous Arne<\/strong>Le c\u00f4t\u00e9 en forme de la victoire.<\/p>\n<p>Peu de temps apr\u00e8s que Max Allister ait donn\u00e9 l&#39;avantage \u00e0 Liverpool \u00e0 la 52e minute, <strong class=\"autotag\">Kylian Mbapp\u00e9<\/strong> a eu l&#39;occasion de r\u00e9tablir l&#39;\u00e9galit\u00e9 pour le Real Madrid sur penalty, mais sa frappe des 12 m\u00e8tres a \u00e9t\u00e9 stopp\u00e9e par <strong class=\"autotag\">Caoimhin Kelleher<\/strong>.<\/p>\n<p><strong class=\"autotag\">Mohamed Salah<\/strong> a ensuite tir\u00e9 un coup de pied hors de la cible \u00e0 20 minutes de la fin, mais Liverpool a obtenu le maximum de points lorsque le rempla\u00e7ant Gakpo a propuls\u00e9 une t\u00eate dans le coin sup\u00e9rieur.<\/p>\n<p>Alors que Liverpool reste en t\u00eate du classement <strong>Tableau de la Ligue des Champions \u00e0 36 \u00e9quipes<\/strong> apr\u00e8s avoir remport\u00e9 cinq matchs sur cinq, le Real Madrid croupit \u00e0 la 24e place apr\u00e8s avoir perdu trois de ses cinq premiers matches et compte quatre points de retard sur les huiti\u00e8mes de finale automatiques de qualification.<\/p>\n<p><strong class=\"autotag\">Carlo Ancelotti<\/strong>Les hommes de se sont impos\u00e9s contre le duo allemand Stuttgart (3-1) et le Borussia Dortmund (5-2) jusqu&#39;\u00e0 pr\u00e9sent cette saison, mais ils ont \u00e9t\u00e9 battus 1-0 \u00e0 l&#39;ext\u00e9rieur contre Lille et 3-1 \u00e0 domicile contre l&#39;AC Milan auparavant. \u00e0 leur d\u00e9faite \u00e0 Liverpool.<\/p>\n<p class=\"imgI\">\n<h2 class=\"k3\">Le Real Madrid, tenant de la Ligue des champions, \u00e9tablit un record de d\u00e9faites non d\u00e9sir\u00e9es<\/h2>\n<p>La d\u00e9faite contre Liverpool a vu le Real Madrid \u00e9tablir un nouveau record ind\u00e9sirable, puisqu&#39;il est devenu le premier vainqueur en titre de la Ligue des champions \u00e0 subir trois d\u00e9faites en phase de groupes apr\u00e8s avoir remport\u00e9 le titre.<\/p>\n<p>Los Blancos n&#39;ont jamais perdu trois de leurs cinq premiers matches d&#39;une campagne de Ligue des Champions auparavant, alors qu&#39;ils n&#39;ont enregistr\u00e9 que 37% de possession lors de la d\u00e9faite contre Liverpool &#8211; le pourcentage de possession le plus bas qu&#39;ils aient jamais eu lors d&#39;un match de phase de groupes de la Ligue des Champions.<\/p>\n<p>Apr\u00e8s le match, Ancelotti a reconnu que Liverpool \u00e9tait un digne vainqueur du Real Madrid, d\u00e9clarant aux journalistes : \u00ab\u00a0Pour \u00eatre tout \u00e0 fait honn\u00eate, c&#39;est un r\u00e9sultat juste. Liverpool m\u00e9ritait de gagner.<\/p>\n<p>\u00ab\u00a0Ils ont une tr\u00e8s bonne dynamique en ce moment et sont en grande forme. Ils \u00e9taient vraiment allum\u00e9s, connect\u00e9s, jouant avec une haute intensit\u00e9.<\/p>\n<p>\u00ab\u00a0Nous avons bien fait en premi\u00e8re mi-temps, nous les avons tenus, nous nous sommes plut\u00f4t bien pr\u00e9par\u00e9s et avons bien d\u00e9fendu en tant qu&#39;unit\u00e9. Dans les transitions, nous \u00e9tions bien, mais ensuite nous avons perdu le ballon et une fois que nous l&#39;avons r\u00e9cup\u00e9r\u00e9, nous avons pris la mauvaise d\u00e9cision pour l&#39;avenir. \u00ab\u00a0<\/p>\n<p class=\"imgI\">\n<h2 class=\"k3\">Ancelotti d\u00e9tendu malgr\u00e9 un mauvais d\u00e9but de campagne en Ligue des Champions<\/h2>\n<p>Commentant le penalty manqu\u00e9 de Mbapp\u00e9, Ancelotti a d\u00e9clar\u00e9 : \u00ab\u00a0Nous nous sommes battus jusqu&#39;au penalty. Si nous avions pu \u00e9galiser, nous avions bien rivalis\u00e9 jusque-l\u00e0, mais nous devons continuer.<\/p>\n<p>\u00ab\u00a0C&#39;est la voie que nous suivons en ce moment, nous devons nous battre pour tout. Il y a des choses que nous devons am\u00e9liorer. Et nous nous am\u00e9liorerons, rien de plus en r\u00e9alit\u00e9.\u00a0\u00bb<\/p>\n<p>Ancelotti a minimis\u00e9 l&#39;importance de la d\u00e9faite du Real Madrid contre Liverpool en termes de classement de la Ligue des Champions, insistant sur le fait que l&#39;objectif \u00e9tait de toujours terminer au moins dans le top 24 pour avoir une chance d&#39;atteindre les huiti\u00e8mes de finale.<\/p>\n<p>\u00ab\u00a0Ce match n&#39;a pas \u00e9t\u00e9 d\u00e9cisif pour notre position en championnat\u00a0\u00bb, a d\u00e9clar\u00e9 l&#39;Italien. \u00ab\u00a0Cela a toujours \u00e9t\u00e9 difficile pour nous de terminer parmi les huit premiers, nous devons donc terminer dans le top 24 aussi haut que possible. Nous participerons aux huiti\u00e8mes de finale de la Ligue des champions comme nous le faisons toujours.\u00a0\u00bb<\/p>\n<p>Ancelotti a \u00e9galement partag\u00e9 ses r\u00e9flexions sur ce que <strong>\u00ab\u00a0m\u00e9dicament\u00a0\u00bb que Mbapp\u00e9 doit prendre<\/strong> pour retrouver sa meilleure forme avec le Real Madrid apr\u00e8s une performance m\u00e9diocre \u00e0 Anfield.<\/p>\n<p>Le Real Madrid a encore trois matches de Ligue des Champions \u00e0 disputer contre l&#39;Atalanta BC (A), le Red Bull Salzbourg (H) et Brest (A) en phase de championnat, mais il va d\u00e9sormais tourner son attention vers la Liga puisqu&#39;il accueillera Getafe. le dimanche.<\/p>\n<\/div>\n","protected":false},"excerpt":{"rendered":"<p>Le Real Madrid bat un record de d\u00e9faites en Ligue des champions apr\u00e8s avoir subi une d\u00e9faite 2-0 contre Liverpool \u00e0 Anfield mercredi soir. R\u00e9al<\/p>\n","protected":false},"author":1,"featured_media":16948,"comment_status":"closed","ping_status":"","sticky":false,"template":"","format":"standard","meta":{"footnotes":""},"categories":[4],"tags":[727,60,726,31,2528,12,4219,30,53,303,302,61],"yoast_head":"<!-- This site is optimized with the Yoast SEO plugin v21.0 - https:\/\/yoast.com\/wordpress\/plugins\/seo\/ -->\n<title>Liverpool 2-0 Real Madrid: l&#039;\u00e9quipe de Carlo Ancelotti bat un record de d\u00e9faites en Ligue des champions<\/title>\n<meta name=\"robots\" content=\"index, follow, max-snippet:-1, max-image-preview:large, max-video-preview:-1\" \/>\n<link rel=\"canonical\" href=\"https:\/\/footdavant.fr\/actualites\/liverpool-2-0-real-madrid-lequipe-de-carlo-ancelotti-bat-un-record-de-defaites-en-ligue-des-champions\/\" \/>\n<meta property=\"og:locale\" content=\"fr_FR\" \/>\n<meta property=\"og:type\" content=\"article\" \/>\n<meta property=\"og:title\" content=\"Liverpool 2-0 Real Madrid: l&#039;\u00e9quipe de Carlo Ancelotti bat un record de d\u00e9faites en Ligue des champions\" \/>\n<meta property=\"og:description\" content=\"Le Real Madrid bat un record de d\u00e9faites en Ligue des champions apr\u00e8s avoir subi une d\u00e9faite 2-0 contre Liverpool \u00e0 Anfield mercredi soir. R\u00e9al\" \/>\n<meta property=\"og:url\" content=\"https:\/\/footdavant.fr\/actualites\/liverpool-2-0-real-madrid-lequipe-de-carlo-ancelotti-bat-un-record-de-defaites-en-ligue-des-champions\/\" \/>\n<meta property=\"og:site_name\" content=\"Foot d&#039;avant\" \/>\n<meta property=\"article:publisher\" content=\"https:\/\/www.facebook.com\/Footdavant\/\" \/>\n<meta property=\"article:published_time\" content=\"2024-12-02T12:48:18+00:00\" \/>\n<meta property=\"article:modified_time\" content=\"2024-12-02T12:48:22+00:00\" \/>\n<meta property=\"og:image\" content=\"https:\/\/footdavant.fr\/actualites\/wp-content\/uploads\/2024\/12\/Liverpool-2-0-Real-Madrid-l39equipe-de-Carlo-Ancelotti-bat-un.jpg\" \/>\n\t<meta property=\"og:image:width\" content=\"1280\" \/>\n\t<meta property=\"og:image:height\" content=\"960\" \/>\n\t<meta property=\"og:image:type\" content=\"image\/jpeg\" \/>\n<meta name=\"author\" content=\"Cl\u00e9ment\" \/>\n<meta name=\"twitter:card\" content=\"summary_large_image\" \/>\n<meta name=\"twitter:creator\" content=\"@FootdavantFr\" \/>\n<meta name=\"twitter:site\" content=\"@FootdavantFr\" \/>\n<meta name=\"twitter:label1\" content=\"\u00c9crit par\" \/>\n\t<meta name=\"twitter:data1\" content=\"Cl\u00e9ment\" \/>\n\t<meta name=\"twitter:label2\" content=\"Dur\u00e9e de lecture estim\u00e9e\" \/>\n\t<meta name=\"twitter:data2\" content=\"4 minutes\" \/>\n<script type=\"application\/ld+json\" class=\"yoast-schema-graph\">{\"@context\":\"https:\/\/schema.org\",\"@graph\":[{\"@type\":\"Article\",\"@id\":\"https:\/\/footdavant.fr\/actualites\/liverpool-2-0-real-madrid-lequipe-de-carlo-ancelotti-bat-un-record-de-defaites-en-ligue-des-champions\/#article\",\"isPartOf\":{\"@id\":\"https:\/\/footdavant.fr\/actualites\/liverpool-2-0-real-madrid-lequipe-de-carlo-ancelotti-bat-un-record-de-defaites-en-ligue-des-champions\/\"},\"author\":{\"name\":\"Cl\u00e9ment\",\"@id\":\"https:\/\/footdavant.fr\/actualites\/#\/schema\/person\/bc222566d95871b37e597b3ed3ba5e1d\"},\"headline\":\"Liverpool 2-0 Real Madrid: l&#39;\u00e9quipe de Carlo Ancelotti bat un record de d\u00e9faites en Ligue des champions\",\"datePublished\":\"2024-12-02T12:48:18+00:00\",\"dateModified\":\"2024-12-02T12:48:22+00:00\",\"mainEntityOfPage\":{\"@id\":\"https:\/\/footdavant.fr\/actualites\/liverpool-2-0-real-madrid-lequipe-de-carlo-ancelotti-bat-un-record-de-defaites-en-ligue-des-champions\/\"},\"wordCount\":824,\"publisher\":{\"@id\":\"https:\/\/footdavant.fr\/actualites\/#organization\"},\"keywords\":[\"Ancelotti\",\"bat\",\"Carlo\",\"champions\",\"d\u00e9faites\",\"des\",\"l39\u00e9quipe\",\"Ligue\",\"Liverpool\",\"Madrid\",\"Real\",\"record\"],\"articleSection\":[\"Champions League\"],\"inLanguage\":\"fr-FR\"},{\"@type\":\"WebPage\",\"@id\":\"https:\/\/footdavant.fr\/actualites\/liverpool-2-0-real-madrid-lequipe-de-carlo-ancelotti-bat-un-record-de-defaites-en-ligue-des-champions\/\",\"url\":\"https:\/\/footdavant.fr\/actualites\/liverpool-2-0-real-madrid-lequipe-de-carlo-ancelotti-bat-un-record-de-defaites-en-ligue-des-champions\/\",\"name\":\"Liverpool 2-0 Real Madrid: l&#39;\u00e9quipe de Carlo Ancelotti bat un record de d\u00e9faites en Ligue des champions\",\"isPartOf\":{\"@id\":\"https:\/\/footdavant.fr\/actualites\/#website\"},\"datePublished\":\"2024-12-02T12:48:18+00:00\",\"dateModified\":\"2024-12-02T12:48:22+00:00\",\"breadcrumb\":{\"@id\":\"https:\/\/footdavant.fr\/actualites\/liverpool-2-0-real-madrid-lequipe-de-carlo-ancelotti-bat-un-record-de-defaites-en-ligue-des-champions\/#breadcrumb\"},\"inLanguage\":\"fr-FR\",\"potentialAction\":[{\"@type\":\"ReadAction\",\"target\":[\"https:\/\/footdavant.fr\/actualites\/liverpool-2-0-real-madrid-lequipe-de-carlo-ancelotti-bat-un-record-de-defaites-en-ligue-des-champions\/\"]}]},{\"@type\":\"BreadcrumbList\",\"@id\":\"https:\/\/footdavant.fr\/actualites\/liverpool-2-0-real-madrid-lequipe-de-carlo-ancelotti-bat-un-record-de-defaites-en-ligue-des-champions\/#breadcrumb\",\"itemListElement\":[{\"@type\":\"ListItem\",\"position\":1,\"name\":\"Accueil\",\"item\":\"https:\/\/footdavant.fr\/actualites\/\"},{\"@type\":\"ListItem\",\"position\":2,\"name\":\"Liverpool 2-0 Real Madrid: l&#39;\u00e9quipe de Carlo Ancelotti bat un record de d\u00e9faites en Ligue des champions\"}]},{\"@type\":\"WebSite\",\"@id\":\"https:\/\/footdavant.fr\/actualites\/#website\",\"url\":\"https:\/\/footdavant.fr\/actualites\/\",\"name\":\"Foot d'avant\",\"description\":\"\",\"publisher\":{\"@id\":\"https:\/\/footdavant.fr\/actualites\/#organization\"},\"potentialAction\":[{\"@type\":\"SearchAction\",\"target\":{\"@type\":\"EntryPoint\",\"urlTemplate\":\"https:\/\/footdavant.fr\/actualites\/?s={search_term_string}\"},\"query-input\":\"required name=search_term_string\"}],\"inLanguage\":\"fr-FR\"},{\"@type\":\"Organization\",\"@id\":\"https:\/\/footdavant.fr\/actualites\/#organization\",\"name\":\"Foot d'avant\",\"url\":\"https:\/\/footdavant.fr\/actualites\/\",\"logo\":{\"@type\":\"ImageObject\",\"inLanguage\":\"fr-FR\",\"@id\":\"https:\/\/footdavant.fr\/actualites\/#\/schema\/logo\/image\/\",\"url\":\"https:\/\/footdavant.fr\/actualites\/wp-content\/uploads\/2023\/09\/Copy-of-FootDavant-Logo.png\",\"contentUrl\":\"https:\/\/footdavant.fr\/actualites\/wp-content\/uploads\/2023\/09\/Copy-of-FootDavant-Logo.png\",\"width\":936,\"height\":549,\"caption\":\"Foot d'avant\"},\"image\":{\"@id\":\"https:\/\/footdavant.fr\/actualites\/#\/schema\/logo\/image\/\"},\"sameAs\":[\"https:\/\/www.facebook.com\/Footdavant\/\",\"https:\/\/twitter.com\/FootdavantFr\",\"https:\/\/www.instagram.com\/footdavant.fr\/\"]},{\"@type\":\"Person\",\"@id\":\"https:\/\/footdavant.fr\/actualites\/#\/schema\/person\/bc222566d95871b37e597b3ed3ba5e1d\",\"name\":\"Cl\u00e9ment\",\"image\":{\"@type\":\"ImageObject\",\"inLanguage\":\"fr-FR\",\"@id\":\"https:\/\/footdavant.fr\/actualites\/#\/schema\/person\/image\/\",\"url\":\"https:\/\/secure.gravatar.com\/avatar\/7728b29aac2719421e1a9159b2254c44?s=96&d=mm&r=g\",\"contentUrl\":\"https:\/\/secure.gravatar.com\/avatar\/7728b29aac2719421e1a9159b2254c44?s=96&d=mm&r=g\",\"caption\":\"Cl\u00e9ment\"},\"sameAs\":[\"https:\/\/footdavant.fr\/\"]}]}<\/script>\n<!-- \/ Yoast SEO plugin. -->","yoast_head_json":{"title":"Liverpool 2-0 Real Madrid: l&#39;\u00e9quipe de Carlo Ancelotti bat un record de d\u00e9faites en Ligue des champions","robots":{"index":"index","follow":"follow","max-snippet":"max-snippet:-1","max-image-preview":"max-image-preview:large","max-video-preview":"max-video-preview:-1"},"canonical":"https:\/\/footdavant.fr\/actualites\/liverpool-2-0-real-madrid-lequipe-de-carlo-ancelotti-bat-un-record-de-defaites-en-ligue-des-champions\/","og_locale":"fr_FR","og_type":"article","og_title":"Liverpool 2-0 Real Madrid: l&#39;\u00e9quipe de Carlo Ancelotti bat un record de d\u00e9faites en Ligue des champions","og_description":"Le Real Madrid bat un record de d\u00e9faites en Ligue des champions apr\u00e8s avoir subi une d\u00e9faite 2-0 contre Liverpool \u00e0 Anfield mercredi soir. R\u00e9al","og_url":"https:\/\/footdavant.fr\/actualites\/liverpool-2-0-real-madrid-lequipe-de-carlo-ancelotti-bat-un-record-de-defaites-en-ligue-des-champions\/","og_site_name":"Foot d&#039;avant","article_publisher":"https:\/\/www.facebook.com\/Footdavant\/","article_published_time":"2024-12-02T12:48:18+00:00","article_modified_time":"2024-12-02T12:48:22+00:00","og_image":[{"width":1280,"height":960,"url":"https:\/\/footdavant.fr\/actualites\/wp-content\/uploads\/2024\/12\/Liverpool-2-0-Real-Madrid-l39equipe-de-Carlo-Ancelotti-bat-un.jpg","type":"image\/jpeg"}],"author":"Cl\u00e9ment","twitter_card":"summary_large_image","twitter_creator":"@FootdavantFr","twitter_site":"@FootdavantFr","twitter_misc":{"\u00c9crit par":"Cl\u00e9ment","Dur\u00e9e de lecture estim\u00e9e":"4 minutes"},"schema":{"@context":"https:\/\/schema.org","@graph":[{"@type":"Article","@id":"https:\/\/footdavant.fr\/actualites\/liverpool-2-0-real-madrid-lequipe-de-carlo-ancelotti-bat-un-record-de-defaites-en-ligue-des-champions\/#article","isPartOf":{"@id":"https:\/\/footdavant.fr\/actualites\/liverpool-2-0-real-madrid-lequipe-de-carlo-ancelotti-bat-un-record-de-defaites-en-ligue-des-champions\/"},"author":{"name":"Cl\u00e9ment","@id":"https:\/\/footdavant.fr\/actualites\/#\/schema\/person\/bc222566d95871b37e597b3ed3ba5e1d"},"headline":"Liverpool 2-0 Real Madrid: l&#39;\u00e9quipe de Carlo Ancelotti bat un record de d\u00e9faites en Ligue des champions","datePublished":"2024-12-02T12:48:18+00:00","dateModified":"2024-12-02T12:48:22+00:00","mainEntityOfPage":{"@id":"https:\/\/footdavant.fr\/actualites\/liverpool-2-0-real-madrid-lequipe-de-carlo-ancelotti-bat-un-record-de-defaites-en-ligue-des-champions\/"},"wordCount":824,"publisher":{"@id":"https:\/\/footdavant.fr\/actualites\/#organization"},"keywords":["Ancelotti","bat","Carlo","champions","d\u00e9faites","des","l39\u00e9quipe","Ligue","Liverpool","Madrid","Real","record"],"articleSection":["Champions League"],"inLanguage":"fr-FR"},{"@type":"WebPage","@id":"https:\/\/footdavant.fr\/actualites\/liverpool-2-0-real-madrid-lequipe-de-carlo-ancelotti-bat-un-record-de-defaites-en-ligue-des-champions\/","url":"https:\/\/footdavant.fr\/actualites\/liverpool-2-0-real-madrid-lequipe-de-carlo-ancelotti-bat-un-record-de-defaites-en-ligue-des-champions\/","name":"Liverpool 2-0 Real Madrid: l&#39;\u00e9quipe de Carlo Ancelotti bat un record de d\u00e9faites en Ligue des champions","isPartOf":{"@id":"https:\/\/footdavant.fr\/actualites\/#website"},"datePublished":"2024-12-02T12:48:18+00:00","dateModified":"2024-12-02T12:48:22+00:00","breadcrumb":{"@id":"https:\/\/footdavant.fr\/actualites\/liverpool-2-0-real-madrid-lequipe-de-carlo-ancelotti-bat-un-record-de-defaites-en-ligue-des-champions\/#breadcrumb"},"inLanguage":"fr-FR","potentialAction":[{"@type":"ReadAction","target":["https:\/\/footdavant.fr\/actualites\/liverpool-2-0-real-madrid-lequipe-de-carlo-ancelotti-bat-un-record-de-defaites-en-ligue-des-champions\/"]}]},{"@type":"BreadcrumbList","@id":"https:\/\/footdavant.fr\/actualites\/liverpool-2-0-real-madrid-lequipe-de-carlo-ancelotti-bat-un-record-de-defaites-en-ligue-des-champions\/#breadcrumb","itemListElement":[{"@type":"ListItem","position":1,"name":"Accueil","item":"https:\/\/footdavant.fr\/actualites\/"},{"@type":"ListItem","position":2,"name":"Liverpool 2-0 Real Madrid: l&#39;\u00e9quipe de Carlo Ancelotti bat un record de d\u00e9faites en Ligue des champions"}]},{"@type":"WebSite","@id":"https:\/\/footdavant.fr\/actualites\/#website","url":"https:\/\/footdavant.fr\/actualites\/","name":"Foot d'avant","description":"","publisher":{"@id":"https:\/\/footdavant.fr\/actualites\/#organization"},"potentialAction":[{"@type":"SearchAction","target":{"@type":"EntryPoint","urlTemplate":"https:\/\/footdavant.fr\/actualites\/?s={search_term_string}"},"query-input":"required name=search_term_string"}],"inLanguage":"fr-FR"},{"@type":"Organization","@id":"https:\/\/footdavant.fr\/actualites\/#organization","name":"Foot d'avant","url":"https:\/\/footdavant.fr\/actualites\/","logo":{"@type":"ImageObject","inLanguage":"fr-FR","@id":"https:\/\/footdavant.fr\/actualites\/#\/schema\/logo\/image\/","url":"https:\/\/footdavant.fr\/actualites\/wp-content\/uploads\/2023\/09\/Copy-of-FootDavant-Logo.png","contentUrl":"https:\/\/footdavant.fr\/actualites\/wp-content\/uploads\/2023\/09\/Copy-of-FootDavant-Logo.png","width":936,"height":549,"caption":"Foot d'avant"},"image":{"@id":"https:\/\/footdavant.fr\/actualites\/#\/schema\/logo\/image\/"},"sameAs":["https:\/\/www.facebook.com\/Footdavant\/","https:\/\/twitter.com\/FootdavantFr","https:\/\/www.instagram.com\/footdavant.fr\/"]},{"@type":"Person","@id":"https:\/\/footdavant.fr\/actualites\/#\/schema\/person\/bc222566d95871b37e597b3ed3ba5e1d","name":"Cl\u00e9ment","image":{"@type":"ImageObject","inLanguage":"fr-FR","@id":"https:\/\/footdavant.fr\/actualites\/#\/schema\/person\/image\/","url":"https:\/\/secure.gravatar.com\/avatar\/7728b29aac2719421e1a9159b2254c44?s=96&d=mm&r=g","contentUrl":"https:\/\/secure.gravatar.com\/avatar\/7728b29aac2719421e1a9159b2254c44?s=96&d=mm&r=g","caption":"Cl\u00e9ment"},"sameAs":["https:\/\/footdavant.fr\/"]}]}},"_links":{"self":[{"href":"https:\/\/footdavant.fr\/actualites\/wp-json\/wp\/v2\/posts\/16947"}],"collection":[{"href":"https:\/\/footdavant.fr\/actualites\/wp-json\/wp\/v2\/posts"}],"about":[{"href":"https:\/\/footdavant.fr\/actualites\/wp-json\/wp\/v2\/types\/post"}],"author":[{"embeddable":true,"href":"https:\/\/footdavant.fr\/actualites\/wp-json\/wp\/v2\/users\/1"}],"replies":[{"embeddable":true,"href":"https:\/\/footdavant.fr\/actualites\/wp-json\/wp\/v2\/comments?post=16947"}],"version-history":[{"count":1,"href":"https:\/\/footdavant.fr\/actualites\/wp-json\/wp\/v2\/posts\/16947\/revisions"}],"predecessor-version":[{"id":16949,"href":"https:\/\/footdavant.fr\/actualites\/wp-json\/wp\/v2\/posts\/16947\/revisions\/16949"}],"wp:featuredmedia":[{"embeddable":true,"href":"https:\/\/footdavant.fr\/actualites\/wp-json\/wp\/v2\/media\/16948"}],"wp:attachment":[{"href":"https:\/\/footdavant.fr\/actualites\/wp-json\/wp\/v2\/media?parent=16947"}],"wp:term":[{"taxonomy":"category","embeddable":true,"href":"https:\/\/footdavant.fr\/actualites\/wp-json\/wp\/v2\/categories?post=16947"},{"taxonomy":"post_tag","embeddable":true,"href":"https:\/\/footdavant.fr\/actualites\/wp-json\/wp\/v2\/tags?post=16947"}],"curies":[{"name":"wp","href":"https:\/\/api.w.org\/{rel}","templated":true}]}}