{"id":16956,"date":"2024-12-02T17:48:34","date_gmt":"2024-12-02T16:48:34","guid":{"rendered":"https:\/\/footdavant.fr\/actualites\/le-real-madrid-blesse-subit-un-nouveau-coup-dur-contre-liverpool-alors-que-les-problemes-de-lequipe-persistent\/"},"modified":"2024-12-02T17:48:34","modified_gmt":"2024-12-02T16:48:34","slug":"le-real-madrid-blesse-subit-un-nouveau-coup-dur-contre-liverpool-alors-que-les-problemes-de-lequipe-persistent","status":"publish","type":"post","link":"https:\/\/footdavant.fr\/actualites\/le-real-madrid-blesse-subit-un-nouveau-coup-dur-contre-liverpool-alors-que-les-problemes-de-lequipe-persistent\/","title":{"rendered":"Le Real Madrid, bless\u00e9, subit un nouveau coup dur contre Liverpool alors que les probl\u00e8mes de l&#39;\u00e9quipe persistent"},"content":{"rendered":"<p>Le milieu de terrain du Real Madrid, Eduardo Camavinga, aurait subi une blessure aux ischio-jambiers lors de la d\u00e9faite 2-0 de son \u00e9quipe contre Liverpool en Ligue des champions.<\/p>\n<div id=\"article_body\" itemprop=\"articleBody\">\n<h3 class=\"firstPara\">\n<strong class=\"autotag\">R\u00e9al Madrid<\/strong> milieu de terrain <strong class=\"autotag\">Eduardo Camavinga<\/strong> aurait subi une blessure aux ischio-jambiers lors de l&#39;entra\u00eenement de son \u00e9quipe <strong>d\u00e9faite 2-0<\/strong> \u00e0 <strong class=\"autotag\">Liverpool<\/strong> dans le <strong class=\"autotag\">Ligue des Champions<\/strong> mercredi soir.<\/h3>\n<p>Camavinga a d\u00fb \u00eatre remplac\u00e9 \u00e0 la 58e minute du choc \u00e0 Anfield, avec <strong class=\"autotag\">Daniel Ceballos<\/strong> entrant sur le terrain pour le remplacer, et l&#39;international fran\u00e7ais est d\u00e9sormais apparemment pr\u00eat \u00e0 rester sur la touche.<\/p>\n<p>Selon <em>FAIRE FACE<\/em>le joueur de 22 ans s&#39;est bless\u00e9 aux ischio-jambiers contre <strong class=\"autotag\">Machine \u00e0 sous Arne<\/strong>du c\u00f4t\u00e9, et il sera d\u00e9sormais \u00e9valu\u00e9 avant de d\u00e9terminer combien de temps il passera dans la salle de traitement.<\/p>\n<p>Entra\u00eeneur principal des Blancos <strong class=\"autotag\">Carlo Ancelotti<\/strong> a confirm\u00e9 un probl\u00e8me pour Camavinga apr\u00e8s le match, mais l&#39;Italien a d\u00e9clar\u00e9 que <strong class=\"autotag\">Aur\u00e9lien Tchouameni<\/strong> ou <strong class=\"autotag\">Rodrygo<\/strong> pourrait revenir de blessure contre Getafe dimanche apr\u00e8s-midi.<\/p>\n<p>\u00ab\u00a0Nous avons eu ce genre de probl\u00e8me l&#39;ann\u00e9e derni\u00e8re. Nous devons nous accrocher pour le moment. Aujourd&#39;hui, Camavinga est sorti et pour le prochain match, j&#39;esp\u00e8re que Tchouameni ou Rodrygo pourront revenir. C&#39;est un moment difficile, mais nous avons l&#39;exp\u00e9rience de l&#39;ann\u00e9e derni\u00e8re et j&#39;esp\u00e8re que \u00e7a se passera bien cette ann\u00e9e\u00a0\u00bb, a d\u00e9clar\u00e9 Ancelotti aux journalistes apr\u00e8s la d\u00e9faite de son \u00e9quipe par deux buts en Europe.<\/p>\n<p class=\"imgI\">\n<h2 class=\"k3\">Camavinga a subi une \u00ab\u00a0blessure aux ischio-jambiers\u00a0\u00bb contre Liverpool<\/h2>\n<p><strong class=\"autotag\">Vinicius Junior<\/strong>, <strong class=\"autotag\">Eder Militao<\/strong>, <strong class=\"autotag\">David Alaba<\/strong> et <strong class=\"autotag\">Daniel Carvajal<\/strong> Il manquait \u00e9galement contre Liverpool, le Real Madrid \u00e9tant priv\u00e9 des services d&#39;un certain nombre de joueurs importants \u00e0 un moment cl\u00e9 de la campagne.<\/p>\n<p><strong class=\"autotag\">Kylian Mbapp\u00e9<\/strong> a rat\u00e9 un penalty \u00e0 Anfield lors d&#39;une soir\u00e9e difficile, alors que les buts de <strong class=\"autotag\">Alexis MacAllister<\/strong> et <strong class=\"autotag\">Cody Gakpo<\/strong> a obtenu les trois points de Liverpool, le Real Madrid \u00e9tant d\u00e9sormais \u00e0 la 24e place du classement. <strong>Tableau de la Ligue des Champions<\/strong>.<\/p>\n<p>\u00ab\u00a0Le r\u00e9sultat \u00e9tait le bon. Liverpool m\u00e9ritait de gagner car ils ont une bonne dynamique, ils sont en forme et ils jouent avec intensit\u00e9. Nous avons tenu bon en premi\u00e8re mi-temps, mais nous avons pris de mauvaises d\u00e9cisions avec notre derni\u00e8re passe. Nous avons concouru et nous sommes battus jusqu&#39;au penalty. Je suis satisfait que l&#39;\u00e9quipe ait bien concouru\u00a0\u00bb, a d\u00e9clar\u00e9 Ancelotti.<\/p>\n<p>\u00ab\u00a0Nous devons continuer ainsi, et c&#39;est la voie \u00e0 suivre. Nous sommes redevenus comp\u00e9titifs et nous avons fait des sacrifices. Il y a des choses \u00e0 am\u00e9liorer, mais nous allons nous am\u00e9liorer, et c&#39;est tout. Je n&#39;ai pas Des regrets sur l&#39;approche. L&#39;id\u00e9e \u00e9tait de bien d\u00e9fendre et de ressortir avec le ballon. Nous avons eu la sup\u00e9riorit\u00e9 sur quatre ou cinq transitions.<\/p>\n<p>\u00ab\u00a0Le match d&#39;aujourd&#39;hui n&#39;a pas \u00e9t\u00e9 d\u00e9cisif car m\u00eame si nous avions gagn\u00e9, il aurait \u00e9t\u00e9 difficile d&#39;atteindre le top 8. Nous devons atteindre le top 24 et terminer le plus haut possible. Nous allons atteindre le top 24. et concourir comme l&#39;ann\u00e9e derni\u00e8re.<\/p>\n<p class=\"imgI\">\n<h2 class=\"k3\">Mbapp\u00e9 s&#39;est-il bless\u00e9 contre Liverpool ?<\/h2>\n<p>Mbappe a \u00e9t\u00e9 vu boitant apr\u00e8s le choc avec Liverpool, mais il n&#39;y a eu aucune mention d&#39;un \u00e9ventuel probl\u00e8me de blessure pour le Fran\u00e7ais, qui a eu du mal \u00e0 faire sa marque \u00e0 Anfield.<\/p>\n<p>\u00ab\u00a0Souvent, les attaquants ont des moments o\u00f9 ils ont du mal \u00e0 marquer, et ils sont un peu d\u00e9\u00e7us. Peut-\u00eatre qu&#39;il manque un peu de confiance, et s&#39;il y a un moment o\u00f9 les choses ne fonctionnent pas, parfois il faut jouer simple et pas compliquer trop les choses. Il a marqu\u00e9 beaucoup de penaltys, parfois il peut rater un penalty\u00a0\u00bb, a d\u00e9clar\u00e9 Ancelotti interrog\u00e9 sur Mbappe.<\/p>\n<p>\u00ab\u00a0Le rem\u00e8de est d&#39;\u00eatre patient car c&#39;est un moment difficile pour lui apr\u00e8s avoir rat\u00e9 le penalty. Tout le monde doit le soutenir parce que \u00e7a va bient\u00f4t arriver. Il doit travailler dur et se battre parce que le moment va passer. Il travaille bien et s&#39;est adapt\u00e9 eh bien. Nous devons \u00eatre patients parce que c&#39;est un joueur extraordinaire.<\/p>\n<p>Mbappe a marqu\u00e9 neuf buts et enregistr\u00e9 deux passes d\u00e9cisives en 18 apparitions avec le Real Madrid, mais il n&#39;a r\u00e9ussi qu&#39;un but et une passe d\u00e9cisive en cinq matches de Ligue des champions au cours de la campagne 2024-25.<\/p>\n<\/div>\n","protected":false},"excerpt":{"rendered":"<p>Le milieu de terrain du Real Madrid, Eduardo Camavinga, aurait subi une blessure aux ischio-jambiers lors de la d\u00e9faite 2-0 de son \u00e9quipe contre Liverpool<\/p>\n","protected":false},"author":1,"featured_media":16076,"comment_status":"closed","ping_status":"","sticky":false,"template":"","format":"standard","meta":{"footnotes":""},"categories":[4],"tags":[318,2030,20,489,2630,4219,93,53,303,199,7220,715,302,366],"yoast_head":"<!-- This site is optimized with the Yoast SEO plugin v21.0 - https:\/\/yoast.com\/wordpress\/plugins\/seo\/ -->\n<title>Le Real Madrid, bless\u00e9, subit un nouveau coup dur contre Liverpool alors que les probl\u00e8mes de l&#039;\u00e9quipe persistent<\/title>\n<meta name=\"robots\" content=\"index, follow, max-snippet:-1, max-image-preview:large, max-video-preview:-1\" \/>\n<link rel=\"canonical\" href=\"https:\/\/footdavant.fr\/actualites\/le-real-madrid-blesse-subit-un-nouveau-coup-dur-contre-liverpool-alors-que-les-problemes-de-lequipe-persistent\/\" \/>\n<meta property=\"og:locale\" content=\"fr_FR\" \/>\n<meta property=\"og:type\" content=\"article\" \/>\n<meta property=\"og:title\" content=\"Le Real Madrid, bless\u00e9, subit un nouveau coup dur contre Liverpool alors que les probl\u00e8mes de l&#039;\u00e9quipe persistent\" \/>\n<meta property=\"og:description\" content=\"Le milieu de terrain du Real Madrid, Eduardo Camavinga, aurait subi une blessure aux ischio-jambiers lors de la d\u00e9faite 2-0 de son \u00e9quipe contre Liverpool\" \/>\n<meta property=\"og:url\" content=\"https:\/\/footdavant.fr\/actualites\/le-real-madrid-blesse-subit-un-nouveau-coup-dur-contre-liverpool-alors-que-les-problemes-de-lequipe-persistent\/\" \/>\n<meta property=\"og:site_name\" content=\"Foot d&#039;avant\" \/>\n<meta property=\"article:publisher\" content=\"https:\/\/www.facebook.com\/Footdavant\/\" \/>\n<meta property=\"article:published_time\" content=\"2024-12-02T16:48:34+00:00\" \/>\n<meta property=\"og:image\" content=\"https:\/\/footdavant.fr\/actualites\/wp-content\/uploads\/2024\/11\/Le-patron-du-Real-Madrid-Carlo-Ancelotti-explique-la-decision.jpg\" \/>\n\t<meta property=\"og:image:width\" content=\"1280\" \/>\n\t<meta property=\"og:image:height\" content=\"960\" \/>\n\t<meta property=\"og:image:type\" content=\"image\/jpeg\" \/>\n<meta name=\"author\" content=\"Cl\u00e9ment\" \/>\n<meta name=\"twitter:card\" content=\"summary_large_image\" \/>\n<meta name=\"twitter:creator\" content=\"@FootdavantFr\" \/>\n<meta name=\"twitter:site\" content=\"@FootdavantFr\" \/>\n<meta name=\"twitter:label1\" content=\"\u00c9crit par\" \/>\n\t<meta name=\"twitter:data1\" content=\"Cl\u00e9ment\" \/>\n\t<meta name=\"twitter:label2\" content=\"Dur\u00e9e de lecture estim\u00e9e\" \/>\n\t<meta name=\"twitter:data2\" content=\"4 minutes\" \/>\n<script type=\"application\/ld+json\" class=\"yoast-schema-graph\">{\"@context\":\"https:\/\/schema.org\",\"@graph\":[{\"@type\":\"Article\",\"@id\":\"https:\/\/footdavant.fr\/actualites\/le-real-madrid-blesse-subit-un-nouveau-coup-dur-contre-liverpool-alors-que-les-problemes-de-lequipe-persistent\/#article\",\"isPartOf\":{\"@id\":\"https:\/\/footdavant.fr\/actualites\/le-real-madrid-blesse-subit-un-nouveau-coup-dur-contre-liverpool-alors-que-les-problemes-de-lequipe-persistent\/\"},\"author\":{\"name\":\"Cl\u00e9ment\",\"@id\":\"https:\/\/footdavant.fr\/actualites\/#\/schema\/person\/bc222566d95871b37e597b3ed3ba5e1d\"},\"headline\":\"Le Real Madrid, bless\u00e9, subit un nouveau coup dur contre Liverpool alors que les probl\u00e8mes de l&#39;\u00e9quipe persistent\",\"datePublished\":\"2024-12-02T16:48:34+00:00\",\"dateModified\":\"2024-12-02T16:48:34+00:00\",\"mainEntityOfPage\":{\"@id\":\"https:\/\/footdavant.fr\/actualites\/le-real-madrid-blesse-subit-un-nouveau-coup-dur-contre-liverpool-alors-que-les-problemes-de-lequipe-persistent\/\"},\"wordCount\":791,\"publisher\":{\"@id\":\"https:\/\/footdavant.fr\/actualites\/#organization\"},\"keywords\":[\"alors\",\"bless\u00e9\",\"contre\",\"coup\",\"dur\",\"l39\u00e9quipe\",\"les\",\"Liverpool\",\"Madrid\",\"nouveau\",\"persistent\",\"Probl\u00e8mes\",\"Real\",\"subit\"],\"articleSection\":[\"Champions League\"],\"inLanguage\":\"fr-FR\"},{\"@type\":\"WebPage\",\"@id\":\"https:\/\/footdavant.fr\/actualites\/le-real-madrid-blesse-subit-un-nouveau-coup-dur-contre-liverpool-alors-que-les-problemes-de-lequipe-persistent\/\",\"url\":\"https:\/\/footdavant.fr\/actualites\/le-real-madrid-blesse-subit-un-nouveau-coup-dur-contre-liverpool-alors-que-les-problemes-de-lequipe-persistent\/\",\"name\":\"Le Real Madrid, bless\u00e9, subit un nouveau coup dur contre Liverpool alors que les probl\u00e8mes de l&#39;\u00e9quipe persistent\",\"isPartOf\":{\"@id\":\"https:\/\/footdavant.fr\/actualites\/#website\"},\"datePublished\":\"2024-12-02T16:48:34+00:00\",\"dateModified\":\"2024-12-02T16:48:34+00:00\",\"breadcrumb\":{\"@id\":\"https:\/\/footdavant.fr\/actualites\/le-real-madrid-blesse-subit-un-nouveau-coup-dur-contre-liverpool-alors-que-les-problemes-de-lequipe-persistent\/#breadcrumb\"},\"inLanguage\":\"fr-FR\",\"potentialAction\":[{\"@type\":\"ReadAction\",\"target\":[\"https:\/\/footdavant.fr\/actualites\/le-real-madrid-blesse-subit-un-nouveau-coup-dur-contre-liverpool-alors-que-les-problemes-de-lequipe-persistent\/\"]}]},{\"@type\":\"BreadcrumbList\",\"@id\":\"https:\/\/footdavant.fr\/actualites\/le-real-madrid-blesse-subit-un-nouveau-coup-dur-contre-liverpool-alors-que-les-problemes-de-lequipe-persistent\/#breadcrumb\",\"itemListElement\":[{\"@type\":\"ListItem\",\"position\":1,\"name\":\"Accueil\",\"item\":\"https:\/\/footdavant.fr\/actualites\/\"},{\"@type\":\"ListItem\",\"position\":2,\"name\":\"Le Real Madrid, bless\u00e9, subit un nouveau coup dur contre Liverpool alors que les probl\u00e8mes de l&#39;\u00e9quipe persistent\"}]},{\"@type\":\"WebSite\",\"@id\":\"https:\/\/footdavant.fr\/actualites\/#website\",\"url\":\"https:\/\/footdavant.fr\/actualites\/\",\"name\":\"Foot d'avant\",\"description\":\"\",\"publisher\":{\"@id\":\"https:\/\/footdavant.fr\/actualites\/#organization\"},\"potentialAction\":[{\"@type\":\"SearchAction\",\"target\":{\"@type\":\"EntryPoint\",\"urlTemplate\":\"https:\/\/footdavant.fr\/actualites\/?s={search_term_string}\"},\"query-input\":\"required name=search_term_string\"}],\"inLanguage\":\"fr-FR\"},{\"@type\":\"Organization\",\"@id\":\"https:\/\/footdavant.fr\/actualites\/#organization\",\"name\":\"Foot d'avant\",\"url\":\"https:\/\/footdavant.fr\/actualites\/\",\"logo\":{\"@type\":\"ImageObject\",\"inLanguage\":\"fr-FR\",\"@id\":\"https:\/\/footdavant.fr\/actualites\/#\/schema\/logo\/image\/\",\"url\":\"https:\/\/footdavant.fr\/actualites\/wp-content\/uploads\/2023\/09\/Copy-of-FootDavant-Logo.png\",\"contentUrl\":\"https:\/\/footdavant.fr\/actualites\/wp-content\/uploads\/2023\/09\/Copy-of-FootDavant-Logo.png\",\"width\":936,\"height\":549,\"caption\":\"Foot d'avant\"},\"image\":{\"@id\":\"https:\/\/footdavant.fr\/actualites\/#\/schema\/logo\/image\/\"},\"sameAs\":[\"https:\/\/www.facebook.com\/Footdavant\/\",\"https:\/\/twitter.com\/FootdavantFr\",\"https:\/\/www.instagram.com\/footdavant.fr\/\"]},{\"@type\":\"Person\",\"@id\":\"https:\/\/footdavant.fr\/actualites\/#\/schema\/person\/bc222566d95871b37e597b3ed3ba5e1d\",\"name\":\"Cl\u00e9ment\",\"image\":{\"@type\":\"ImageObject\",\"inLanguage\":\"fr-FR\",\"@id\":\"https:\/\/footdavant.fr\/actualites\/#\/schema\/person\/image\/\",\"url\":\"https:\/\/secure.gravatar.com\/avatar\/7728b29aac2719421e1a9159b2254c44?s=96&d=mm&r=g\",\"contentUrl\":\"https:\/\/secure.gravatar.com\/avatar\/7728b29aac2719421e1a9159b2254c44?s=96&d=mm&r=g\",\"caption\":\"Cl\u00e9ment\"},\"sameAs\":[\"https:\/\/footdavant.fr\/\"]}]}<\/script>\n<!-- \/ Yoast SEO plugin. -->","yoast_head_json":{"title":"Le Real Madrid, bless\u00e9, subit un nouveau coup dur contre Liverpool alors que les probl\u00e8mes de l&#39;\u00e9quipe persistent","robots":{"index":"index","follow":"follow","max-snippet":"max-snippet:-1","max-image-preview":"max-image-preview:large","max-video-preview":"max-video-preview:-1"},"canonical":"https:\/\/footdavant.fr\/actualites\/le-real-madrid-blesse-subit-un-nouveau-coup-dur-contre-liverpool-alors-que-les-problemes-de-lequipe-persistent\/","og_locale":"fr_FR","og_type":"article","og_title":"Le Real Madrid, bless\u00e9, subit un nouveau coup dur contre Liverpool alors que les probl\u00e8mes de l&#39;\u00e9quipe persistent","og_description":"Le milieu de terrain du Real Madrid, Eduardo Camavinga, aurait subi une blessure aux ischio-jambiers lors de la d\u00e9faite 2-0 de son \u00e9quipe contre Liverpool","og_url":"https:\/\/footdavant.fr\/actualites\/le-real-madrid-blesse-subit-un-nouveau-coup-dur-contre-liverpool-alors-que-les-problemes-de-lequipe-persistent\/","og_site_name":"Foot d&#039;avant","article_publisher":"https:\/\/www.facebook.com\/Footdavant\/","article_published_time":"2024-12-02T16:48:34+00:00","og_image":[{"width":1280,"height":960,"url":"https:\/\/footdavant.fr\/actualites\/wp-content\/uploads\/2024\/11\/Le-patron-du-Real-Madrid-Carlo-Ancelotti-explique-la-decision.jpg","type":"image\/jpeg"}],"author":"Cl\u00e9ment","twitter_card":"summary_large_image","twitter_creator":"@FootdavantFr","twitter_site":"@FootdavantFr","twitter_misc":{"\u00c9crit par":"Cl\u00e9ment","Dur\u00e9e de lecture estim\u00e9e":"4 minutes"},"schema":{"@context":"https:\/\/schema.org","@graph":[{"@type":"Article","@id":"https:\/\/footdavant.fr\/actualites\/le-real-madrid-blesse-subit-un-nouveau-coup-dur-contre-liverpool-alors-que-les-problemes-de-lequipe-persistent\/#article","isPartOf":{"@id":"https:\/\/footdavant.fr\/actualites\/le-real-madrid-blesse-subit-un-nouveau-coup-dur-contre-liverpool-alors-que-les-problemes-de-lequipe-persistent\/"},"author":{"name":"Cl\u00e9ment","@id":"https:\/\/footdavant.fr\/actualites\/#\/schema\/person\/bc222566d95871b37e597b3ed3ba5e1d"},"headline":"Le Real Madrid, bless\u00e9, subit un nouveau coup dur contre Liverpool alors que les probl\u00e8mes de l&#39;\u00e9quipe persistent","datePublished":"2024-12-02T16:48:34+00:00","dateModified":"2024-12-02T16:48:34+00:00","mainEntityOfPage":{"@id":"https:\/\/footdavant.fr\/actualites\/le-real-madrid-blesse-subit-un-nouveau-coup-dur-contre-liverpool-alors-que-les-problemes-de-lequipe-persistent\/"},"wordCount":791,"publisher":{"@id":"https:\/\/footdavant.fr\/actualites\/#organization"},"keywords":["alors","bless\u00e9","contre","coup","dur","l39\u00e9quipe","les","Liverpool","Madrid","nouveau","persistent","Probl\u00e8mes","Real","subit"],"articleSection":["Champions League"],"inLanguage":"fr-FR"},{"@type":"WebPage","@id":"https:\/\/footdavant.fr\/actualites\/le-real-madrid-blesse-subit-un-nouveau-coup-dur-contre-liverpool-alors-que-les-problemes-de-lequipe-persistent\/","url":"https:\/\/footdavant.fr\/actualites\/le-real-madrid-blesse-subit-un-nouveau-coup-dur-contre-liverpool-alors-que-les-problemes-de-lequipe-persistent\/","name":"Le Real Madrid, bless\u00e9, subit un nouveau coup dur contre Liverpool alors que les probl\u00e8mes de l&#39;\u00e9quipe persistent","isPartOf":{"@id":"https:\/\/footdavant.fr\/actualites\/#website"},"datePublished":"2024-12-02T16:48:34+00:00","dateModified":"2024-12-02T16:48:34+00:00","breadcrumb":{"@id":"https:\/\/footdavant.fr\/actualites\/le-real-madrid-blesse-subit-un-nouveau-coup-dur-contre-liverpool-alors-que-les-problemes-de-lequipe-persistent\/#breadcrumb"},"inLanguage":"fr-FR","potentialAction":[{"@type":"ReadAction","target":["https:\/\/footdavant.fr\/actualites\/le-real-madrid-blesse-subit-un-nouveau-coup-dur-contre-liverpool-alors-que-les-problemes-de-lequipe-persistent\/"]}]},{"@type":"BreadcrumbList","@id":"https:\/\/footdavant.fr\/actualites\/le-real-madrid-blesse-subit-un-nouveau-coup-dur-contre-liverpool-alors-que-les-problemes-de-lequipe-persistent\/#breadcrumb","itemListElement":[{"@type":"ListItem","position":1,"name":"Accueil","item":"https:\/\/footdavant.fr\/actualites\/"},{"@type":"ListItem","position":2,"name":"Le Real Madrid, bless\u00e9, subit un nouveau coup dur contre Liverpool alors que les probl\u00e8mes de l&#39;\u00e9quipe persistent"}]},{"@type":"WebSite","@id":"https:\/\/footdavant.fr\/actualites\/#website","url":"https:\/\/footdavant.fr\/actualites\/","name":"Foot d'avant","description":"","publisher":{"@id":"https:\/\/footdavant.fr\/actualites\/#organization"},"potentialAction":[{"@type":"SearchAction","target":{"@type":"EntryPoint","urlTemplate":"https:\/\/footdavant.fr\/actualites\/?s={search_term_string}"},"query-input":"required name=search_term_string"}],"inLanguage":"fr-FR"},{"@type":"Organization","@id":"https:\/\/footdavant.fr\/actualites\/#organization","name":"Foot d'avant","url":"https:\/\/footdavant.fr\/actualites\/","logo":{"@type":"ImageObject","inLanguage":"fr-FR","@id":"https:\/\/footdavant.fr\/actualites\/#\/schema\/logo\/image\/","url":"https:\/\/footdavant.fr\/actualites\/wp-content\/uploads\/2023\/09\/Copy-of-FootDavant-Logo.png","contentUrl":"https:\/\/footdavant.fr\/actualites\/wp-content\/uploads\/2023\/09\/Copy-of-FootDavant-Logo.png","width":936,"height":549,"caption":"Foot d'avant"},"image":{"@id":"https:\/\/footdavant.fr\/actualites\/#\/schema\/logo\/image\/"},"sameAs":["https:\/\/www.facebook.com\/Footdavant\/","https:\/\/twitter.com\/FootdavantFr","https:\/\/www.instagram.com\/footdavant.fr\/"]},{"@type":"Person","@id":"https:\/\/footdavant.fr\/actualites\/#\/schema\/person\/bc222566d95871b37e597b3ed3ba5e1d","name":"Cl\u00e9ment","image":{"@type":"ImageObject","inLanguage":"fr-FR","@id":"https:\/\/footdavant.fr\/actualites\/#\/schema\/person\/image\/","url":"https:\/\/secure.gravatar.com\/avatar\/7728b29aac2719421e1a9159b2254c44?s=96&d=mm&r=g","contentUrl":"https:\/\/secure.gravatar.com\/avatar\/7728b29aac2719421e1a9159b2254c44?s=96&d=mm&r=g","caption":"Cl\u00e9ment"},"sameAs":["https:\/\/footdavant.fr\/"]}]}},"_links":{"self":[{"href":"https:\/\/footdavant.fr\/actualites\/wp-json\/wp\/v2\/posts\/16956"}],"collection":[{"href":"https:\/\/footdavant.fr\/actualites\/wp-json\/wp\/v2\/posts"}],"about":[{"href":"https:\/\/footdavant.fr\/actualites\/wp-json\/wp\/v2\/types\/post"}],"author":[{"embeddable":true,"href":"https:\/\/footdavant.fr\/actualites\/wp-json\/wp\/v2\/users\/1"}],"replies":[{"embeddable":true,"href":"https:\/\/footdavant.fr\/actualites\/wp-json\/wp\/v2\/comments?post=16956"}],"version-history":[{"count":1,"href":"https:\/\/footdavant.fr\/actualites\/wp-json\/wp\/v2\/posts\/16956\/revisions"}],"predecessor-version":[{"id":16957,"href":"https:\/\/footdavant.fr\/actualites\/wp-json\/wp\/v2\/posts\/16956\/revisions\/16957"}],"wp:featuredmedia":[{"embeddable":true,"href":"https:\/\/footdavant.fr\/actualites\/wp-json\/wp\/v2\/media\/16076"}],"wp:attachment":[{"href":"https:\/\/footdavant.fr\/actualites\/wp-json\/wp\/v2\/media?parent=16956"}],"wp:term":[{"taxonomy":"category","embeddable":true,"href":"https:\/\/footdavant.fr\/actualites\/wp-json\/wp\/v2\/categories?post=16956"},{"taxonomy":"post_tag","embeddable":true,"href":"https:\/\/footdavant.fr\/actualites\/wp-json\/wp\/v2\/tags?post=16956"}],"curies":[{"name":"wp","href":"https:\/\/api.w.org\/{rel}","templated":true}]}}