{"id":16976,"date":"2024-12-03T02:48:40","date_gmt":"2024-12-03T01:48:40","guid":{"rendered":"https:\/\/footdavant.fr\/actualites\/le-patron-de-man-city-pep-guardiola-rend-son-verdict-sur-la-defaite-de-liverpool-alors-que-la-course-choquante-de-lequipe-se-poursuit\/"},"modified":"2024-12-03T02:48:41","modified_gmt":"2024-12-03T01:48:41","slug":"le-patron-de-man-city-pep-guardiola-rend-son-verdict-sur-la-defaite-de-liverpool-alors-que-la-course-choquante-de-lequipe-se-poursuit","status":"publish","type":"post","link":"https:\/\/footdavant.fr\/actualites\/le-patron-de-man-city-pep-guardiola-rend-son-verdict-sur-la-defaite-de-liverpool-alors-que-la-course-choquante-de-lequipe-se-poursuit\/","title":{"rendered":"Le patron de Man City, Pep Guardiola, rend son verdict sur la d\u00e9faite de Liverpool alors que la course choquante de l&#39;\u00e9quipe se poursuit"},"content":{"rendered":"<p>L&#39;entra\u00eeneur-chef de Manchester City, Pep Guardiola, \u00e9voque la d\u00e9faite 2-0 de son \u00e9quipe contre Liverpool, les Citizens \u00e9tant d\u00e9sormais \u00e0 11 points du sommet de la Premier League.<\/p>\n<div id=\"article_body\" itemprop=\"articleBody\">\n<h3 class=\"firstPara\">\n<strong class=\"autotag\">Manchester City<\/strong> entra\u00eeneur-chef <strong class=\"autotag\">Pep Guardiola<\/strong> a insist\u00e9 sur le fait qu&#39;\u00a0\u00bbil y a beaucoup de choses pour lesquelles se battre\u00a0\u00bb apr\u00e8s que son \u00e9quipe ait subi un revers <strong>d\u00e9faite 2-0<\/strong> \u00e0 <strong class=\"autotag\">Liverpool<\/strong> en Premier League dimanche apr\u00e8s-midi.<\/h3>\n<p><strong class=\"autotag\">Cody Gakpo<\/strong> et <strong class=\"autotag\">Mohamed Salah<\/strong> tous deux ont marqu\u00e9 \u00e0 Anfield alors que les Reds ont perdu deux buts vainqueurs, la s\u00e9rie sans victoire de Man City toutes comp\u00e9titions confondues s&#39;\u00e9tendant \u00e0 sept matches, dont six d\u00e9faites.<\/p>\n<p>Man City a d\u00e9sormais perdu chacun de ses quatre derniers matches de championnat contre Bournemouth, Brighton &#038; Hove Albion, Tottenham Hotspur et Liverpool, ce qui les place au cinqui\u00e8me rang du classement. <strong>Tableau de la Premier League<\/strong>\u00e0 11 points du leader Liverpool.<\/p>\n<p>Guardiola a tir\u00e9 le positif du match avec <strong class=\"autotag\">Machine \u00e0 sous Arne<\/strong>et a refus\u00e9 d&#39;\u00eatre trop d\u00e9courag\u00e9 par le dernier r\u00e9sultat d\u00e9cevant de son \u00e9quipe.<\/p>\n<p>\u00ab\u00a0Les 15-20 premi\u00e8res minutes, ils \u00e9taient imparables, ils ont commenc\u00e9 si fort, nous avons essay\u00e9 de jouer avec beaucoup de contr\u00f4le et de passes, mais c&#39;\u00e9tait difficile de le prendre. Ils m\u00e9ritaient le premier but, mais nous avons si bien commenc\u00e9 la premi\u00e8re mi-temps. et j&#39;ai bien jou\u00e9 en seconde p\u00e9riode sans trop de menace. Je sais \u00e0 quel point Liverpool est fort dans les deux surfaces\u00a0\u00bb, a d\u00e9clar\u00e9 Guardiola. <em>Actualit\u00e9s Sky Sports<\/em>.<\/p>\n<p class=\"imgI\">\n<h2 class=\"k3\">Man City compte d\u00e9sormais 11 points de retard sur Liverpool, leader de la Premier League.<\/h2>\n<p>\u00ab\u00a0Je les f\u00e9licite et nous allons tout remettre \u00e0 z\u00e9ro et repartir de z\u00e9ro et c&#39;est difficile \u00e0 croire. Je compte beaucoup sur ces joueurs, je sais qu&#39;ils r\u00e9ussissent \u00e0 ce poste. Nous verrons ce qui se passera d&#39;ici la fin de la saison. .<\/p>\n<p>\u00ab\u00a0Nous pouvons toujours faire des passes courtes, et nous pouvons le faire, mais nous n&#39;avons pas beaucoup d&#39;alternatives. Tout ce que je peux leur dire, c&#39;est merci parce que je connais l&#39;engagement dont ils ont fait preuve avec et sans le ballon. Peut-\u00eatre que j&#39;avais un sentiment en moi que nous allons construire \u00e0 partir d\u2019eux, nous allons red\u00e9marrer et essayer de faire un bon parcours.<\/p>\n<p>\u00ab\u00a0Il y a un moment o\u00f9 \u00e7a va peut-\u00eatre cliquer. Aujourd&#39;hui, Kevin (De Bruyne) a jou\u00e9 de bonnes minutes et Jack (Grealish) a bien jou\u00e9 \u00e0 ce poste et Jeremy (Doku) a jou\u00e9 de bonnes minutes apr\u00e8s un mois d&#39;absence. Bernardo (Silva) et Rico ( Lewis) ont beaucoup de minutes dans les jambes.<\/p>\n<p>\u00ab\u00a0Nathan (Ake) a \u00e9t\u00e9 exceptionnel contre peut-\u00eatre l&#39;un des grands ailiers. Je f\u00e9licite Liverpool, ils m\u00e9ritent la victoire et nous acceptons la situation en ce moment et nous b\u00e2tirons \u00e0 partir de cela.<\/p>\n<p>\u00ab\u00a0Nous n&#39;avons pas eu de pr\u00e9-saison ni de blessures, mais nous le savons et nous devons survivre avec cela. Nous avons concouru mais nous n&#39;avons pas cr\u00e9\u00e9 beaucoup d&#39;occasions.<\/p>\n<p class=\"imgI\"><img decoding=\"async\" loading=\"lazy\" class=\"l\" src=\"https:\/\/footdavant.fr\/actualites\/wp-content\/uploads\/2024\/12\/1733190520_472_Le-patron-de-Man-City-Pep-Guardiola-rend-son-verdict.jpg\" title=\"Cody Gakpo c\u00e9l\u00e8bre le but de Liverpool le 1er d\u00e9cembre 2024\" alt=\"Cody Gakpo c\u00e9l\u00e8bre le but de Liverpool le 1er d\u00e9cembre 2024\" width=\"640\" height=\"480\"><\/p>\n<h2 class=\"k3\">Guardiola \u00ab\u00a0surpris\u00a0\u00bb par la r\u00e9action des supporters de Liverpool<\/h2>\n<p>\u00ab\u00a0Nous n&#39;avons pas le rythme au milieu en ce moment et ils sont plus forts dans les duels et il faut survivre avec le ballon. Nous ne sommes pas bons dans les transitions sur 30-40 m\u00e8tres par rapport \u00e0 eux. Nous avons d\u00fb nous adapter et nous l\u2019avons fait. Je ne peux pas oublier quels joueurs j\u2019ai.<\/p>\n<p>\u00ab\u00a0Je suis ici en tant que manager et je d\u00e9fends ce que nous avons fait dans le pass\u00e9 gr\u00e2ce \u00e0 eux et plus que jamais je veux \u00eatre avec eux et les serrer dans mes bras. Nous devons changer les r\u00e9sultats et au bon moment nous prendrons la d\u00e9cision.<\/p>\n<p>\u00ab\u00a0Tous les stades veulent me virer, \u00e7a a commenc\u00e9 \u00e0 Brighton ! Peut-\u00eatre qu&#39;ils ont raison avec les r\u00e9sultats que nous avons obtenus. Je ne m&#39;attendais pas \u00e0 \u00e7a \u00e0 Anfield. Ils ne l&#39;ont pas fait \u00e0 1-0, mais \u00e0 2 -0. Peut-\u00eatre qu&#39;ils auraient d\u00fb le chanter dans le pass\u00e9. Je ne m&#39;attendais pas \u00e0 \u00e7a de la part des gens de Liverpool, mais \u00e7a va, \u00e7a fait partie du jeu et je comprends parfaitement que nous avons eu des batailles incroyables. respect pour eux.<\/p>\n<p>\u00ab\u00a0J&#39;ai dit avant ce match que nous n&#39;\u00e9tions pas en mesure de penser \u00e0 des objectifs mais que la saison est longue. Nous devons penser \u00e0 obtenir des r\u00e9sultats et ensuite certains joueurs reviendront et ensuite nous serons meilleurs et nous y croirons. peut-\u00eatre qu&#39;il y a beaucoup de choses pour lesquelles nous devons nous battre et nous allons essayer.\u00a0\u00bb<\/p>\n<p>Man City visera \u00e0 rebondir apr\u00e8s sa derni\u00e8re d\u00e9ception en accueillant Nottingham Forest au stade Etihad de Premier League mercredi soir.<\/p>\n<\/div>\n","protected":false},"excerpt":{"rendered":"<p>L&#39;entra\u00eeneur-chef de Manchester City, Pep Guardiola, \u00e9voque la d\u00e9faite 2-0 de son \u00e9quipe contre Liverpool, les Citizens \u00e9tant d\u00e9sormais \u00e0 11 points du sommet de<\/p>\n","protected":false},"author":1,"featured_media":16977,"comment_status":"closed","ping_status":"","sticky":false,"template":"","format":"standard","meta":{"footnotes":""},"categories":[5],"tags":[318,2083,27,425,8,4219,53,24,231,6,2975,2763,86,103,2764],"yoast_head":"<!-- This site is optimized with the Yoast SEO plugin v21.0 - https:\/\/yoast.com\/wordpress\/plugins\/seo\/ -->\n<title>Le patron de Man City, Pep Guardiola, rend son verdict sur la d\u00e9faite de Liverpool alors que la course choquante de l&#039;\u00e9quipe se poursuit<\/title>\n<meta name=\"robots\" content=\"index, follow, max-snippet:-1, max-image-preview:large, max-video-preview:-1\" \/>\n<link rel=\"canonical\" href=\"https:\/\/footdavant.fr\/actualites\/le-patron-de-man-city-pep-guardiola-rend-son-verdict-sur-la-defaite-de-liverpool-alors-que-la-course-choquante-de-lequipe-se-poursuit\/\" \/>\n<meta property=\"og:locale\" content=\"fr_FR\" \/>\n<meta property=\"og:type\" content=\"article\" \/>\n<meta property=\"og:title\" content=\"Le patron de Man City, Pep Guardiola, rend son verdict sur la d\u00e9faite de Liverpool alors que la course choquante de l&#039;\u00e9quipe se poursuit\" \/>\n<meta property=\"og:description\" content=\"L&#039;entra\u00eeneur-chef de Manchester City, Pep Guardiola, \u00e9voque la d\u00e9faite 2-0 de son \u00e9quipe contre Liverpool, les Citizens \u00e9tant d\u00e9sormais \u00e0 11 points du sommet de\" \/>\n<meta property=\"og:url\" content=\"https:\/\/footdavant.fr\/actualites\/le-patron-de-man-city-pep-guardiola-rend-son-verdict-sur-la-defaite-de-liverpool-alors-que-la-course-choquante-de-lequipe-se-poursuit\/\" \/>\n<meta property=\"og:site_name\" content=\"Foot d&#039;avant\" \/>\n<meta property=\"article:publisher\" content=\"https:\/\/www.facebook.com\/Footdavant\/\" \/>\n<meta property=\"article:published_time\" content=\"2024-12-03T01:48:40+00:00\" \/>\n<meta property=\"article:modified_time\" content=\"2024-12-03T01:48:41+00:00\" \/>\n<meta property=\"og:image\" content=\"https:\/\/footdavant.fr\/actualites\/wp-content\/uploads\/2024\/12\/Le-patron-de-Man-City-Pep-Guardiola-rend-son-verdict.jpg\" \/>\n\t<meta property=\"og:image:width\" content=\"640\" \/>\n\t<meta property=\"og:image:height\" content=\"480\" \/>\n\t<meta property=\"og:image:type\" content=\"image\/jpeg\" \/>\n<meta name=\"author\" content=\"Cl\u00e9ment\" \/>\n<meta name=\"twitter:card\" content=\"summary_large_image\" \/>\n<meta name=\"twitter:creator\" content=\"@FootdavantFr\" \/>\n<meta name=\"twitter:site\" content=\"@FootdavantFr\" \/>\n<meta name=\"twitter:label1\" content=\"\u00c9crit par\" \/>\n\t<meta name=\"twitter:data1\" content=\"Cl\u00e9ment\" \/>\n\t<meta name=\"twitter:label2\" content=\"Dur\u00e9e de lecture estim\u00e9e\" \/>\n\t<meta name=\"twitter:data2\" content=\"4 minutes\" \/>\n<script type=\"application\/ld+json\" class=\"yoast-schema-graph\">{\"@context\":\"https:\/\/schema.org\",\"@graph\":[{\"@type\":\"Article\",\"@id\":\"https:\/\/footdavant.fr\/actualites\/le-patron-de-man-city-pep-guardiola-rend-son-verdict-sur-la-defaite-de-liverpool-alors-que-la-course-choquante-de-lequipe-se-poursuit\/#article\",\"isPartOf\":{\"@id\":\"https:\/\/footdavant.fr\/actualites\/le-patron-de-man-city-pep-guardiola-rend-son-verdict-sur-la-defaite-de-liverpool-alors-que-la-course-choquante-de-lequipe-se-poursuit\/\"},\"author\":{\"name\":\"Cl\u00e9ment\",\"@id\":\"https:\/\/footdavant.fr\/actualites\/#\/schema\/person\/bc222566d95871b37e597b3ed3ba5e1d\"},\"headline\":\"Le patron de Man City, Pep Guardiola, rend son verdict sur la d\u00e9faite de Liverpool alors que la course choquante de l&#39;\u00e9quipe se poursuit\",\"datePublished\":\"2024-12-03T01:48:40+00:00\",\"dateModified\":\"2024-12-03T01:48:41+00:00\",\"mainEntityOfPage\":{\"@id\":\"https:\/\/footdavant.fr\/actualites\/le-patron-de-man-city-pep-guardiola-rend-son-verdict-sur-la-defaite-de-liverpool-alors-que-la-course-choquante-de-lequipe-se-poursuit\/\"},\"wordCount\":842,\"publisher\":{\"@id\":\"https:\/\/footdavant.fr\/actualites\/#organization\"},\"keywords\":[\"alors\",\"choquante\",\"City\",\"d\u00e9faite\",\"Guardiola\",\"l39\u00e9quipe\",\"Liverpool\",\"Man\",\"patron\",\"Pep\",\"poursuit\",\"rend\",\"son\",\"sur\",\"verdict\"],\"articleSection\":[\"Premier League\"],\"inLanguage\":\"fr-FR\"},{\"@type\":\"WebPage\",\"@id\":\"https:\/\/footdavant.fr\/actualites\/le-patron-de-man-city-pep-guardiola-rend-son-verdict-sur-la-defaite-de-liverpool-alors-que-la-course-choquante-de-lequipe-se-poursuit\/\",\"url\":\"https:\/\/footdavant.fr\/actualites\/le-patron-de-man-city-pep-guardiola-rend-son-verdict-sur-la-defaite-de-liverpool-alors-que-la-course-choquante-de-lequipe-se-poursuit\/\",\"name\":\"Le patron de Man City, Pep Guardiola, rend son verdict sur la d\u00e9faite de Liverpool alors que la course choquante de l&#39;\u00e9quipe se poursuit\",\"isPartOf\":{\"@id\":\"https:\/\/footdavant.fr\/actualites\/#website\"},\"datePublished\":\"2024-12-03T01:48:40+00:00\",\"dateModified\":\"2024-12-03T01:48:41+00:00\",\"breadcrumb\":{\"@id\":\"https:\/\/footdavant.fr\/actualites\/le-patron-de-man-city-pep-guardiola-rend-son-verdict-sur-la-defaite-de-liverpool-alors-que-la-course-choquante-de-lequipe-se-poursuit\/#breadcrumb\"},\"inLanguage\":\"fr-FR\",\"potentialAction\":[{\"@type\":\"ReadAction\",\"target\":[\"https:\/\/footdavant.fr\/actualites\/le-patron-de-man-city-pep-guardiola-rend-son-verdict-sur-la-defaite-de-liverpool-alors-que-la-course-choquante-de-lequipe-se-poursuit\/\"]}]},{\"@type\":\"BreadcrumbList\",\"@id\":\"https:\/\/footdavant.fr\/actualites\/le-patron-de-man-city-pep-guardiola-rend-son-verdict-sur-la-defaite-de-liverpool-alors-que-la-course-choquante-de-lequipe-se-poursuit\/#breadcrumb\",\"itemListElement\":[{\"@type\":\"ListItem\",\"position\":1,\"name\":\"Accueil\",\"item\":\"https:\/\/footdavant.fr\/actualites\/\"},{\"@type\":\"ListItem\",\"position\":2,\"name\":\"Le patron de Man City, Pep Guardiola, rend son verdict sur la d\u00e9faite de Liverpool alors que la course choquante de l&#39;\u00e9quipe se poursuit\"}]},{\"@type\":\"WebSite\",\"@id\":\"https:\/\/footdavant.fr\/actualites\/#website\",\"url\":\"https:\/\/footdavant.fr\/actualites\/\",\"name\":\"Foot d'avant\",\"description\":\"\",\"publisher\":{\"@id\":\"https:\/\/footdavant.fr\/actualites\/#organization\"},\"potentialAction\":[{\"@type\":\"SearchAction\",\"target\":{\"@type\":\"EntryPoint\",\"urlTemplate\":\"https:\/\/footdavant.fr\/actualites\/?s={search_term_string}\"},\"query-input\":\"required name=search_term_string\"}],\"inLanguage\":\"fr-FR\"},{\"@type\":\"Organization\",\"@id\":\"https:\/\/footdavant.fr\/actualites\/#organization\",\"name\":\"Foot d'avant\",\"url\":\"https:\/\/footdavant.fr\/actualites\/\",\"logo\":{\"@type\":\"ImageObject\",\"inLanguage\":\"fr-FR\",\"@id\":\"https:\/\/footdavant.fr\/actualites\/#\/schema\/logo\/image\/\",\"url\":\"https:\/\/footdavant.fr\/actualites\/wp-content\/uploads\/2023\/09\/Copy-of-FootDavant-Logo.png\",\"contentUrl\":\"https:\/\/footdavant.fr\/actualites\/wp-content\/uploads\/2023\/09\/Copy-of-FootDavant-Logo.png\",\"width\":936,\"height\":549,\"caption\":\"Foot d'avant\"},\"image\":{\"@id\":\"https:\/\/footdavant.fr\/actualites\/#\/schema\/logo\/image\/\"},\"sameAs\":[\"https:\/\/www.facebook.com\/Footdavant\/\",\"https:\/\/twitter.com\/FootdavantFr\",\"https:\/\/www.instagram.com\/footdavant.fr\/\"]},{\"@type\":\"Person\",\"@id\":\"https:\/\/footdavant.fr\/actualites\/#\/schema\/person\/bc222566d95871b37e597b3ed3ba5e1d\",\"name\":\"Cl\u00e9ment\",\"image\":{\"@type\":\"ImageObject\",\"inLanguage\":\"fr-FR\",\"@id\":\"https:\/\/footdavant.fr\/actualites\/#\/schema\/person\/image\/\",\"url\":\"https:\/\/secure.gravatar.com\/avatar\/7728b29aac2719421e1a9159b2254c44?s=96&d=mm&r=g\",\"contentUrl\":\"https:\/\/secure.gravatar.com\/avatar\/7728b29aac2719421e1a9159b2254c44?s=96&d=mm&r=g\",\"caption\":\"Cl\u00e9ment\"},\"sameAs\":[\"https:\/\/footdavant.fr\/\"]}]}<\/script>\n<!-- \/ Yoast SEO plugin. -->","yoast_head_json":{"title":"Le patron de Man City, Pep Guardiola, rend son verdict sur la d\u00e9faite de Liverpool alors que la course choquante de l&#39;\u00e9quipe se poursuit","robots":{"index":"index","follow":"follow","max-snippet":"max-snippet:-1","max-image-preview":"max-image-preview:large","max-video-preview":"max-video-preview:-1"},"canonical":"https:\/\/footdavant.fr\/actualites\/le-patron-de-man-city-pep-guardiola-rend-son-verdict-sur-la-defaite-de-liverpool-alors-que-la-course-choquante-de-lequipe-se-poursuit\/","og_locale":"fr_FR","og_type":"article","og_title":"Le patron de Man City, Pep Guardiola, rend son verdict sur la d\u00e9faite de Liverpool alors que la course choquante de l&#39;\u00e9quipe se poursuit","og_description":"L&#39;entra\u00eeneur-chef de Manchester City, Pep Guardiola, \u00e9voque la d\u00e9faite 2-0 de son \u00e9quipe contre Liverpool, les Citizens \u00e9tant d\u00e9sormais \u00e0 11 points du sommet de","og_url":"https:\/\/footdavant.fr\/actualites\/le-patron-de-man-city-pep-guardiola-rend-son-verdict-sur-la-defaite-de-liverpool-alors-que-la-course-choquante-de-lequipe-se-poursuit\/","og_site_name":"Foot d&#039;avant","article_publisher":"https:\/\/www.facebook.com\/Footdavant\/","article_published_time":"2024-12-03T01:48:40+00:00","article_modified_time":"2024-12-03T01:48:41+00:00","og_image":[{"width":640,"height":480,"url":"https:\/\/footdavant.fr\/actualites\/wp-content\/uploads\/2024\/12\/Le-patron-de-Man-City-Pep-Guardiola-rend-son-verdict.jpg","type":"image\/jpeg"}],"author":"Cl\u00e9ment","twitter_card":"summary_large_image","twitter_creator":"@FootdavantFr","twitter_site":"@FootdavantFr","twitter_misc":{"\u00c9crit par":"Cl\u00e9ment","Dur\u00e9e de lecture estim\u00e9e":"4 minutes"},"schema":{"@context":"https:\/\/schema.org","@graph":[{"@type":"Article","@id":"https:\/\/footdavant.fr\/actualites\/le-patron-de-man-city-pep-guardiola-rend-son-verdict-sur-la-defaite-de-liverpool-alors-que-la-course-choquante-de-lequipe-se-poursuit\/#article","isPartOf":{"@id":"https:\/\/footdavant.fr\/actualites\/le-patron-de-man-city-pep-guardiola-rend-son-verdict-sur-la-defaite-de-liverpool-alors-que-la-course-choquante-de-lequipe-se-poursuit\/"},"author":{"name":"Cl\u00e9ment","@id":"https:\/\/footdavant.fr\/actualites\/#\/schema\/person\/bc222566d95871b37e597b3ed3ba5e1d"},"headline":"Le patron de Man City, Pep Guardiola, rend son verdict sur la d\u00e9faite de Liverpool alors que la course choquante de l&#39;\u00e9quipe se poursuit","datePublished":"2024-12-03T01:48:40+00:00","dateModified":"2024-12-03T01:48:41+00:00","mainEntityOfPage":{"@id":"https:\/\/footdavant.fr\/actualites\/le-patron-de-man-city-pep-guardiola-rend-son-verdict-sur-la-defaite-de-liverpool-alors-que-la-course-choquante-de-lequipe-se-poursuit\/"},"wordCount":842,"publisher":{"@id":"https:\/\/footdavant.fr\/actualites\/#organization"},"keywords":["alors","choquante","City","d\u00e9faite","Guardiola","l39\u00e9quipe","Liverpool","Man","patron","Pep","poursuit","rend","son","sur","verdict"],"articleSection":["Premier League"],"inLanguage":"fr-FR"},{"@type":"WebPage","@id":"https:\/\/footdavant.fr\/actualites\/le-patron-de-man-city-pep-guardiola-rend-son-verdict-sur-la-defaite-de-liverpool-alors-que-la-course-choquante-de-lequipe-se-poursuit\/","url":"https:\/\/footdavant.fr\/actualites\/le-patron-de-man-city-pep-guardiola-rend-son-verdict-sur-la-defaite-de-liverpool-alors-que-la-course-choquante-de-lequipe-se-poursuit\/","name":"Le patron de Man City, Pep Guardiola, rend son verdict sur la d\u00e9faite de Liverpool alors que la course choquante de l&#39;\u00e9quipe se poursuit","isPartOf":{"@id":"https:\/\/footdavant.fr\/actualites\/#website"},"datePublished":"2024-12-03T01:48:40+00:00","dateModified":"2024-12-03T01:48:41+00:00","breadcrumb":{"@id":"https:\/\/footdavant.fr\/actualites\/le-patron-de-man-city-pep-guardiola-rend-son-verdict-sur-la-defaite-de-liverpool-alors-que-la-course-choquante-de-lequipe-se-poursuit\/#breadcrumb"},"inLanguage":"fr-FR","potentialAction":[{"@type":"ReadAction","target":["https:\/\/footdavant.fr\/actualites\/le-patron-de-man-city-pep-guardiola-rend-son-verdict-sur-la-defaite-de-liverpool-alors-que-la-course-choquante-de-lequipe-se-poursuit\/"]}]},{"@type":"BreadcrumbList","@id":"https:\/\/footdavant.fr\/actualites\/le-patron-de-man-city-pep-guardiola-rend-son-verdict-sur-la-defaite-de-liverpool-alors-que-la-course-choquante-de-lequipe-se-poursuit\/#breadcrumb","itemListElement":[{"@type":"ListItem","position":1,"name":"Accueil","item":"https:\/\/footdavant.fr\/actualites\/"},{"@type":"ListItem","position":2,"name":"Le patron de Man City, Pep Guardiola, rend son verdict sur la d\u00e9faite de Liverpool alors que la course choquante de l&#39;\u00e9quipe se poursuit"}]},{"@type":"WebSite","@id":"https:\/\/footdavant.fr\/actualites\/#website","url":"https:\/\/footdavant.fr\/actualites\/","name":"Foot d'avant","description":"","publisher":{"@id":"https:\/\/footdavant.fr\/actualites\/#organization"},"potentialAction":[{"@type":"SearchAction","target":{"@type":"EntryPoint","urlTemplate":"https:\/\/footdavant.fr\/actualites\/?s={search_term_string}"},"query-input":"required name=search_term_string"}],"inLanguage":"fr-FR"},{"@type":"Organization","@id":"https:\/\/footdavant.fr\/actualites\/#organization","name":"Foot d'avant","url":"https:\/\/footdavant.fr\/actualites\/","logo":{"@type":"ImageObject","inLanguage":"fr-FR","@id":"https:\/\/footdavant.fr\/actualites\/#\/schema\/logo\/image\/","url":"https:\/\/footdavant.fr\/actualites\/wp-content\/uploads\/2023\/09\/Copy-of-FootDavant-Logo.png","contentUrl":"https:\/\/footdavant.fr\/actualites\/wp-content\/uploads\/2023\/09\/Copy-of-FootDavant-Logo.png","width":936,"height":549,"caption":"Foot d'avant"},"image":{"@id":"https:\/\/footdavant.fr\/actualites\/#\/schema\/logo\/image\/"},"sameAs":["https:\/\/www.facebook.com\/Footdavant\/","https:\/\/twitter.com\/FootdavantFr","https:\/\/www.instagram.com\/footdavant.fr\/"]},{"@type":"Person","@id":"https:\/\/footdavant.fr\/actualites\/#\/schema\/person\/bc222566d95871b37e597b3ed3ba5e1d","name":"Cl\u00e9ment","image":{"@type":"ImageObject","inLanguage":"fr-FR","@id":"https:\/\/footdavant.fr\/actualites\/#\/schema\/person\/image\/","url":"https:\/\/secure.gravatar.com\/avatar\/7728b29aac2719421e1a9159b2254c44?s=96&d=mm&r=g","contentUrl":"https:\/\/secure.gravatar.com\/avatar\/7728b29aac2719421e1a9159b2254c44?s=96&d=mm&r=g","caption":"Cl\u00e9ment"},"sameAs":["https:\/\/footdavant.fr\/"]}]}},"_links":{"self":[{"href":"https:\/\/footdavant.fr\/actualites\/wp-json\/wp\/v2\/posts\/16976"}],"collection":[{"href":"https:\/\/footdavant.fr\/actualites\/wp-json\/wp\/v2\/posts"}],"about":[{"href":"https:\/\/footdavant.fr\/actualites\/wp-json\/wp\/v2\/types\/post"}],"author":[{"embeddable":true,"href":"https:\/\/footdavant.fr\/actualites\/wp-json\/wp\/v2\/users\/1"}],"replies":[{"embeddable":true,"href":"https:\/\/footdavant.fr\/actualites\/wp-json\/wp\/v2\/comments?post=16976"}],"version-history":[{"count":1,"href":"https:\/\/footdavant.fr\/actualites\/wp-json\/wp\/v2\/posts\/16976\/revisions"}],"predecessor-version":[{"id":16978,"href":"https:\/\/footdavant.fr\/actualites\/wp-json\/wp\/v2\/posts\/16976\/revisions\/16978"}],"wp:featuredmedia":[{"embeddable":true,"href":"https:\/\/footdavant.fr\/actualites\/wp-json\/wp\/v2\/media\/16977"}],"wp:attachment":[{"href":"https:\/\/footdavant.fr\/actualites\/wp-json\/wp\/v2\/media?parent=16976"}],"wp:term":[{"taxonomy":"category","embeddable":true,"href":"https:\/\/footdavant.fr\/actualites\/wp-json\/wp\/v2\/categories?post=16976"},{"taxonomy":"post_tag","embeddable":true,"href":"https:\/\/footdavant.fr\/actualites\/wp-json\/wp\/v2\/tags?post=16976"}],"curies":[{"name":"wp","href":"https:\/\/api.w.org\/{rel}","templated":true}]}}