{"id":17003,"date":"2024-12-03T20:50:02","date_gmt":"2024-12-03T19:50:02","guid":{"rendered":"https:\/\/footdavant.fr\/actualites\/pep-guardiola-fait-son-admission-a-liverpool-quelques-jours-apres-la-defaite-danfield\/"},"modified":"2024-12-03T20:50:07","modified_gmt":"2024-12-03T19:50:07","slug":"pep-guardiola-fait-son-admission-a-liverpool-quelques-jours-apres-la-defaite-danfield","status":"publish","type":"post","link":"https:\/\/footdavant.fr\/actualites\/pep-guardiola-fait-son-admission-a-liverpool-quelques-jours-apres-la-defaite-danfield\/","title":{"rendered":"Pep Guardiola fait son admission \u00e0 Liverpool quelques jours apr\u00e8s la d\u00e9faite d&#39;Anfield"},"content":{"rendered":"<p><\/p>\n<div id=\"article-body\">\n<!-- Article Start --><\/p>\n<p>Pep Guardiola a affirm\u00e9 que son \u00e9quipe de Manchester City \u00ab\u00a0ne pouvait pas rivaliser\u00a0\u00bb contre Liverpool et que l&#39;\u00e9quipe d&#39;Arne Slot repr\u00e9sentait une contre-attaque.<\/p>\n<p>Les champions de Premier League ont \u00e9t\u00e9 battus 2-0 \u00e0 Anfield dimanche \u2013 un r\u00e9sultat qui a port\u00e9 l&#39;avance des Reds en t\u00eate du classement \u00e0 neuf points et leur avantage sur l&#39;\u00e9quipe de Guardiola \u00e0 11 points.<\/p>\n<p>L&#39;Espagnol, qui n&#39;a sign\u00e9 un nouvel accord \u00e0 l&#39;Etihad que la semaine derni\u00e8re, a nomm\u00e9 un certain nombre de joueurs qui ont caus\u00e9 des probl\u00e8mes \u00e0 son \u00e9quipe dans le Merseyside.<\/p>\n<p>  \u00bb a d\u00e9clar\u00e9 Guardiola lors d&#39;une conf\u00e9rence de presse avant le choc de City contre Nottingham Forest demain (cit\u00e9 par The Boot Room).<\/p>\n<\/p>\n<\/p>\n<p>Beaucoup ont \u00e9t\u00e9 surpris par la s\u00e9lection de l&#39;\u00e9quipe de Guardiola pour le match en L4 avec Kevin De Bruyne, Jeremy Doku et Jack Grealish tous laiss\u00e9s sur le banc.<\/p>\n<p>Le trio est entr\u00e9 dans la m\u00eal\u00e9e en seconde p\u00e9riode mais a eu du mal \u00e0 avoir un impact puisque le penalty de Mo Salah \u00e0 12 minutes de la fin a assur\u00e9 les trois points apr\u00e8s que Cody Gakpo a ouvert le score devant le Kop d\u00e8s le d\u00e9but.<\/p>\n<p>Liverpool a contr\u00f4l\u00e9 le match du d\u00e9but \u00e0 la fin et Kopites commence certainement \u00e0 \u00eatre enthousiasm\u00e9 par ce qui peut \u00eatre r\u00e9alis\u00e9 cette saison.<\/p>\n<p>La prochaine \u00e9tape sera un d\u00e9placement difficile \u00e0 St. James&#39; Park demain soir, nous devons donc nous assurer que nous y sommes \u00e0 nouveau si nous voulons r\u00e9colter trois autres points massifs.<\/p>\n<\/p>\n<p><!-- Article End -->\t\t\t\t<\/div>\n","protected":false},"excerpt":{"rendered":"<p>Pep Guardiola a affirm\u00e9 que son \u00e9quipe de Manchester City \u00ab\u00a0ne pouvait pas rivaliser\u00a0\u00bb contre Liverpool et que l&#39;\u00e9quipe d&#39;Arne Slot repr\u00e9sentait une contre-attaque. Les<\/p>\n","protected":false},"author":1,"featured_media":17004,"comment_status":"closed","ping_status":"","sticky":false,"template":"","format":"standard","meta":{"footnotes":""},"categories":[3],"tags":[5294,25,4546,425,152,8,55,53,6,1086,86],"yoast_head":"<!-- This site is optimized with the Yoast SEO plugin v21.0 - https:\/\/yoast.com\/wordpress\/plugins\/seo\/ -->\n<title>Pep Guardiola fait son admission \u00e0 Liverpool quelques jours apr\u00e8s la d\u00e9faite d&#039;Anfield<\/title>\n<meta name=\"robots\" content=\"index, follow, max-snippet:-1, max-image-preview:large, max-video-preview:-1\" \/>\n<link rel=\"canonical\" href=\"https:\/\/footdavant.fr\/actualites\/pep-guardiola-fait-son-admission-a-liverpool-quelques-jours-apres-la-defaite-danfield\/\" \/>\n<meta property=\"og:locale\" content=\"fr_FR\" \/>\n<meta property=\"og:type\" content=\"article\" \/>\n<meta property=\"og:title\" content=\"Pep Guardiola fait son admission \u00e0 Liverpool quelques jours apr\u00e8s la d\u00e9faite d&#039;Anfield\" \/>\n<meta property=\"og:description\" content=\"Pep Guardiola a affirm\u00e9 que son \u00e9quipe de Manchester City \u00ab\u00a0ne pouvait pas rivaliser\u00a0\u00bb contre Liverpool et que l&#039;\u00e9quipe d&#039;Arne Slot repr\u00e9sentait une contre-attaque. Les\" \/>\n<meta property=\"og:url\" content=\"https:\/\/footdavant.fr\/actualites\/pep-guardiola-fait-son-admission-a-liverpool-quelques-jours-apres-la-defaite-danfield\/\" \/>\n<meta property=\"og:site_name\" content=\"Foot d&#039;avant\" \/>\n<meta property=\"article:publisher\" content=\"https:\/\/www.facebook.com\/Footdavant\/\" \/>\n<meta property=\"article:published_time\" content=\"2024-12-03T19:50:02+00:00\" \/>\n<meta property=\"article:modified_time\" content=\"2024-12-03T19:50:07+00:00\" \/>\n<meta property=\"og:image\" content=\"https:\/\/footdavant.fr\/actualites\/wp-content\/uploads\/2024\/12\/Pep-Guardiola-fait-son-admission-a-Liverpool-quelques-jours-apres.jpg\" \/>\n\t<meta property=\"og:image:width\" content=\"2000\" \/>\n\t<meta property=\"og:image:height\" content=\"1300\" \/>\n\t<meta property=\"og:image:type\" content=\"image\/jpeg\" \/>\n<meta name=\"author\" content=\"Cl\u00e9ment\" \/>\n<meta name=\"twitter:card\" content=\"summary_large_image\" \/>\n<meta name=\"twitter:creator\" content=\"@FootdavantFr\" \/>\n<meta name=\"twitter:site\" content=\"@FootdavantFr\" \/>\n<meta name=\"twitter:label1\" content=\"\u00c9crit par\" \/>\n\t<meta name=\"twitter:data1\" content=\"Cl\u00e9ment\" \/>\n\t<meta name=\"twitter:label2\" content=\"Dur\u00e9e de lecture estim\u00e9e\" \/>\n\t<meta name=\"twitter:data2\" content=\"1 minute\" \/>\n<script type=\"application\/ld+json\" class=\"yoast-schema-graph\">{\"@context\":\"https:\/\/schema.org\",\"@graph\":[{\"@type\":\"Article\",\"@id\":\"https:\/\/footdavant.fr\/actualites\/pep-guardiola-fait-son-admission-a-liverpool-quelques-jours-apres-la-defaite-danfield\/#article\",\"isPartOf\":{\"@id\":\"https:\/\/footdavant.fr\/actualites\/pep-guardiola-fait-son-admission-a-liverpool-quelques-jours-apres-la-defaite-danfield\/\"},\"author\":{\"name\":\"Cl\u00e9ment\",\"@id\":\"https:\/\/footdavant.fr\/actualites\/#\/schema\/person\/bc222566d95871b37e597b3ed3ba5e1d\"},\"headline\":\"Pep Guardiola fait son admission \u00e0 Liverpool quelques jours apr\u00e8s la d\u00e9faite d&#39;Anfield\",\"datePublished\":\"2024-12-03T19:50:02+00:00\",\"dateModified\":\"2024-12-03T19:50:07+00:00\",\"mainEntityOfPage\":{\"@id\":\"https:\/\/footdavant.fr\/actualites\/pep-guardiola-fait-son-admission-a-liverpool-quelques-jours-apres-la-defaite-danfield\/\"},\"wordCount\":282,\"publisher\":{\"@id\":\"https:\/\/footdavant.fr\/actualites\/#organization\"},\"keywords\":[\"admission\",\"apr\u00e8s\",\"d39Anfield\",\"d\u00e9faite\",\"fait\",\"Guardiola\",\"Jours\",\"Liverpool\",\"Pep\",\"quelques\",\"son\"],\"articleSection\":[\"Football\"],\"inLanguage\":\"fr-FR\"},{\"@type\":\"WebPage\",\"@id\":\"https:\/\/footdavant.fr\/actualites\/pep-guardiola-fait-son-admission-a-liverpool-quelques-jours-apres-la-defaite-danfield\/\",\"url\":\"https:\/\/footdavant.fr\/actualites\/pep-guardiola-fait-son-admission-a-liverpool-quelques-jours-apres-la-defaite-danfield\/\",\"name\":\"Pep Guardiola fait son admission \u00e0 Liverpool quelques jours apr\u00e8s la d\u00e9faite d&#39;Anfield\",\"isPartOf\":{\"@id\":\"https:\/\/footdavant.fr\/actualites\/#website\"},\"datePublished\":\"2024-12-03T19:50:02+00:00\",\"dateModified\":\"2024-12-03T19:50:07+00:00\",\"breadcrumb\":{\"@id\":\"https:\/\/footdavant.fr\/actualites\/pep-guardiola-fait-son-admission-a-liverpool-quelques-jours-apres-la-defaite-danfield\/#breadcrumb\"},\"inLanguage\":\"fr-FR\",\"potentialAction\":[{\"@type\":\"ReadAction\",\"target\":[\"https:\/\/footdavant.fr\/actualites\/pep-guardiola-fait-son-admission-a-liverpool-quelques-jours-apres-la-defaite-danfield\/\"]}]},{\"@type\":\"BreadcrumbList\",\"@id\":\"https:\/\/footdavant.fr\/actualites\/pep-guardiola-fait-son-admission-a-liverpool-quelques-jours-apres-la-defaite-danfield\/#breadcrumb\",\"itemListElement\":[{\"@type\":\"ListItem\",\"position\":1,\"name\":\"Accueil\",\"item\":\"https:\/\/footdavant.fr\/actualites\/\"},{\"@type\":\"ListItem\",\"position\":2,\"name\":\"Pep Guardiola fait son admission \u00e0 Liverpool quelques jours apr\u00e8s la d\u00e9faite d&#39;Anfield\"}]},{\"@type\":\"WebSite\",\"@id\":\"https:\/\/footdavant.fr\/actualites\/#website\",\"url\":\"https:\/\/footdavant.fr\/actualites\/\",\"name\":\"Foot d'avant\",\"description\":\"\",\"publisher\":{\"@id\":\"https:\/\/footdavant.fr\/actualites\/#organization\"},\"potentialAction\":[{\"@type\":\"SearchAction\",\"target\":{\"@type\":\"EntryPoint\",\"urlTemplate\":\"https:\/\/footdavant.fr\/actualites\/?s={search_term_string}\"},\"query-input\":\"required name=search_term_string\"}],\"inLanguage\":\"fr-FR\"},{\"@type\":\"Organization\",\"@id\":\"https:\/\/footdavant.fr\/actualites\/#organization\",\"name\":\"Foot d'avant\",\"url\":\"https:\/\/footdavant.fr\/actualites\/\",\"logo\":{\"@type\":\"ImageObject\",\"inLanguage\":\"fr-FR\",\"@id\":\"https:\/\/footdavant.fr\/actualites\/#\/schema\/logo\/image\/\",\"url\":\"https:\/\/footdavant.fr\/actualites\/wp-content\/uploads\/2023\/09\/Copy-of-FootDavant-Logo.png\",\"contentUrl\":\"https:\/\/footdavant.fr\/actualites\/wp-content\/uploads\/2023\/09\/Copy-of-FootDavant-Logo.png\",\"width\":936,\"height\":549,\"caption\":\"Foot d'avant\"},\"image\":{\"@id\":\"https:\/\/footdavant.fr\/actualites\/#\/schema\/logo\/image\/\"},\"sameAs\":[\"https:\/\/www.facebook.com\/Footdavant\/\",\"https:\/\/twitter.com\/FootdavantFr\",\"https:\/\/www.instagram.com\/footdavant.fr\/\"]},{\"@type\":\"Person\",\"@id\":\"https:\/\/footdavant.fr\/actualites\/#\/schema\/person\/bc222566d95871b37e597b3ed3ba5e1d\",\"name\":\"Cl\u00e9ment\",\"image\":{\"@type\":\"ImageObject\",\"inLanguage\":\"fr-FR\",\"@id\":\"https:\/\/footdavant.fr\/actualites\/#\/schema\/person\/image\/\",\"url\":\"https:\/\/secure.gravatar.com\/avatar\/7728b29aac2719421e1a9159b2254c44?s=96&d=mm&r=g\",\"contentUrl\":\"https:\/\/secure.gravatar.com\/avatar\/7728b29aac2719421e1a9159b2254c44?s=96&d=mm&r=g\",\"caption\":\"Cl\u00e9ment\"},\"sameAs\":[\"https:\/\/footdavant.fr\/\"]}]}<\/script>\n<!-- \/ Yoast SEO plugin. -->","yoast_head_json":{"title":"Pep Guardiola fait son admission \u00e0 Liverpool quelques jours apr\u00e8s la d\u00e9faite d&#39;Anfield","robots":{"index":"index","follow":"follow","max-snippet":"max-snippet:-1","max-image-preview":"max-image-preview:large","max-video-preview":"max-video-preview:-1"},"canonical":"https:\/\/footdavant.fr\/actualites\/pep-guardiola-fait-son-admission-a-liverpool-quelques-jours-apres-la-defaite-danfield\/","og_locale":"fr_FR","og_type":"article","og_title":"Pep Guardiola fait son admission \u00e0 Liverpool quelques jours apr\u00e8s la d\u00e9faite d&#39;Anfield","og_description":"Pep Guardiola a affirm\u00e9 que son \u00e9quipe de Manchester City \u00ab\u00a0ne pouvait pas rivaliser\u00a0\u00bb contre Liverpool et que l&#39;\u00e9quipe d&#39;Arne Slot repr\u00e9sentait une contre-attaque. Les","og_url":"https:\/\/footdavant.fr\/actualites\/pep-guardiola-fait-son-admission-a-liverpool-quelques-jours-apres-la-defaite-danfield\/","og_site_name":"Foot d&#039;avant","article_publisher":"https:\/\/www.facebook.com\/Footdavant\/","article_published_time":"2024-12-03T19:50:02+00:00","article_modified_time":"2024-12-03T19:50:07+00:00","og_image":[{"width":2000,"height":1300,"url":"https:\/\/footdavant.fr\/actualites\/wp-content\/uploads\/2024\/12\/Pep-Guardiola-fait-son-admission-a-Liverpool-quelques-jours-apres.jpg","type":"image\/jpeg"}],"author":"Cl\u00e9ment","twitter_card":"summary_large_image","twitter_creator":"@FootdavantFr","twitter_site":"@FootdavantFr","twitter_misc":{"\u00c9crit par":"Cl\u00e9ment","Dur\u00e9e de lecture estim\u00e9e":"1 minute"},"schema":{"@context":"https:\/\/schema.org","@graph":[{"@type":"Article","@id":"https:\/\/footdavant.fr\/actualites\/pep-guardiola-fait-son-admission-a-liverpool-quelques-jours-apres-la-defaite-danfield\/#article","isPartOf":{"@id":"https:\/\/footdavant.fr\/actualites\/pep-guardiola-fait-son-admission-a-liverpool-quelques-jours-apres-la-defaite-danfield\/"},"author":{"name":"Cl\u00e9ment","@id":"https:\/\/footdavant.fr\/actualites\/#\/schema\/person\/bc222566d95871b37e597b3ed3ba5e1d"},"headline":"Pep Guardiola fait son admission \u00e0 Liverpool quelques jours apr\u00e8s la d\u00e9faite d&#39;Anfield","datePublished":"2024-12-03T19:50:02+00:00","dateModified":"2024-12-03T19:50:07+00:00","mainEntityOfPage":{"@id":"https:\/\/footdavant.fr\/actualites\/pep-guardiola-fait-son-admission-a-liverpool-quelques-jours-apres-la-defaite-danfield\/"},"wordCount":282,"publisher":{"@id":"https:\/\/footdavant.fr\/actualites\/#organization"},"keywords":["admission","apr\u00e8s","d39Anfield","d\u00e9faite","fait","Guardiola","Jours","Liverpool","Pep","quelques","son"],"articleSection":["Football"],"inLanguage":"fr-FR"},{"@type":"WebPage","@id":"https:\/\/footdavant.fr\/actualites\/pep-guardiola-fait-son-admission-a-liverpool-quelques-jours-apres-la-defaite-danfield\/","url":"https:\/\/footdavant.fr\/actualites\/pep-guardiola-fait-son-admission-a-liverpool-quelques-jours-apres-la-defaite-danfield\/","name":"Pep Guardiola fait son admission \u00e0 Liverpool quelques jours apr\u00e8s la d\u00e9faite d&#39;Anfield","isPartOf":{"@id":"https:\/\/footdavant.fr\/actualites\/#website"},"datePublished":"2024-12-03T19:50:02+00:00","dateModified":"2024-12-03T19:50:07+00:00","breadcrumb":{"@id":"https:\/\/footdavant.fr\/actualites\/pep-guardiola-fait-son-admission-a-liverpool-quelques-jours-apres-la-defaite-danfield\/#breadcrumb"},"inLanguage":"fr-FR","potentialAction":[{"@type":"ReadAction","target":["https:\/\/footdavant.fr\/actualites\/pep-guardiola-fait-son-admission-a-liverpool-quelques-jours-apres-la-defaite-danfield\/"]}]},{"@type":"BreadcrumbList","@id":"https:\/\/footdavant.fr\/actualites\/pep-guardiola-fait-son-admission-a-liverpool-quelques-jours-apres-la-defaite-danfield\/#breadcrumb","itemListElement":[{"@type":"ListItem","position":1,"name":"Accueil","item":"https:\/\/footdavant.fr\/actualites\/"},{"@type":"ListItem","position":2,"name":"Pep Guardiola fait son admission \u00e0 Liverpool quelques jours apr\u00e8s la d\u00e9faite d&#39;Anfield"}]},{"@type":"WebSite","@id":"https:\/\/footdavant.fr\/actualites\/#website","url":"https:\/\/footdavant.fr\/actualites\/","name":"Foot d'avant","description":"","publisher":{"@id":"https:\/\/footdavant.fr\/actualites\/#organization"},"potentialAction":[{"@type":"SearchAction","target":{"@type":"EntryPoint","urlTemplate":"https:\/\/footdavant.fr\/actualites\/?s={search_term_string}"},"query-input":"required name=search_term_string"}],"inLanguage":"fr-FR"},{"@type":"Organization","@id":"https:\/\/footdavant.fr\/actualites\/#organization","name":"Foot d'avant","url":"https:\/\/footdavant.fr\/actualites\/","logo":{"@type":"ImageObject","inLanguage":"fr-FR","@id":"https:\/\/footdavant.fr\/actualites\/#\/schema\/logo\/image\/","url":"https:\/\/footdavant.fr\/actualites\/wp-content\/uploads\/2023\/09\/Copy-of-FootDavant-Logo.png","contentUrl":"https:\/\/footdavant.fr\/actualites\/wp-content\/uploads\/2023\/09\/Copy-of-FootDavant-Logo.png","width":936,"height":549,"caption":"Foot d'avant"},"image":{"@id":"https:\/\/footdavant.fr\/actualites\/#\/schema\/logo\/image\/"},"sameAs":["https:\/\/www.facebook.com\/Footdavant\/","https:\/\/twitter.com\/FootdavantFr","https:\/\/www.instagram.com\/footdavant.fr\/"]},{"@type":"Person","@id":"https:\/\/footdavant.fr\/actualites\/#\/schema\/person\/bc222566d95871b37e597b3ed3ba5e1d","name":"Cl\u00e9ment","image":{"@type":"ImageObject","inLanguage":"fr-FR","@id":"https:\/\/footdavant.fr\/actualites\/#\/schema\/person\/image\/","url":"https:\/\/secure.gravatar.com\/avatar\/7728b29aac2719421e1a9159b2254c44?s=96&d=mm&r=g","contentUrl":"https:\/\/secure.gravatar.com\/avatar\/7728b29aac2719421e1a9159b2254c44?s=96&d=mm&r=g","caption":"Cl\u00e9ment"},"sameAs":["https:\/\/footdavant.fr\/"]}]}},"_links":{"self":[{"href":"https:\/\/footdavant.fr\/actualites\/wp-json\/wp\/v2\/posts\/17003"}],"collection":[{"href":"https:\/\/footdavant.fr\/actualites\/wp-json\/wp\/v2\/posts"}],"about":[{"href":"https:\/\/footdavant.fr\/actualites\/wp-json\/wp\/v2\/types\/post"}],"author":[{"embeddable":true,"href":"https:\/\/footdavant.fr\/actualites\/wp-json\/wp\/v2\/users\/1"}],"replies":[{"embeddable":true,"href":"https:\/\/footdavant.fr\/actualites\/wp-json\/wp\/v2\/comments?post=17003"}],"version-history":[{"count":1,"href":"https:\/\/footdavant.fr\/actualites\/wp-json\/wp\/v2\/posts\/17003\/revisions"}],"predecessor-version":[{"id":17005,"href":"https:\/\/footdavant.fr\/actualites\/wp-json\/wp\/v2\/posts\/17003\/revisions\/17005"}],"wp:featuredmedia":[{"embeddable":true,"href":"https:\/\/footdavant.fr\/actualites\/wp-json\/wp\/v2\/media\/17004"}],"wp:attachment":[{"href":"https:\/\/footdavant.fr\/actualites\/wp-json\/wp\/v2\/media?parent=17003"}],"wp:term":[{"taxonomy":"category","embeddable":true,"href":"https:\/\/footdavant.fr\/actualites\/wp-json\/wp\/v2\/categories?post=17003"},{"taxonomy":"post_tag","embeddable":true,"href":"https:\/\/footdavant.fr\/actualites\/wp-json\/wp\/v2\/tags?post=17003"}],"curies":[{"name":"wp","href":"https:\/\/api.w.org\/{rel}","templated":true}]}}