{"id":17006,"date":"2024-12-03T22:49:50","date_gmt":"2024-12-03T21:49:50","guid":{"rendered":"https:\/\/footdavant.fr\/actualites\/la-star-de-man-united-sous-une-forme-eblouissante-saluee-par-ruben-amorim-alors-que-les-red-devils-montrent-des-signes-encourageants-contre-everton\/"},"modified":"2024-12-03T22:49:51","modified_gmt":"2024-12-03T21:49:51","slug":"la-star-de-man-united-sous-une-forme-eblouissante-saluee-par-ruben-amorim-alors-que-les-red-devils-montrent-des-signes-encourageants-contre-everton","status":"publish","type":"post","link":"https:\/\/footdavant.fr\/actualites\/la-star-de-man-united-sous-une-forme-eblouissante-saluee-par-ruben-amorim-alors-que-les-red-devils-montrent-des-signes-encourageants-contre-everton\/","title":{"rendered":"La star de Man United sous une forme \u00e9blouissante salu\u00e9e par Ruben Amorim alors que les Red Devils montrent des signes encourageants contre Everton"},"content":{"rendered":"<p>L&#39;entra\u00eeneur-chef de Manchester United, Ruben Amorim, f\u00e9licite Amad Diallo pour sa performance contre Everton mais appelle \u00e0 de nouvelles am\u00e9liorations dans tous les domaines.<\/p>\n<div id=\"article_body\" itemprop=\"articleBody\">\n<h3 class=\"firstPara\">\n<strong class=\"autotag\">Manchester United<\/strong> entra\u00eeneur-chef <strong class=\"autotag\">Ruben Amorim<\/strong> lou\u00e9 <strong class=\"autotag\">Amad Diallo<\/strong> pour son exposition dans le dimanche <strong>Victoire 4-0<\/strong> sur <strong class=\"autotag\">Everton<\/strong>mais les Portugais ont insist\u00e9 sur le fait que les Diables Rouges \u00ab\u00a0avaient encore beaucoup \u00e0 faire\u00a0\u00bb.<\/h3>\n<p>Les 20 fois champions d&#39;Angleterre ont enregistr\u00e9 dimanche leur plus grande victoire de la saison, avec <strong class=\"autotag\">Josu\u00e9 Zirkzee<\/strong> et <strong class=\"autotag\">Marcus Rashford<\/strong> tous deux ont un doubl\u00e9 \u00e0 Old Trafford.<\/p>\n<p>Amad a cependant vol\u00e9 la vedette, l&#39;international ivoirien ayant d\u00e9livr\u00e9 deux passes d\u00e9cisives, tout en jouant un r\u00f4le essentiel dans le deuxi\u00e8me match de son \u00e9quipe. Amorim a d\u00e9clar\u00e9 que l&#39;attaquant \u00ab\u00a0est dans un grand moment\u00a0\u00bb.<\/p>\n<p>Cependant, le nouvel entra\u00eeneur-chef de Man United a tenu \u00e0 souligner que l&#39;\u00e9quipe avait encore beaucoup \u00e0 am\u00e9liorer dans les semaines \u00e0 venir.<\/p>\n<p>\u00ab\u00a0Le r\u00e9sultat \u00e9tait bon mais nous avons \u00e9t\u00e9 pragmatiques. Ce n&#39;\u00e9tait pas beau mais nous avons \u00e9t\u00e9 pragmatiques. Nous avons fait notre travail, qui est de gagner. On sent que nous avons un long chemin \u00e0 parcourir. On le sent d\u00e8s les premi\u00e8res minutes. \u00ab\u00a0, o\u00f9 nous \u00e9tions bien, mais ensuite Everton a contr\u00f4l\u00e9 le match. Ensuite, nous avons marqu\u00e9 des buts au bon moment et cela a chang\u00e9 le jeu\u00a0\u00bb, a d\u00e9clar\u00e9 Amorim. <em>Actualit\u00e9s Sky Sports<\/em>.<\/p>\n<p class=\"imgI\">\n<h2 class=\"k3\">Amorim exige plus des joueurs de Man United apr\u00e8s la victoire d&#39;Everton<\/h2>\n<p>\u00ab\u00a0Vous ne pouvez pas vous concentrer uniquement sur le r\u00e9sultat, vous devez vous concentrer sur la fa\u00e7on dont le r\u00e9sultat est apparu. Comme avant le match, nous avons beaucoup \u00e0 faire, mais il vaut mieux travailler avec des victoires. Concentrons-nous plus sur la performance que le r\u00e9sultat.<\/p>\n<p>\u00ab\u00a0Vous pouvez le ressentir pendant le match. Ce n&#39;est pas une s\u00e9rie de performances de haut niveau, c&#39;est une montagne russe de performances. Nous avons des moments o\u00f9 nous sommes bons, mais ensuite nous avons des moments o\u00f9 nous devons souffrir. Nous avons r\u00e9cidiv\u00e9 comme en Ligue Europa. Nous avons besoin de temps pour nous entra\u00eener et nous am\u00e9liorer. Il vaut mieux travailler avec des victoires.<\/p>\n<p>Dans une interview s\u00e9par\u00e9e avec <em>BBC Sport<\/em>Amorim a d\u00e9clar\u00e9 lorsqu&#39;on l&#39;a interrog\u00e9 \u00e0 propos d&#39;Amad : \u00ab\u00a0Il est vraiment grand en talent, mais de petite taille. Il a fait un excellent travail mais il doit aussi s&#39;am\u00e9liorer. Il est dans un grand moment. <strong class=\"autotag\">Ruud van Nistelrooy<\/strong> il l&#39;a beaucoup aid\u00e9 dans ses matchs en tant que responsable et maintenant il m&#39;aide.<\/p>\n<p>\u00ab\u00a0C&#39;\u00e9tait loin d&#39;\u00eatre une performance parfaite. Nous devons nous am\u00e9liorer, cela se sent dans le jeu. Apr\u00e8s 15 minutes, Everton contr\u00f4lait le match et c&#39;\u00e9tait difficile pour nous et nous perdions le deuxi\u00e8me ballon. J&#39;ai senti que les joueurs pouvaient r\u00e9soudre Nous avons quelques probl\u00e8mes en tant qu&#39;\u00e9quipe en raison de leur qualit\u00e9, mais c&#39;\u00e9tait loin d&#39;\u00eatre une performance parfaite mais un tr\u00e8s bon r\u00e9sultat et un match difficile.<\/p>\n<p>\u00ab\u00a0Cela aide d&#39;avoir un nouveau visage, cela aide toujours. Nous devons \u00eatre tr\u00e8s clairs avec nos fans et cela aidera toujours. Plut\u00f4t que d&#39;essayer de convaincre les fans de cette performance, nous avons beaucoup \u00e0 faire, cela prendra du temps. Parfois, nous ne jouons pas bien, mais nous avons d\u00e9fendu tout le monde ensemble. Nos supporters demandent juste un travail acharn\u00e9 et, avec le temps, ils demanderont un meilleur football. \u00bb<\/p>\n<p class=\"imgI\"><img decoding=\"async\" loading=\"lazy\" class=\"l\" src=\"https:\/\/footdavant.fr\/actualites\/wp-content\/uploads\/2024\/12\/1733262590_333_La-star-de-Man-United-sous-une-forme-eblouissante-saluee.jpg\" title=\"Le duo de Manchester United Marcus Rashford et Joshua Zirkzee c\u00e9l\u00e8brent le 1er d\u00e9cembre 2024\" alt=\"Le duo de Manchester United Marcus Rashford et Joshua Zirkzee c\u00e9l\u00e8brent le 1er d\u00e9cembre 2024\" width=\"640\" height=\"480\"><\/p>\n<h2 class=\"k3\">\u00c0 quoi ressemble d\u00e9cembre pour Man United ?<\/h2>\n<p>Man United affrontera Arsenal (A) et Nottingham Forest (H) lors de leurs deux prochains matches de Premier League, avant de se rendre au Viktoria Plzen en Ligue Europa le 12 d\u00e9cembre, trois jours avant le derby de Manchester avec Manchester City en championnat.<\/p>\n<p>Les Red Devils se rendront ensuite \u00e0 Tottenham Hotspur en Coupe EFL le 19 d\u00e9cembre avant des matchs cons\u00e9cutifs de Premier League avec Bournemouth et Wolverhampton Wanderers avant No\u00ebl, et le mois se terminera ensuite par un match de championnat \u00e0 domicile contre Newcastle United. .<\/p>\n<div class=\"author_box\">\n<div class=\"author_box_banner\">\n<img decoding=\"async\" class=\"author_img\" src=\"https:\/\/footdavant.fr\/actualites\/wp-content\/uploads\/2024\/12\/1733262590_955_La-star-de-Man-United-sous-une-forme-eblouissante-saluee.jpg\"><\/p>\n<\/div>\n<\/div>\n<\/div>\n","protected":false},"excerpt":{"rendered":"<p>L&#39;entra\u00eeneur-chef de Manchester United, Ruben Amorim, f\u00e9licite Amad Diallo pour sa performance contre Everton mais appelle \u00e0 de nouvelles am\u00e9liorations dans tous les domaines. Manchester<\/p>\n","protected":false},"author":1,"featured_media":17007,"comment_status":"closed","ping_status":"","sticky":false,"template":"","format":"standard","meta":{"footnotes":""},"categories":[5],"tags":[318,4477,20,12,265,7229,7231,310,563,93,24,3260,75,536,160,7230,1845,1301,1621,92,13],"yoast_head":"<!-- This site is optimized with the Yoast SEO plugin v21.0 - https:\/\/yoast.com\/wordpress\/plugins\/seo\/ -->\n<title>La star de Man United sous une forme \u00e9blouissante salu\u00e9e par Ruben Amorim alors que les Red Devils montrent des signes encourageants contre Everton<\/title>\n<meta name=\"robots\" content=\"index, follow, max-snippet:-1, max-image-preview:large, max-video-preview:-1\" \/>\n<link rel=\"canonical\" href=\"https:\/\/footdavant.fr\/actualites\/la-star-de-man-united-sous-une-forme-eblouissante-saluee-par-ruben-amorim-alors-que-les-red-devils-montrent-des-signes-encourageants-contre-everton\/\" \/>\n<meta property=\"og:locale\" content=\"fr_FR\" \/>\n<meta property=\"og:type\" content=\"article\" \/>\n<meta property=\"og:title\" content=\"La star de Man United sous une forme \u00e9blouissante salu\u00e9e par Ruben Amorim alors que les Red Devils montrent des signes encourageants contre Everton\" \/>\n<meta property=\"og:description\" content=\"L&#039;entra\u00eeneur-chef de Manchester United, Ruben Amorim, f\u00e9licite Amad Diallo pour sa performance contre Everton mais appelle \u00e0 de nouvelles am\u00e9liorations dans tous les domaines. Manchester\" \/>\n<meta property=\"og:url\" content=\"https:\/\/footdavant.fr\/actualites\/la-star-de-man-united-sous-une-forme-eblouissante-saluee-par-ruben-amorim-alors-que-les-red-devils-montrent-des-signes-encourageants-contre-everton\/\" \/>\n<meta property=\"og:site_name\" content=\"Foot d&#039;avant\" \/>\n<meta property=\"article:publisher\" content=\"https:\/\/www.facebook.com\/Footdavant\/\" \/>\n<meta property=\"article:published_time\" content=\"2024-12-03T21:49:50+00:00\" \/>\n<meta property=\"article:modified_time\" content=\"2024-12-03T21:49:51+00:00\" \/>\n<meta property=\"og:image\" content=\"https:\/\/footdavant.fr\/actualites\/wp-content\/uploads\/2024\/12\/La-star-de-Man-United-sous-une-forme-eblouissante-saluee.jpg\" \/>\n\t<meta property=\"og:image:width\" content=\"640\" \/>\n\t<meta property=\"og:image:height\" content=\"480\" \/>\n\t<meta property=\"og:image:type\" content=\"image\/jpeg\" \/>\n<meta name=\"author\" content=\"Cl\u00e9ment\" \/>\n<meta name=\"twitter:card\" content=\"summary_large_image\" \/>\n<meta name=\"twitter:creator\" content=\"@FootdavantFr\" \/>\n<meta name=\"twitter:site\" content=\"@FootdavantFr\" \/>\n<meta name=\"twitter:label1\" content=\"\u00c9crit par\" \/>\n\t<meta name=\"twitter:data1\" content=\"Cl\u00e9ment\" \/>\n\t<meta name=\"twitter:label2\" content=\"Dur\u00e9e de lecture estim\u00e9e\" \/>\n\t<meta name=\"twitter:data2\" content=\"3 minutes\" \/>\n<script type=\"application\/ld+json\" class=\"yoast-schema-graph\">{\"@context\":\"https:\/\/schema.org\",\"@graph\":[{\"@type\":\"Article\",\"@id\":\"https:\/\/footdavant.fr\/actualites\/la-star-de-man-united-sous-une-forme-eblouissante-saluee-par-ruben-amorim-alors-que-les-red-devils-montrent-des-signes-encourageants-contre-everton\/#article\",\"isPartOf\":{\"@id\":\"https:\/\/footdavant.fr\/actualites\/la-star-de-man-united-sous-une-forme-eblouissante-saluee-par-ruben-amorim-alors-que-les-red-devils-montrent-des-signes-encourageants-contre-everton\/\"},\"author\":{\"name\":\"Cl\u00e9ment\",\"@id\":\"https:\/\/footdavant.fr\/actualites\/#\/schema\/person\/bc222566d95871b37e597b3ed3ba5e1d\"},\"headline\":\"La star de Man United sous une forme \u00e9blouissante salu\u00e9e par Ruben Amorim alors que les Red Devils montrent des signes encourageants contre Everton\",\"datePublished\":\"2024-12-03T21:49:50+00:00\",\"dateModified\":\"2024-12-03T21:49:51+00:00\",\"mainEntityOfPage\":{\"@id\":\"https:\/\/footdavant.fr\/actualites\/la-star-de-man-united-sous-une-forme-eblouissante-saluee-par-ruben-amorim-alors-que-les-red-devils-montrent-des-signes-encourageants-contre-everton\/\"},\"wordCount\":719,\"publisher\":{\"@id\":\"https:\/\/footdavant.fr\/actualites\/#organization\"},\"keywords\":[\"alors\",\"Amorim\",\"contre\",\"des\",\"Devils\",\"\u00e9blouissante\",\"encourageants\",\"Everton\",\"forme\",\"les\",\"Man\",\"montrent\",\"par\",\"Red\",\"Ruben\",\"salu\u00e9e\",\"signes\",\"sous\",\"Star\",\"une\",\"United\"],\"articleSection\":[\"Premier League\"],\"inLanguage\":\"fr-FR\"},{\"@type\":\"WebPage\",\"@id\":\"https:\/\/footdavant.fr\/actualites\/la-star-de-man-united-sous-une-forme-eblouissante-saluee-par-ruben-amorim-alors-que-les-red-devils-montrent-des-signes-encourageants-contre-everton\/\",\"url\":\"https:\/\/footdavant.fr\/actualites\/la-star-de-man-united-sous-une-forme-eblouissante-saluee-par-ruben-amorim-alors-que-les-red-devils-montrent-des-signes-encourageants-contre-everton\/\",\"name\":\"La star de Man United sous une forme \u00e9blouissante salu\u00e9e par Ruben Amorim alors que les Red Devils montrent des signes encourageants contre Everton\",\"isPartOf\":{\"@id\":\"https:\/\/footdavant.fr\/actualites\/#website\"},\"datePublished\":\"2024-12-03T21:49:50+00:00\",\"dateModified\":\"2024-12-03T21:49:51+00:00\",\"breadcrumb\":{\"@id\":\"https:\/\/footdavant.fr\/actualites\/la-star-de-man-united-sous-une-forme-eblouissante-saluee-par-ruben-amorim-alors-que-les-red-devils-montrent-des-signes-encourageants-contre-everton\/#breadcrumb\"},\"inLanguage\":\"fr-FR\",\"potentialAction\":[{\"@type\":\"ReadAction\",\"target\":[\"https:\/\/footdavant.fr\/actualites\/la-star-de-man-united-sous-une-forme-eblouissante-saluee-par-ruben-amorim-alors-que-les-red-devils-montrent-des-signes-encourageants-contre-everton\/\"]}]},{\"@type\":\"BreadcrumbList\",\"@id\":\"https:\/\/footdavant.fr\/actualites\/la-star-de-man-united-sous-une-forme-eblouissante-saluee-par-ruben-amorim-alors-que-les-red-devils-montrent-des-signes-encourageants-contre-everton\/#breadcrumb\",\"itemListElement\":[{\"@type\":\"ListItem\",\"position\":1,\"name\":\"Accueil\",\"item\":\"https:\/\/footdavant.fr\/actualites\/\"},{\"@type\":\"ListItem\",\"position\":2,\"name\":\"La star de Man United sous une forme \u00e9blouissante salu\u00e9e par Ruben Amorim alors que les Red Devils montrent des signes encourageants contre Everton\"}]},{\"@type\":\"WebSite\",\"@id\":\"https:\/\/footdavant.fr\/actualites\/#website\",\"url\":\"https:\/\/footdavant.fr\/actualites\/\",\"name\":\"Foot d'avant\",\"description\":\"\",\"publisher\":{\"@id\":\"https:\/\/footdavant.fr\/actualites\/#organization\"},\"potentialAction\":[{\"@type\":\"SearchAction\",\"target\":{\"@type\":\"EntryPoint\",\"urlTemplate\":\"https:\/\/footdavant.fr\/actualites\/?s={search_term_string}\"},\"query-input\":\"required name=search_term_string\"}],\"inLanguage\":\"fr-FR\"},{\"@type\":\"Organization\",\"@id\":\"https:\/\/footdavant.fr\/actualites\/#organization\",\"name\":\"Foot d'avant\",\"url\":\"https:\/\/footdavant.fr\/actualites\/\",\"logo\":{\"@type\":\"ImageObject\",\"inLanguage\":\"fr-FR\",\"@id\":\"https:\/\/footdavant.fr\/actualites\/#\/schema\/logo\/image\/\",\"url\":\"https:\/\/footdavant.fr\/actualites\/wp-content\/uploads\/2023\/09\/Copy-of-FootDavant-Logo.png\",\"contentUrl\":\"https:\/\/footdavant.fr\/actualites\/wp-content\/uploads\/2023\/09\/Copy-of-FootDavant-Logo.png\",\"width\":936,\"height\":549,\"caption\":\"Foot d'avant\"},\"image\":{\"@id\":\"https:\/\/footdavant.fr\/actualites\/#\/schema\/logo\/image\/\"},\"sameAs\":[\"https:\/\/www.facebook.com\/Footdavant\/\",\"https:\/\/twitter.com\/FootdavantFr\",\"https:\/\/www.instagram.com\/footdavant.fr\/\"]},{\"@type\":\"Person\",\"@id\":\"https:\/\/footdavant.fr\/actualites\/#\/schema\/person\/bc222566d95871b37e597b3ed3ba5e1d\",\"name\":\"Cl\u00e9ment\",\"image\":{\"@type\":\"ImageObject\",\"inLanguage\":\"fr-FR\",\"@id\":\"https:\/\/footdavant.fr\/actualites\/#\/schema\/person\/image\/\",\"url\":\"https:\/\/secure.gravatar.com\/avatar\/7728b29aac2719421e1a9159b2254c44?s=96&d=mm&r=g\",\"contentUrl\":\"https:\/\/secure.gravatar.com\/avatar\/7728b29aac2719421e1a9159b2254c44?s=96&d=mm&r=g\",\"caption\":\"Cl\u00e9ment\"},\"sameAs\":[\"https:\/\/footdavant.fr\/\"]}]}<\/script>\n<!-- \/ Yoast SEO plugin. -->","yoast_head_json":{"title":"La star de Man United sous une forme \u00e9blouissante salu\u00e9e par Ruben Amorim alors que les Red Devils montrent des signes encourageants contre Everton","robots":{"index":"index","follow":"follow","max-snippet":"max-snippet:-1","max-image-preview":"max-image-preview:large","max-video-preview":"max-video-preview:-1"},"canonical":"https:\/\/footdavant.fr\/actualites\/la-star-de-man-united-sous-une-forme-eblouissante-saluee-par-ruben-amorim-alors-que-les-red-devils-montrent-des-signes-encourageants-contre-everton\/","og_locale":"fr_FR","og_type":"article","og_title":"La star de Man United sous une forme \u00e9blouissante salu\u00e9e par Ruben Amorim alors que les Red Devils montrent des signes encourageants contre Everton","og_description":"L&#39;entra\u00eeneur-chef de Manchester United, Ruben Amorim, f\u00e9licite Amad Diallo pour sa performance contre Everton mais appelle \u00e0 de nouvelles am\u00e9liorations dans tous les domaines. Manchester","og_url":"https:\/\/footdavant.fr\/actualites\/la-star-de-man-united-sous-une-forme-eblouissante-saluee-par-ruben-amorim-alors-que-les-red-devils-montrent-des-signes-encourageants-contre-everton\/","og_site_name":"Foot d&#039;avant","article_publisher":"https:\/\/www.facebook.com\/Footdavant\/","article_published_time":"2024-12-03T21:49:50+00:00","article_modified_time":"2024-12-03T21:49:51+00:00","og_image":[{"width":640,"height":480,"url":"https:\/\/footdavant.fr\/actualites\/wp-content\/uploads\/2024\/12\/La-star-de-Man-United-sous-une-forme-eblouissante-saluee.jpg","type":"image\/jpeg"}],"author":"Cl\u00e9ment","twitter_card":"summary_large_image","twitter_creator":"@FootdavantFr","twitter_site":"@FootdavantFr","twitter_misc":{"\u00c9crit par":"Cl\u00e9ment","Dur\u00e9e de lecture estim\u00e9e":"3 minutes"},"schema":{"@context":"https:\/\/schema.org","@graph":[{"@type":"Article","@id":"https:\/\/footdavant.fr\/actualites\/la-star-de-man-united-sous-une-forme-eblouissante-saluee-par-ruben-amorim-alors-que-les-red-devils-montrent-des-signes-encourageants-contre-everton\/#article","isPartOf":{"@id":"https:\/\/footdavant.fr\/actualites\/la-star-de-man-united-sous-une-forme-eblouissante-saluee-par-ruben-amorim-alors-que-les-red-devils-montrent-des-signes-encourageants-contre-everton\/"},"author":{"name":"Cl\u00e9ment","@id":"https:\/\/footdavant.fr\/actualites\/#\/schema\/person\/bc222566d95871b37e597b3ed3ba5e1d"},"headline":"La star de Man United sous une forme \u00e9blouissante salu\u00e9e par Ruben Amorim alors que les Red Devils montrent des signes encourageants contre Everton","datePublished":"2024-12-03T21:49:50+00:00","dateModified":"2024-12-03T21:49:51+00:00","mainEntityOfPage":{"@id":"https:\/\/footdavant.fr\/actualites\/la-star-de-man-united-sous-une-forme-eblouissante-saluee-par-ruben-amorim-alors-que-les-red-devils-montrent-des-signes-encourageants-contre-everton\/"},"wordCount":719,"publisher":{"@id":"https:\/\/footdavant.fr\/actualites\/#organization"},"keywords":["alors","Amorim","contre","des","Devils","\u00e9blouissante","encourageants","Everton","forme","les","Man","montrent","par","Red","Ruben","salu\u00e9e","signes","sous","Star","une","United"],"articleSection":["Premier League"],"inLanguage":"fr-FR"},{"@type":"WebPage","@id":"https:\/\/footdavant.fr\/actualites\/la-star-de-man-united-sous-une-forme-eblouissante-saluee-par-ruben-amorim-alors-que-les-red-devils-montrent-des-signes-encourageants-contre-everton\/","url":"https:\/\/footdavant.fr\/actualites\/la-star-de-man-united-sous-une-forme-eblouissante-saluee-par-ruben-amorim-alors-que-les-red-devils-montrent-des-signes-encourageants-contre-everton\/","name":"La star de Man United sous une forme \u00e9blouissante salu\u00e9e par Ruben Amorim alors que les Red Devils montrent des signes encourageants contre Everton","isPartOf":{"@id":"https:\/\/footdavant.fr\/actualites\/#website"},"datePublished":"2024-12-03T21:49:50+00:00","dateModified":"2024-12-03T21:49:51+00:00","breadcrumb":{"@id":"https:\/\/footdavant.fr\/actualites\/la-star-de-man-united-sous-une-forme-eblouissante-saluee-par-ruben-amorim-alors-que-les-red-devils-montrent-des-signes-encourageants-contre-everton\/#breadcrumb"},"inLanguage":"fr-FR","potentialAction":[{"@type":"ReadAction","target":["https:\/\/footdavant.fr\/actualites\/la-star-de-man-united-sous-une-forme-eblouissante-saluee-par-ruben-amorim-alors-que-les-red-devils-montrent-des-signes-encourageants-contre-everton\/"]}]},{"@type":"BreadcrumbList","@id":"https:\/\/footdavant.fr\/actualites\/la-star-de-man-united-sous-une-forme-eblouissante-saluee-par-ruben-amorim-alors-que-les-red-devils-montrent-des-signes-encourageants-contre-everton\/#breadcrumb","itemListElement":[{"@type":"ListItem","position":1,"name":"Accueil","item":"https:\/\/footdavant.fr\/actualites\/"},{"@type":"ListItem","position":2,"name":"La star de Man United sous une forme \u00e9blouissante salu\u00e9e par Ruben Amorim alors que les Red Devils montrent des signes encourageants contre Everton"}]},{"@type":"WebSite","@id":"https:\/\/footdavant.fr\/actualites\/#website","url":"https:\/\/footdavant.fr\/actualites\/","name":"Foot d'avant","description":"","publisher":{"@id":"https:\/\/footdavant.fr\/actualites\/#organization"},"potentialAction":[{"@type":"SearchAction","target":{"@type":"EntryPoint","urlTemplate":"https:\/\/footdavant.fr\/actualites\/?s={search_term_string}"},"query-input":"required name=search_term_string"}],"inLanguage":"fr-FR"},{"@type":"Organization","@id":"https:\/\/footdavant.fr\/actualites\/#organization","name":"Foot d'avant","url":"https:\/\/footdavant.fr\/actualites\/","logo":{"@type":"ImageObject","inLanguage":"fr-FR","@id":"https:\/\/footdavant.fr\/actualites\/#\/schema\/logo\/image\/","url":"https:\/\/footdavant.fr\/actualites\/wp-content\/uploads\/2023\/09\/Copy-of-FootDavant-Logo.png","contentUrl":"https:\/\/footdavant.fr\/actualites\/wp-content\/uploads\/2023\/09\/Copy-of-FootDavant-Logo.png","width":936,"height":549,"caption":"Foot d'avant"},"image":{"@id":"https:\/\/footdavant.fr\/actualites\/#\/schema\/logo\/image\/"},"sameAs":["https:\/\/www.facebook.com\/Footdavant\/","https:\/\/twitter.com\/FootdavantFr","https:\/\/www.instagram.com\/footdavant.fr\/"]},{"@type":"Person","@id":"https:\/\/footdavant.fr\/actualites\/#\/schema\/person\/bc222566d95871b37e597b3ed3ba5e1d","name":"Cl\u00e9ment","image":{"@type":"ImageObject","inLanguage":"fr-FR","@id":"https:\/\/footdavant.fr\/actualites\/#\/schema\/person\/image\/","url":"https:\/\/secure.gravatar.com\/avatar\/7728b29aac2719421e1a9159b2254c44?s=96&d=mm&r=g","contentUrl":"https:\/\/secure.gravatar.com\/avatar\/7728b29aac2719421e1a9159b2254c44?s=96&d=mm&r=g","caption":"Cl\u00e9ment"},"sameAs":["https:\/\/footdavant.fr\/"]}]}},"_links":{"self":[{"href":"https:\/\/footdavant.fr\/actualites\/wp-json\/wp\/v2\/posts\/17006"}],"collection":[{"href":"https:\/\/footdavant.fr\/actualites\/wp-json\/wp\/v2\/posts"}],"about":[{"href":"https:\/\/footdavant.fr\/actualites\/wp-json\/wp\/v2\/types\/post"}],"author":[{"embeddable":true,"href":"https:\/\/footdavant.fr\/actualites\/wp-json\/wp\/v2\/users\/1"}],"replies":[{"embeddable":true,"href":"https:\/\/footdavant.fr\/actualites\/wp-json\/wp\/v2\/comments?post=17006"}],"version-history":[{"count":1,"href":"https:\/\/footdavant.fr\/actualites\/wp-json\/wp\/v2\/posts\/17006\/revisions"}],"predecessor-version":[{"id":17008,"href":"https:\/\/footdavant.fr\/actualites\/wp-json\/wp\/v2\/posts\/17006\/revisions\/17008"}],"wp:featuredmedia":[{"embeddable":true,"href":"https:\/\/footdavant.fr\/actualites\/wp-json\/wp\/v2\/media\/17007"}],"wp:attachment":[{"href":"https:\/\/footdavant.fr\/actualites\/wp-json\/wp\/v2\/media?parent=17006"}],"wp:term":[{"taxonomy":"category","embeddable":true,"href":"https:\/\/footdavant.fr\/actualites\/wp-json\/wp\/v2\/categories?post=17006"},{"taxonomy":"post_tag","embeddable":true,"href":"https:\/\/footdavant.fr\/actualites\/wp-json\/wp\/v2\/tags?post=17006"}],"curies":[{"name":"wp","href":"https:\/\/api.w.org\/{rel}","templated":true}]}}