{"id":17009,"date":"2024-12-04T00:48:38","date_gmt":"2024-12-03T23:48:38","guid":{"rendered":"https:\/\/footdavant.fr\/actualites\/le-premier-match-de-marshon-lattimore-avec-les-commanders-pourrait-avoir-lieu-lors-de-la-semaine-15-lors-de-leur-voyage-a-la-nouvelle-orleans\/"},"modified":"2024-12-04T00:48:39","modified_gmt":"2024-12-03T23:48:39","slug":"le-premier-match-de-marshon-lattimore-avec-les-commanders-pourrait-avoir-lieu-lors-de-la-semaine-15-lors-de-leur-voyage-a-la-nouvelle-orleans","status":"publish","type":"post","link":"https:\/\/footdavant.fr\/actualites\/le-premier-match-de-marshon-lattimore-avec-les-commanders-pourrait-avoir-lieu-lors-de-la-semaine-15-lors-de-leur-voyage-a-la-nouvelle-orleans\/","title":{"rendered":"Le premier match de Marshon Lattimore avec les Commanders pourrait avoir lieu lors de la semaine 15 lors de leur voyage \u00e0 la Nouvelle-Orl\u00e9ans"},"content":{"rendered":"<div>\n<p>Le joueur de 28 ans a \u00e9t\u00e9 \u00e9chang\u00e9 alors qu&#39;il \u00e9tait bless\u00e9 et les commandants le savaient. Cependant, Lattimore n&#39;a toujours pas fait ses d\u00e9buts pour Washington en 2024. Il a \u00e9t\u00e9 \u00e9chang\u00e9 apr\u00e8s la semaine 9. Lattimore a rat\u00e9 les quatre derniers matchs pour Washington. Adam Schefter d&#39;ESPN a rapport\u00e9 que Lattimore est sur le point de revenir au cours de la semaine 15. Les Commanders sont sur la route au cours de la semaine 15 pour affronter les Saints. Ce serait le premier match de Lattimore \u00e0 la Nouvelle-Orl\u00e9ans depuis l&#39;\u00e9change.<\/p>\n<h2>Marshon Lattimore pourrait faire ses d\u00e9buts avec les Commanders lors de la semaine 15 contre les Saints<\/h2>\n<blockquote class=\"twitter-tweet\">\n<p dir=\"ltr\" lang=\"en\">Le commandant CB Marshon Lattimore est sur le point de faire son retour apr\u00e8s la semaine de cong\u00e9 de Washington dimanche prochain, \u00e0 la Nouvelle-Orl\u00e9ans.<\/p>\n<p>Le pack hebdomadaire de 6 avec <a rel=\"nofollow\" href=\"https:\/\/twitter.com\/tyschmit?ref_src=twsrc%5Etfw\">@tyschmit<\/a>:<\/p>\n<p>\ud83c\udfa7 https:\/\/t.co\/dtIvgefhuY <a rel=\"nofollow\" href=\"https:\/\/t.co\/SuyJNGFBoq\">pic.twitter.com\/SuyJNGFBoq<\/a><\/p>\n<p>\u2013Adam Schefter (@AdamSchefter) <a rel=\"nofollow\" href=\"https:\/\/twitter.com\/AdamSchefter\/status\/1863999925027029319?ref_src=twsrc%5Etfw\">3 d\u00e9cembre 2024<\/a><\/p>\n<\/blockquote>\n<p>Lors du rep\u00eachage de la NFL 2017, Marshon Lattimore \u00e9tait le 11e choix au total des Saints de l&#39;Ohio State. Il a jou\u00e9 et d\u00e9but\u00e9 97 matchs en carri\u00e8re en huit saisons pour les Saints. \u00c0 la date limite de la semaine 9, l&#39;\u00e9quipe s&#39;est s\u00e9par\u00e9e du v\u00e9t\u00e9ran CB et l&#39;a \u00e9chang\u00e9 aux Washington Commanders. Lattimore a disput\u00e9 sept matchs avec les Saints en 2024. Apr\u00e8s une victoire de la semaine 9 contre les Giants, les Commanders avaient une fiche de 7-2 et \u00e9taient premiers dans la NFC Est.<\/p>\n<p>L&#39;\u00e9quipe voulait am\u00e9liorer sa d\u00e9fense et a \u00e9chang\u00e9 contre le v\u00e9t\u00e9ran CB Marshon Lattimore. Cependant, une blessure aux ischio-jambiers a laiss\u00e9 Lattimore hors du terrain lors des quatre derniers matchs. Washinton a un laissez-passer lors de la semaine 14, mais le joueur de 28 ans devrait revenir au cours de la semaine 15. La derni\u00e8re saison du Pro Bowl de Lattimore a eu lieu en 2021 et il n&#39;a eu que deux interceptions au cours des trois derni\u00e8res saisons. Il a r\u00e9alis\u00e9 13 interceptions au cours de ses cinq premi\u00e8res saisons. Sa production a pris du recul mais Lattimore est toujours un CB titulaire dans la NFL. Il fera probablement ses d\u00e9buts avec les Commanders au cours de la semaine 15 lorsqu&#39;ils seront sur la route contre la Nouvelle-Orl\u00e9ans.<\/p>\n<\/p><\/div>\n<p><script async src=\"https:\/\/platform.twitter.com\/widgets.js\" charset=\"utf-8\"><\/script><\/p>\n","protected":false},"excerpt":{"rendered":"<p>Le joueur de 28 ans a \u00e9t\u00e9 \u00e9chang\u00e9 alors qu&#39;il \u00e9tait bless\u00e9 et les commandants le savaient. Cependant, Lattimore n&#39;a toujours pas fait ses d\u00e9buts<\/p>\n","protected":false},"author":1,"featured_media":17010,"comment_status":"closed","ping_status":"","sticky":false,"template":"","format":"standard","meta":{"footnotes":""},"categories":[3],"tags":[91,156,6178,7233,93,486,2866,64,7232,257,7234,269,201,29,759],"yoast_head":"<!-- This site is optimized with the Yoast SEO plugin v21.0 - https:\/\/yoast.com\/wordpress\/plugins\/seo\/ -->\n<title>Le premier match de Marshon Lattimore avec les Commanders pourrait avoir lieu lors de la semaine 15 lors de leur voyage \u00e0 la Nouvelle-Orl\u00e9ans<\/title>\n<meta name=\"robots\" content=\"index, follow, max-snippet:-1, max-image-preview:large, max-video-preview:-1\" \/>\n<link rel=\"canonical\" href=\"https:\/\/footdavant.fr\/actualites\/le-premier-match-de-marshon-lattimore-avec-les-commanders-pourrait-avoir-lieu-lors-de-la-semaine-15-lors-de-leur-voyage-a-la-nouvelle-orleans\/\" \/>\n<meta property=\"og:locale\" content=\"fr_FR\" \/>\n<meta property=\"og:type\" content=\"article\" \/>\n<meta property=\"og:title\" content=\"Le premier match de Marshon Lattimore avec les Commanders pourrait avoir lieu lors de la semaine 15 lors de leur voyage \u00e0 la Nouvelle-Orl\u00e9ans\" \/>\n<meta property=\"og:description\" content=\"Le joueur de 28 ans a \u00e9t\u00e9 \u00e9chang\u00e9 alors qu&#039;il \u00e9tait bless\u00e9 et les commandants le savaient. Cependant, Lattimore n&#039;a toujours pas fait ses d\u00e9buts\" \/>\n<meta property=\"og:url\" content=\"https:\/\/footdavant.fr\/actualites\/le-premier-match-de-marshon-lattimore-avec-les-commanders-pourrait-avoir-lieu-lors-de-la-semaine-15-lors-de-leur-voyage-a-la-nouvelle-orleans\/\" \/>\n<meta property=\"og:site_name\" content=\"Foot d&#039;avant\" \/>\n<meta property=\"article:publisher\" content=\"https:\/\/www.facebook.com\/Footdavant\/\" \/>\n<meta property=\"article:published_time\" content=\"2024-12-03T23:48:38+00:00\" \/>\n<meta property=\"article:modified_time\" content=\"2024-12-03T23:48:39+00:00\" \/>\n<meta property=\"og:image\" content=\"https:\/\/footdavant.fr\/actualites\/wp-content\/uploads\/2024\/12\/Le-premier-match-de-Marshon-Lattimore-avec-les-Commanders-pourrait.jpg\" \/>\n\t<meta property=\"og:image:width\" content=\"696\" \/>\n\t<meta property=\"og:image:height\" content=\"464\" \/>\n\t<meta property=\"og:image:type\" content=\"image\/jpeg\" \/>\n<meta name=\"author\" content=\"Cl\u00e9ment\" \/>\n<meta name=\"twitter:card\" content=\"summary_large_image\" \/>\n<meta name=\"twitter:creator\" content=\"@FootdavantFr\" \/>\n<meta name=\"twitter:site\" content=\"@FootdavantFr\" \/>\n<meta name=\"twitter:label1\" content=\"\u00c9crit par\" \/>\n\t<meta name=\"twitter:data1\" content=\"Cl\u00e9ment\" \/>\n\t<meta name=\"twitter:label2\" content=\"Dur\u00e9e de lecture estim\u00e9e\" \/>\n\t<meta name=\"twitter:data2\" content=\"2 minutes\" \/>\n<script type=\"application\/ld+json\" class=\"yoast-schema-graph\">{\"@context\":\"https:\/\/schema.org\",\"@graph\":[{\"@type\":\"Article\",\"@id\":\"https:\/\/footdavant.fr\/actualites\/le-premier-match-de-marshon-lattimore-avec-les-commanders-pourrait-avoir-lieu-lors-de-la-semaine-15-lors-de-leur-voyage-a-la-nouvelle-orleans\/#article\",\"isPartOf\":{\"@id\":\"https:\/\/footdavant.fr\/actualites\/le-premier-match-de-marshon-lattimore-avec-les-commanders-pourrait-avoir-lieu-lors-de-la-semaine-15-lors-de-leur-voyage-a-la-nouvelle-orleans\/\"},\"author\":{\"name\":\"Cl\u00e9ment\",\"@id\":\"https:\/\/footdavant.fr\/actualites\/#\/schema\/person\/bc222566d95871b37e597b3ed3ba5e1d\"},\"headline\":\"Le premier match de Marshon Lattimore avec les Commanders pourrait avoir lieu lors de la semaine 15 lors de leur voyage \u00e0 la Nouvelle-Orl\u00e9ans\",\"datePublished\":\"2024-12-03T23:48:38+00:00\",\"dateModified\":\"2024-12-03T23:48:39+00:00\",\"mainEntityOfPage\":{\"@id\":\"https:\/\/footdavant.fr\/actualites\/le-premier-match-de-marshon-lattimore-avec-les-commanders-pourrait-avoir-lieu-lors-de-la-semaine-15-lors-de-leur-voyage-a-la-nouvelle-orleans\/\"},\"wordCount\":410,\"publisher\":{\"@id\":\"https:\/\/footdavant.fr\/actualites\/#organization\"},\"keywords\":[\"avec\",\"avoir\",\"Commanders\",\"Lattimore\",\"les\",\"leur\",\"lieu\",\"lors\",\"Marshon\",\"match\",\"NouvelleOrl\u00e9ans\",\"pourrait\",\"Premier\",\"semaine\",\"voyage\"],\"articleSection\":[\"Football\"],\"inLanguage\":\"fr-FR\"},{\"@type\":\"WebPage\",\"@id\":\"https:\/\/footdavant.fr\/actualites\/le-premier-match-de-marshon-lattimore-avec-les-commanders-pourrait-avoir-lieu-lors-de-la-semaine-15-lors-de-leur-voyage-a-la-nouvelle-orleans\/\",\"url\":\"https:\/\/footdavant.fr\/actualites\/le-premier-match-de-marshon-lattimore-avec-les-commanders-pourrait-avoir-lieu-lors-de-la-semaine-15-lors-de-leur-voyage-a-la-nouvelle-orleans\/\",\"name\":\"Le premier match de Marshon Lattimore avec les Commanders pourrait avoir lieu lors de la semaine 15 lors de leur voyage \u00e0 la Nouvelle-Orl\u00e9ans\",\"isPartOf\":{\"@id\":\"https:\/\/footdavant.fr\/actualites\/#website\"},\"datePublished\":\"2024-12-03T23:48:38+00:00\",\"dateModified\":\"2024-12-03T23:48:39+00:00\",\"breadcrumb\":{\"@id\":\"https:\/\/footdavant.fr\/actualites\/le-premier-match-de-marshon-lattimore-avec-les-commanders-pourrait-avoir-lieu-lors-de-la-semaine-15-lors-de-leur-voyage-a-la-nouvelle-orleans\/#breadcrumb\"},\"inLanguage\":\"fr-FR\",\"potentialAction\":[{\"@type\":\"ReadAction\",\"target\":[\"https:\/\/footdavant.fr\/actualites\/le-premier-match-de-marshon-lattimore-avec-les-commanders-pourrait-avoir-lieu-lors-de-la-semaine-15-lors-de-leur-voyage-a-la-nouvelle-orleans\/\"]}]},{\"@type\":\"BreadcrumbList\",\"@id\":\"https:\/\/footdavant.fr\/actualites\/le-premier-match-de-marshon-lattimore-avec-les-commanders-pourrait-avoir-lieu-lors-de-la-semaine-15-lors-de-leur-voyage-a-la-nouvelle-orleans\/#breadcrumb\",\"itemListElement\":[{\"@type\":\"ListItem\",\"position\":1,\"name\":\"Accueil\",\"item\":\"https:\/\/footdavant.fr\/actualites\/\"},{\"@type\":\"ListItem\",\"position\":2,\"name\":\"Le premier match de Marshon Lattimore avec les Commanders pourrait avoir lieu lors de la semaine 15 lors de leur voyage \u00e0 la Nouvelle-Orl\u00e9ans\"}]},{\"@type\":\"WebSite\",\"@id\":\"https:\/\/footdavant.fr\/actualites\/#website\",\"url\":\"https:\/\/footdavant.fr\/actualites\/\",\"name\":\"Foot d'avant\",\"description\":\"\",\"publisher\":{\"@id\":\"https:\/\/footdavant.fr\/actualites\/#organization\"},\"potentialAction\":[{\"@type\":\"SearchAction\",\"target\":{\"@type\":\"EntryPoint\",\"urlTemplate\":\"https:\/\/footdavant.fr\/actualites\/?s={search_term_string}\"},\"query-input\":\"required name=search_term_string\"}],\"inLanguage\":\"fr-FR\"},{\"@type\":\"Organization\",\"@id\":\"https:\/\/footdavant.fr\/actualites\/#organization\",\"name\":\"Foot d'avant\",\"url\":\"https:\/\/footdavant.fr\/actualites\/\",\"logo\":{\"@type\":\"ImageObject\",\"inLanguage\":\"fr-FR\",\"@id\":\"https:\/\/footdavant.fr\/actualites\/#\/schema\/logo\/image\/\",\"url\":\"https:\/\/footdavant.fr\/actualites\/wp-content\/uploads\/2023\/09\/Copy-of-FootDavant-Logo.png\",\"contentUrl\":\"https:\/\/footdavant.fr\/actualites\/wp-content\/uploads\/2023\/09\/Copy-of-FootDavant-Logo.png\",\"width\":936,\"height\":549,\"caption\":\"Foot d'avant\"},\"image\":{\"@id\":\"https:\/\/footdavant.fr\/actualites\/#\/schema\/logo\/image\/\"},\"sameAs\":[\"https:\/\/www.facebook.com\/Footdavant\/\",\"https:\/\/twitter.com\/FootdavantFr\",\"https:\/\/www.instagram.com\/footdavant.fr\/\"]},{\"@type\":\"Person\",\"@id\":\"https:\/\/footdavant.fr\/actualites\/#\/schema\/person\/bc222566d95871b37e597b3ed3ba5e1d\",\"name\":\"Cl\u00e9ment\",\"image\":{\"@type\":\"ImageObject\",\"inLanguage\":\"fr-FR\",\"@id\":\"https:\/\/footdavant.fr\/actualites\/#\/schema\/person\/image\/\",\"url\":\"https:\/\/secure.gravatar.com\/avatar\/7728b29aac2719421e1a9159b2254c44?s=96&d=mm&r=g\",\"contentUrl\":\"https:\/\/secure.gravatar.com\/avatar\/7728b29aac2719421e1a9159b2254c44?s=96&d=mm&r=g\",\"caption\":\"Cl\u00e9ment\"},\"sameAs\":[\"https:\/\/footdavant.fr\/\"]}]}<\/script>\n<!-- \/ Yoast SEO plugin. -->","yoast_head_json":{"title":"Le premier match de Marshon Lattimore avec les Commanders pourrait avoir lieu lors de la semaine 15 lors de leur voyage \u00e0 la Nouvelle-Orl\u00e9ans","robots":{"index":"index","follow":"follow","max-snippet":"max-snippet:-1","max-image-preview":"max-image-preview:large","max-video-preview":"max-video-preview:-1"},"canonical":"https:\/\/footdavant.fr\/actualites\/le-premier-match-de-marshon-lattimore-avec-les-commanders-pourrait-avoir-lieu-lors-de-la-semaine-15-lors-de-leur-voyage-a-la-nouvelle-orleans\/","og_locale":"fr_FR","og_type":"article","og_title":"Le premier match de Marshon Lattimore avec les Commanders pourrait avoir lieu lors de la semaine 15 lors de leur voyage \u00e0 la Nouvelle-Orl\u00e9ans","og_description":"Le joueur de 28 ans a \u00e9t\u00e9 \u00e9chang\u00e9 alors qu&#39;il \u00e9tait bless\u00e9 et les commandants le savaient. Cependant, Lattimore n&#39;a toujours pas fait ses d\u00e9buts","og_url":"https:\/\/footdavant.fr\/actualites\/le-premier-match-de-marshon-lattimore-avec-les-commanders-pourrait-avoir-lieu-lors-de-la-semaine-15-lors-de-leur-voyage-a-la-nouvelle-orleans\/","og_site_name":"Foot d&#039;avant","article_publisher":"https:\/\/www.facebook.com\/Footdavant\/","article_published_time":"2024-12-03T23:48:38+00:00","article_modified_time":"2024-12-03T23:48:39+00:00","og_image":[{"width":696,"height":464,"url":"https:\/\/footdavant.fr\/actualites\/wp-content\/uploads\/2024\/12\/Le-premier-match-de-Marshon-Lattimore-avec-les-Commanders-pourrait.jpg","type":"image\/jpeg"}],"author":"Cl\u00e9ment","twitter_card":"summary_large_image","twitter_creator":"@FootdavantFr","twitter_site":"@FootdavantFr","twitter_misc":{"\u00c9crit par":"Cl\u00e9ment","Dur\u00e9e de lecture estim\u00e9e":"2 minutes"},"schema":{"@context":"https:\/\/schema.org","@graph":[{"@type":"Article","@id":"https:\/\/footdavant.fr\/actualites\/le-premier-match-de-marshon-lattimore-avec-les-commanders-pourrait-avoir-lieu-lors-de-la-semaine-15-lors-de-leur-voyage-a-la-nouvelle-orleans\/#article","isPartOf":{"@id":"https:\/\/footdavant.fr\/actualites\/le-premier-match-de-marshon-lattimore-avec-les-commanders-pourrait-avoir-lieu-lors-de-la-semaine-15-lors-de-leur-voyage-a-la-nouvelle-orleans\/"},"author":{"name":"Cl\u00e9ment","@id":"https:\/\/footdavant.fr\/actualites\/#\/schema\/person\/bc222566d95871b37e597b3ed3ba5e1d"},"headline":"Le premier match de Marshon Lattimore avec les Commanders pourrait avoir lieu lors de la semaine 15 lors de leur voyage \u00e0 la Nouvelle-Orl\u00e9ans","datePublished":"2024-12-03T23:48:38+00:00","dateModified":"2024-12-03T23:48:39+00:00","mainEntityOfPage":{"@id":"https:\/\/footdavant.fr\/actualites\/le-premier-match-de-marshon-lattimore-avec-les-commanders-pourrait-avoir-lieu-lors-de-la-semaine-15-lors-de-leur-voyage-a-la-nouvelle-orleans\/"},"wordCount":410,"publisher":{"@id":"https:\/\/footdavant.fr\/actualites\/#organization"},"keywords":["avec","avoir","Commanders","Lattimore","les","leur","lieu","lors","Marshon","match","NouvelleOrl\u00e9ans","pourrait","Premier","semaine","voyage"],"articleSection":["Football"],"inLanguage":"fr-FR"},{"@type":"WebPage","@id":"https:\/\/footdavant.fr\/actualites\/le-premier-match-de-marshon-lattimore-avec-les-commanders-pourrait-avoir-lieu-lors-de-la-semaine-15-lors-de-leur-voyage-a-la-nouvelle-orleans\/","url":"https:\/\/footdavant.fr\/actualites\/le-premier-match-de-marshon-lattimore-avec-les-commanders-pourrait-avoir-lieu-lors-de-la-semaine-15-lors-de-leur-voyage-a-la-nouvelle-orleans\/","name":"Le premier match de Marshon Lattimore avec les Commanders pourrait avoir lieu lors de la semaine 15 lors de leur voyage \u00e0 la Nouvelle-Orl\u00e9ans","isPartOf":{"@id":"https:\/\/footdavant.fr\/actualites\/#website"},"datePublished":"2024-12-03T23:48:38+00:00","dateModified":"2024-12-03T23:48:39+00:00","breadcrumb":{"@id":"https:\/\/footdavant.fr\/actualites\/le-premier-match-de-marshon-lattimore-avec-les-commanders-pourrait-avoir-lieu-lors-de-la-semaine-15-lors-de-leur-voyage-a-la-nouvelle-orleans\/#breadcrumb"},"inLanguage":"fr-FR","potentialAction":[{"@type":"ReadAction","target":["https:\/\/footdavant.fr\/actualites\/le-premier-match-de-marshon-lattimore-avec-les-commanders-pourrait-avoir-lieu-lors-de-la-semaine-15-lors-de-leur-voyage-a-la-nouvelle-orleans\/"]}]},{"@type":"BreadcrumbList","@id":"https:\/\/footdavant.fr\/actualites\/le-premier-match-de-marshon-lattimore-avec-les-commanders-pourrait-avoir-lieu-lors-de-la-semaine-15-lors-de-leur-voyage-a-la-nouvelle-orleans\/#breadcrumb","itemListElement":[{"@type":"ListItem","position":1,"name":"Accueil","item":"https:\/\/footdavant.fr\/actualites\/"},{"@type":"ListItem","position":2,"name":"Le premier match de Marshon Lattimore avec les Commanders pourrait avoir lieu lors de la semaine 15 lors de leur voyage \u00e0 la Nouvelle-Orl\u00e9ans"}]},{"@type":"WebSite","@id":"https:\/\/footdavant.fr\/actualites\/#website","url":"https:\/\/footdavant.fr\/actualites\/","name":"Foot d'avant","description":"","publisher":{"@id":"https:\/\/footdavant.fr\/actualites\/#organization"},"potentialAction":[{"@type":"SearchAction","target":{"@type":"EntryPoint","urlTemplate":"https:\/\/footdavant.fr\/actualites\/?s={search_term_string}"},"query-input":"required name=search_term_string"}],"inLanguage":"fr-FR"},{"@type":"Organization","@id":"https:\/\/footdavant.fr\/actualites\/#organization","name":"Foot d'avant","url":"https:\/\/footdavant.fr\/actualites\/","logo":{"@type":"ImageObject","inLanguage":"fr-FR","@id":"https:\/\/footdavant.fr\/actualites\/#\/schema\/logo\/image\/","url":"https:\/\/footdavant.fr\/actualites\/wp-content\/uploads\/2023\/09\/Copy-of-FootDavant-Logo.png","contentUrl":"https:\/\/footdavant.fr\/actualites\/wp-content\/uploads\/2023\/09\/Copy-of-FootDavant-Logo.png","width":936,"height":549,"caption":"Foot d'avant"},"image":{"@id":"https:\/\/footdavant.fr\/actualites\/#\/schema\/logo\/image\/"},"sameAs":["https:\/\/www.facebook.com\/Footdavant\/","https:\/\/twitter.com\/FootdavantFr","https:\/\/www.instagram.com\/footdavant.fr\/"]},{"@type":"Person","@id":"https:\/\/footdavant.fr\/actualites\/#\/schema\/person\/bc222566d95871b37e597b3ed3ba5e1d","name":"Cl\u00e9ment","image":{"@type":"ImageObject","inLanguage":"fr-FR","@id":"https:\/\/footdavant.fr\/actualites\/#\/schema\/person\/image\/","url":"https:\/\/secure.gravatar.com\/avatar\/7728b29aac2719421e1a9159b2254c44?s=96&d=mm&r=g","contentUrl":"https:\/\/secure.gravatar.com\/avatar\/7728b29aac2719421e1a9159b2254c44?s=96&d=mm&r=g","caption":"Cl\u00e9ment"},"sameAs":["https:\/\/footdavant.fr\/"]}]}},"_links":{"self":[{"href":"https:\/\/footdavant.fr\/actualites\/wp-json\/wp\/v2\/posts\/17009"}],"collection":[{"href":"https:\/\/footdavant.fr\/actualites\/wp-json\/wp\/v2\/posts"}],"about":[{"href":"https:\/\/footdavant.fr\/actualites\/wp-json\/wp\/v2\/types\/post"}],"author":[{"embeddable":true,"href":"https:\/\/footdavant.fr\/actualites\/wp-json\/wp\/v2\/users\/1"}],"replies":[{"embeddable":true,"href":"https:\/\/footdavant.fr\/actualites\/wp-json\/wp\/v2\/comments?post=17009"}],"version-history":[{"count":1,"href":"https:\/\/footdavant.fr\/actualites\/wp-json\/wp\/v2\/posts\/17009\/revisions"}],"predecessor-version":[{"id":17011,"href":"https:\/\/footdavant.fr\/actualites\/wp-json\/wp\/v2\/posts\/17009\/revisions\/17011"}],"wp:featuredmedia":[{"embeddable":true,"href":"https:\/\/footdavant.fr\/actualites\/wp-json\/wp\/v2\/media\/17010"}],"wp:attachment":[{"href":"https:\/\/footdavant.fr\/actualites\/wp-json\/wp\/v2\/media?parent=17009"}],"wp:term":[{"taxonomy":"category","embeddable":true,"href":"https:\/\/footdavant.fr\/actualites\/wp-json\/wp\/v2\/categories?post=17009"},{"taxonomy":"post_tag","embeddable":true,"href":"https:\/\/footdavant.fr\/actualites\/wp-json\/wp\/v2\/tags?post=17009"}],"curies":[{"name":"wp","href":"https:\/\/api.w.org\/{rel}","templated":true}]}}