{"id":17018,"date":"2024-12-04T06:49:20","date_gmt":"2024-12-04T05:49:20","guid":{"rendered":"https:\/\/footdavant.fr\/actualites\/coup-dur-pour-man-united-alors-que-le-duo-cle-est-exclu-de-la-confrontation-avec-arsenal-a-londres\/"},"modified":"2024-12-04T06:49:21","modified_gmt":"2024-12-04T05:49:21","slug":"coup-dur-pour-man-united-alors-que-le-duo-cle-est-exclu-de-la-confrontation-avec-arsenal-a-londres","status":"publish","type":"post","link":"https:\/\/footdavant.fr\/actualites\/coup-dur-pour-man-united-alors-que-le-duo-cle-est-exclu-de-la-confrontation-avec-arsenal-a-londres\/","title":{"rendered":"Coup dur pour Man United alors que le duo cl\u00e9 est exclu de la confrontation avec Arsenal \u00e0 Londres"},"content":{"rendered":"<p>Manchester United sera priv\u00e9 de Lisandro Martinez et de Kobbie Mainoo en raison d&#39;une suspension pour le choc de Premier League de mercredi avec Arsenal.<\/p>\n<div id=\"article_body\" itemprop=\"articleBody\">\n<h3 class=\"firstPara\">\n<strong class=\"autotag\">Manchester United<\/strong> sera sans les services des deux <strong class=\"autotag\">Lisandro Martinez<\/strong> et <strong class=\"autotag\">Kobbie Mainoo<\/strong> pour le choc de mercredi en Premier League avec <strong class=\"autotag\">Arsenal<\/strong>le duo enregistrant des r\u00e9servations d&#39;\u00e9tape contre <strong class=\"autotag\">Everton<\/strong>.<\/h3>\n<p>Martinez a d\u00e9but\u00e9 \u00e0 l&#39;arri\u00e8re pour le deuxi\u00e8me match cons\u00e9cutif, apr\u00e8s s&#39;\u00eatre remis d&#39;un probl\u00e8me de dos qui l&#39;a contraint \u00e0 se retirer de l&#39;\u00e9quipe d&#39;Argentine au d\u00e9but de la tr\u00eave internationale de novembre.<\/p>\n<p>Mainoo, quant \u00e0 lui, faisait sa premi\u00e8re apparition depuis d\u00e9but octobre, l&#39;international anglais se remettant d&#39;un probl\u00e8me musculaire.<\/p>\n<p>Le milieu de terrain a \u00e9t\u00e9 averti \u00e0 la 49e minute du match. <strong>Victoire 4-0 contre Everton<\/strong>cependant, et Martinez a ensuite re\u00e7u un carton jaune deux minutes plus tard, les deux \u00e9tant d\u00e9sormais exclus du voyage \u00e0 Arsenal mercredi soir.<\/p>\n<p>Les deux hommes devront donc attendre le choc de Premier League le week-end prochain contre Nottingham Forest pour repr\u00e9senter \u00e0 nouveau les 20 fois champions d&#39;Angleterre, et leurs absences donneront lieu \u00e0 un nouvel entra\u00eeneur-chef. <strong class=\"autotag\">Ruben Amorim<\/strong> quelques grandes d\u00e9cisions \u00e0 prendre.<\/p>\n<p class=\"imgI\">\n<h2 class=\"k3\">Mainoo et Martinez seront suspendus pour Man United contre Arsenal<\/h2>\n<p><strong class=\"autotag\">L\u00e9ny Yoro<\/strong> n&#39;\u00e9tait pas encore dans l&#39;\u00e9quipe contre Everton, mais le joueur de 19 ans a repris l&#39;entra\u00eenement depuis d\u00e9but novembre et ses d\u00e9buts pourraient \u00eatre avanc\u00e9s en raison de l&#39;absence de Martinez \u00e0 l&#39;Emirates Stadium.<\/p>\n<p>Cependant, il est plus probable que Yoro soit sur le banc, avec <strong class=\"autotag\">Luc Shaw<\/strong> venant potentiellement d\u00e9buter \u00e0 l&#39;arri\u00e8re aux c\u00f4t\u00e9s <strong class=\"autotag\">Noussair Mazraoui<\/strong> et <strong class=\"autotag\">Matthijs de Ligt<\/strong>.<\/p>\n<p><strong class=\"autotag\">Harry Maguire<\/strong> Entre-temps, il a fait son retour apr\u00e8s un probl\u00e8me au mollet en tant que rempla\u00e7ant en seconde p\u00e9riode contre Everton, et le d\u00e9fenseur exp\u00e9riment\u00e9 sera \u00e9galement d\u00e9sormais une option pour remplacer Martinez dans l&#39;\u00e9quipe contre Arsenal.<\/p>\n<p class=\"imgI\"><img decoding=\"async\" loading=\"lazy\" class=\"l\" src=\"https:\/\/footdavant.fr\/actualites\/wp-content\/uploads\/2024\/12\/1733291360_37_Coup-dur-pour-Man-United-alors-que-le-duo-cle.jpg\" title=\"Manuel Ugarte de Manchester United le 17 septembre 2024\" alt=\"Manuel Ugarte de Manchester United le 17 septembre 2024\" width=\"640\" height=\"480\"><\/p>\n<h2 class=\"k3\">Qui remplacera Mainoo au milieu ?<\/h2>\n<p><strong class=\"autotag\">Manuel Ugart\u00e9<\/strong> s&#39;est repos\u00e9 d\u00e8s le d\u00e9but contre Everton, l&#39;international uruguayen n&#39;ayant eu droit qu&#39;aux 25 derni\u00e8res minutes du choc \u00e0 Old Trafford, et il devrait remplacer Mainoo pour le prochain match de Man United.<\/p>\n<p>Amorim fera des changements par rapport \u00e0 l&#39;\u00e9quipe qui a d\u00e9but\u00e9 contre les Toffees, avec <strong class=\"autotag\">Alexandre Garnacho<\/strong>, <strong class=\"autotag\">Monture ma\u00e7on<\/strong> et <strong class=\"autotag\">Rasmus Hojlund<\/strong> potentiellement \u00e9galement sur le c\u00f4t\u00e9.<\/p>\n<p>Hojlund a marqu\u00e9 un doubl\u00e9 contre Bodo\/Glimt en Ligue Europa la semaine derni\u00e8re, mais il \u00e9tait un rempla\u00e7ant inutilis\u00e9 contre Everton, ce qui a permis <strong class=\"autotag\">Josu\u00e9 Zirkzee<\/strong> pour en profiter, le N\u00e9erlandais r\u00e9alisant un doubl\u00e9.<\/p>\n<p><strong class=\"autotag\">Marcus Rashford<\/strong> a \u00e9galement marqu\u00e9 deux fois dimanche, ce qui signifie que Man United a marqu\u00e9 sept fois lors de ses deux derniers matches sous Amorim et huit sur trois depuis que le Portugais a \u00e9t\u00e9 confirm\u00e9 comme nouvel entra\u00eeneur-chef.<\/p>\n<p>Les 20 fois champions d&#39;Angleterre occupent d\u00e9sormais la neuvi\u00e8me place du classement. <strong>Tableau de la Premier League<\/strong>\u00e0 seulement quatre points de Brighton &#038; Hove Albion, quatri\u00e8me, sur le m\u00eame nombre de matches (13).<\/p>\n<div class=\"author_box\">\n<div class=\"author_box_banner\">\n<img decoding=\"async\" class=\"author_img\" src=\"https:\/\/footdavant.fr\/actualites\/wp-content\/uploads\/2024\/12\/1733291360_304_Coup-dur-pour-Man-United-alors-que-le-duo-cle.jpg\"><\/p>\n<\/div>\n<\/div>\n<\/div>\n","protected":false},"excerpt":{"rendered":"<p>Manchester United sera priv\u00e9 de Lisandro Martinez et de Kobbie Mainoo en raison d&#39;une suspension pour le choc de Premier League de mercredi avec Arsenal.<\/p>\n","protected":false},"author":1,"featured_media":17019,"comment_status":"closed","ping_status":"","sticky":false,"template":"","format":"standard","meta":{"footnotes":""},"categories":[5],"tags":[318,67,91,443,3716,489,469,2630,217,180,389,24,51,13],"yoast_head":"<!-- This site is optimized with the Yoast SEO plugin v21.0 - https:\/\/yoast.com\/wordpress\/plugins\/seo\/ -->\n<title>Coup dur pour Man United alors que le duo cl\u00e9 est exclu de la confrontation avec Arsenal \u00e0 Londres<\/title>\n<meta name=\"robots\" content=\"index, follow, max-snippet:-1, max-image-preview:large, max-video-preview:-1\" \/>\n<link rel=\"canonical\" href=\"https:\/\/footdavant.fr\/actualites\/coup-dur-pour-man-united-alors-que-le-duo-cle-est-exclu-de-la-confrontation-avec-arsenal-a-londres\/\" \/>\n<meta property=\"og:locale\" content=\"fr_FR\" \/>\n<meta property=\"og:type\" content=\"article\" \/>\n<meta property=\"og:title\" content=\"Coup dur pour Man United alors que le duo cl\u00e9 est exclu de la confrontation avec Arsenal \u00e0 Londres\" \/>\n<meta property=\"og:description\" content=\"Manchester United sera priv\u00e9 de Lisandro Martinez et de Kobbie Mainoo en raison d&#039;une suspension pour le choc de Premier League de mercredi avec Arsenal.\" \/>\n<meta property=\"og:url\" content=\"https:\/\/footdavant.fr\/actualites\/coup-dur-pour-man-united-alors-que-le-duo-cle-est-exclu-de-la-confrontation-avec-arsenal-a-londres\/\" \/>\n<meta property=\"og:site_name\" content=\"Foot d&#039;avant\" \/>\n<meta property=\"article:publisher\" content=\"https:\/\/www.facebook.com\/Footdavant\/\" \/>\n<meta property=\"article:published_time\" content=\"2024-12-04T05:49:20+00:00\" \/>\n<meta property=\"article:modified_time\" content=\"2024-12-04T05:49:21+00:00\" \/>\n<meta property=\"og:image\" content=\"https:\/\/footdavant.fr\/actualites\/wp-content\/uploads\/2024\/12\/Coup-dur-pour-Man-United-alors-que-le-duo-cle.jpg\" \/>\n\t<meta property=\"og:image:width\" content=\"640\" \/>\n\t<meta property=\"og:image:height\" content=\"480\" \/>\n\t<meta property=\"og:image:type\" content=\"image\/jpeg\" \/>\n<meta name=\"author\" content=\"Cl\u00e9ment\" \/>\n<meta name=\"twitter:card\" content=\"summary_large_image\" \/>\n<meta name=\"twitter:creator\" content=\"@FootdavantFr\" \/>\n<meta name=\"twitter:site\" content=\"@FootdavantFr\" \/>\n<meta name=\"twitter:label1\" content=\"\u00c9crit par\" \/>\n\t<meta name=\"twitter:data1\" content=\"Cl\u00e9ment\" \/>\n\t<meta name=\"twitter:label2\" content=\"Dur\u00e9e de lecture estim\u00e9e\" \/>\n\t<meta name=\"twitter:data2\" content=\"3 minutes\" \/>\n<script type=\"application\/ld+json\" class=\"yoast-schema-graph\">{\"@context\":\"https:\/\/schema.org\",\"@graph\":[{\"@type\":\"Article\",\"@id\":\"https:\/\/footdavant.fr\/actualites\/coup-dur-pour-man-united-alors-que-le-duo-cle-est-exclu-de-la-confrontation-avec-arsenal-a-londres\/#article\",\"isPartOf\":{\"@id\":\"https:\/\/footdavant.fr\/actualites\/coup-dur-pour-man-united-alors-que-le-duo-cle-est-exclu-de-la-confrontation-avec-arsenal-a-londres\/\"},\"author\":{\"name\":\"Cl\u00e9ment\",\"@id\":\"https:\/\/footdavant.fr\/actualites\/#\/schema\/person\/bc222566d95871b37e597b3ed3ba5e1d\"},\"headline\":\"Coup dur pour Man United alors que le duo cl\u00e9 est exclu de la confrontation avec Arsenal \u00e0 Londres\",\"datePublished\":\"2024-12-04T05:49:20+00:00\",\"dateModified\":\"2024-12-04T05:49:21+00:00\",\"mainEntityOfPage\":{\"@id\":\"https:\/\/footdavant.fr\/actualites\/coup-dur-pour-man-united-alors-que-le-duo-cle-est-exclu-de-la-confrontation-avec-arsenal-a-londres\/\"},\"wordCount\":548,\"publisher\":{\"@id\":\"https:\/\/footdavant.fr\/actualites\/#organization\"},\"keywords\":[\"alors\",\"Arsenal\",\"avec\",\"cl\u00e9..\",\"confrontation\",\"coup\",\"duo\",\"dur\",\"est\",\"exclu\",\"Londres\",\"Man\",\"pour\",\"United\"],\"articleSection\":[\"Premier League\"],\"inLanguage\":\"fr-FR\"},{\"@type\":\"WebPage\",\"@id\":\"https:\/\/footdavant.fr\/actualites\/coup-dur-pour-man-united-alors-que-le-duo-cle-est-exclu-de-la-confrontation-avec-arsenal-a-londres\/\",\"url\":\"https:\/\/footdavant.fr\/actualites\/coup-dur-pour-man-united-alors-que-le-duo-cle-est-exclu-de-la-confrontation-avec-arsenal-a-londres\/\",\"name\":\"Coup dur pour Man United alors que le duo cl\u00e9 est exclu de la confrontation avec Arsenal \u00e0 Londres\",\"isPartOf\":{\"@id\":\"https:\/\/footdavant.fr\/actualites\/#website\"},\"datePublished\":\"2024-12-04T05:49:20+00:00\",\"dateModified\":\"2024-12-04T05:49:21+00:00\",\"breadcrumb\":{\"@id\":\"https:\/\/footdavant.fr\/actualites\/coup-dur-pour-man-united-alors-que-le-duo-cle-est-exclu-de-la-confrontation-avec-arsenal-a-londres\/#breadcrumb\"},\"inLanguage\":\"fr-FR\",\"potentialAction\":[{\"@type\":\"ReadAction\",\"target\":[\"https:\/\/footdavant.fr\/actualites\/coup-dur-pour-man-united-alors-que-le-duo-cle-est-exclu-de-la-confrontation-avec-arsenal-a-londres\/\"]}]},{\"@type\":\"BreadcrumbList\",\"@id\":\"https:\/\/footdavant.fr\/actualites\/coup-dur-pour-man-united-alors-que-le-duo-cle-est-exclu-de-la-confrontation-avec-arsenal-a-londres\/#breadcrumb\",\"itemListElement\":[{\"@type\":\"ListItem\",\"position\":1,\"name\":\"Accueil\",\"item\":\"https:\/\/footdavant.fr\/actualites\/\"},{\"@type\":\"ListItem\",\"position\":2,\"name\":\"Coup dur pour Man United alors que le duo cl\u00e9 est exclu de la confrontation avec Arsenal \u00e0 Londres\"}]},{\"@type\":\"WebSite\",\"@id\":\"https:\/\/footdavant.fr\/actualites\/#website\",\"url\":\"https:\/\/footdavant.fr\/actualites\/\",\"name\":\"Foot d'avant\",\"description\":\"\",\"publisher\":{\"@id\":\"https:\/\/footdavant.fr\/actualites\/#organization\"},\"potentialAction\":[{\"@type\":\"SearchAction\",\"target\":{\"@type\":\"EntryPoint\",\"urlTemplate\":\"https:\/\/footdavant.fr\/actualites\/?s={search_term_string}\"},\"query-input\":\"required name=search_term_string\"}],\"inLanguage\":\"fr-FR\"},{\"@type\":\"Organization\",\"@id\":\"https:\/\/footdavant.fr\/actualites\/#organization\",\"name\":\"Foot d'avant\",\"url\":\"https:\/\/footdavant.fr\/actualites\/\",\"logo\":{\"@type\":\"ImageObject\",\"inLanguage\":\"fr-FR\",\"@id\":\"https:\/\/footdavant.fr\/actualites\/#\/schema\/logo\/image\/\",\"url\":\"https:\/\/footdavant.fr\/actualites\/wp-content\/uploads\/2023\/09\/Copy-of-FootDavant-Logo.png\",\"contentUrl\":\"https:\/\/footdavant.fr\/actualites\/wp-content\/uploads\/2023\/09\/Copy-of-FootDavant-Logo.png\",\"width\":936,\"height\":549,\"caption\":\"Foot d'avant\"},\"image\":{\"@id\":\"https:\/\/footdavant.fr\/actualites\/#\/schema\/logo\/image\/\"},\"sameAs\":[\"https:\/\/www.facebook.com\/Footdavant\/\",\"https:\/\/twitter.com\/FootdavantFr\",\"https:\/\/www.instagram.com\/footdavant.fr\/\"]},{\"@type\":\"Person\",\"@id\":\"https:\/\/footdavant.fr\/actualites\/#\/schema\/person\/bc222566d95871b37e597b3ed3ba5e1d\",\"name\":\"Cl\u00e9ment\",\"image\":{\"@type\":\"ImageObject\",\"inLanguage\":\"fr-FR\",\"@id\":\"https:\/\/footdavant.fr\/actualites\/#\/schema\/person\/image\/\",\"url\":\"https:\/\/secure.gravatar.com\/avatar\/7728b29aac2719421e1a9159b2254c44?s=96&d=mm&r=g\",\"contentUrl\":\"https:\/\/secure.gravatar.com\/avatar\/7728b29aac2719421e1a9159b2254c44?s=96&d=mm&r=g\",\"caption\":\"Cl\u00e9ment\"},\"sameAs\":[\"https:\/\/footdavant.fr\/\"]}]}<\/script>\n<!-- \/ Yoast SEO plugin. -->","yoast_head_json":{"title":"Coup dur pour Man United alors que le duo cl\u00e9 est exclu de la confrontation avec Arsenal \u00e0 Londres","robots":{"index":"index","follow":"follow","max-snippet":"max-snippet:-1","max-image-preview":"max-image-preview:large","max-video-preview":"max-video-preview:-1"},"canonical":"https:\/\/footdavant.fr\/actualites\/coup-dur-pour-man-united-alors-que-le-duo-cle-est-exclu-de-la-confrontation-avec-arsenal-a-londres\/","og_locale":"fr_FR","og_type":"article","og_title":"Coup dur pour Man United alors que le duo cl\u00e9 est exclu de la confrontation avec Arsenal \u00e0 Londres","og_description":"Manchester United sera priv\u00e9 de Lisandro Martinez et de Kobbie Mainoo en raison d&#39;une suspension pour le choc de Premier League de mercredi avec Arsenal.","og_url":"https:\/\/footdavant.fr\/actualites\/coup-dur-pour-man-united-alors-que-le-duo-cle-est-exclu-de-la-confrontation-avec-arsenal-a-londres\/","og_site_name":"Foot d&#039;avant","article_publisher":"https:\/\/www.facebook.com\/Footdavant\/","article_published_time":"2024-12-04T05:49:20+00:00","article_modified_time":"2024-12-04T05:49:21+00:00","og_image":[{"width":640,"height":480,"url":"https:\/\/footdavant.fr\/actualites\/wp-content\/uploads\/2024\/12\/Coup-dur-pour-Man-United-alors-que-le-duo-cle.jpg","type":"image\/jpeg"}],"author":"Cl\u00e9ment","twitter_card":"summary_large_image","twitter_creator":"@FootdavantFr","twitter_site":"@FootdavantFr","twitter_misc":{"\u00c9crit par":"Cl\u00e9ment","Dur\u00e9e de lecture estim\u00e9e":"3 minutes"},"schema":{"@context":"https:\/\/schema.org","@graph":[{"@type":"Article","@id":"https:\/\/footdavant.fr\/actualites\/coup-dur-pour-man-united-alors-que-le-duo-cle-est-exclu-de-la-confrontation-avec-arsenal-a-londres\/#article","isPartOf":{"@id":"https:\/\/footdavant.fr\/actualites\/coup-dur-pour-man-united-alors-que-le-duo-cle-est-exclu-de-la-confrontation-avec-arsenal-a-londres\/"},"author":{"name":"Cl\u00e9ment","@id":"https:\/\/footdavant.fr\/actualites\/#\/schema\/person\/bc222566d95871b37e597b3ed3ba5e1d"},"headline":"Coup dur pour Man United alors que le duo cl\u00e9 est exclu de la confrontation avec Arsenal \u00e0 Londres","datePublished":"2024-12-04T05:49:20+00:00","dateModified":"2024-12-04T05:49:21+00:00","mainEntityOfPage":{"@id":"https:\/\/footdavant.fr\/actualites\/coup-dur-pour-man-united-alors-que-le-duo-cle-est-exclu-de-la-confrontation-avec-arsenal-a-londres\/"},"wordCount":548,"publisher":{"@id":"https:\/\/footdavant.fr\/actualites\/#organization"},"keywords":["alors","Arsenal","avec","cl\u00e9..","confrontation","coup","duo","dur","est","exclu","Londres","Man","pour","United"],"articleSection":["Premier League"],"inLanguage":"fr-FR"},{"@type":"WebPage","@id":"https:\/\/footdavant.fr\/actualites\/coup-dur-pour-man-united-alors-que-le-duo-cle-est-exclu-de-la-confrontation-avec-arsenal-a-londres\/","url":"https:\/\/footdavant.fr\/actualites\/coup-dur-pour-man-united-alors-que-le-duo-cle-est-exclu-de-la-confrontation-avec-arsenal-a-londres\/","name":"Coup dur pour Man United alors que le duo cl\u00e9 est exclu de la confrontation avec Arsenal \u00e0 Londres","isPartOf":{"@id":"https:\/\/footdavant.fr\/actualites\/#website"},"datePublished":"2024-12-04T05:49:20+00:00","dateModified":"2024-12-04T05:49:21+00:00","breadcrumb":{"@id":"https:\/\/footdavant.fr\/actualites\/coup-dur-pour-man-united-alors-que-le-duo-cle-est-exclu-de-la-confrontation-avec-arsenal-a-londres\/#breadcrumb"},"inLanguage":"fr-FR","potentialAction":[{"@type":"ReadAction","target":["https:\/\/footdavant.fr\/actualites\/coup-dur-pour-man-united-alors-que-le-duo-cle-est-exclu-de-la-confrontation-avec-arsenal-a-londres\/"]}]},{"@type":"BreadcrumbList","@id":"https:\/\/footdavant.fr\/actualites\/coup-dur-pour-man-united-alors-que-le-duo-cle-est-exclu-de-la-confrontation-avec-arsenal-a-londres\/#breadcrumb","itemListElement":[{"@type":"ListItem","position":1,"name":"Accueil","item":"https:\/\/footdavant.fr\/actualites\/"},{"@type":"ListItem","position":2,"name":"Coup dur pour Man United alors que le duo cl\u00e9 est exclu de la confrontation avec Arsenal \u00e0 Londres"}]},{"@type":"WebSite","@id":"https:\/\/footdavant.fr\/actualites\/#website","url":"https:\/\/footdavant.fr\/actualites\/","name":"Foot d'avant","description":"","publisher":{"@id":"https:\/\/footdavant.fr\/actualites\/#organization"},"potentialAction":[{"@type":"SearchAction","target":{"@type":"EntryPoint","urlTemplate":"https:\/\/footdavant.fr\/actualites\/?s={search_term_string}"},"query-input":"required name=search_term_string"}],"inLanguage":"fr-FR"},{"@type":"Organization","@id":"https:\/\/footdavant.fr\/actualites\/#organization","name":"Foot d'avant","url":"https:\/\/footdavant.fr\/actualites\/","logo":{"@type":"ImageObject","inLanguage":"fr-FR","@id":"https:\/\/footdavant.fr\/actualites\/#\/schema\/logo\/image\/","url":"https:\/\/footdavant.fr\/actualites\/wp-content\/uploads\/2023\/09\/Copy-of-FootDavant-Logo.png","contentUrl":"https:\/\/footdavant.fr\/actualites\/wp-content\/uploads\/2023\/09\/Copy-of-FootDavant-Logo.png","width":936,"height":549,"caption":"Foot d'avant"},"image":{"@id":"https:\/\/footdavant.fr\/actualites\/#\/schema\/logo\/image\/"},"sameAs":["https:\/\/www.facebook.com\/Footdavant\/","https:\/\/twitter.com\/FootdavantFr","https:\/\/www.instagram.com\/footdavant.fr\/"]},{"@type":"Person","@id":"https:\/\/footdavant.fr\/actualites\/#\/schema\/person\/bc222566d95871b37e597b3ed3ba5e1d","name":"Cl\u00e9ment","image":{"@type":"ImageObject","inLanguage":"fr-FR","@id":"https:\/\/footdavant.fr\/actualites\/#\/schema\/person\/image\/","url":"https:\/\/secure.gravatar.com\/avatar\/7728b29aac2719421e1a9159b2254c44?s=96&d=mm&r=g","contentUrl":"https:\/\/secure.gravatar.com\/avatar\/7728b29aac2719421e1a9159b2254c44?s=96&d=mm&r=g","caption":"Cl\u00e9ment"},"sameAs":["https:\/\/footdavant.fr\/"]}]}},"_links":{"self":[{"href":"https:\/\/footdavant.fr\/actualites\/wp-json\/wp\/v2\/posts\/17018"}],"collection":[{"href":"https:\/\/footdavant.fr\/actualites\/wp-json\/wp\/v2\/posts"}],"about":[{"href":"https:\/\/footdavant.fr\/actualites\/wp-json\/wp\/v2\/types\/post"}],"author":[{"embeddable":true,"href":"https:\/\/footdavant.fr\/actualites\/wp-json\/wp\/v2\/users\/1"}],"replies":[{"embeddable":true,"href":"https:\/\/footdavant.fr\/actualites\/wp-json\/wp\/v2\/comments?post=17018"}],"version-history":[{"count":1,"href":"https:\/\/footdavant.fr\/actualites\/wp-json\/wp\/v2\/posts\/17018\/revisions"}],"predecessor-version":[{"id":17020,"href":"https:\/\/footdavant.fr\/actualites\/wp-json\/wp\/v2\/posts\/17018\/revisions\/17020"}],"wp:featuredmedia":[{"embeddable":true,"href":"https:\/\/footdavant.fr\/actualites\/wp-json\/wp\/v2\/media\/17019"}],"wp:attachment":[{"href":"https:\/\/footdavant.fr\/actualites\/wp-json\/wp\/v2\/media?parent=17018"}],"wp:term":[{"taxonomy":"category","embeddable":true,"href":"https:\/\/footdavant.fr\/actualites\/wp-json\/wp\/v2\/categories?post=17018"},{"taxonomy":"post_tag","embeddable":true,"href":"https:\/\/footdavant.fr\/actualites\/wp-json\/wp\/v2\/tags?post=17018"}],"curies":[{"name":"wp","href":"https:\/\/api.w.org\/{rel}","templated":true}]}}