{"id":17033,"date":"2024-12-04T16:48:13","date_gmt":"2024-12-04T15:48:13","guid":{"rendered":"https:\/\/footdavant.fr\/actualites\/mise-a-jour-positive-du-contrat-de-mo-salah-fournie-par-david-ornstein\/"},"modified":"2024-12-04T16:48:17","modified_gmt":"2024-12-04T15:48:17","slug":"mise-a-jour-positive-du-contrat-de-mo-salah-fournie-par-david-ornstein","status":"publish","type":"post","link":"https:\/\/footdavant.fr\/actualites\/mise-a-jour-positive-du-contrat-de-mo-salah-fournie-par-david-ornstein\/","title":{"rendered":"Mise \u00e0 jour positive du contrat de Mo Salah fournie par David Ornstein"},"content":{"rendered":"<div id=\"article-body\">\n<!-- Article Start --><\/p>\n<p>L&#39;avenir de Mo Salah \u00e0 Liverpool fait l&#39;objet de discussions presque autant que son but marqu\u00e9 ces jours-ci et il y a maintenant une autre mise \u00e0 jour sur le joueur.<\/p>\n<p>\u00c9crivant pour The Athletic, David Ornstein a rapport\u00e9 :<\/p>\n<\/p>\n<p>Cela semble certainement laisser entendre qu\u2019une offre concr\u00e8te sera bient\u00f4t pr\u00e9sent\u00e9e et cela devrait \u00eatre de la musique aux oreilles de tous les partisans, \u00e0 ce stade.<\/p>\n<h2>L&#39;avenir de Mo Salah \u00e0 Liverpool semble sur le point d&#39;\u00eatre assur\u00e9<\/h2>\n<figure id=\"attachment_265434\" aria-describedby=\"caption-attachment-265434\" style=\"width: 770px\" class=\"wp-caption alignnone\"><picture><source type=\"image\/webp\" data- data-><\/source><\/picture><\/figure>\n<p>Cet enthousiasme peut sembler pr\u00e9matur\u00e9, mais si l&#39;on consid\u00e8re les commentaires de James Pearce, dans la mesure o\u00f9 aucune offre ne serait accept\u00e9e sans la certitude qu&#39;elle serait accept\u00e9e par le joueur de 32 ans, cela pourrait \u00eatre un gros plus.<\/p>\n<p>Le club ne voudrait pas se mettre dans une position o\u00f9 les offres de contrat sont publiquement refus\u00e9es et il est donc probable que des n\u00e9gociations aient eu lieu afin de croire qu&#39;une nouvelle offre serait accept\u00e9e.<\/p>\n<p>Avec un th\u00e8me similaire ressenti sur le nouvel accord potentiel de Virgil van Dijk, nous devrions avoir une certaine positivit\u00e9 quant \u00e0 la prolongation de leur s\u00e9jour \u00e0 Anfield par deux de nos joueurs les plus importants.<\/p>\n<p>Avec Arne Slot qui produit les marchandises sur le terrain, cela nous place dans une position de n\u00e9gociation solide et les propri\u00e9taires peuvent d\u00e9sormais en r\u00e9colter les fruits avec des salaires inf\u00e9rieurs et des contrats plus courts.<\/p>\n<p>Ce n\u2019est peut-\u00eatre pas ce que les fans veulent entendre, mais cela pourrait s\u2019av\u00e9rer l\u2019option financi\u00e8re la plus judicieuse \u00e0 long terme.<\/p>\n<\/p>\n<p><!-- Article End -->\t\t\t\t<\/div>\n","protected":false},"excerpt":{"rendered":"<p>L&#39;avenir de Mo Salah \u00e0 Liverpool fait l&#39;objet de discussions presque autant que son but marqu\u00e9 ces jours-ci et il y a maintenant une autre<\/p>\n","protected":false},"author":1,"featured_media":17034,"comment_status":"closed","ping_status":"","sticky":false,"template":"","format":"standard","meta":{"footnotes":""},"categories":[3],"tags":[1218,342,7016,328,327,2091,75,2648,335],"yoast_head":"<!-- This site is optimized with the Yoast SEO plugin v21.0 - https:\/\/yoast.com\/wordpress\/plugins\/seo\/ -->\n<title>Mise \u00e0 jour positive du contrat de Mo Salah fournie par David Ornstein<\/title>\n<meta name=\"robots\" content=\"index, follow, max-snippet:-1, max-image-preview:large, max-video-preview:-1\" \/>\n<link rel=\"canonical\" href=\"https:\/\/footdavant.fr\/actualites\/mise-a-jour-positive-du-contrat-de-mo-salah-fournie-par-david-ornstein\/\" \/>\n<meta property=\"og:locale\" content=\"fr_FR\" \/>\n<meta property=\"og:type\" content=\"article\" \/>\n<meta property=\"og:title\" content=\"Mise \u00e0 jour positive du contrat de Mo Salah fournie par David Ornstein\" \/>\n<meta property=\"og:description\" content=\"L&#039;avenir de Mo Salah \u00e0 Liverpool fait l&#039;objet de discussions presque autant que son but marqu\u00e9 ces jours-ci et il y a maintenant une autre\" \/>\n<meta property=\"og:url\" content=\"https:\/\/footdavant.fr\/actualites\/mise-a-jour-positive-du-contrat-de-mo-salah-fournie-par-david-ornstein\/\" \/>\n<meta property=\"og:site_name\" content=\"Foot d&#039;avant\" \/>\n<meta property=\"article:publisher\" content=\"https:\/\/www.facebook.com\/Footdavant\/\" \/>\n<meta property=\"article:published_time\" content=\"2024-12-04T15:48:13+00:00\" \/>\n<meta property=\"article:modified_time\" content=\"2024-12-04T15:48:17+00:00\" \/>\n<meta property=\"og:image\" content=\"https:\/\/footdavant.fr\/actualites\/wp-content\/uploads\/2024\/12\/1733327293_Mise-a-jour-positive-du-contrat-de-Mo-Salah-fournie.jpg\" \/>\n\t<meta property=\"og:image:width\" content=\"1920\" \/>\n\t<meta property=\"og:image:height\" content=\"960\" \/>\n\t<meta property=\"og:image:type\" content=\"image\/jpeg\" \/>\n<meta name=\"author\" content=\"Cl\u00e9ment\" \/>\n<meta name=\"twitter:card\" content=\"summary_large_image\" \/>\n<meta name=\"twitter:creator\" content=\"@FootdavantFr\" \/>\n<meta name=\"twitter:site\" content=\"@FootdavantFr\" \/>\n<meta name=\"twitter:label1\" content=\"\u00c9crit par\" \/>\n\t<meta name=\"twitter:data1\" content=\"Cl\u00e9ment\" \/>\n\t<meta name=\"twitter:label2\" content=\"Dur\u00e9e de lecture estim\u00e9e\" \/>\n\t<meta name=\"twitter:data2\" content=\"1 minute\" \/>\n<script type=\"application\/ld+json\" class=\"yoast-schema-graph\">{\"@context\":\"https:\/\/schema.org\",\"@graph\":[{\"@type\":\"Article\",\"@id\":\"https:\/\/footdavant.fr\/actualites\/mise-a-jour-positive-du-contrat-de-mo-salah-fournie-par-david-ornstein\/#article\",\"isPartOf\":{\"@id\":\"https:\/\/footdavant.fr\/actualites\/mise-a-jour-positive-du-contrat-de-mo-salah-fournie-par-david-ornstein\/\"},\"author\":{\"name\":\"Cl\u00e9ment\",\"@id\":\"https:\/\/footdavant.fr\/actualites\/#\/schema\/person\/bc222566d95871b37e597b3ed3ba5e1d\"},\"headline\":\"Mise \u00e0 jour positive du contrat de Mo Salah fournie par David Ornstein\",\"datePublished\":\"2024-12-04T15:48:13+00:00\",\"dateModified\":\"2024-12-04T15:48:17+00:00\",\"mainEntityOfPage\":{\"@id\":\"https:\/\/footdavant.fr\/actualites\/mise-a-jour-positive-du-contrat-de-mo-salah-fournie-par-david-ornstein\/\"},\"wordCount\":288,\"publisher\":{\"@id\":\"https:\/\/footdavant.fr\/actualites\/#organization\"},\"keywords\":[\"contrat\",\"David\",\"fournie\",\"jour\",\"mise\",\"Ornstein\",\"par\",\"positive\",\"Salah\"],\"articleSection\":[\"Football\"],\"inLanguage\":\"fr-FR\"},{\"@type\":\"WebPage\",\"@id\":\"https:\/\/footdavant.fr\/actualites\/mise-a-jour-positive-du-contrat-de-mo-salah-fournie-par-david-ornstein\/\",\"url\":\"https:\/\/footdavant.fr\/actualites\/mise-a-jour-positive-du-contrat-de-mo-salah-fournie-par-david-ornstein\/\",\"name\":\"Mise \u00e0 jour positive du contrat de Mo Salah fournie par David Ornstein\",\"isPartOf\":{\"@id\":\"https:\/\/footdavant.fr\/actualites\/#website\"},\"datePublished\":\"2024-12-04T15:48:13+00:00\",\"dateModified\":\"2024-12-04T15:48:17+00:00\",\"breadcrumb\":{\"@id\":\"https:\/\/footdavant.fr\/actualites\/mise-a-jour-positive-du-contrat-de-mo-salah-fournie-par-david-ornstein\/#breadcrumb\"},\"inLanguage\":\"fr-FR\",\"potentialAction\":[{\"@type\":\"ReadAction\",\"target\":[\"https:\/\/footdavant.fr\/actualites\/mise-a-jour-positive-du-contrat-de-mo-salah-fournie-par-david-ornstein\/\"]}]},{\"@type\":\"BreadcrumbList\",\"@id\":\"https:\/\/footdavant.fr\/actualites\/mise-a-jour-positive-du-contrat-de-mo-salah-fournie-par-david-ornstein\/#breadcrumb\",\"itemListElement\":[{\"@type\":\"ListItem\",\"position\":1,\"name\":\"Accueil\",\"item\":\"https:\/\/footdavant.fr\/actualites\/\"},{\"@type\":\"ListItem\",\"position\":2,\"name\":\"Mise \u00e0 jour positive du contrat de Mo Salah fournie par David Ornstein\"}]},{\"@type\":\"WebSite\",\"@id\":\"https:\/\/footdavant.fr\/actualites\/#website\",\"url\":\"https:\/\/footdavant.fr\/actualites\/\",\"name\":\"Foot d'avant\",\"description\":\"\",\"publisher\":{\"@id\":\"https:\/\/footdavant.fr\/actualites\/#organization\"},\"potentialAction\":[{\"@type\":\"SearchAction\",\"target\":{\"@type\":\"EntryPoint\",\"urlTemplate\":\"https:\/\/footdavant.fr\/actualites\/?s={search_term_string}\"},\"query-input\":\"required name=search_term_string\"}],\"inLanguage\":\"fr-FR\"},{\"@type\":\"Organization\",\"@id\":\"https:\/\/footdavant.fr\/actualites\/#organization\",\"name\":\"Foot d'avant\",\"url\":\"https:\/\/footdavant.fr\/actualites\/\",\"logo\":{\"@type\":\"ImageObject\",\"inLanguage\":\"fr-FR\",\"@id\":\"https:\/\/footdavant.fr\/actualites\/#\/schema\/logo\/image\/\",\"url\":\"https:\/\/footdavant.fr\/actualites\/wp-content\/uploads\/2023\/09\/Copy-of-FootDavant-Logo.png\",\"contentUrl\":\"https:\/\/footdavant.fr\/actualites\/wp-content\/uploads\/2023\/09\/Copy-of-FootDavant-Logo.png\",\"width\":936,\"height\":549,\"caption\":\"Foot d'avant\"},\"image\":{\"@id\":\"https:\/\/footdavant.fr\/actualites\/#\/schema\/logo\/image\/\"},\"sameAs\":[\"https:\/\/www.facebook.com\/Footdavant\/\",\"https:\/\/twitter.com\/FootdavantFr\",\"https:\/\/www.instagram.com\/footdavant.fr\/\"]},{\"@type\":\"Person\",\"@id\":\"https:\/\/footdavant.fr\/actualites\/#\/schema\/person\/bc222566d95871b37e597b3ed3ba5e1d\",\"name\":\"Cl\u00e9ment\",\"image\":{\"@type\":\"ImageObject\",\"inLanguage\":\"fr-FR\",\"@id\":\"https:\/\/footdavant.fr\/actualites\/#\/schema\/person\/image\/\",\"url\":\"https:\/\/secure.gravatar.com\/avatar\/7728b29aac2719421e1a9159b2254c44?s=96&d=mm&r=g\",\"contentUrl\":\"https:\/\/secure.gravatar.com\/avatar\/7728b29aac2719421e1a9159b2254c44?s=96&d=mm&r=g\",\"caption\":\"Cl\u00e9ment\"},\"sameAs\":[\"https:\/\/footdavant.fr\/\"]}]}<\/script>\n<!-- \/ Yoast SEO plugin. -->","yoast_head_json":{"title":"Mise \u00e0 jour positive du contrat de Mo Salah fournie par David Ornstein","robots":{"index":"index","follow":"follow","max-snippet":"max-snippet:-1","max-image-preview":"max-image-preview:large","max-video-preview":"max-video-preview:-1"},"canonical":"https:\/\/footdavant.fr\/actualites\/mise-a-jour-positive-du-contrat-de-mo-salah-fournie-par-david-ornstein\/","og_locale":"fr_FR","og_type":"article","og_title":"Mise \u00e0 jour positive du contrat de Mo Salah fournie par David Ornstein","og_description":"L&#39;avenir de Mo Salah \u00e0 Liverpool fait l&#39;objet de discussions presque autant que son but marqu\u00e9 ces jours-ci et il y a maintenant une autre","og_url":"https:\/\/footdavant.fr\/actualites\/mise-a-jour-positive-du-contrat-de-mo-salah-fournie-par-david-ornstein\/","og_site_name":"Foot d&#039;avant","article_publisher":"https:\/\/www.facebook.com\/Footdavant\/","article_published_time":"2024-12-04T15:48:13+00:00","article_modified_time":"2024-12-04T15:48:17+00:00","og_image":[{"width":1920,"height":960,"url":"https:\/\/footdavant.fr\/actualites\/wp-content\/uploads\/2024\/12\/1733327293_Mise-a-jour-positive-du-contrat-de-Mo-Salah-fournie.jpg","type":"image\/jpeg"}],"author":"Cl\u00e9ment","twitter_card":"summary_large_image","twitter_creator":"@FootdavantFr","twitter_site":"@FootdavantFr","twitter_misc":{"\u00c9crit par":"Cl\u00e9ment","Dur\u00e9e de lecture estim\u00e9e":"1 minute"},"schema":{"@context":"https:\/\/schema.org","@graph":[{"@type":"Article","@id":"https:\/\/footdavant.fr\/actualites\/mise-a-jour-positive-du-contrat-de-mo-salah-fournie-par-david-ornstein\/#article","isPartOf":{"@id":"https:\/\/footdavant.fr\/actualites\/mise-a-jour-positive-du-contrat-de-mo-salah-fournie-par-david-ornstein\/"},"author":{"name":"Cl\u00e9ment","@id":"https:\/\/footdavant.fr\/actualites\/#\/schema\/person\/bc222566d95871b37e597b3ed3ba5e1d"},"headline":"Mise \u00e0 jour positive du contrat de Mo Salah fournie par David Ornstein","datePublished":"2024-12-04T15:48:13+00:00","dateModified":"2024-12-04T15:48:17+00:00","mainEntityOfPage":{"@id":"https:\/\/footdavant.fr\/actualites\/mise-a-jour-positive-du-contrat-de-mo-salah-fournie-par-david-ornstein\/"},"wordCount":288,"publisher":{"@id":"https:\/\/footdavant.fr\/actualites\/#organization"},"keywords":["contrat","David","fournie","jour","mise","Ornstein","par","positive","Salah"],"articleSection":["Football"],"inLanguage":"fr-FR"},{"@type":"WebPage","@id":"https:\/\/footdavant.fr\/actualites\/mise-a-jour-positive-du-contrat-de-mo-salah-fournie-par-david-ornstein\/","url":"https:\/\/footdavant.fr\/actualites\/mise-a-jour-positive-du-contrat-de-mo-salah-fournie-par-david-ornstein\/","name":"Mise \u00e0 jour positive du contrat de Mo Salah fournie par David Ornstein","isPartOf":{"@id":"https:\/\/footdavant.fr\/actualites\/#website"},"datePublished":"2024-12-04T15:48:13+00:00","dateModified":"2024-12-04T15:48:17+00:00","breadcrumb":{"@id":"https:\/\/footdavant.fr\/actualites\/mise-a-jour-positive-du-contrat-de-mo-salah-fournie-par-david-ornstein\/#breadcrumb"},"inLanguage":"fr-FR","potentialAction":[{"@type":"ReadAction","target":["https:\/\/footdavant.fr\/actualites\/mise-a-jour-positive-du-contrat-de-mo-salah-fournie-par-david-ornstein\/"]}]},{"@type":"BreadcrumbList","@id":"https:\/\/footdavant.fr\/actualites\/mise-a-jour-positive-du-contrat-de-mo-salah-fournie-par-david-ornstein\/#breadcrumb","itemListElement":[{"@type":"ListItem","position":1,"name":"Accueil","item":"https:\/\/footdavant.fr\/actualites\/"},{"@type":"ListItem","position":2,"name":"Mise \u00e0 jour positive du contrat de Mo Salah fournie par David Ornstein"}]},{"@type":"WebSite","@id":"https:\/\/footdavant.fr\/actualites\/#website","url":"https:\/\/footdavant.fr\/actualites\/","name":"Foot d'avant","description":"","publisher":{"@id":"https:\/\/footdavant.fr\/actualites\/#organization"},"potentialAction":[{"@type":"SearchAction","target":{"@type":"EntryPoint","urlTemplate":"https:\/\/footdavant.fr\/actualites\/?s={search_term_string}"},"query-input":"required name=search_term_string"}],"inLanguage":"fr-FR"},{"@type":"Organization","@id":"https:\/\/footdavant.fr\/actualites\/#organization","name":"Foot d'avant","url":"https:\/\/footdavant.fr\/actualites\/","logo":{"@type":"ImageObject","inLanguage":"fr-FR","@id":"https:\/\/footdavant.fr\/actualites\/#\/schema\/logo\/image\/","url":"https:\/\/footdavant.fr\/actualites\/wp-content\/uploads\/2023\/09\/Copy-of-FootDavant-Logo.png","contentUrl":"https:\/\/footdavant.fr\/actualites\/wp-content\/uploads\/2023\/09\/Copy-of-FootDavant-Logo.png","width":936,"height":549,"caption":"Foot d'avant"},"image":{"@id":"https:\/\/footdavant.fr\/actualites\/#\/schema\/logo\/image\/"},"sameAs":["https:\/\/www.facebook.com\/Footdavant\/","https:\/\/twitter.com\/FootdavantFr","https:\/\/www.instagram.com\/footdavant.fr\/"]},{"@type":"Person","@id":"https:\/\/footdavant.fr\/actualites\/#\/schema\/person\/bc222566d95871b37e597b3ed3ba5e1d","name":"Cl\u00e9ment","image":{"@type":"ImageObject","inLanguage":"fr-FR","@id":"https:\/\/footdavant.fr\/actualites\/#\/schema\/person\/image\/","url":"https:\/\/secure.gravatar.com\/avatar\/7728b29aac2719421e1a9159b2254c44?s=96&d=mm&r=g","contentUrl":"https:\/\/secure.gravatar.com\/avatar\/7728b29aac2719421e1a9159b2254c44?s=96&d=mm&r=g","caption":"Cl\u00e9ment"},"sameAs":["https:\/\/footdavant.fr\/"]}]}},"_links":{"self":[{"href":"https:\/\/footdavant.fr\/actualites\/wp-json\/wp\/v2\/posts\/17033"}],"collection":[{"href":"https:\/\/footdavant.fr\/actualites\/wp-json\/wp\/v2\/posts"}],"about":[{"href":"https:\/\/footdavant.fr\/actualites\/wp-json\/wp\/v2\/types\/post"}],"author":[{"embeddable":true,"href":"https:\/\/footdavant.fr\/actualites\/wp-json\/wp\/v2\/users\/1"}],"replies":[{"embeddable":true,"href":"https:\/\/footdavant.fr\/actualites\/wp-json\/wp\/v2\/comments?post=17033"}],"version-history":[{"count":1,"href":"https:\/\/footdavant.fr\/actualites\/wp-json\/wp\/v2\/posts\/17033\/revisions"}],"predecessor-version":[{"id":17035,"href":"https:\/\/footdavant.fr\/actualites\/wp-json\/wp\/v2\/posts\/17033\/revisions\/17035"}],"wp:featuredmedia":[{"embeddable":true,"href":"https:\/\/footdavant.fr\/actualites\/wp-json\/wp\/v2\/media\/17034"}],"wp:attachment":[{"href":"https:\/\/footdavant.fr\/actualites\/wp-json\/wp\/v2\/media?parent=17033"}],"wp:term":[{"taxonomy":"category","embeddable":true,"href":"https:\/\/footdavant.fr\/actualites\/wp-json\/wp\/v2\/categories?post=17033"},{"taxonomy":"post_tag","embeddable":true,"href":"https:\/\/footdavant.fr\/actualites\/wp-json\/wp\/v2\/tags?post=17033"}],"curies":[{"name":"wp","href":"https:\/\/api.w.org\/{rel}","templated":true}]}}