{"id":1704,"date":"2023-11-30T14:49:49","date_gmt":"2023-11-30T13:49:49","guid":{"rendered":"https:\/\/footdavant.fr\/actualites\/romano-explique-pourquoi-chelsea-rappellera-un-jeune-de-19-ans-dune-periode-de-pret\/"},"modified":"2023-11-30T14:49:50","modified_gmt":"2023-11-30T13:49:50","slug":"romano-explique-pourquoi-chelsea-rappellera-un-jeune-de-19-ans-dune-periode-de-pret","status":"publish","type":"post","link":"https:\/\/footdavant.fr\/actualites\/romano-explique-pourquoi-chelsea-rappellera-un-jeune-de-19-ans-dune-periode-de-pret\/","title":{"rendered":"Romano explique pourquoi Chelsea rappellera un jeune de 19 ans d&rsquo;une p\u00e9riode de pr\u00eat"},"content":{"rendered":"<div>\n<p>L&rsquo;expert en transferts Fabrizio Romano a d\u00e9clar\u00e9 que Chelsea avait d\u00e9cid\u00e9 de rappeler Andrey Santos de son pr\u00eat \u00e0 Nottingham Forest, car ils \u00e9taient m\u00e9contents de son manque de temps de jeu.<\/p>\n<p>Les g\u00e9ants de la Premier League, Chelsea, envoient r\u00e9guli\u00e8rement de jeunes joueurs en pr\u00eat, dans l&rsquo;espoir de leur donner la visibilit\u00e9 dont ils ont besoin pour exceller au plus haut niveau du football.  Selon Transfermarkt, les Bleus ont actuellement neuf joueurs pr\u00eat\u00e9s \u00e0 travers l\u2019Europe, dont six ont moins de 21 ans.<\/p>\n<h2>Romano dit que Chelsea n&rsquo;est pas satisfait du traitement r\u00e9serv\u00e9 \u00e0 Santos par Nottingham Forest<\/h2>\n<p>Chelsea a pr\u00eat\u00e9 Santos \u00e0 Nottingham Forest le 31 mai 2023, dans l&rsquo;espoir qu&rsquo;il aurait suffisamment de temps pour devenir un habitu\u00e9 du club.  Toutefois, cela n\u2019a pas \u00e9t\u00e9 le cas.  Le milieu d\u00e9fensif br\u00e9silien n&rsquo;a jou\u00e9 qu&rsquo;une seule fois en Premier League, avec un total de sept minutes.<\/p>\n<p>Selon Romano, le club de l&rsquo;ouest de Londres n&rsquo;est pas satisfait du manque de minutes de Santos et a d\u00e9cid\u00e9 de le rappeler \u00e0 l&rsquo;ouverture du mercato hivernal le 1er janvier. Le club ne le gardera cependant pas \u00e0 Stamford Bridge pour le reste de la saison. Saison 2023-24.  Ils le pr\u00eateront \u00e0 nouveau \u00e0 un club o\u00f9 il aura la garantie d&rsquo;une action r\u00e9guli\u00e8re.<\/p>\n<p>Dans la rubrique Daily Briefing, le journaliste italien a \u00e9crit (via CaughtOffside) :<\/p>\n<p>\u00ab\u00a0<em>Un autre jeune milieu de terrain br\u00e9silien auquel Chelsea doit d\u00e9sormais penser est Andrey Santos, car ils ont d\u00e9cid\u00e9 de le rappeler de son pr\u00eat \u00e0 Nottingham Forest en janvier.<\/em><\/p>\n<p>\u00ab\u00a0<em>Le joueur de 19 ans n&rsquo;a pas jou\u00e9 pour Forest et Chelsea n&rsquo;est pas satisfait de la situation, c&rsquo;est donc une d\u00e9cision facile pour eux.  La priorit\u00e9 sera de le pr\u00eater \u00e0 nouveau \u00e0 son retour.<\/em>\u00bb<\/p>\n<p>Romano a conclu en disant :<\/p>\n<p>\u00ab\u00a0<em>C&rsquo;est une saga \u00e9trange et je n&rsquo;ai pas de d\u00e9tails sur la raison pour laquelle Santos n&rsquo;a pas jou\u00e9 davantage pour Forest \u2013 Steve Cooper fait simplement plus confiance aux autres joueurs qu&rsquo;Andrey, et maintenant Chelsea veut qu&rsquo;il mette fin au pr\u00eat et revienne.<\/em>.\u00bb<\/p>\n<h2>Chelsea ne devrait pas avoir de difficult\u00e9 \u00e0 trouver un nouveau club pour Santos<\/h2>\n<p>Santos, qui a rejoint Chelsea pour 12,5 millions d&rsquo;euros (13,65 millions de dollars) en provenance du club br\u00e9silien de Vasco da Gama lors du mercato de janvier, est un talent passionnant.  C&rsquo;est un passeur confiant, difficile \u00e0 se d\u00e9barrasser et peut alterner sans effort entre milieu d\u00e9fensif et milieu de terrain central.<\/p>\n<p>Le manager de Nottingham Forest, Steve Cooper, pr\u00e9f\u00e8re apparemment les autres au Br\u00e9silien, mais de nombreux autres clubs seraient plus qu&rsquo;heureux d&rsquo;avoir \u00e0 leur disposition un joueur du calibre de Santos.  Si les Retrait\u00e9s parviennent \u00e0 trouver le bon club, o\u00f9 Santos aura le temps de s&rsquo;acclimater, il est possible que le joueur soit inclus dans l&rsquo;\u00e9quipe de Mauricio Pochettino pour la campagne 2024-25.<\/p>\n<\/p><\/div>\n","protected":false},"excerpt":{"rendered":"<p>L&rsquo;expert en transferts Fabrizio Romano a d\u00e9clar\u00e9 que Chelsea avait d\u00e9cid\u00e9 de rappeler Andrey Santos de son pr\u00eat \u00e0 Nottingham Forest, car ils \u00e9taient m\u00e9contents<\/p>\n","protected":false},"author":1,"featured_media":1705,"comment_status":"closed","ping_status":"","sticky":false,"template":"","format":"standard","meta":{"footnotes":""},"categories":[3],"tags":[209,171,183,577,1157,273,610,165,1754,1114],"yoast_head":"<!-- This site is optimized with the Yoast SEO plugin v21.0 - https:\/\/yoast.com\/wordpress\/plugins\/seo\/ -->\n<title>Romano explique pourquoi Chelsea rappellera un jeune de 19 ans d&#039;une p\u00e9riode de pr\u00eat<\/title>\n<meta name=\"robots\" content=\"index, follow, max-snippet:-1, max-image-preview:large, max-video-preview:-1\" \/>\n<link rel=\"canonical\" href=\"https:\/\/footdavant.fr\/actualites\/romano-explique-pourquoi-chelsea-rappellera-un-jeune-de-19-ans-dune-periode-de-pret\/\" \/>\n<meta property=\"og:locale\" content=\"fr_FR\" \/>\n<meta property=\"og:type\" content=\"article\" \/>\n<meta property=\"og:title\" content=\"Romano explique pourquoi Chelsea rappellera un jeune de 19 ans d&#039;une p\u00e9riode de pr\u00eat\" \/>\n<meta property=\"og:description\" content=\"L&rsquo;expert en transferts Fabrizio Romano a d\u00e9clar\u00e9 que Chelsea avait d\u00e9cid\u00e9 de rappeler Andrey Santos de son pr\u00eat \u00e0 Nottingham Forest, car ils \u00e9taient m\u00e9contents\" \/>\n<meta property=\"og:url\" content=\"https:\/\/footdavant.fr\/actualites\/romano-explique-pourquoi-chelsea-rappellera-un-jeune-de-19-ans-dune-periode-de-pret\/\" \/>\n<meta property=\"og:site_name\" content=\"Foot d&#039;avant\" \/>\n<meta property=\"article:publisher\" content=\"https:\/\/www.facebook.com\/Footdavant\/\" \/>\n<meta property=\"article:published_time\" content=\"2023-11-30T13:49:49+00:00\" \/>\n<meta property=\"article:modified_time\" content=\"2023-11-30T13:49:50+00:00\" \/>\n<meta property=\"og:image\" content=\"https:\/\/footdavant.fr\/actualites\/wp-content\/uploads\/2023\/11\/Romano-explique-pourquoi-Chelsea-rappellera-un-jeune-de-19-ans.jpg\" \/>\n\t<meta property=\"og:image:width\" content=\"1240\" \/>\n\t<meta property=\"og:image:height\" content=\"827\" \/>\n\t<meta property=\"og:image:type\" content=\"image\/jpeg\" \/>\n<meta name=\"author\" content=\"Cl\u00e9ment\" \/>\n<meta name=\"twitter:card\" content=\"summary_large_image\" \/>\n<meta name=\"twitter:creator\" content=\"@FootdavantFr\" \/>\n<meta name=\"twitter:site\" content=\"@FootdavantFr\" \/>\n<meta name=\"twitter:label1\" content=\"\u00c9crit par\" \/>\n\t<meta name=\"twitter:data1\" content=\"Cl\u00e9ment\" \/>\n\t<meta name=\"twitter:label2\" content=\"Dur\u00e9e de lecture estim\u00e9e\" \/>\n\t<meta name=\"twitter:data2\" content=\"2 minutes\" \/>\n<script type=\"application\/ld+json\" class=\"yoast-schema-graph\">{\"@context\":\"https:\/\/schema.org\",\"@graph\":[{\"@type\":\"Article\",\"@id\":\"https:\/\/footdavant.fr\/actualites\/romano-explique-pourquoi-chelsea-rappellera-un-jeune-de-19-ans-dune-periode-de-pret\/#article\",\"isPartOf\":{\"@id\":\"https:\/\/footdavant.fr\/actualites\/romano-explique-pourquoi-chelsea-rappellera-un-jeune-de-19-ans-dune-periode-de-pret\/\"},\"author\":{\"name\":\"Cl\u00e9ment\",\"@id\":\"https:\/\/footdavant.fr\/actualites\/#\/schema\/person\/bc222566d95871b37e597b3ed3ba5e1d\"},\"headline\":\"Romano explique pourquoi Chelsea rappellera un jeune de 19 ans d&rsquo;une p\u00e9riode de pr\u00eat\",\"datePublished\":\"2023-11-30T13:49:49+00:00\",\"dateModified\":\"2023-11-30T13:49:50+00:00\",\"mainEntityOfPage\":{\"@id\":\"https:\/\/footdavant.fr\/actualites\/romano-explique-pourquoi-chelsea-rappellera-un-jeune-de-19-ans-dune-periode-de-pret\/\"},\"wordCount\":499,\"publisher\":{\"@id\":\"https:\/\/footdavant.fr\/actualites\/#organization\"},\"keywords\":[\"ans\",\"Chelsea\",\"dune\",\"explique\",\"jeune\",\"p\u00e9riode\",\"Pourquoi\",\"pr\u00eat\",\"rappellera\",\"Romano\"],\"articleSection\":[\"Football\"],\"inLanguage\":\"fr-FR\"},{\"@type\":\"WebPage\",\"@id\":\"https:\/\/footdavant.fr\/actualites\/romano-explique-pourquoi-chelsea-rappellera-un-jeune-de-19-ans-dune-periode-de-pret\/\",\"url\":\"https:\/\/footdavant.fr\/actualites\/romano-explique-pourquoi-chelsea-rappellera-un-jeune-de-19-ans-dune-periode-de-pret\/\",\"name\":\"Romano explique pourquoi Chelsea rappellera un jeune de 19 ans d'une p\u00e9riode de pr\u00eat\",\"isPartOf\":{\"@id\":\"https:\/\/footdavant.fr\/actualites\/#website\"},\"datePublished\":\"2023-11-30T13:49:49+00:00\",\"dateModified\":\"2023-11-30T13:49:50+00:00\",\"breadcrumb\":{\"@id\":\"https:\/\/footdavant.fr\/actualites\/romano-explique-pourquoi-chelsea-rappellera-un-jeune-de-19-ans-dune-periode-de-pret\/#breadcrumb\"},\"inLanguage\":\"fr-FR\",\"potentialAction\":[{\"@type\":\"ReadAction\",\"target\":[\"https:\/\/footdavant.fr\/actualites\/romano-explique-pourquoi-chelsea-rappellera-un-jeune-de-19-ans-dune-periode-de-pret\/\"]}]},{\"@type\":\"BreadcrumbList\",\"@id\":\"https:\/\/footdavant.fr\/actualites\/romano-explique-pourquoi-chelsea-rappellera-un-jeune-de-19-ans-dune-periode-de-pret\/#breadcrumb\",\"itemListElement\":[{\"@type\":\"ListItem\",\"position\":1,\"name\":\"Accueil\",\"item\":\"https:\/\/footdavant.fr\/actualites\/\"},{\"@type\":\"ListItem\",\"position\":2,\"name\":\"Romano explique pourquoi Chelsea rappellera un jeune de 19 ans d&rsquo;une p\u00e9riode de pr\u00eat\"}]},{\"@type\":\"WebSite\",\"@id\":\"https:\/\/footdavant.fr\/actualites\/#website\",\"url\":\"https:\/\/footdavant.fr\/actualites\/\",\"name\":\"Foot d'avant\",\"description\":\"\",\"publisher\":{\"@id\":\"https:\/\/footdavant.fr\/actualites\/#organization\"},\"potentialAction\":[{\"@type\":\"SearchAction\",\"target\":{\"@type\":\"EntryPoint\",\"urlTemplate\":\"https:\/\/footdavant.fr\/actualites\/?s={search_term_string}\"},\"query-input\":\"required name=search_term_string\"}],\"inLanguage\":\"fr-FR\"},{\"@type\":\"Organization\",\"@id\":\"https:\/\/footdavant.fr\/actualites\/#organization\",\"name\":\"Foot d'avant\",\"url\":\"https:\/\/footdavant.fr\/actualites\/\",\"logo\":{\"@type\":\"ImageObject\",\"inLanguage\":\"fr-FR\",\"@id\":\"https:\/\/footdavant.fr\/actualites\/#\/schema\/logo\/image\/\",\"url\":\"https:\/\/footdavant.fr\/actualites\/wp-content\/uploads\/2023\/09\/Copy-of-FootDavant-Logo.png\",\"contentUrl\":\"https:\/\/footdavant.fr\/actualites\/wp-content\/uploads\/2023\/09\/Copy-of-FootDavant-Logo.png\",\"width\":936,\"height\":549,\"caption\":\"Foot d'avant\"},\"image\":{\"@id\":\"https:\/\/footdavant.fr\/actualites\/#\/schema\/logo\/image\/\"},\"sameAs\":[\"https:\/\/www.facebook.com\/Footdavant\/\",\"https:\/\/twitter.com\/FootdavantFr\",\"https:\/\/www.instagram.com\/footdavant.fr\/\"]},{\"@type\":\"Person\",\"@id\":\"https:\/\/footdavant.fr\/actualites\/#\/schema\/person\/bc222566d95871b37e597b3ed3ba5e1d\",\"name\":\"Cl\u00e9ment\",\"image\":{\"@type\":\"ImageObject\",\"inLanguage\":\"fr-FR\",\"@id\":\"https:\/\/footdavant.fr\/actualites\/#\/schema\/person\/image\/\",\"url\":\"https:\/\/secure.gravatar.com\/avatar\/7728b29aac2719421e1a9159b2254c44?s=96&d=mm&r=g\",\"contentUrl\":\"https:\/\/secure.gravatar.com\/avatar\/7728b29aac2719421e1a9159b2254c44?s=96&d=mm&r=g\",\"caption\":\"Cl\u00e9ment\"},\"sameAs\":[\"https:\/\/footdavant.fr\/\"]}]}<\/script>\n<!-- \/ Yoast SEO plugin. -->","yoast_head_json":{"title":"Romano explique pourquoi Chelsea rappellera un jeune de 19 ans d'une p\u00e9riode de pr\u00eat","robots":{"index":"index","follow":"follow","max-snippet":"max-snippet:-1","max-image-preview":"max-image-preview:large","max-video-preview":"max-video-preview:-1"},"canonical":"https:\/\/footdavant.fr\/actualites\/romano-explique-pourquoi-chelsea-rappellera-un-jeune-de-19-ans-dune-periode-de-pret\/","og_locale":"fr_FR","og_type":"article","og_title":"Romano explique pourquoi Chelsea rappellera un jeune de 19 ans d'une p\u00e9riode de pr\u00eat","og_description":"L&rsquo;expert en transferts Fabrizio Romano a d\u00e9clar\u00e9 que Chelsea avait d\u00e9cid\u00e9 de rappeler Andrey Santos de son pr\u00eat \u00e0 Nottingham Forest, car ils \u00e9taient m\u00e9contents","og_url":"https:\/\/footdavant.fr\/actualites\/romano-explique-pourquoi-chelsea-rappellera-un-jeune-de-19-ans-dune-periode-de-pret\/","og_site_name":"Foot d&#039;avant","article_publisher":"https:\/\/www.facebook.com\/Footdavant\/","article_published_time":"2023-11-30T13:49:49+00:00","article_modified_time":"2023-11-30T13:49:50+00:00","og_image":[{"width":1240,"height":827,"url":"https:\/\/footdavant.fr\/actualites\/wp-content\/uploads\/2023\/11\/Romano-explique-pourquoi-Chelsea-rappellera-un-jeune-de-19-ans.jpg","type":"image\/jpeg"}],"author":"Cl\u00e9ment","twitter_card":"summary_large_image","twitter_creator":"@FootdavantFr","twitter_site":"@FootdavantFr","twitter_misc":{"\u00c9crit par":"Cl\u00e9ment","Dur\u00e9e de lecture estim\u00e9e":"2 minutes"},"schema":{"@context":"https:\/\/schema.org","@graph":[{"@type":"Article","@id":"https:\/\/footdavant.fr\/actualites\/romano-explique-pourquoi-chelsea-rappellera-un-jeune-de-19-ans-dune-periode-de-pret\/#article","isPartOf":{"@id":"https:\/\/footdavant.fr\/actualites\/romano-explique-pourquoi-chelsea-rappellera-un-jeune-de-19-ans-dune-periode-de-pret\/"},"author":{"name":"Cl\u00e9ment","@id":"https:\/\/footdavant.fr\/actualites\/#\/schema\/person\/bc222566d95871b37e597b3ed3ba5e1d"},"headline":"Romano explique pourquoi Chelsea rappellera un jeune de 19 ans d&rsquo;une p\u00e9riode de pr\u00eat","datePublished":"2023-11-30T13:49:49+00:00","dateModified":"2023-11-30T13:49:50+00:00","mainEntityOfPage":{"@id":"https:\/\/footdavant.fr\/actualites\/romano-explique-pourquoi-chelsea-rappellera-un-jeune-de-19-ans-dune-periode-de-pret\/"},"wordCount":499,"publisher":{"@id":"https:\/\/footdavant.fr\/actualites\/#organization"},"keywords":["ans","Chelsea","dune","explique","jeune","p\u00e9riode","Pourquoi","pr\u00eat","rappellera","Romano"],"articleSection":["Football"],"inLanguage":"fr-FR"},{"@type":"WebPage","@id":"https:\/\/footdavant.fr\/actualites\/romano-explique-pourquoi-chelsea-rappellera-un-jeune-de-19-ans-dune-periode-de-pret\/","url":"https:\/\/footdavant.fr\/actualites\/romano-explique-pourquoi-chelsea-rappellera-un-jeune-de-19-ans-dune-periode-de-pret\/","name":"Romano explique pourquoi Chelsea rappellera un jeune de 19 ans d'une p\u00e9riode de pr\u00eat","isPartOf":{"@id":"https:\/\/footdavant.fr\/actualites\/#website"},"datePublished":"2023-11-30T13:49:49+00:00","dateModified":"2023-11-30T13:49:50+00:00","breadcrumb":{"@id":"https:\/\/footdavant.fr\/actualites\/romano-explique-pourquoi-chelsea-rappellera-un-jeune-de-19-ans-dune-periode-de-pret\/#breadcrumb"},"inLanguage":"fr-FR","potentialAction":[{"@type":"ReadAction","target":["https:\/\/footdavant.fr\/actualites\/romano-explique-pourquoi-chelsea-rappellera-un-jeune-de-19-ans-dune-periode-de-pret\/"]}]},{"@type":"BreadcrumbList","@id":"https:\/\/footdavant.fr\/actualites\/romano-explique-pourquoi-chelsea-rappellera-un-jeune-de-19-ans-dune-periode-de-pret\/#breadcrumb","itemListElement":[{"@type":"ListItem","position":1,"name":"Accueil","item":"https:\/\/footdavant.fr\/actualites\/"},{"@type":"ListItem","position":2,"name":"Romano explique pourquoi Chelsea rappellera un jeune de 19 ans d&rsquo;une p\u00e9riode de pr\u00eat"}]},{"@type":"WebSite","@id":"https:\/\/footdavant.fr\/actualites\/#website","url":"https:\/\/footdavant.fr\/actualites\/","name":"Foot d'avant","description":"","publisher":{"@id":"https:\/\/footdavant.fr\/actualites\/#organization"},"potentialAction":[{"@type":"SearchAction","target":{"@type":"EntryPoint","urlTemplate":"https:\/\/footdavant.fr\/actualites\/?s={search_term_string}"},"query-input":"required name=search_term_string"}],"inLanguage":"fr-FR"},{"@type":"Organization","@id":"https:\/\/footdavant.fr\/actualites\/#organization","name":"Foot d'avant","url":"https:\/\/footdavant.fr\/actualites\/","logo":{"@type":"ImageObject","inLanguage":"fr-FR","@id":"https:\/\/footdavant.fr\/actualites\/#\/schema\/logo\/image\/","url":"https:\/\/footdavant.fr\/actualites\/wp-content\/uploads\/2023\/09\/Copy-of-FootDavant-Logo.png","contentUrl":"https:\/\/footdavant.fr\/actualites\/wp-content\/uploads\/2023\/09\/Copy-of-FootDavant-Logo.png","width":936,"height":549,"caption":"Foot d'avant"},"image":{"@id":"https:\/\/footdavant.fr\/actualites\/#\/schema\/logo\/image\/"},"sameAs":["https:\/\/www.facebook.com\/Footdavant\/","https:\/\/twitter.com\/FootdavantFr","https:\/\/www.instagram.com\/footdavant.fr\/"]},{"@type":"Person","@id":"https:\/\/footdavant.fr\/actualites\/#\/schema\/person\/bc222566d95871b37e597b3ed3ba5e1d","name":"Cl\u00e9ment","image":{"@type":"ImageObject","inLanguage":"fr-FR","@id":"https:\/\/footdavant.fr\/actualites\/#\/schema\/person\/image\/","url":"https:\/\/secure.gravatar.com\/avatar\/7728b29aac2719421e1a9159b2254c44?s=96&d=mm&r=g","contentUrl":"https:\/\/secure.gravatar.com\/avatar\/7728b29aac2719421e1a9159b2254c44?s=96&d=mm&r=g","caption":"Cl\u00e9ment"},"sameAs":["https:\/\/footdavant.fr\/"]}]}},"_links":{"self":[{"href":"https:\/\/footdavant.fr\/actualites\/wp-json\/wp\/v2\/posts\/1704"}],"collection":[{"href":"https:\/\/footdavant.fr\/actualites\/wp-json\/wp\/v2\/posts"}],"about":[{"href":"https:\/\/footdavant.fr\/actualites\/wp-json\/wp\/v2\/types\/post"}],"author":[{"embeddable":true,"href":"https:\/\/footdavant.fr\/actualites\/wp-json\/wp\/v2\/users\/1"}],"replies":[{"embeddable":true,"href":"https:\/\/footdavant.fr\/actualites\/wp-json\/wp\/v2\/comments?post=1704"}],"version-history":[{"count":1,"href":"https:\/\/footdavant.fr\/actualites\/wp-json\/wp\/v2\/posts\/1704\/revisions"}],"predecessor-version":[{"id":1706,"href":"https:\/\/footdavant.fr\/actualites\/wp-json\/wp\/v2\/posts\/1704\/revisions\/1706"}],"wp:featuredmedia":[{"embeddable":true,"href":"https:\/\/footdavant.fr\/actualites\/wp-json\/wp\/v2\/media\/1705"}],"wp:attachment":[{"href":"https:\/\/footdavant.fr\/actualites\/wp-json\/wp\/v2\/media?parent=1704"}],"wp:term":[{"taxonomy":"category","embeddable":true,"href":"https:\/\/footdavant.fr\/actualites\/wp-json\/wp\/v2\/categories?post=1704"},{"taxonomy":"post_tag","embeddable":true,"href":"https:\/\/footdavant.fr\/actualites\/wp-json\/wp\/v2\/tags?post=1704"}],"curies":[{"name":"wp","href":"https:\/\/api.w.org\/{rel}","templated":true}]}}