{"id":17054,"date":"2024-12-05T06:48:15","date_gmt":"2024-12-05T05:48:15","guid":{"rendered":"https:\/\/footdavant.fr\/actualites\/man-city-dans-une-lutte-a-quatre-pour-recruter-un-defenseur-historique-de-la-liga-de-18-ans\/"},"modified":"2024-12-05T06:48:16","modified_gmt":"2024-12-05T05:48:16","slug":"man-city-dans-une-lutte-a-quatre-pour-recruter-un-defenseur-historique-de-la-liga-de-18-ans","status":"publish","type":"post","link":"https:\/\/footdavant.fr\/actualites\/man-city-dans-une-lutte-a-quatre-pour-recruter-un-defenseur-historique-de-la-liga-de-18-ans\/","title":{"rendered":"Man City \u00ab dans une lutte \u00e0 quatre \u00bb pour recruter un d\u00e9fenseur historique de la Liga de 18 ans"},"content":{"rendered":"<p>Manchester City est l&#39;un des quatre clubs de Premier League qui surveillent les performances de Juma Bah, un d\u00e9fenseur central de 18 ans actuellement pr\u00eat\u00e9 au Real Valladolid.<\/p>\n<div id=\"article_body\" itemprop=\"articleBody\">\n<h3 class=\"firstPara\">\n<strong class=\"autotag\">Manchester City<\/strong> auraient ajout\u00e9 un jeune de 18 ans <strong class=\"autotag\">Real Valladolid<\/strong> prot\u00e9g\u00e9 <strong class=\"autotag\">Juma Bah<\/strong> \u00e0 leur liste de renforts d\u00e9fensifs potentiels pour l\u2019\u00e9t\u00e9 2025.<\/h3>\n<p><strong class=\"autotag\">Pep Guardiola<\/strong>l&#39;arri\u00e8re-garde souffre d&#39;une crise de confiance \u00e0 l&#39;approche <strong>Superproduction de dimanche en Premier League contre Liverpool<\/strong>o\u00f9 les champions pourraient perdre 11 points derri\u00e8re les Reds en <strong>tableau de haut niveau<\/strong>.<\/p>\n<p>City se rend \u00e0 Anfield apr\u00e8s avoir subi une premi\u00e8re Ligue des champions non d\u00e9sir\u00e9e, devenant ainsi la seule \u00e9quipe de l&#39;histoire de la comp\u00e9tition \u00e0 perdre une avance de trois buts dans les 15 derni\u00e8res minutes d&#39;un match alors que Feyenoord repartait avec un but. <strong>nul 3-3<\/strong>.<\/p>\n<p>Cette impasse est survenue quelques jours apr\u00e8s un <strong>Humiliation 4-0 \u00e0 domicile face \u00e0 Tottenham Hotspur<\/strong>et City est d\u00e9sormais sans victoire ni sans cage depuis fin octobre.<\/p>\n<p>Les champions en titre de la Premier League ont encaiss\u00e9 au moins deux fois \u00e0 chaque match au cours de leur s\u00e9quence de six matches sans victoire, et <strong>Guardiola a sugg\u00e9r\u00e9 qu&#39;une refonte de l&#39;\u00e9quipe pourrait \u00eatre de mise<\/strong> en 2025 au milieu de leur effondrement impr\u00e9vu.<\/p>\n<h2 class=\"k3\">Man City va-t-il faire bouger Bah en janvier ?<\/h2>\n<p class=\"imgI\">\n<p>Selon <em>Le Soleil<\/em>la starlette de Valladolid, Bah, 18 ans, a attir\u00e9 l&#39;attention des dirigeants de la ville, et le club n&#39;a pas exclu de faire une d\u00e9marche pour l&#39;adolescent \u00e0 l&#39;ouverture de la fen\u00eatre de janvier.<\/p>\n<p>Bah n&#39;est pr\u00eat\u00e9 \u00e0 Valladolid que par l&#39;\u00e9quipe sierra-l\u00e9onaise AIK Freetong, mais tout indique qu&#39;il sera transf\u00e9r\u00e9 d\u00e9finitivement dans un club europ\u00e9en l&#39;ann\u00e9e prochaine apr\u00e8s s&#39;\u00eatre parfaitement adapt\u00e9 au football de la Liga.<\/p>\n<p>Le d\u00e9fenseur de 6 pieds 5 pouces a d\u00e9j\u00e0 fait huit apparitions pour le Real Valladolid toutes comp\u00e9titions confondues cette saison, dont six titularisations en Liga, et il a \u00e9t\u00e9 appel\u00e9 dans l&#39;\u00e9quipe de Sierra Leone \u00e0 trois reprises.<\/p>\n<p>Bah n&#39;a pas encore fait ses d\u00e9buts seniors pour son pays, mais une premi\u00e8re apparition pour les Leone Stars sera en pr\u00e9paration s&#39;il continue \u00e0 gagner des minutes r\u00e9guli\u00e8res dans l&#39;\u00e9lite espagnole.<\/p>\n<p>Bah a aid\u00e9 le Real Valladolid \u00e0 garder sa cage inviol\u00e9e contre la Real Sociedad lors de ses d\u00e9buts en Liga en septembre, lorsqu&#39;il est devenu le premier joueur de Sierra Leone \u00e0 faire une apparition dans la comp\u00e9tition.<\/p>\n<h2 class=\"k3\">City dans une lutte \u00e0 quatre pour signer Bah en janvier ?<\/h2>\n<p class=\"imgI\"><img decoding=\"async\" loading=\"lazy\" class=\"l\" src=\"https:\/\/footdavant.fr\/actualites\/wp-content\/uploads\/2024\/12\/1733377695_854_Man-City-dans-une-lutte-a-quatre-pour.jpg\" title=\"Erling Haaland de Manchester City fait la f\u00eate avec Matheus Nunes le 26 novembre 2024\" alt=\"Erling Haaland de Manchester City fait la f\u00eate avec Matheus Nunes le 26 novembre 2024\" width=\"640\" height=\"480\"><\/p>\n<p>City n&#39;est apparemment pas seul \u00e0 poursuivre Bah, comme le montre <strong class=\"autotag\">Newcastle United<\/strong>, <strong class=\"autotag\">Everton<\/strong> et <strong class=\"autotag\">Palais de Cristal<\/strong> On dit \u00e9galement qu&#39;ils ont pris go\u00fbt \u00e0 l&#39;imposant d\u00e9fenseur adolescent.<\/p>\n<p>Pour le moment, Guardiola devra composer avec <strong class=\"autotag\">Rub\u00e9n Dias<\/strong>, <strong class=\"autotag\">Manuel Akanji<\/strong>, <strong class=\"autotag\">John Pierres<\/strong> et <strong class=\"autotag\">Nathan Ak\u00e9<\/strong> comme ses options centrales seniors, en plus des jeunes <strong class=\"autotag\">Jahmai Simpson-Pusey<\/strong>.<\/p>\n<p>Dias \u00e9tait de retour sur le banc contre Feyenoord suite \u00e0 une blessure au mollet et <strong>a \u00e9t\u00e9 pressenti pour revenir dans la formation de d\u00e9part<\/strong> pour le blockbuster de dimanche contre Liverpool, qui <strong class=\"autotag\">Rodri<\/strong>, <strong class=\"autotag\">Oscar Bob<\/strong> et <strong class=\"autotag\">Mateo Kovacic<\/strong> tous manqueront \u00e0 cause d&#39;une blessure.<\/p>\n<p>L&#39;absence de Rodri pendant toute la saison en raison d&#39;un probl\u00e8me au LCA a \u00e9galement accru les sp\u00e9culations selon lesquelles City pourrait essayer de recruter un nouveau milieu de terrain en janvier, et le transfert de la Real Sociedad <strong class=\"autotag\">Martin Zubimendi<\/strong> On dit qu&#39;il figure en t\u00eate de leur liste.<\/p>\n<p>Le Palais de Cristal <strong class=\"autotag\">Adam Wharton<\/strong>Atalanta BC <strong class=\"autotag\">Ederson<\/strong> et celui de Turin <strong class=\"autotag\">Samuele Ricci<\/strong> ont \u00e9t\u00e9 mentionn\u00e9s comme options alternatives pour les Citizens, qui commencent la journ\u00e9e troisi\u00e8mes du classement de Premier League apr\u00e8s <strong>Victoire d&#39;Arsenal 5-2 contre West Ham United<\/strong> Samedi.<\/p>\n<div class=\"author_box\">\n<div class=\"author_box_banner\">\n<img decoding=\"async\" class=\"author_img\" src=\"https:\/\/footdavant.fr\/actualites\/wp-content\/uploads\/2024\/12\/1733377695_55_Man-City-dans-une-lutte-a-quatre-pour.jpg\"><\/p>\n<\/div>\n<\/div>\n<\/div>\n","protected":false},"excerpt":{"rendered":"<p>Manchester City est l&#39;un des quatre clubs de Premier League qui surveillent les performances de Juma Bah, un d\u00e9fenseur central de 18 ans actuellement pr\u00eat\u00e9<\/p>\n","protected":false},"author":1,"featured_media":17055,"comment_status":"closed","ping_status":"","sticky":false,"template":"","format":"standard","meta":{"footnotes":""},"categories":[5],"tags":[209,27,19,928,2071,1704,7244,24,51,373,1284,92],"yoast_head":"<!-- This site is optimized with the Yoast SEO plugin v21.0 - https:\/\/yoast.com\/wordpress\/plugins\/seo\/ -->\n<title>Man City \u00ab dans une lutte \u00e0 quatre \u00bb pour recruter un d\u00e9fenseur historique de la Liga de 18 ans<\/title>\n<meta name=\"robots\" content=\"index, follow, max-snippet:-1, max-image-preview:large, max-video-preview:-1\" \/>\n<link rel=\"canonical\" href=\"https:\/\/footdavant.fr\/actualites\/man-city-dans-une-lutte-a-quatre-pour-recruter-un-defenseur-historique-de-la-liga-de-18-ans\/\" \/>\n<meta property=\"og:locale\" content=\"fr_FR\" \/>\n<meta property=\"og:type\" content=\"article\" \/>\n<meta property=\"og:title\" content=\"Man City \u00ab dans une lutte \u00e0 quatre \u00bb pour recruter un d\u00e9fenseur historique de la Liga de 18 ans\" \/>\n<meta property=\"og:description\" content=\"Manchester City est l&#039;un des quatre clubs de Premier League qui surveillent les performances de Juma Bah, un d\u00e9fenseur central de 18 ans actuellement pr\u00eat\u00e9\" \/>\n<meta property=\"og:url\" content=\"https:\/\/footdavant.fr\/actualites\/man-city-dans-une-lutte-a-quatre-pour-recruter-un-defenseur-historique-de-la-liga-de-18-ans\/\" \/>\n<meta property=\"og:site_name\" content=\"Foot d&#039;avant\" \/>\n<meta property=\"article:publisher\" content=\"https:\/\/www.facebook.com\/Footdavant\/\" \/>\n<meta property=\"article:published_time\" content=\"2024-12-05T05:48:15+00:00\" \/>\n<meta property=\"article:modified_time\" content=\"2024-12-05T05:48:16+00:00\" \/>\n<meta property=\"og:image\" content=\"https:\/\/footdavant.fr\/actualites\/wp-content\/uploads\/2024\/12\/Man-City-dans-une-lutte-a-quatre-pour.jpg\" \/>\n\t<meta property=\"og:image:width\" content=\"640\" \/>\n\t<meta property=\"og:image:height\" content=\"480\" \/>\n\t<meta property=\"og:image:type\" content=\"image\/jpeg\" \/>\n<meta name=\"author\" content=\"Cl\u00e9ment\" \/>\n<meta name=\"twitter:card\" content=\"summary_large_image\" \/>\n<meta name=\"twitter:creator\" content=\"@FootdavantFr\" \/>\n<meta name=\"twitter:site\" content=\"@FootdavantFr\" \/>\n<meta name=\"twitter:label1\" content=\"\u00c9crit par\" \/>\n\t<meta name=\"twitter:data1\" content=\"Cl\u00e9ment\" \/>\n\t<meta name=\"twitter:label2\" content=\"Dur\u00e9e de lecture estim\u00e9e\" \/>\n\t<meta name=\"twitter:data2\" content=\"3 minutes\" \/>\n<script type=\"application\/ld+json\" class=\"yoast-schema-graph\">{\"@context\":\"https:\/\/schema.org\",\"@graph\":[{\"@type\":\"Article\",\"@id\":\"https:\/\/footdavant.fr\/actualites\/man-city-dans-une-lutte-a-quatre-pour-recruter-un-defenseur-historique-de-la-liga-de-18-ans\/#article\",\"isPartOf\":{\"@id\":\"https:\/\/footdavant.fr\/actualites\/man-city-dans-une-lutte-a-quatre-pour-recruter-un-defenseur-historique-de-la-liga-de-18-ans\/\"},\"author\":{\"name\":\"Cl\u00e9ment\",\"@id\":\"https:\/\/footdavant.fr\/actualites\/#\/schema\/person\/bc222566d95871b37e597b3ed3ba5e1d\"},\"headline\":\"Man City \u00ab dans une lutte \u00e0 quatre \u00bb pour recruter un d\u00e9fenseur historique de la Liga de 18 ans\",\"datePublished\":\"2024-12-05T05:48:15+00:00\",\"dateModified\":\"2024-12-05T05:48:16+00:00\",\"mainEntityOfPage\":{\"@id\":\"https:\/\/footdavant.fr\/actualites\/man-city-dans-une-lutte-a-quatre-pour-recruter-un-defenseur-historique-de-la-liga-de-18-ans\/\"},\"wordCount\":666,\"publisher\":{\"@id\":\"https:\/\/footdavant.fr\/actualites\/#organization\"},\"keywords\":[\"ans\",\"City\",\"dans\",\"d\u00e9fenseur\",\"historique\",\"Liga\",\"lutte\",\"Man\",\"pour\",\"quatre\",\"recruter\",\"une\"],\"articleSection\":[\"Premier League\"],\"inLanguage\":\"fr-FR\"},{\"@type\":\"WebPage\",\"@id\":\"https:\/\/footdavant.fr\/actualites\/man-city-dans-une-lutte-a-quatre-pour-recruter-un-defenseur-historique-de-la-liga-de-18-ans\/\",\"url\":\"https:\/\/footdavant.fr\/actualites\/man-city-dans-une-lutte-a-quatre-pour-recruter-un-defenseur-historique-de-la-liga-de-18-ans\/\",\"name\":\"Man City \u00ab dans une lutte \u00e0 quatre \u00bb pour recruter un d\u00e9fenseur historique de la Liga de 18 ans\",\"isPartOf\":{\"@id\":\"https:\/\/footdavant.fr\/actualites\/#website\"},\"datePublished\":\"2024-12-05T05:48:15+00:00\",\"dateModified\":\"2024-12-05T05:48:16+00:00\",\"breadcrumb\":{\"@id\":\"https:\/\/footdavant.fr\/actualites\/man-city-dans-une-lutte-a-quatre-pour-recruter-un-defenseur-historique-de-la-liga-de-18-ans\/#breadcrumb\"},\"inLanguage\":\"fr-FR\",\"potentialAction\":[{\"@type\":\"ReadAction\",\"target\":[\"https:\/\/footdavant.fr\/actualites\/man-city-dans-une-lutte-a-quatre-pour-recruter-un-defenseur-historique-de-la-liga-de-18-ans\/\"]}]},{\"@type\":\"BreadcrumbList\",\"@id\":\"https:\/\/footdavant.fr\/actualites\/man-city-dans-une-lutte-a-quatre-pour-recruter-un-defenseur-historique-de-la-liga-de-18-ans\/#breadcrumb\",\"itemListElement\":[{\"@type\":\"ListItem\",\"position\":1,\"name\":\"Accueil\",\"item\":\"https:\/\/footdavant.fr\/actualites\/\"},{\"@type\":\"ListItem\",\"position\":2,\"name\":\"Man City \u00ab dans une lutte \u00e0 quatre \u00bb pour recruter un d\u00e9fenseur historique de la Liga de 18 ans\"}]},{\"@type\":\"WebSite\",\"@id\":\"https:\/\/footdavant.fr\/actualites\/#website\",\"url\":\"https:\/\/footdavant.fr\/actualites\/\",\"name\":\"Foot d'avant\",\"description\":\"\",\"publisher\":{\"@id\":\"https:\/\/footdavant.fr\/actualites\/#organization\"},\"potentialAction\":[{\"@type\":\"SearchAction\",\"target\":{\"@type\":\"EntryPoint\",\"urlTemplate\":\"https:\/\/footdavant.fr\/actualites\/?s={search_term_string}\"},\"query-input\":\"required name=search_term_string\"}],\"inLanguage\":\"fr-FR\"},{\"@type\":\"Organization\",\"@id\":\"https:\/\/footdavant.fr\/actualites\/#organization\",\"name\":\"Foot d'avant\",\"url\":\"https:\/\/footdavant.fr\/actualites\/\",\"logo\":{\"@type\":\"ImageObject\",\"inLanguage\":\"fr-FR\",\"@id\":\"https:\/\/footdavant.fr\/actualites\/#\/schema\/logo\/image\/\",\"url\":\"https:\/\/footdavant.fr\/actualites\/wp-content\/uploads\/2023\/09\/Copy-of-FootDavant-Logo.png\",\"contentUrl\":\"https:\/\/footdavant.fr\/actualites\/wp-content\/uploads\/2023\/09\/Copy-of-FootDavant-Logo.png\",\"width\":936,\"height\":549,\"caption\":\"Foot d'avant\"},\"image\":{\"@id\":\"https:\/\/footdavant.fr\/actualites\/#\/schema\/logo\/image\/\"},\"sameAs\":[\"https:\/\/www.facebook.com\/Footdavant\/\",\"https:\/\/twitter.com\/FootdavantFr\",\"https:\/\/www.instagram.com\/footdavant.fr\/\"]},{\"@type\":\"Person\",\"@id\":\"https:\/\/footdavant.fr\/actualites\/#\/schema\/person\/bc222566d95871b37e597b3ed3ba5e1d\",\"name\":\"Cl\u00e9ment\",\"image\":{\"@type\":\"ImageObject\",\"inLanguage\":\"fr-FR\",\"@id\":\"https:\/\/footdavant.fr\/actualites\/#\/schema\/person\/image\/\",\"url\":\"https:\/\/secure.gravatar.com\/avatar\/7728b29aac2719421e1a9159b2254c44?s=96&d=mm&r=g\",\"contentUrl\":\"https:\/\/secure.gravatar.com\/avatar\/7728b29aac2719421e1a9159b2254c44?s=96&d=mm&r=g\",\"caption\":\"Cl\u00e9ment\"},\"sameAs\":[\"https:\/\/footdavant.fr\/\"]}]}<\/script>\n<!-- \/ Yoast SEO plugin. -->","yoast_head_json":{"title":"Man City \u00ab dans une lutte \u00e0 quatre \u00bb pour recruter un d\u00e9fenseur historique de la Liga de 18 ans","robots":{"index":"index","follow":"follow","max-snippet":"max-snippet:-1","max-image-preview":"max-image-preview:large","max-video-preview":"max-video-preview:-1"},"canonical":"https:\/\/footdavant.fr\/actualites\/man-city-dans-une-lutte-a-quatre-pour-recruter-un-defenseur-historique-de-la-liga-de-18-ans\/","og_locale":"fr_FR","og_type":"article","og_title":"Man City \u00ab dans une lutte \u00e0 quatre \u00bb pour recruter un d\u00e9fenseur historique de la Liga de 18 ans","og_description":"Manchester City est l&#39;un des quatre clubs de Premier League qui surveillent les performances de Juma Bah, un d\u00e9fenseur central de 18 ans actuellement pr\u00eat\u00e9","og_url":"https:\/\/footdavant.fr\/actualites\/man-city-dans-une-lutte-a-quatre-pour-recruter-un-defenseur-historique-de-la-liga-de-18-ans\/","og_site_name":"Foot d&#039;avant","article_publisher":"https:\/\/www.facebook.com\/Footdavant\/","article_published_time":"2024-12-05T05:48:15+00:00","article_modified_time":"2024-12-05T05:48:16+00:00","og_image":[{"width":640,"height":480,"url":"https:\/\/footdavant.fr\/actualites\/wp-content\/uploads\/2024\/12\/Man-City-dans-une-lutte-a-quatre-pour.jpg","type":"image\/jpeg"}],"author":"Cl\u00e9ment","twitter_card":"summary_large_image","twitter_creator":"@FootdavantFr","twitter_site":"@FootdavantFr","twitter_misc":{"\u00c9crit par":"Cl\u00e9ment","Dur\u00e9e de lecture estim\u00e9e":"3 minutes"},"schema":{"@context":"https:\/\/schema.org","@graph":[{"@type":"Article","@id":"https:\/\/footdavant.fr\/actualites\/man-city-dans-une-lutte-a-quatre-pour-recruter-un-defenseur-historique-de-la-liga-de-18-ans\/#article","isPartOf":{"@id":"https:\/\/footdavant.fr\/actualites\/man-city-dans-une-lutte-a-quatre-pour-recruter-un-defenseur-historique-de-la-liga-de-18-ans\/"},"author":{"name":"Cl\u00e9ment","@id":"https:\/\/footdavant.fr\/actualites\/#\/schema\/person\/bc222566d95871b37e597b3ed3ba5e1d"},"headline":"Man City \u00ab dans une lutte \u00e0 quatre \u00bb pour recruter un d\u00e9fenseur historique de la Liga de 18 ans","datePublished":"2024-12-05T05:48:15+00:00","dateModified":"2024-12-05T05:48:16+00:00","mainEntityOfPage":{"@id":"https:\/\/footdavant.fr\/actualites\/man-city-dans-une-lutte-a-quatre-pour-recruter-un-defenseur-historique-de-la-liga-de-18-ans\/"},"wordCount":666,"publisher":{"@id":"https:\/\/footdavant.fr\/actualites\/#organization"},"keywords":["ans","City","dans","d\u00e9fenseur","historique","Liga","lutte","Man","pour","quatre","recruter","une"],"articleSection":["Premier League"],"inLanguage":"fr-FR"},{"@type":"WebPage","@id":"https:\/\/footdavant.fr\/actualites\/man-city-dans-une-lutte-a-quatre-pour-recruter-un-defenseur-historique-de-la-liga-de-18-ans\/","url":"https:\/\/footdavant.fr\/actualites\/man-city-dans-une-lutte-a-quatre-pour-recruter-un-defenseur-historique-de-la-liga-de-18-ans\/","name":"Man City \u00ab dans une lutte \u00e0 quatre \u00bb pour recruter un d\u00e9fenseur historique de la Liga de 18 ans","isPartOf":{"@id":"https:\/\/footdavant.fr\/actualites\/#website"},"datePublished":"2024-12-05T05:48:15+00:00","dateModified":"2024-12-05T05:48:16+00:00","breadcrumb":{"@id":"https:\/\/footdavant.fr\/actualites\/man-city-dans-une-lutte-a-quatre-pour-recruter-un-defenseur-historique-de-la-liga-de-18-ans\/#breadcrumb"},"inLanguage":"fr-FR","potentialAction":[{"@type":"ReadAction","target":["https:\/\/footdavant.fr\/actualites\/man-city-dans-une-lutte-a-quatre-pour-recruter-un-defenseur-historique-de-la-liga-de-18-ans\/"]}]},{"@type":"BreadcrumbList","@id":"https:\/\/footdavant.fr\/actualites\/man-city-dans-une-lutte-a-quatre-pour-recruter-un-defenseur-historique-de-la-liga-de-18-ans\/#breadcrumb","itemListElement":[{"@type":"ListItem","position":1,"name":"Accueil","item":"https:\/\/footdavant.fr\/actualites\/"},{"@type":"ListItem","position":2,"name":"Man City \u00ab dans une lutte \u00e0 quatre \u00bb pour recruter un d\u00e9fenseur historique de la Liga de 18 ans"}]},{"@type":"WebSite","@id":"https:\/\/footdavant.fr\/actualites\/#website","url":"https:\/\/footdavant.fr\/actualites\/","name":"Foot d'avant","description":"","publisher":{"@id":"https:\/\/footdavant.fr\/actualites\/#organization"},"potentialAction":[{"@type":"SearchAction","target":{"@type":"EntryPoint","urlTemplate":"https:\/\/footdavant.fr\/actualites\/?s={search_term_string}"},"query-input":"required name=search_term_string"}],"inLanguage":"fr-FR"},{"@type":"Organization","@id":"https:\/\/footdavant.fr\/actualites\/#organization","name":"Foot d'avant","url":"https:\/\/footdavant.fr\/actualites\/","logo":{"@type":"ImageObject","inLanguage":"fr-FR","@id":"https:\/\/footdavant.fr\/actualites\/#\/schema\/logo\/image\/","url":"https:\/\/footdavant.fr\/actualites\/wp-content\/uploads\/2023\/09\/Copy-of-FootDavant-Logo.png","contentUrl":"https:\/\/footdavant.fr\/actualites\/wp-content\/uploads\/2023\/09\/Copy-of-FootDavant-Logo.png","width":936,"height":549,"caption":"Foot d'avant"},"image":{"@id":"https:\/\/footdavant.fr\/actualites\/#\/schema\/logo\/image\/"},"sameAs":["https:\/\/www.facebook.com\/Footdavant\/","https:\/\/twitter.com\/FootdavantFr","https:\/\/www.instagram.com\/footdavant.fr\/"]},{"@type":"Person","@id":"https:\/\/footdavant.fr\/actualites\/#\/schema\/person\/bc222566d95871b37e597b3ed3ba5e1d","name":"Cl\u00e9ment","image":{"@type":"ImageObject","inLanguage":"fr-FR","@id":"https:\/\/footdavant.fr\/actualites\/#\/schema\/person\/image\/","url":"https:\/\/secure.gravatar.com\/avatar\/7728b29aac2719421e1a9159b2254c44?s=96&d=mm&r=g","contentUrl":"https:\/\/secure.gravatar.com\/avatar\/7728b29aac2719421e1a9159b2254c44?s=96&d=mm&r=g","caption":"Cl\u00e9ment"},"sameAs":["https:\/\/footdavant.fr\/"]}]}},"_links":{"self":[{"href":"https:\/\/footdavant.fr\/actualites\/wp-json\/wp\/v2\/posts\/17054"}],"collection":[{"href":"https:\/\/footdavant.fr\/actualites\/wp-json\/wp\/v2\/posts"}],"about":[{"href":"https:\/\/footdavant.fr\/actualites\/wp-json\/wp\/v2\/types\/post"}],"author":[{"embeddable":true,"href":"https:\/\/footdavant.fr\/actualites\/wp-json\/wp\/v2\/users\/1"}],"replies":[{"embeddable":true,"href":"https:\/\/footdavant.fr\/actualites\/wp-json\/wp\/v2\/comments?post=17054"}],"version-history":[{"count":1,"href":"https:\/\/footdavant.fr\/actualites\/wp-json\/wp\/v2\/posts\/17054\/revisions"}],"predecessor-version":[{"id":17056,"href":"https:\/\/footdavant.fr\/actualites\/wp-json\/wp\/v2\/posts\/17054\/revisions\/17056"}],"wp:featuredmedia":[{"embeddable":true,"href":"https:\/\/footdavant.fr\/actualites\/wp-json\/wp\/v2\/media\/17055"}],"wp:attachment":[{"href":"https:\/\/footdavant.fr\/actualites\/wp-json\/wp\/v2\/media?parent=17054"}],"wp:term":[{"taxonomy":"category","embeddable":true,"href":"https:\/\/footdavant.fr\/actualites\/wp-json\/wp\/v2\/categories?post=17054"},{"taxonomy":"post_tag","embeddable":true,"href":"https:\/\/footdavant.fr\/actualites\/wp-json\/wp\/v2\/tags?post=17054"}],"curies":[{"name":"wp","href":"https:\/\/api.w.org\/{rel}","templated":true}]}}