{"id":17058,"date":"2024-12-05T10:48:14","date_gmt":"2024-12-05T09:48:14","guid":{"rendered":"https:\/\/footdavant.fr\/actualites\/nouvelles-de-lequipe-de-chelsea-enzo-maresca-nomme-une-formation-peu-orthodoxe-pour-le-match-contre-aston-villa\/"},"modified":"2024-12-05T10:48:15","modified_gmt":"2024-12-05T09:48:15","slug":"nouvelles-de-lequipe-de-chelsea-enzo-maresca-nomme-une-formation-peu-orthodoxe-pour-le-match-contre-aston-villa","status":"publish","type":"post","link":"https:\/\/footdavant.fr\/actualites\/nouvelles-de-lequipe-de-chelsea-enzo-maresca-nomme-une-formation-peu-orthodoxe-pour-le-match-contre-aston-villa\/","title":{"rendered":"Nouvelles de l\u2019\u00e9quipe de Chelsea : Enzo Maresca nomme une formation peu orthodoxe pour le match contre Aston Villa"},"content":{"rendered":"<p>Enzo Maresca nomme apparemment un Chelsea XI peu orthodoxe pour le match de Premier League de dimanche contre Aston Villa.<\/p>\n<div id=\"article_body\" itemprop=\"articleBody\">\n<h3 class=\"firstPara\">\n<strong class=\"autotag\">Enzo Maresca<\/strong> a apparemment choisi un choix peu orthodoxe <strong class=\"autotag\">Chelsea<\/strong> XI pour le match de Premier League de dimanche contre <strong class=\"autotag\">Villa Aston<\/strong>.<\/h3>\n<p>L&#39;Italien a souvent jou\u00e9 avec des arri\u00e8res lat\u00e9raux invers\u00e9s au cours de son court r\u00e8gne, mais a rarement d\u00e9but\u00e9 avec seulement trois d\u00e9fenseurs purs et durs.<\/p>\n<p><strong class=\"autotag\">Wesley Fofana<\/strong>, <strong class=\"autotag\">Levi Colwill<\/strong> et <strong class=\"autotag\">Marc Cucurella<\/strong> sont en lice pour figurer dans une d\u00e9fense \u00e0 trois, avec deux ailiers apparemment d\u00e9ploy\u00e9s comme arri\u00e8res lat\u00e9raux.<\/p>\n<p><strong class=\"autotag\">Pedro Neto<\/strong>qui n&#39;a pas jou\u00e9 depuis la tr\u00eave internationale, et <strong class=\"autotag\">Jadon Sancho<\/strong>fra\u00eechement sorti de son impressionnante sortie \u00e0 Heidenheim jeudi, a obtenu le feu vert.<\/p>\n<p>Pour la premi\u00e8re fois depuis les premi\u00e8res semaines de la saison, le trio de <strong class=\"autotag\">Mo\u00efse Caicedo<\/strong>, <strong class=\"autotag\">Rom\u00e9o Lavia<\/strong> et <strong class=\"autotag\">Enzo Fern\u00e1ndez<\/strong> sont tous s\u00e9lectionn\u00e9s dans la salle des machines.<\/p>\n<p>Cela semble partir <strong class=\"autotag\">Cole Palmer<\/strong> jouant un r\u00f4le libre derri\u00e8re <strong class=\"autotag\">Nicolas Jackson<\/strong> dans le dernier tiers, avec <strong class=\"autotag\">Malo Gusto<\/strong>, <strong class=\"autotag\">Noni Madueke<\/strong> et <strong class=\"autotag\">Jo\u00e3o F\u00e9lix<\/strong> parmi ceux qui ont rat\u00e9 la s\u00e9lection.<\/p>\n<p>Si Maresca opte pour une d\u00e9fense \u00e0 quatre, Caicedo pourrait \u00eatre utilis\u00e9 \u00e0 l&#39;arri\u00e8re droit, mais sa forme au milieu de terrain cette saison sugg\u00e8re qu&#39;une telle d\u00e9cision est peu probable.<\/p>\n<p class=\"imgI\">\n<h2 class=\"k3\">La villa fait deux changements<\/h2>\n<p>Entre-temps, <strong class=\"autotag\">Unai Emery<\/strong> n&#39;a apport\u00e9 que deux changements \u00e0 sa Villa XI depuis le match nul et vierge contre la Juventus en milieu de semaine.<\/p>\n<p><strong class=\"autotag\">Ezri Konsa<\/strong> est pr\u00e9f\u00e9r\u00e9 \u00e0 <strong class=\"autotag\">Diego Carlos<\/strong> au centre de la d\u00e9fense, tandis que <strong class=\"autotag\">Jaden Philog\u00e8ne<\/strong> est fourni avec un d\u00e9part avant <strong class=\"autotag\">L\u00e9on Bailey<\/strong> sur le flanc droit.<\/p>\n<p><strong class=\"autotag\">Amadou Onana<\/strong> manque une place sur le banc des rempla\u00e7ants bien qu&#39;il ait progress\u00e9 dans sa convalescence apr\u00e8s une blessure contract\u00e9e pendant la tr\u00eave internationale.<\/p>\n<p><strong>Chelsea XI\u00a0:<\/strong> S\u00e1nchez\u00a0; Fofana, Colwill, Cucurella; Neto, Caicedo, Lavia, Fern\u00e1ndez, Sancho\u00a0; Palmer, Jackson<br \/><strong>Sous-marins\u00a0:<\/strong> Jorgensen, Tosin, Badiashile, Veiga, Gusto, Madueke, Mudryk, Felix, Nkunku<\/p>\n<p><strong>Aston Villa XI\u00a0:<\/strong> Martinez\u00a0; Cash, Konsa, Torres, Digne ; Philog\u00e8ne, Tielemans, Kamara, McGinn\u00a0; Rogers\u00a0; Watkins<br \/><strong>Sous-marins\u00a0:<\/strong> Olsen, Diego Carlos, Mings, Maatsen, Bogarde, Barkley, Buendia, Bailey, Duran<\/p>\n<div class=\"author_box\">\n<div class=\"author_box_banner\">\n<img decoding=\"async\" class=\"author_img\" src=\"https:\/\/footdavant.fr\/actualites\/wp-content\/uploads\/2024\/12\/1733392094_387_Nouvelles-de-lequipe-de-Chelsea-Enzo-Maresca-nomme-une.jpg\"><\/p>\n<\/div>\n<\/div>\n<\/div>\n","protected":false},"excerpt":{"rendered":"<p>Enzo Maresca nomme apparemment un Chelsea XI peu orthodoxe pour le match de Premier League de dimanche contre Aston Villa. Enzo Maresca a apparemment choisi<\/p>\n","protected":false},"author":1,"featured_media":17059,"comment_status":"closed","ping_status":"","sticky":false,"template":"","format":"standard","meta":{"footnotes":""},"categories":[5],"tags":[369,171,20,1806,660,9,5107,257,1220,461,7247,1776,51,92,370],"yoast_head":"<!-- This site is optimized with the Yoast SEO plugin v21.0 - https:\/\/yoast.com\/wordpress\/plugins\/seo\/ -->\n<title>Nouvelles de l\u2019\u00e9quipe de Chelsea : Enzo Maresca nomme une formation peu orthodoxe pour le match contre Aston Villa<\/title>\n<meta name=\"robots\" content=\"index, follow, max-snippet:-1, max-image-preview:large, max-video-preview:-1\" \/>\n<link rel=\"canonical\" href=\"https:\/\/footdavant.fr\/actualites\/nouvelles-de-lequipe-de-chelsea-enzo-maresca-nomme-une-formation-peu-orthodoxe-pour-le-match-contre-aston-villa\/\" \/>\n<meta property=\"og:locale\" content=\"fr_FR\" \/>\n<meta property=\"og:type\" content=\"article\" \/>\n<meta property=\"og:title\" content=\"Nouvelles de l\u2019\u00e9quipe de Chelsea : Enzo Maresca nomme une formation peu orthodoxe pour le match contre Aston Villa\" \/>\n<meta property=\"og:description\" content=\"Enzo Maresca nomme apparemment un Chelsea XI peu orthodoxe pour le match de Premier League de dimanche contre Aston Villa. Enzo Maresca a apparemment choisi\" \/>\n<meta property=\"og:url\" content=\"https:\/\/footdavant.fr\/actualites\/nouvelles-de-lequipe-de-chelsea-enzo-maresca-nomme-une-formation-peu-orthodoxe-pour-le-match-contre-aston-villa\/\" \/>\n<meta property=\"og:site_name\" content=\"Foot d&#039;avant\" \/>\n<meta property=\"article:publisher\" content=\"https:\/\/www.facebook.com\/Footdavant\/\" \/>\n<meta property=\"article:published_time\" content=\"2024-12-05T09:48:14+00:00\" \/>\n<meta property=\"article:modified_time\" content=\"2024-12-05T09:48:15+00:00\" \/>\n<meta property=\"og:image\" content=\"https:\/\/footdavant.fr\/actualites\/wp-content\/uploads\/2024\/12\/Nouvelles-de-lequipe-de-Chelsea-Enzo-Maresca-nomme-une.jpg\" \/>\n\t<meta property=\"og:image:width\" content=\"640\" \/>\n\t<meta property=\"og:image:height\" content=\"480\" \/>\n\t<meta property=\"og:image:type\" content=\"image\/jpeg\" \/>\n<meta name=\"author\" content=\"Cl\u00e9ment\" \/>\n<meta name=\"twitter:card\" content=\"summary_large_image\" \/>\n<meta name=\"twitter:creator\" content=\"@FootdavantFr\" \/>\n<meta name=\"twitter:site\" content=\"@FootdavantFr\" \/>\n<meta name=\"twitter:label1\" content=\"\u00c9crit par\" \/>\n\t<meta name=\"twitter:data1\" content=\"Cl\u00e9ment\" \/>\n\t<meta name=\"twitter:label2\" content=\"Dur\u00e9e de lecture estim\u00e9e\" \/>\n\t<meta name=\"twitter:data2\" content=\"2 minutes\" \/>\n<script type=\"application\/ld+json\" class=\"yoast-schema-graph\">{\"@context\":\"https:\/\/schema.org\",\"@graph\":[{\"@type\":\"Article\",\"@id\":\"https:\/\/footdavant.fr\/actualites\/nouvelles-de-lequipe-de-chelsea-enzo-maresca-nomme-une-formation-peu-orthodoxe-pour-le-match-contre-aston-villa\/#article\",\"isPartOf\":{\"@id\":\"https:\/\/footdavant.fr\/actualites\/nouvelles-de-lequipe-de-chelsea-enzo-maresca-nomme-une-formation-peu-orthodoxe-pour-le-match-contre-aston-villa\/\"},\"author\":{\"name\":\"Cl\u00e9ment\",\"@id\":\"https:\/\/footdavant.fr\/actualites\/#\/schema\/person\/bc222566d95871b37e597b3ed3ba5e1d\"},\"headline\":\"Nouvelles de l\u2019\u00e9quipe de Chelsea : Enzo Maresca nomme une formation peu orthodoxe pour le match contre Aston Villa\",\"datePublished\":\"2024-12-05T09:48:14+00:00\",\"dateModified\":\"2024-12-05T09:48:15+00:00\",\"mainEntityOfPage\":{\"@id\":\"https:\/\/footdavant.fr\/actualites\/nouvelles-de-lequipe-de-chelsea-enzo-maresca-nomme-une-formation-peu-orthodoxe-pour-le-match-contre-aston-villa\/\"},\"wordCount\":401,\"publisher\":{\"@id\":\"https:\/\/footdavant.fr\/actualites\/#organization\"},\"keywords\":[\"Aston\",\"Chelsea\",\"contre\",\"Enzo\",\"formation\",\"l\u00e9quipe\",\"Maresca\",\"match\",\"nomme\",\"Nouvelles\",\"orthodoxe\",\"peu\",\"pour\",\"une\",\"Villa\"],\"articleSection\":[\"Premier League\"],\"inLanguage\":\"fr-FR\"},{\"@type\":\"WebPage\",\"@id\":\"https:\/\/footdavant.fr\/actualites\/nouvelles-de-lequipe-de-chelsea-enzo-maresca-nomme-une-formation-peu-orthodoxe-pour-le-match-contre-aston-villa\/\",\"url\":\"https:\/\/footdavant.fr\/actualites\/nouvelles-de-lequipe-de-chelsea-enzo-maresca-nomme-une-formation-peu-orthodoxe-pour-le-match-contre-aston-villa\/\",\"name\":\"Nouvelles de l\u2019\u00e9quipe de Chelsea : Enzo Maresca nomme une formation peu orthodoxe pour le match contre Aston Villa\",\"isPartOf\":{\"@id\":\"https:\/\/footdavant.fr\/actualites\/#website\"},\"datePublished\":\"2024-12-05T09:48:14+00:00\",\"dateModified\":\"2024-12-05T09:48:15+00:00\",\"breadcrumb\":{\"@id\":\"https:\/\/footdavant.fr\/actualites\/nouvelles-de-lequipe-de-chelsea-enzo-maresca-nomme-une-formation-peu-orthodoxe-pour-le-match-contre-aston-villa\/#breadcrumb\"},\"inLanguage\":\"fr-FR\",\"potentialAction\":[{\"@type\":\"ReadAction\",\"target\":[\"https:\/\/footdavant.fr\/actualites\/nouvelles-de-lequipe-de-chelsea-enzo-maresca-nomme-une-formation-peu-orthodoxe-pour-le-match-contre-aston-villa\/\"]}]},{\"@type\":\"BreadcrumbList\",\"@id\":\"https:\/\/footdavant.fr\/actualites\/nouvelles-de-lequipe-de-chelsea-enzo-maresca-nomme-une-formation-peu-orthodoxe-pour-le-match-contre-aston-villa\/#breadcrumb\",\"itemListElement\":[{\"@type\":\"ListItem\",\"position\":1,\"name\":\"Accueil\",\"item\":\"https:\/\/footdavant.fr\/actualites\/\"},{\"@type\":\"ListItem\",\"position\":2,\"name\":\"Nouvelles de l\u2019\u00e9quipe de Chelsea : Enzo Maresca nomme une formation peu orthodoxe pour le match contre Aston Villa\"}]},{\"@type\":\"WebSite\",\"@id\":\"https:\/\/footdavant.fr\/actualites\/#website\",\"url\":\"https:\/\/footdavant.fr\/actualites\/\",\"name\":\"Foot d'avant\",\"description\":\"\",\"publisher\":{\"@id\":\"https:\/\/footdavant.fr\/actualites\/#organization\"},\"potentialAction\":[{\"@type\":\"SearchAction\",\"target\":{\"@type\":\"EntryPoint\",\"urlTemplate\":\"https:\/\/footdavant.fr\/actualites\/?s={search_term_string}\"},\"query-input\":\"required name=search_term_string\"}],\"inLanguage\":\"fr-FR\"},{\"@type\":\"Organization\",\"@id\":\"https:\/\/footdavant.fr\/actualites\/#organization\",\"name\":\"Foot d'avant\",\"url\":\"https:\/\/footdavant.fr\/actualites\/\",\"logo\":{\"@type\":\"ImageObject\",\"inLanguage\":\"fr-FR\",\"@id\":\"https:\/\/footdavant.fr\/actualites\/#\/schema\/logo\/image\/\",\"url\":\"https:\/\/footdavant.fr\/actualites\/wp-content\/uploads\/2023\/09\/Copy-of-FootDavant-Logo.png\",\"contentUrl\":\"https:\/\/footdavant.fr\/actualites\/wp-content\/uploads\/2023\/09\/Copy-of-FootDavant-Logo.png\",\"width\":936,\"height\":549,\"caption\":\"Foot d'avant\"},\"image\":{\"@id\":\"https:\/\/footdavant.fr\/actualites\/#\/schema\/logo\/image\/\"},\"sameAs\":[\"https:\/\/www.facebook.com\/Footdavant\/\",\"https:\/\/twitter.com\/FootdavantFr\",\"https:\/\/www.instagram.com\/footdavant.fr\/\"]},{\"@type\":\"Person\",\"@id\":\"https:\/\/footdavant.fr\/actualites\/#\/schema\/person\/bc222566d95871b37e597b3ed3ba5e1d\",\"name\":\"Cl\u00e9ment\",\"image\":{\"@type\":\"ImageObject\",\"inLanguage\":\"fr-FR\",\"@id\":\"https:\/\/footdavant.fr\/actualites\/#\/schema\/person\/image\/\",\"url\":\"https:\/\/secure.gravatar.com\/avatar\/7728b29aac2719421e1a9159b2254c44?s=96&d=mm&r=g\",\"contentUrl\":\"https:\/\/secure.gravatar.com\/avatar\/7728b29aac2719421e1a9159b2254c44?s=96&d=mm&r=g\",\"caption\":\"Cl\u00e9ment\"},\"sameAs\":[\"https:\/\/footdavant.fr\/\"]}]}<\/script>\n<!-- \/ Yoast SEO plugin. -->","yoast_head_json":{"title":"Nouvelles de l\u2019\u00e9quipe de Chelsea : Enzo Maresca nomme une formation peu orthodoxe pour le match contre Aston Villa","robots":{"index":"index","follow":"follow","max-snippet":"max-snippet:-1","max-image-preview":"max-image-preview:large","max-video-preview":"max-video-preview:-1"},"canonical":"https:\/\/footdavant.fr\/actualites\/nouvelles-de-lequipe-de-chelsea-enzo-maresca-nomme-une-formation-peu-orthodoxe-pour-le-match-contre-aston-villa\/","og_locale":"fr_FR","og_type":"article","og_title":"Nouvelles de l\u2019\u00e9quipe de Chelsea : Enzo Maresca nomme une formation peu orthodoxe pour le match contre Aston Villa","og_description":"Enzo Maresca nomme apparemment un Chelsea XI peu orthodoxe pour le match de Premier League de dimanche contre Aston Villa. Enzo Maresca a apparemment choisi","og_url":"https:\/\/footdavant.fr\/actualites\/nouvelles-de-lequipe-de-chelsea-enzo-maresca-nomme-une-formation-peu-orthodoxe-pour-le-match-contre-aston-villa\/","og_site_name":"Foot d&#039;avant","article_publisher":"https:\/\/www.facebook.com\/Footdavant\/","article_published_time":"2024-12-05T09:48:14+00:00","article_modified_time":"2024-12-05T09:48:15+00:00","og_image":[{"width":640,"height":480,"url":"https:\/\/footdavant.fr\/actualites\/wp-content\/uploads\/2024\/12\/Nouvelles-de-lequipe-de-Chelsea-Enzo-Maresca-nomme-une.jpg","type":"image\/jpeg"}],"author":"Cl\u00e9ment","twitter_card":"summary_large_image","twitter_creator":"@FootdavantFr","twitter_site":"@FootdavantFr","twitter_misc":{"\u00c9crit par":"Cl\u00e9ment","Dur\u00e9e de lecture estim\u00e9e":"2 minutes"},"schema":{"@context":"https:\/\/schema.org","@graph":[{"@type":"Article","@id":"https:\/\/footdavant.fr\/actualites\/nouvelles-de-lequipe-de-chelsea-enzo-maresca-nomme-une-formation-peu-orthodoxe-pour-le-match-contre-aston-villa\/#article","isPartOf":{"@id":"https:\/\/footdavant.fr\/actualites\/nouvelles-de-lequipe-de-chelsea-enzo-maresca-nomme-une-formation-peu-orthodoxe-pour-le-match-contre-aston-villa\/"},"author":{"name":"Cl\u00e9ment","@id":"https:\/\/footdavant.fr\/actualites\/#\/schema\/person\/bc222566d95871b37e597b3ed3ba5e1d"},"headline":"Nouvelles de l\u2019\u00e9quipe de Chelsea : Enzo Maresca nomme une formation peu orthodoxe pour le match contre Aston Villa","datePublished":"2024-12-05T09:48:14+00:00","dateModified":"2024-12-05T09:48:15+00:00","mainEntityOfPage":{"@id":"https:\/\/footdavant.fr\/actualites\/nouvelles-de-lequipe-de-chelsea-enzo-maresca-nomme-une-formation-peu-orthodoxe-pour-le-match-contre-aston-villa\/"},"wordCount":401,"publisher":{"@id":"https:\/\/footdavant.fr\/actualites\/#organization"},"keywords":["Aston","Chelsea","contre","Enzo","formation","l\u00e9quipe","Maresca","match","nomme","Nouvelles","orthodoxe","peu","pour","une","Villa"],"articleSection":["Premier League"],"inLanguage":"fr-FR"},{"@type":"WebPage","@id":"https:\/\/footdavant.fr\/actualites\/nouvelles-de-lequipe-de-chelsea-enzo-maresca-nomme-une-formation-peu-orthodoxe-pour-le-match-contre-aston-villa\/","url":"https:\/\/footdavant.fr\/actualites\/nouvelles-de-lequipe-de-chelsea-enzo-maresca-nomme-une-formation-peu-orthodoxe-pour-le-match-contre-aston-villa\/","name":"Nouvelles de l\u2019\u00e9quipe de Chelsea : Enzo Maresca nomme une formation peu orthodoxe pour le match contre Aston Villa","isPartOf":{"@id":"https:\/\/footdavant.fr\/actualites\/#website"},"datePublished":"2024-12-05T09:48:14+00:00","dateModified":"2024-12-05T09:48:15+00:00","breadcrumb":{"@id":"https:\/\/footdavant.fr\/actualites\/nouvelles-de-lequipe-de-chelsea-enzo-maresca-nomme-une-formation-peu-orthodoxe-pour-le-match-contre-aston-villa\/#breadcrumb"},"inLanguage":"fr-FR","potentialAction":[{"@type":"ReadAction","target":["https:\/\/footdavant.fr\/actualites\/nouvelles-de-lequipe-de-chelsea-enzo-maresca-nomme-une-formation-peu-orthodoxe-pour-le-match-contre-aston-villa\/"]}]},{"@type":"BreadcrumbList","@id":"https:\/\/footdavant.fr\/actualites\/nouvelles-de-lequipe-de-chelsea-enzo-maresca-nomme-une-formation-peu-orthodoxe-pour-le-match-contre-aston-villa\/#breadcrumb","itemListElement":[{"@type":"ListItem","position":1,"name":"Accueil","item":"https:\/\/footdavant.fr\/actualites\/"},{"@type":"ListItem","position":2,"name":"Nouvelles de l\u2019\u00e9quipe de Chelsea : Enzo Maresca nomme une formation peu orthodoxe pour le match contre Aston Villa"}]},{"@type":"WebSite","@id":"https:\/\/footdavant.fr\/actualites\/#website","url":"https:\/\/footdavant.fr\/actualites\/","name":"Foot d'avant","description":"","publisher":{"@id":"https:\/\/footdavant.fr\/actualites\/#organization"},"potentialAction":[{"@type":"SearchAction","target":{"@type":"EntryPoint","urlTemplate":"https:\/\/footdavant.fr\/actualites\/?s={search_term_string}"},"query-input":"required name=search_term_string"}],"inLanguage":"fr-FR"},{"@type":"Organization","@id":"https:\/\/footdavant.fr\/actualites\/#organization","name":"Foot d'avant","url":"https:\/\/footdavant.fr\/actualites\/","logo":{"@type":"ImageObject","inLanguage":"fr-FR","@id":"https:\/\/footdavant.fr\/actualites\/#\/schema\/logo\/image\/","url":"https:\/\/footdavant.fr\/actualites\/wp-content\/uploads\/2023\/09\/Copy-of-FootDavant-Logo.png","contentUrl":"https:\/\/footdavant.fr\/actualites\/wp-content\/uploads\/2023\/09\/Copy-of-FootDavant-Logo.png","width":936,"height":549,"caption":"Foot d'avant"},"image":{"@id":"https:\/\/footdavant.fr\/actualites\/#\/schema\/logo\/image\/"},"sameAs":["https:\/\/www.facebook.com\/Footdavant\/","https:\/\/twitter.com\/FootdavantFr","https:\/\/www.instagram.com\/footdavant.fr\/"]},{"@type":"Person","@id":"https:\/\/footdavant.fr\/actualites\/#\/schema\/person\/bc222566d95871b37e597b3ed3ba5e1d","name":"Cl\u00e9ment","image":{"@type":"ImageObject","inLanguage":"fr-FR","@id":"https:\/\/footdavant.fr\/actualites\/#\/schema\/person\/image\/","url":"https:\/\/secure.gravatar.com\/avatar\/7728b29aac2719421e1a9159b2254c44?s=96&d=mm&r=g","contentUrl":"https:\/\/secure.gravatar.com\/avatar\/7728b29aac2719421e1a9159b2254c44?s=96&d=mm&r=g","caption":"Cl\u00e9ment"},"sameAs":["https:\/\/footdavant.fr\/"]}]}},"_links":{"self":[{"href":"https:\/\/footdavant.fr\/actualites\/wp-json\/wp\/v2\/posts\/17058"}],"collection":[{"href":"https:\/\/footdavant.fr\/actualites\/wp-json\/wp\/v2\/posts"}],"about":[{"href":"https:\/\/footdavant.fr\/actualites\/wp-json\/wp\/v2\/types\/post"}],"author":[{"embeddable":true,"href":"https:\/\/footdavant.fr\/actualites\/wp-json\/wp\/v2\/users\/1"}],"replies":[{"embeddable":true,"href":"https:\/\/footdavant.fr\/actualites\/wp-json\/wp\/v2\/comments?post=17058"}],"version-history":[{"count":1,"href":"https:\/\/footdavant.fr\/actualites\/wp-json\/wp\/v2\/posts\/17058\/revisions"}],"predecessor-version":[{"id":17060,"href":"https:\/\/footdavant.fr\/actualites\/wp-json\/wp\/v2\/posts\/17058\/revisions\/17060"}],"wp:featuredmedia":[{"embeddable":true,"href":"https:\/\/footdavant.fr\/actualites\/wp-json\/wp\/v2\/media\/17059"}],"wp:attachment":[{"href":"https:\/\/footdavant.fr\/actualites\/wp-json\/wp\/v2\/media?parent=17058"}],"wp:term":[{"taxonomy":"category","embeddable":true,"href":"https:\/\/footdavant.fr\/actualites\/wp-json\/wp\/v2\/categories?post=17058"},{"taxonomy":"post_tag","embeddable":true,"href":"https:\/\/footdavant.fr\/actualites\/wp-json\/wp\/v2\/tags?post=17058"}],"curies":[{"name":"wp","href":"https:\/\/api.w.org\/{rel}","templated":true}]}}