{"id":17067,"date":"2024-12-05T16:48:09","date_gmt":"2024-12-05T15:48:09","guid":{"rendered":"https:\/\/footdavant.fr\/actualites\/liverpool-ne-pourra-pas-empecher-kelleher-de-quitter-anfield\/"},"modified":"2024-12-05T16:48:13","modified_gmt":"2024-12-05T15:48:13","slug":"liverpool-ne-pourra-pas-empecher-kelleher-de-quitter-anfield","status":"publish","type":"post","link":"https:\/\/footdavant.fr\/actualites\/liverpool-ne-pourra-pas-empecher-kelleher-de-quitter-anfield\/","title":{"rendered":"Liverpool \u00ab\u00a0ne pourra pas emp\u00eacher\u00a0\u00bb Kelleher de quitter Anfield"},"content":{"rendered":"<div id=\"article-body\">\n<!-- Article Start --><\/p>\n<p>Les fans de Liverpool ont \u00e9t\u00e9 avertis que le club pourrait avoir du mal \u00e0 garder un joueur en particulier \u00e0 Anfield beaucoup plus longtemps.<\/p>\n<p>Pendant une grande partie de l&#39;\u00e9t\u00e9, il semblait que les Reds auraient pu tirer profit de Caoimhin Kelleher apr\u00e8s qu&#39;il ait indiqu\u00e9 juste apr\u00e8s la fin de la saison derni\u00e8re qu&#39;il ne se contentait plus d&#39;\u00eatre le rempla\u00e7ant d&#39;Alisson Becker.<\/p>\n<p>L&#39;Irlandais a connu une longue carri\u00e8re dans l&#39;\u00e9quipe au cours des deux derniers mois en raison de la blessure de notre num\u00e9ro 1, m\u00eame si l&#39;ancien gardien rom devrait revenir sous peu et Arne Slot a d\u00e9clar\u00e9 qu&#39;il reviendrait directement dans l&#39;\u00e9quipe. quand il sera en pleine forme.<\/p>\n<h2>O&#39;Shea: Liverpool pourrait avoir du mal \u00e0 garder Kelleher plus longtemps<\/h2>\n<p>S&#39;exprimant sur le devoir d&#39;expert pour la couverture par Premier Sports du match nul 3-3 de Liverpool contre Newcastle mercredi soir, John O&#39;Shea s&#39;attend \u00e0 beaucoup d&#39;int\u00e9r\u00eat de transfert pour Kelleher l&#39;ann\u00e9e prochaine et pense que le joueur de 26 ans pourrait quitter le Merseyside.<\/p>\n<p>L\u2019ancien d\u00e9fenseur de Manchester United \u2013 qui conna\u00eet bien le joueur gr\u00e2ce \u00e0 son r\u00f4le de directeur adjoint de la R\u00e9publique d\u2019Irlande \u2013 a d\u00e9clar\u00e9 (via Balls.ie) : <\/p>\n<\/p>\n<figure id=\"attachment_265542\" aria-describedby=\"caption-attachment-265542\" style=\"width: 760px\" class=\"wp-caption alignnone\"><picture><source type=\"image\/webp\" data- data-><\/source><\/picture><\/figure>\n<h2>Si Kelleher s&#39;en va, Liverpool doit r\u00e9colter beaucoup d&#39;argent pour lui<\/h2>\n<p>Bien que Kelleher ait commis une erreur tardive lors du choc en montagnes russes de Liverpool \u00e0 St James&#39; Park, son stock a consid\u00e9rablement augment\u00e9 depuis le d\u00e9but de la saison, l&#39;Irlandais ayant r\u00e9alis\u00e9 un certain nombre d&#39;arr\u00eats importants pour aider les Reds \u00e0 creuser un \u00e9cart important au sommet. de la Premier League.<\/p>\n<p>Neil Mellor a pris la d\u00e9fense du joueur de 26 ans apr\u00e8s sa rare aberration contre Newcastle, et pour cause, puisque le gardien a \u00e9galement effectu\u00e9 un arr\u00eat important d&#39;Anthony Gordon pour maintenir le score \u00e0 1-0 en premi\u00e8re mi-temps.<\/p>\n<p>Malheureusement pour le natif de Cork, ce qui s&#39;est pass\u00e9 en fin de match pourrait acc\u00e9l\u00e9rer le retour d&#39;Alisson dans le onze de d\u00e9part, et la comp\u00e9tition pour une place dans l&#39;\u00e9quipe s&#39;intensifiera encore la saison prochaine avec l&#39;arriv\u00e9e de Giorgi Mamardashvili de Valence.<\/p>\n<p>Si Liverpool donne \u00e0 contrec\u0153ur sa b\u00e9n\u00e9diction au d\u00e9part de Kelleher en 2025 \u2013 ce qui semble tout \u00e0 fait plausible \u2013 ils devraient pouvoir tirer parti de ses superbes performances cette ann\u00e9e pour exiger des frais de transfert \u00e9lev\u00e9s pour lui.<\/p>\n<p>Consid\u00e9rant que FSG a encaiss\u00e9 plus de 50 millions de livres sterling gr\u00e2ce aux ventes de Sepp van den Berg et de Fabio Carvalho \u00e0 Brentford \u2013 dont aucun n\u2019a eu autant d\u2019impact \u00e0 Anfield que le gardien irlandais \u2013 nous nous attendons \u00e0 ce que notre num\u00e9ro 62 r\u00e9colte 30 millions de livres sterling \u00e0 un moment donn\u00e9. minimum absolu, id\u00e9alement plus.<\/p>\n<p><!-- Article End -->\t\t\t\t<\/div>\n","protected":false},"excerpt":{"rendered":"<p>Les fans de Liverpool ont \u00e9t\u00e9 avertis que le club pourrait avoir du mal \u00e0 garder un joueur en particulier \u00e0 Anfield beaucoup plus longtemps.<\/p>\n","protected":false},"author":1,"featured_media":17068,"comment_status":"closed","ping_status":"","sticky":false,"template":"","format":"standard","meta":{"footnotes":""},"categories":[3],"tags":[1929,4269,3891,53,71,2299,170],"yoast_head":"<!-- This site is optimized with the Yoast SEO plugin v21.0 - https:\/\/yoast.com\/wordpress\/plugins\/seo\/ -->\n<title>Liverpool &quot;ne pourra pas emp\u00eacher&quot; Kelleher de quitter Anfield<\/title>\n<meta name=\"robots\" content=\"index, follow, max-snippet:-1, max-image-preview:large, max-video-preview:-1\" \/>\n<link rel=\"canonical\" href=\"https:\/\/footdavant.fr\/actualites\/liverpool-ne-pourra-pas-empecher-kelleher-de-quitter-anfield\/\" \/>\n<meta property=\"og:locale\" content=\"fr_FR\" \/>\n<meta property=\"og:type\" content=\"article\" \/>\n<meta property=\"og:title\" content=\"Liverpool &quot;ne pourra pas emp\u00eacher&quot; Kelleher de quitter Anfield\" \/>\n<meta property=\"og:description\" content=\"Les fans de Liverpool ont \u00e9t\u00e9 avertis que le club pourrait avoir du mal \u00e0 garder un joueur en particulier \u00e0 Anfield beaucoup plus longtemps.\" \/>\n<meta property=\"og:url\" content=\"https:\/\/footdavant.fr\/actualites\/liverpool-ne-pourra-pas-empecher-kelleher-de-quitter-anfield\/\" \/>\n<meta property=\"og:site_name\" content=\"Foot d&#039;avant\" \/>\n<meta property=\"article:publisher\" content=\"https:\/\/www.facebook.com\/Footdavant\/\" \/>\n<meta property=\"article:published_time\" content=\"2024-12-05T15:48:09+00:00\" \/>\n<meta property=\"article:modified_time\" content=\"2024-12-05T15:48:13+00:00\" \/>\n<meta property=\"og:image\" content=\"https:\/\/footdavant.fr\/actualites\/wp-content\/uploads\/2024\/12\/1733413690_Liverpool-ne-pourra-pas-empecher-Kelleher-de-quitter-Anfield.jpg\" \/>\n\t<meta property=\"og:image:width\" content=\"1248\" \/>\n\t<meta property=\"og:image:height\" content=\"826\" \/>\n\t<meta property=\"og:image:type\" content=\"image\/jpeg\" \/>\n<meta name=\"author\" content=\"Cl\u00e9ment\" \/>\n<meta name=\"twitter:card\" content=\"summary_large_image\" \/>\n<meta name=\"twitter:creator\" content=\"@FootdavantFr\" \/>\n<meta name=\"twitter:site\" content=\"@FootdavantFr\" \/>\n<meta name=\"twitter:label1\" content=\"\u00c9crit par\" \/>\n\t<meta name=\"twitter:data1\" content=\"Cl\u00e9ment\" \/>\n\t<meta name=\"twitter:label2\" content=\"Dur\u00e9e de lecture estim\u00e9e\" \/>\n\t<meta name=\"twitter:data2\" content=\"2 minutes\" \/>\n<script type=\"application\/ld+json\" class=\"yoast-schema-graph\">{\"@context\":\"https:\/\/schema.org\",\"@graph\":[{\"@type\":\"Article\",\"@id\":\"https:\/\/footdavant.fr\/actualites\/liverpool-ne-pourra-pas-empecher-kelleher-de-quitter-anfield\/#article\",\"isPartOf\":{\"@id\":\"https:\/\/footdavant.fr\/actualites\/liverpool-ne-pourra-pas-empecher-kelleher-de-quitter-anfield\/\"},\"author\":{\"name\":\"Cl\u00e9ment\",\"@id\":\"https:\/\/footdavant.fr\/actualites\/#\/schema\/person\/bc222566d95871b37e597b3ed3ba5e1d\"},\"headline\":\"Liverpool \u00ab\u00a0ne pourra pas emp\u00eacher\u00a0\u00bb Kelleher de quitter Anfield\",\"datePublished\":\"2024-12-05T15:48:09+00:00\",\"dateModified\":\"2024-12-05T15:48:13+00:00\",\"mainEntityOfPage\":{\"@id\":\"https:\/\/footdavant.fr\/actualites\/liverpool-ne-pourra-pas-empecher-kelleher-de-quitter-anfield\/\"},\"wordCount\":507,\"publisher\":{\"@id\":\"https:\/\/footdavant.fr\/actualites\/#organization\"},\"keywords\":[\"Anfield\",\"emp\u00eacher\",\"Kelleher\",\"Liverpool\",\"pas\",\"pourra\",\"quitter\"],\"articleSection\":[\"Football\"],\"inLanguage\":\"fr-FR\"},{\"@type\":\"WebPage\",\"@id\":\"https:\/\/footdavant.fr\/actualites\/liverpool-ne-pourra-pas-empecher-kelleher-de-quitter-anfield\/\",\"url\":\"https:\/\/footdavant.fr\/actualites\/liverpool-ne-pourra-pas-empecher-kelleher-de-quitter-anfield\/\",\"name\":\"Liverpool \\\"ne pourra pas emp\u00eacher\\\" Kelleher de quitter Anfield\",\"isPartOf\":{\"@id\":\"https:\/\/footdavant.fr\/actualites\/#website\"},\"datePublished\":\"2024-12-05T15:48:09+00:00\",\"dateModified\":\"2024-12-05T15:48:13+00:00\",\"breadcrumb\":{\"@id\":\"https:\/\/footdavant.fr\/actualites\/liverpool-ne-pourra-pas-empecher-kelleher-de-quitter-anfield\/#breadcrumb\"},\"inLanguage\":\"fr-FR\",\"potentialAction\":[{\"@type\":\"ReadAction\",\"target\":[\"https:\/\/footdavant.fr\/actualites\/liverpool-ne-pourra-pas-empecher-kelleher-de-quitter-anfield\/\"]}]},{\"@type\":\"BreadcrumbList\",\"@id\":\"https:\/\/footdavant.fr\/actualites\/liverpool-ne-pourra-pas-empecher-kelleher-de-quitter-anfield\/#breadcrumb\",\"itemListElement\":[{\"@type\":\"ListItem\",\"position\":1,\"name\":\"Accueil\",\"item\":\"https:\/\/footdavant.fr\/actualites\/\"},{\"@type\":\"ListItem\",\"position\":2,\"name\":\"Liverpool \u00ab\u00a0ne pourra pas emp\u00eacher\u00a0\u00bb Kelleher de quitter Anfield\"}]},{\"@type\":\"WebSite\",\"@id\":\"https:\/\/footdavant.fr\/actualites\/#website\",\"url\":\"https:\/\/footdavant.fr\/actualites\/\",\"name\":\"Foot d'avant\",\"description\":\"\",\"publisher\":{\"@id\":\"https:\/\/footdavant.fr\/actualites\/#organization\"},\"potentialAction\":[{\"@type\":\"SearchAction\",\"target\":{\"@type\":\"EntryPoint\",\"urlTemplate\":\"https:\/\/footdavant.fr\/actualites\/?s={search_term_string}\"},\"query-input\":\"required name=search_term_string\"}],\"inLanguage\":\"fr-FR\"},{\"@type\":\"Organization\",\"@id\":\"https:\/\/footdavant.fr\/actualites\/#organization\",\"name\":\"Foot d'avant\",\"url\":\"https:\/\/footdavant.fr\/actualites\/\",\"logo\":{\"@type\":\"ImageObject\",\"inLanguage\":\"fr-FR\",\"@id\":\"https:\/\/footdavant.fr\/actualites\/#\/schema\/logo\/image\/\",\"url\":\"https:\/\/footdavant.fr\/actualites\/wp-content\/uploads\/2023\/09\/Copy-of-FootDavant-Logo.png\",\"contentUrl\":\"https:\/\/footdavant.fr\/actualites\/wp-content\/uploads\/2023\/09\/Copy-of-FootDavant-Logo.png\",\"width\":936,\"height\":549,\"caption\":\"Foot d'avant\"},\"image\":{\"@id\":\"https:\/\/footdavant.fr\/actualites\/#\/schema\/logo\/image\/\"},\"sameAs\":[\"https:\/\/www.facebook.com\/Footdavant\/\",\"https:\/\/twitter.com\/FootdavantFr\",\"https:\/\/www.instagram.com\/footdavant.fr\/\"]},{\"@type\":\"Person\",\"@id\":\"https:\/\/footdavant.fr\/actualites\/#\/schema\/person\/bc222566d95871b37e597b3ed3ba5e1d\",\"name\":\"Cl\u00e9ment\",\"image\":{\"@type\":\"ImageObject\",\"inLanguage\":\"fr-FR\",\"@id\":\"https:\/\/footdavant.fr\/actualites\/#\/schema\/person\/image\/\",\"url\":\"https:\/\/secure.gravatar.com\/avatar\/7728b29aac2719421e1a9159b2254c44?s=96&d=mm&r=g\",\"contentUrl\":\"https:\/\/secure.gravatar.com\/avatar\/7728b29aac2719421e1a9159b2254c44?s=96&d=mm&r=g\",\"caption\":\"Cl\u00e9ment\"},\"sameAs\":[\"https:\/\/footdavant.fr\/\"]}]}<\/script>\n<!-- \/ Yoast SEO plugin. -->","yoast_head_json":{"title":"Liverpool \"ne pourra pas emp\u00eacher\" Kelleher de quitter Anfield","robots":{"index":"index","follow":"follow","max-snippet":"max-snippet:-1","max-image-preview":"max-image-preview:large","max-video-preview":"max-video-preview:-1"},"canonical":"https:\/\/footdavant.fr\/actualites\/liverpool-ne-pourra-pas-empecher-kelleher-de-quitter-anfield\/","og_locale":"fr_FR","og_type":"article","og_title":"Liverpool \"ne pourra pas emp\u00eacher\" Kelleher de quitter Anfield","og_description":"Les fans de Liverpool ont \u00e9t\u00e9 avertis que le club pourrait avoir du mal \u00e0 garder un joueur en particulier \u00e0 Anfield beaucoup plus longtemps.","og_url":"https:\/\/footdavant.fr\/actualites\/liverpool-ne-pourra-pas-empecher-kelleher-de-quitter-anfield\/","og_site_name":"Foot d&#039;avant","article_publisher":"https:\/\/www.facebook.com\/Footdavant\/","article_published_time":"2024-12-05T15:48:09+00:00","article_modified_time":"2024-12-05T15:48:13+00:00","og_image":[{"width":1248,"height":826,"url":"https:\/\/footdavant.fr\/actualites\/wp-content\/uploads\/2024\/12\/1733413690_Liverpool-ne-pourra-pas-empecher-Kelleher-de-quitter-Anfield.jpg","type":"image\/jpeg"}],"author":"Cl\u00e9ment","twitter_card":"summary_large_image","twitter_creator":"@FootdavantFr","twitter_site":"@FootdavantFr","twitter_misc":{"\u00c9crit par":"Cl\u00e9ment","Dur\u00e9e de lecture estim\u00e9e":"2 minutes"},"schema":{"@context":"https:\/\/schema.org","@graph":[{"@type":"Article","@id":"https:\/\/footdavant.fr\/actualites\/liverpool-ne-pourra-pas-empecher-kelleher-de-quitter-anfield\/#article","isPartOf":{"@id":"https:\/\/footdavant.fr\/actualites\/liverpool-ne-pourra-pas-empecher-kelleher-de-quitter-anfield\/"},"author":{"name":"Cl\u00e9ment","@id":"https:\/\/footdavant.fr\/actualites\/#\/schema\/person\/bc222566d95871b37e597b3ed3ba5e1d"},"headline":"Liverpool \u00ab\u00a0ne pourra pas emp\u00eacher\u00a0\u00bb Kelleher de quitter Anfield","datePublished":"2024-12-05T15:48:09+00:00","dateModified":"2024-12-05T15:48:13+00:00","mainEntityOfPage":{"@id":"https:\/\/footdavant.fr\/actualites\/liverpool-ne-pourra-pas-empecher-kelleher-de-quitter-anfield\/"},"wordCount":507,"publisher":{"@id":"https:\/\/footdavant.fr\/actualites\/#organization"},"keywords":["Anfield","emp\u00eacher","Kelleher","Liverpool","pas","pourra","quitter"],"articleSection":["Football"],"inLanguage":"fr-FR"},{"@type":"WebPage","@id":"https:\/\/footdavant.fr\/actualites\/liverpool-ne-pourra-pas-empecher-kelleher-de-quitter-anfield\/","url":"https:\/\/footdavant.fr\/actualites\/liverpool-ne-pourra-pas-empecher-kelleher-de-quitter-anfield\/","name":"Liverpool \"ne pourra pas emp\u00eacher\" Kelleher de quitter Anfield","isPartOf":{"@id":"https:\/\/footdavant.fr\/actualites\/#website"},"datePublished":"2024-12-05T15:48:09+00:00","dateModified":"2024-12-05T15:48:13+00:00","breadcrumb":{"@id":"https:\/\/footdavant.fr\/actualites\/liverpool-ne-pourra-pas-empecher-kelleher-de-quitter-anfield\/#breadcrumb"},"inLanguage":"fr-FR","potentialAction":[{"@type":"ReadAction","target":["https:\/\/footdavant.fr\/actualites\/liverpool-ne-pourra-pas-empecher-kelleher-de-quitter-anfield\/"]}]},{"@type":"BreadcrumbList","@id":"https:\/\/footdavant.fr\/actualites\/liverpool-ne-pourra-pas-empecher-kelleher-de-quitter-anfield\/#breadcrumb","itemListElement":[{"@type":"ListItem","position":1,"name":"Accueil","item":"https:\/\/footdavant.fr\/actualites\/"},{"@type":"ListItem","position":2,"name":"Liverpool \u00ab\u00a0ne pourra pas emp\u00eacher\u00a0\u00bb Kelleher de quitter Anfield"}]},{"@type":"WebSite","@id":"https:\/\/footdavant.fr\/actualites\/#website","url":"https:\/\/footdavant.fr\/actualites\/","name":"Foot d'avant","description":"","publisher":{"@id":"https:\/\/footdavant.fr\/actualites\/#organization"},"potentialAction":[{"@type":"SearchAction","target":{"@type":"EntryPoint","urlTemplate":"https:\/\/footdavant.fr\/actualites\/?s={search_term_string}"},"query-input":"required name=search_term_string"}],"inLanguage":"fr-FR"},{"@type":"Organization","@id":"https:\/\/footdavant.fr\/actualites\/#organization","name":"Foot d'avant","url":"https:\/\/footdavant.fr\/actualites\/","logo":{"@type":"ImageObject","inLanguage":"fr-FR","@id":"https:\/\/footdavant.fr\/actualites\/#\/schema\/logo\/image\/","url":"https:\/\/footdavant.fr\/actualites\/wp-content\/uploads\/2023\/09\/Copy-of-FootDavant-Logo.png","contentUrl":"https:\/\/footdavant.fr\/actualites\/wp-content\/uploads\/2023\/09\/Copy-of-FootDavant-Logo.png","width":936,"height":549,"caption":"Foot d'avant"},"image":{"@id":"https:\/\/footdavant.fr\/actualites\/#\/schema\/logo\/image\/"},"sameAs":["https:\/\/www.facebook.com\/Footdavant\/","https:\/\/twitter.com\/FootdavantFr","https:\/\/www.instagram.com\/footdavant.fr\/"]},{"@type":"Person","@id":"https:\/\/footdavant.fr\/actualites\/#\/schema\/person\/bc222566d95871b37e597b3ed3ba5e1d","name":"Cl\u00e9ment","image":{"@type":"ImageObject","inLanguage":"fr-FR","@id":"https:\/\/footdavant.fr\/actualites\/#\/schema\/person\/image\/","url":"https:\/\/secure.gravatar.com\/avatar\/7728b29aac2719421e1a9159b2254c44?s=96&d=mm&r=g","contentUrl":"https:\/\/secure.gravatar.com\/avatar\/7728b29aac2719421e1a9159b2254c44?s=96&d=mm&r=g","caption":"Cl\u00e9ment"},"sameAs":["https:\/\/footdavant.fr\/"]}]}},"_links":{"self":[{"href":"https:\/\/footdavant.fr\/actualites\/wp-json\/wp\/v2\/posts\/17067"}],"collection":[{"href":"https:\/\/footdavant.fr\/actualites\/wp-json\/wp\/v2\/posts"}],"about":[{"href":"https:\/\/footdavant.fr\/actualites\/wp-json\/wp\/v2\/types\/post"}],"author":[{"embeddable":true,"href":"https:\/\/footdavant.fr\/actualites\/wp-json\/wp\/v2\/users\/1"}],"replies":[{"embeddable":true,"href":"https:\/\/footdavant.fr\/actualites\/wp-json\/wp\/v2\/comments?post=17067"}],"version-history":[{"count":1,"href":"https:\/\/footdavant.fr\/actualites\/wp-json\/wp\/v2\/posts\/17067\/revisions"}],"predecessor-version":[{"id":17069,"href":"https:\/\/footdavant.fr\/actualites\/wp-json\/wp\/v2\/posts\/17067\/revisions\/17069"}],"wp:featuredmedia":[{"embeddable":true,"href":"https:\/\/footdavant.fr\/actualites\/wp-json\/wp\/v2\/media\/17068"}],"wp:attachment":[{"href":"https:\/\/footdavant.fr\/actualites\/wp-json\/wp\/v2\/media?parent=17067"}],"wp:term":[{"taxonomy":"category","embeddable":true,"href":"https:\/\/footdavant.fr\/actualites\/wp-json\/wp\/v2\/categories?post=17067"},{"taxonomy":"post_tag","embeddable":true,"href":"https:\/\/footdavant.fr\/actualites\/wp-json\/wp\/v2\/tags?post=17067"}],"curies":[{"name":"wp","href":"https:\/\/api.w.org\/{rel}","templated":true}]}}