{"id":17070,"date":"2024-12-05T18:48:05","date_gmt":"2024-12-05T17:48:05","guid":{"rendered":"https:\/\/footdavant.fr\/actualites\/composition-de-west-ham-contre-leicester-xi-prevu-pour-le-choc-de-premier-league-y-compris-lappel-de-mohammed-kudus\/"},"modified":"2024-12-05T18:48:06","modified_gmt":"2024-12-05T17:48:06","slug":"composition-de-west-ham-contre-leicester-xi-prevu-pour-le-choc-de-premier-league-y-compris-lappel-de-mohammed-kudus","status":"publish","type":"post","link":"https:\/\/footdavant.fr\/actualites\/composition-de-west-ham-contre-leicester-xi-prevu-pour-le-choc-de-premier-league-y-compris-lappel-de-mohammed-kudus\/","title":{"rendered":"Composition de West Ham contre Leicester\u00a0: XI pr\u00e9vu pour le choc de Premier League, y compris l&#39;appel de Mohammed Kudus"},"content":{"rendered":"<p>Sports Mole examine en profondeur la fa\u00e7on dont West Ham United pourrait s&#39;aligner pour le choc de Premier League de mardi avec Leicester City.<\/p>\n<div id=\"article_body\" itemprop=\"articleBody\">\n<p class=\"firstPara\"><strong class=\"autotag\">West Ham United<\/strong> directeur <strong class=\"autotag\">Julen Lopetegui<\/strong> aura enfin <strong class=\"autotag\">Mohammed Kudus<\/strong> de retour \u00e0 sa disposition pour le choc de Premier League de mardi avec <strong class=\"autotag\">Leicester City<\/strong> au stade King Power.<\/p>\n<p>L&#39;international ghan\u00e9en a purg\u00e9 le cinqui\u00e8me et dernier match de sa suspension prolong\u00e9e en <strong>D\u00e9faite 5-2 samedi contre Arsenal<\/strong>o\u00f9 les Irons avaient quatre buts d&#39;avance dans les 36 premi\u00e8res minutes.<\/p>\n<p>Kudus manque peut-\u00eatre d&#39;entra\u00eenement de match, mais il s&#39;est sans aucun doute maintenu sur les terrains d&#39;entra\u00eenement et devrait revenir directement dans le premier onze en milieu de semaine, telle est son importance pour le jeu offensif des visiteurs.<\/p>\n<p><strong class=\"autotag\">Crysencio Summerville<\/strong> &#8211; qui n&#39;a tenu que jusqu&#39;\u00e0 la mi-temps du week-end &#8211; est le candidat le plus \u00e9vident si Kudus est rappel\u00e9 imm\u00e9diatement, comme <strong class=\"autotag\">Carlos Soler<\/strong> a justifi\u00e9 son deuxi\u00e8me d\u00e9part cons\u00e9cutif contre Arsenal avec une passe d\u00e9cisive pour <strong class=\"autotag\">Aaron Wan-Bissaka<\/strong>.<\/p>\n<p><strong class=\"autotag\">Nicolas Fullkrug<\/strong> n&#39;a qu&#39;une infime chance de revenir dans l&#39;alignement des Irons pour le match de milieu de semaine, donc Lopetegui ne devrait prendre aucun risque avec l&#39;Allemand car <strong class=\"autotag\">Michel Antonio<\/strong>, <strong class=\"autotag\">Lucas Paquet\u00e1<\/strong> et <strong class=\"autotag\">Jarrod Bowen<\/strong> compl\u00e9ter la ligne offensive.<\/p>\n<p><strong class=\"autotag\">Edson Alvarez<\/strong> n&#39;\u00e9tait qu&#39;un rempla\u00e7ant \u00e0 la mi-temps contre Arsenal apr\u00e8s son propre retour de suspension, mais pouvait d\u00e9sormais occuper le seul r\u00f4le de six \u00e0 la place de <strong class=\"autotag\">Thomas Soucek<\/strong>alors que Lopetegui fait tourner ses ressources au milieu d&#39;un redressement rapide.<\/p>\n<p>Les changements des Hammers ne se limitent peut-\u00eatre pas aux voltigeurs, car <strong class=\"autotag\">Lukasz Fabianski<\/strong>le bref passage de dans le but <strong class=\"autotag\">Alphonse Ar\u00e9ola<\/strong> pourrait prendre fin apr\u00e8s le spectacle d&#39;horreur de samedi contre son ancienne \u00e9quipe.<\/p>\n<p>Cependant, \u00e0 moins que <strong class=\"autotag\">Dinosaures Mavropanos<\/strong> peut revenir d&#39;un virus \u00e0 temps pour mardi, Wan-Bissaka, <strong class=\"autotag\">Emerson Palmieri<\/strong>, <strong class=\"autotag\">Max Kilman<\/strong> et <strong class=\"autotag\">Jean-Clair Todibo<\/strong> &#8211; qui a un l\u00e9ger doute apr\u00e8s l&#39;apparition d&#39;une pr\u00e9occupation ant\u00e9rieure &#8211; devrait former une barri\u00e8re d\u00e9fensive inchang\u00e9e.<\/p>\n<p><strong>Onze de d\u00e9part possible de West Ham United :<\/strong><br \/>Ar\u00e9ole; Wan-Bissaka, Todibo, Kilman, Emerson\u00a0; \u00c1lvarez\u00a0; Bowen, Soler, Paqueta, Kudus\u00a0; Antoine<\/p>\n<p><strong>> Cliquez ici pour voir comment Leicester pourrait s&#39;aligner pour ce match<\/strong><\/p>\n<div class=\"author_box\">\n<div class=\"author_box_banner\">\n<\/div>\n<\/div>\n<\/div>\n","protected":false},"excerpt":{"rendered":"<p>Sports Mole examine en profondeur la fa\u00e7on dont West Ham United pourrait s&#39;aligner pour le choc de Premier League de mardi avec Leicester City. West<\/p>\n","protected":false},"author":1,"featured_media":17071,"comment_status":"closed","ping_status":"","sticky":false,"template":"","format":"standard","meta":{"footnotes":""},"categories":[5],"tags":[332,2291,507,20,286,2549,5399,202,1293,7251,51,201,3924,285],"yoast_head":"<!-- This site is optimized with the Yoast SEO plugin v21.0 - https:\/\/yoast.com\/wordpress\/plugins\/seo\/ -->\n<title>Composition de West Ham contre Leicester\u00a0: XI pr\u00e9vu pour le choc de Premier League, y compris l&#039;appel de Mohammed Kudus<\/title>\n<meta name=\"robots\" content=\"index, follow, max-snippet:-1, max-image-preview:large, max-video-preview:-1\" \/>\n<link rel=\"canonical\" href=\"https:\/\/footdavant.fr\/actualites\/composition-de-west-ham-contre-leicester-xi-prevu-pour-le-choc-de-premier-league-y-compris-lappel-de-mohammed-kudus\/\" \/>\n<meta property=\"og:locale\" content=\"fr_FR\" \/>\n<meta property=\"og:type\" content=\"article\" \/>\n<meta property=\"og:title\" content=\"Composition de West Ham contre Leicester\u00a0: XI pr\u00e9vu pour le choc de Premier League, y compris l&#039;appel de Mohammed Kudus\" \/>\n<meta property=\"og:description\" content=\"Sports Mole examine en profondeur la fa\u00e7on dont West Ham United pourrait s&#039;aligner pour le choc de Premier League de mardi avec Leicester City. West\" \/>\n<meta property=\"og:url\" content=\"https:\/\/footdavant.fr\/actualites\/composition-de-west-ham-contre-leicester-xi-prevu-pour-le-choc-de-premier-league-y-compris-lappel-de-mohammed-kudus\/\" \/>\n<meta property=\"og:site_name\" content=\"Foot d&#039;avant\" \/>\n<meta property=\"article:publisher\" content=\"https:\/\/www.facebook.com\/Footdavant\/\" \/>\n<meta property=\"article:published_time\" content=\"2024-12-05T17:48:05+00:00\" \/>\n<meta property=\"article:modified_time\" content=\"2024-12-05T17:48:06+00:00\" \/>\n<meta property=\"og:image\" content=\"https:\/\/footdavant.fr\/actualites\/wp-content\/uploads\/2024\/12\/Composition-de-West-Ham-contre-Leicester-XI-prevu-pour-le.jpg\" \/>\n\t<meta property=\"og:image:width\" content=\"100\" \/>\n\t<meta property=\"og:image:height\" content=\"120\" \/>\n\t<meta property=\"og:image:type\" content=\"image\/jpeg\" \/>\n<meta name=\"author\" content=\"Cl\u00e9ment\" \/>\n<meta name=\"twitter:card\" content=\"summary_large_image\" \/>\n<meta name=\"twitter:creator\" content=\"@FootdavantFr\" \/>\n<meta name=\"twitter:site\" content=\"@FootdavantFr\" \/>\n<meta name=\"twitter:label1\" content=\"\u00c9crit par\" \/>\n\t<meta name=\"twitter:data1\" content=\"Cl\u00e9ment\" \/>\n\t<meta name=\"twitter:label2\" content=\"Dur\u00e9e de lecture estim\u00e9e\" \/>\n\t<meta name=\"twitter:data2\" content=\"2 minutes\" \/>\n<script type=\"application\/ld+json\" class=\"yoast-schema-graph\">{\"@context\":\"https:\/\/schema.org\",\"@graph\":[{\"@type\":\"Article\",\"@id\":\"https:\/\/footdavant.fr\/actualites\/composition-de-west-ham-contre-leicester-xi-prevu-pour-le-choc-de-premier-league-y-compris-lappel-de-mohammed-kudus\/#article\",\"isPartOf\":{\"@id\":\"https:\/\/footdavant.fr\/actualites\/composition-de-west-ham-contre-leicester-xi-prevu-pour-le-choc-de-premier-league-y-compris-lappel-de-mohammed-kudus\/\"},\"author\":{\"name\":\"Cl\u00e9ment\",\"@id\":\"https:\/\/footdavant.fr\/actualites\/#\/schema\/person\/bc222566d95871b37e597b3ed3ba5e1d\"},\"headline\":\"Composition de West Ham contre Leicester\u00a0: XI pr\u00e9vu pour le choc de Premier League, y compris l&#39;appel de Mohammed Kudus\",\"datePublished\":\"2024-12-05T17:48:05+00:00\",\"dateModified\":\"2024-12-05T17:48:06+00:00\",\"mainEntityOfPage\":{\"@id\":\"https:\/\/footdavant.fr\/actualites\/composition-de-west-ham-contre-leicester-xi-prevu-pour-le-choc-de-premier-league-y-compris-lappel-de-mohammed-kudus\/\"},\"wordCount\":418,\"publisher\":{\"@id\":\"https:\/\/footdavant.fr\/actualites\/#organization\"},\"keywords\":[\"choc\",\"composition\",\"compris\",\"contre\",\"Ham\",\"Kudus\",\"l39appel\",\"League\",\"Leicester\",\"Mohammed\",\"pour\",\"Premier\",\"pr\u00e9vu\",\"West\"],\"articleSection\":[\"Premier League\"],\"inLanguage\":\"fr-FR\"},{\"@type\":\"WebPage\",\"@id\":\"https:\/\/footdavant.fr\/actualites\/composition-de-west-ham-contre-leicester-xi-prevu-pour-le-choc-de-premier-league-y-compris-lappel-de-mohammed-kudus\/\",\"url\":\"https:\/\/footdavant.fr\/actualites\/composition-de-west-ham-contre-leicester-xi-prevu-pour-le-choc-de-premier-league-y-compris-lappel-de-mohammed-kudus\/\",\"name\":\"Composition de West Ham contre Leicester\u00a0: XI pr\u00e9vu pour le choc de Premier League, y compris l&#39;appel de Mohammed Kudus\",\"isPartOf\":{\"@id\":\"https:\/\/footdavant.fr\/actualites\/#website\"},\"datePublished\":\"2024-12-05T17:48:05+00:00\",\"dateModified\":\"2024-12-05T17:48:06+00:00\",\"breadcrumb\":{\"@id\":\"https:\/\/footdavant.fr\/actualites\/composition-de-west-ham-contre-leicester-xi-prevu-pour-le-choc-de-premier-league-y-compris-lappel-de-mohammed-kudus\/#breadcrumb\"},\"inLanguage\":\"fr-FR\",\"potentialAction\":[{\"@type\":\"ReadAction\",\"target\":[\"https:\/\/footdavant.fr\/actualites\/composition-de-west-ham-contre-leicester-xi-prevu-pour-le-choc-de-premier-league-y-compris-lappel-de-mohammed-kudus\/\"]}]},{\"@type\":\"BreadcrumbList\",\"@id\":\"https:\/\/footdavant.fr\/actualites\/composition-de-west-ham-contre-leicester-xi-prevu-pour-le-choc-de-premier-league-y-compris-lappel-de-mohammed-kudus\/#breadcrumb\",\"itemListElement\":[{\"@type\":\"ListItem\",\"position\":1,\"name\":\"Accueil\",\"item\":\"https:\/\/footdavant.fr\/actualites\/\"},{\"@type\":\"ListItem\",\"position\":2,\"name\":\"Composition de West Ham contre Leicester\u00a0: XI pr\u00e9vu pour le choc de Premier League, y compris l&#39;appel de Mohammed Kudus\"}]},{\"@type\":\"WebSite\",\"@id\":\"https:\/\/footdavant.fr\/actualites\/#website\",\"url\":\"https:\/\/footdavant.fr\/actualites\/\",\"name\":\"Foot d'avant\",\"description\":\"\",\"publisher\":{\"@id\":\"https:\/\/footdavant.fr\/actualites\/#organization\"},\"potentialAction\":[{\"@type\":\"SearchAction\",\"target\":{\"@type\":\"EntryPoint\",\"urlTemplate\":\"https:\/\/footdavant.fr\/actualites\/?s={search_term_string}\"},\"query-input\":\"required name=search_term_string\"}],\"inLanguage\":\"fr-FR\"},{\"@type\":\"Organization\",\"@id\":\"https:\/\/footdavant.fr\/actualites\/#organization\",\"name\":\"Foot d'avant\",\"url\":\"https:\/\/footdavant.fr\/actualites\/\",\"logo\":{\"@type\":\"ImageObject\",\"inLanguage\":\"fr-FR\",\"@id\":\"https:\/\/footdavant.fr\/actualites\/#\/schema\/logo\/image\/\",\"url\":\"https:\/\/footdavant.fr\/actualites\/wp-content\/uploads\/2023\/09\/Copy-of-FootDavant-Logo.png\",\"contentUrl\":\"https:\/\/footdavant.fr\/actualites\/wp-content\/uploads\/2023\/09\/Copy-of-FootDavant-Logo.png\",\"width\":936,\"height\":549,\"caption\":\"Foot d'avant\"},\"image\":{\"@id\":\"https:\/\/footdavant.fr\/actualites\/#\/schema\/logo\/image\/\"},\"sameAs\":[\"https:\/\/www.facebook.com\/Footdavant\/\",\"https:\/\/twitter.com\/FootdavantFr\",\"https:\/\/www.instagram.com\/footdavant.fr\/\"]},{\"@type\":\"Person\",\"@id\":\"https:\/\/footdavant.fr\/actualites\/#\/schema\/person\/bc222566d95871b37e597b3ed3ba5e1d\",\"name\":\"Cl\u00e9ment\",\"image\":{\"@type\":\"ImageObject\",\"inLanguage\":\"fr-FR\",\"@id\":\"https:\/\/footdavant.fr\/actualites\/#\/schema\/person\/image\/\",\"url\":\"https:\/\/secure.gravatar.com\/avatar\/7728b29aac2719421e1a9159b2254c44?s=96&d=mm&r=g\",\"contentUrl\":\"https:\/\/secure.gravatar.com\/avatar\/7728b29aac2719421e1a9159b2254c44?s=96&d=mm&r=g\",\"caption\":\"Cl\u00e9ment\"},\"sameAs\":[\"https:\/\/footdavant.fr\/\"]}]}<\/script>\n<!-- \/ Yoast SEO plugin. -->","yoast_head_json":{"title":"Composition de West Ham contre Leicester\u00a0: XI pr\u00e9vu pour le choc de Premier League, y compris l&#39;appel de Mohammed Kudus","robots":{"index":"index","follow":"follow","max-snippet":"max-snippet:-1","max-image-preview":"max-image-preview:large","max-video-preview":"max-video-preview:-1"},"canonical":"https:\/\/footdavant.fr\/actualites\/composition-de-west-ham-contre-leicester-xi-prevu-pour-le-choc-de-premier-league-y-compris-lappel-de-mohammed-kudus\/","og_locale":"fr_FR","og_type":"article","og_title":"Composition de West Ham contre Leicester\u00a0: XI pr\u00e9vu pour le choc de Premier League, y compris l&#39;appel de Mohammed Kudus","og_description":"Sports Mole examine en profondeur la fa\u00e7on dont West Ham United pourrait s&#39;aligner pour le choc de Premier League de mardi avec Leicester City. West","og_url":"https:\/\/footdavant.fr\/actualites\/composition-de-west-ham-contre-leicester-xi-prevu-pour-le-choc-de-premier-league-y-compris-lappel-de-mohammed-kudus\/","og_site_name":"Foot d&#039;avant","article_publisher":"https:\/\/www.facebook.com\/Footdavant\/","article_published_time":"2024-12-05T17:48:05+00:00","article_modified_time":"2024-12-05T17:48:06+00:00","og_image":[{"width":100,"height":120,"url":"https:\/\/footdavant.fr\/actualites\/wp-content\/uploads\/2024\/12\/Composition-de-West-Ham-contre-Leicester-XI-prevu-pour-le.jpg","type":"image\/jpeg"}],"author":"Cl\u00e9ment","twitter_card":"summary_large_image","twitter_creator":"@FootdavantFr","twitter_site":"@FootdavantFr","twitter_misc":{"\u00c9crit par":"Cl\u00e9ment","Dur\u00e9e de lecture estim\u00e9e":"2 minutes"},"schema":{"@context":"https:\/\/schema.org","@graph":[{"@type":"Article","@id":"https:\/\/footdavant.fr\/actualites\/composition-de-west-ham-contre-leicester-xi-prevu-pour-le-choc-de-premier-league-y-compris-lappel-de-mohammed-kudus\/#article","isPartOf":{"@id":"https:\/\/footdavant.fr\/actualites\/composition-de-west-ham-contre-leicester-xi-prevu-pour-le-choc-de-premier-league-y-compris-lappel-de-mohammed-kudus\/"},"author":{"name":"Cl\u00e9ment","@id":"https:\/\/footdavant.fr\/actualites\/#\/schema\/person\/bc222566d95871b37e597b3ed3ba5e1d"},"headline":"Composition de West Ham contre Leicester\u00a0: XI pr\u00e9vu pour le choc de Premier League, y compris l&#39;appel de Mohammed Kudus","datePublished":"2024-12-05T17:48:05+00:00","dateModified":"2024-12-05T17:48:06+00:00","mainEntityOfPage":{"@id":"https:\/\/footdavant.fr\/actualites\/composition-de-west-ham-contre-leicester-xi-prevu-pour-le-choc-de-premier-league-y-compris-lappel-de-mohammed-kudus\/"},"wordCount":418,"publisher":{"@id":"https:\/\/footdavant.fr\/actualites\/#organization"},"keywords":["choc","composition","compris","contre","Ham","Kudus","l39appel","League","Leicester","Mohammed","pour","Premier","pr\u00e9vu","West"],"articleSection":["Premier League"],"inLanguage":"fr-FR"},{"@type":"WebPage","@id":"https:\/\/footdavant.fr\/actualites\/composition-de-west-ham-contre-leicester-xi-prevu-pour-le-choc-de-premier-league-y-compris-lappel-de-mohammed-kudus\/","url":"https:\/\/footdavant.fr\/actualites\/composition-de-west-ham-contre-leicester-xi-prevu-pour-le-choc-de-premier-league-y-compris-lappel-de-mohammed-kudus\/","name":"Composition de West Ham contre Leicester\u00a0: XI pr\u00e9vu pour le choc de Premier League, y compris l&#39;appel de Mohammed Kudus","isPartOf":{"@id":"https:\/\/footdavant.fr\/actualites\/#website"},"datePublished":"2024-12-05T17:48:05+00:00","dateModified":"2024-12-05T17:48:06+00:00","breadcrumb":{"@id":"https:\/\/footdavant.fr\/actualites\/composition-de-west-ham-contre-leicester-xi-prevu-pour-le-choc-de-premier-league-y-compris-lappel-de-mohammed-kudus\/#breadcrumb"},"inLanguage":"fr-FR","potentialAction":[{"@type":"ReadAction","target":["https:\/\/footdavant.fr\/actualites\/composition-de-west-ham-contre-leicester-xi-prevu-pour-le-choc-de-premier-league-y-compris-lappel-de-mohammed-kudus\/"]}]},{"@type":"BreadcrumbList","@id":"https:\/\/footdavant.fr\/actualites\/composition-de-west-ham-contre-leicester-xi-prevu-pour-le-choc-de-premier-league-y-compris-lappel-de-mohammed-kudus\/#breadcrumb","itemListElement":[{"@type":"ListItem","position":1,"name":"Accueil","item":"https:\/\/footdavant.fr\/actualites\/"},{"@type":"ListItem","position":2,"name":"Composition de West Ham contre Leicester\u00a0: XI pr\u00e9vu pour le choc de Premier League, y compris l&#39;appel de Mohammed Kudus"}]},{"@type":"WebSite","@id":"https:\/\/footdavant.fr\/actualites\/#website","url":"https:\/\/footdavant.fr\/actualites\/","name":"Foot d'avant","description":"","publisher":{"@id":"https:\/\/footdavant.fr\/actualites\/#organization"},"potentialAction":[{"@type":"SearchAction","target":{"@type":"EntryPoint","urlTemplate":"https:\/\/footdavant.fr\/actualites\/?s={search_term_string}"},"query-input":"required name=search_term_string"}],"inLanguage":"fr-FR"},{"@type":"Organization","@id":"https:\/\/footdavant.fr\/actualites\/#organization","name":"Foot d'avant","url":"https:\/\/footdavant.fr\/actualites\/","logo":{"@type":"ImageObject","inLanguage":"fr-FR","@id":"https:\/\/footdavant.fr\/actualites\/#\/schema\/logo\/image\/","url":"https:\/\/footdavant.fr\/actualites\/wp-content\/uploads\/2023\/09\/Copy-of-FootDavant-Logo.png","contentUrl":"https:\/\/footdavant.fr\/actualites\/wp-content\/uploads\/2023\/09\/Copy-of-FootDavant-Logo.png","width":936,"height":549,"caption":"Foot d'avant"},"image":{"@id":"https:\/\/footdavant.fr\/actualites\/#\/schema\/logo\/image\/"},"sameAs":["https:\/\/www.facebook.com\/Footdavant\/","https:\/\/twitter.com\/FootdavantFr","https:\/\/www.instagram.com\/footdavant.fr\/"]},{"@type":"Person","@id":"https:\/\/footdavant.fr\/actualites\/#\/schema\/person\/bc222566d95871b37e597b3ed3ba5e1d","name":"Cl\u00e9ment","image":{"@type":"ImageObject","inLanguage":"fr-FR","@id":"https:\/\/footdavant.fr\/actualites\/#\/schema\/person\/image\/","url":"https:\/\/secure.gravatar.com\/avatar\/7728b29aac2719421e1a9159b2254c44?s=96&d=mm&r=g","contentUrl":"https:\/\/secure.gravatar.com\/avatar\/7728b29aac2719421e1a9159b2254c44?s=96&d=mm&r=g","caption":"Cl\u00e9ment"},"sameAs":["https:\/\/footdavant.fr\/"]}]}},"_links":{"self":[{"href":"https:\/\/footdavant.fr\/actualites\/wp-json\/wp\/v2\/posts\/17070"}],"collection":[{"href":"https:\/\/footdavant.fr\/actualites\/wp-json\/wp\/v2\/posts"}],"about":[{"href":"https:\/\/footdavant.fr\/actualites\/wp-json\/wp\/v2\/types\/post"}],"author":[{"embeddable":true,"href":"https:\/\/footdavant.fr\/actualites\/wp-json\/wp\/v2\/users\/1"}],"replies":[{"embeddable":true,"href":"https:\/\/footdavant.fr\/actualites\/wp-json\/wp\/v2\/comments?post=17070"}],"version-history":[{"count":1,"href":"https:\/\/footdavant.fr\/actualites\/wp-json\/wp\/v2\/posts\/17070\/revisions"}],"predecessor-version":[{"id":17072,"href":"https:\/\/footdavant.fr\/actualites\/wp-json\/wp\/v2\/posts\/17070\/revisions\/17072"}],"wp:featuredmedia":[{"embeddable":true,"href":"https:\/\/footdavant.fr\/actualites\/wp-json\/wp\/v2\/media\/17071"}],"wp:attachment":[{"href":"https:\/\/footdavant.fr\/actualites\/wp-json\/wp\/v2\/media?parent=17070"}],"wp:term":[{"taxonomy":"category","embeddable":true,"href":"https:\/\/footdavant.fr\/actualites\/wp-json\/wp\/v2\/categories?post=17070"},{"taxonomy":"post_tag","embeddable":true,"href":"https:\/\/footdavant.fr\/actualites\/wp-json\/wp\/v2\/tags?post=17070"}],"curies":[{"name":"wp","href":"https:\/\/api.w.org\/{rel}","templated":true}]}}