{"id":17073,"date":"2024-12-05T20:48:08","date_gmt":"2024-12-05T19:48:08","guid":{"rendered":"https:\/\/footdavant.fr\/actualites\/quels-joueurs-sont-inactifs-pour-packers-contre-lions-lors-du-football-du-jeudi-soir-au-cours-de-la-semaine-14\/"},"modified":"2024-12-05T20:48:09","modified_gmt":"2024-12-05T19:48:09","slug":"quels-joueurs-sont-inactifs-pour-packers-contre-lions-lors-du-football-du-jeudi-soir-au-cours-de-la-semaine-14","status":"publish","type":"post","link":"https:\/\/footdavant.fr\/actualites\/quels-joueurs-sont-inactifs-pour-packers-contre-lions-lors-du-football-du-jeudi-soir-au-cours-de-la-semaine-14\/","title":{"rendered":"Quels joueurs sont inactifs pour Packers contre Lions lors du football du jeudi soir au cours de la semaine 14 ?"},"content":{"rendered":"<div>\n<p>Lors du Thursday Night Football de la semaine 14, les Packers sont en route pour affronter les Lions. Avec une victoire contre leur rival de la NFC Nord, D\u00e9troit pourrait \u00eatre la premi\u00e8re \u00e9quipe de la NFC \u00e0 d\u00e9crocher une place en s\u00e9ries \u00e9liminatoires. \u00c0 9-3, Green Bay est toujours en mesure de participer \u00e9galement aux s\u00e9ries \u00e9liminatoires. Ce sera un match difficile pour les Lions qui font face \u00e0 des blessures graves \u00e0 leur d\u00e9fense. Les Packers sont \u00e9galement amoch\u00e9s et il leur manquera des joueurs cl\u00e9s des deux c\u00f4t\u00e9s du ballon. D\u00e9troit est favoris\u00e9 par 3,5 points \u00e0 domicile ce soir contre Green Bay.<\/p>\n<h2>Quels joueurs ont d\u00e9j\u00e0 \u00e9t\u00e9 exclus du TNF lors de la semaine 14 ?<\/h2>\n<blockquote class=\"twitter-tweet\">\n<p dir=\"ltr\" lang=\"en\">Pour le bras de fer sur TNF :<br \/>&#8211; Le <a rel=\"nofollow\" href=\"https:\/\/twitter.com\/hashtag\/Packers?src=hash&amp;ref_src=twsrc%5Etfw\">#Emballeurs<\/a> exclus CB Jaire Alexander (genou) et WR Romeo Doubs (commotion c\u00e9r\u00e9brale).<br \/>&#8211; Le <a rel=\"nofollow\" href=\"https:\/\/twitter.com\/hashtag\/Lions?src=hash&amp;ref_src=twsrc%5Etfw\">#Lions<\/a> a exclu l&#39;OT Taylor Decker et les DL Josh Paschal, Levi Onwuzurike et DJ Reader.<\/p>\n<p>\u2013 Ian Rapoport (@RapSheet) <a rel=\"nofollow\" href=\"https:\/\/twitter.com\/RapSheet\/status\/1864418322135019698?ref_src=twsrc%5Etfw\">4 d\u00e9cembre 2024<\/a><\/p>\n<\/blockquote>\n<p>Aucune \u00e9quipe n&#39;est confront\u00e9e \u00e0 plus de blessures \u00e0 long terme d\u00e9fensivement cette saison que les Lions. D\u00e9troit compte actuellement 13 joueurs d\u00e9fensifs sur l\u2019IR. L\u2019\u00e9quipe suivante la plus proche en compte sept. M\u00eame avec les blessures, les Lions sont sur une s\u00e9quence de 10 victoires cons\u00e9cutives et jouent bien pour la plupart. Taylor Decker, Levi Onwuzurike, Josh Pashcal et DJ Readers sont tous sortis pour les Lions jeudi. Ce n\u2019est pas id\u00e9al pour les Lions, mais leur attaque a r\u00e9ussi \u00e0 maintenir l\u2019\u00e9quipe \u00e0 flot pendant que la d\u00e9fense tentait de se r\u00e9tablir.<\/p>\n<p>Pour Green Bay, Jaire Alexander, Romeo Doubs, Edgerrin Cooper et Corey Balentine affronteront les Lions. Les Packers ont une fiche de 7-1 \u00e0 leurs huit derniers matchs. Une victoire ce soir contre les Packers maintiendrait leurs espoirs de remporter la division en 2024. Ils ont d\u00e9j\u00e0 perdu une fois contre D\u00e9troit cette saison. Le demi offensif Josh Jacobs souffre d&#39;une blessure au mollet, mais jouera jeudi soir dans un match de division important. Il a port\u00e9 le ballon 19 fois la semaine derni\u00e8re pour 43 verges et un touch\u00e9 au sol. Jacobs a \u00e9galement ajout\u00e9 quatre attrap\u00e9s pour 74 verges. Green Bay aura besoin de ce type de production ce soir s\u2019ils veulent battre les Lions.<\/p>\n<\/p><\/div>\n<p><script async src=\"https:\/\/platform.twitter.com\/widgets.js\" charset=\"utf-8\"><\/script><\/p>\n","protected":false},"excerpt":{"rendered":"<p>Lors du Thursday Night Football de la semaine 14, les Packers sont en route pour affronter les Lions. Avec une victoire contre leur rival de<\/p>\n","protected":false},"author":1,"featured_media":17074,"comment_status":"closed","ping_status":"","sticky":false,"template":"","format":"standard","meta":{"footnotes":""},"categories":[3],"tags":[20,2427,474,7252,2019,220,1447,64,1446,51,2727,29,671,45],"yoast_head":"<!-- This site is optimized with the Yoast SEO plugin v21.0 - https:\/\/yoast.com\/wordpress\/plugins\/seo\/ -->\n<title>Quels joueurs sont inactifs pour Packers contre Lions lors du football du jeudi soir au cours de la semaine 14 ?<\/title>\n<meta name=\"robots\" content=\"index, follow, max-snippet:-1, max-image-preview:large, max-video-preview:-1\" \/>\n<link rel=\"canonical\" href=\"https:\/\/footdavant.fr\/actualites\/quels-joueurs-sont-inactifs-pour-packers-contre-lions-lors-du-football-du-jeudi-soir-au-cours-de-la-semaine-14\/\" \/>\n<meta property=\"og:locale\" content=\"fr_FR\" \/>\n<meta property=\"og:type\" content=\"article\" \/>\n<meta property=\"og:title\" content=\"Quels joueurs sont inactifs pour Packers contre Lions lors du football du jeudi soir au cours de la semaine 14 ?\" \/>\n<meta property=\"og:description\" content=\"Lors du Thursday Night Football de la semaine 14, les Packers sont en route pour affronter les Lions. Avec une victoire contre leur rival de\" \/>\n<meta property=\"og:url\" content=\"https:\/\/footdavant.fr\/actualites\/quels-joueurs-sont-inactifs-pour-packers-contre-lions-lors-du-football-du-jeudi-soir-au-cours-de-la-semaine-14\/\" \/>\n<meta property=\"og:site_name\" content=\"Foot d&#039;avant\" \/>\n<meta property=\"article:publisher\" content=\"https:\/\/www.facebook.com\/Footdavant\/\" \/>\n<meta property=\"article:published_time\" content=\"2024-12-05T19:48:08+00:00\" \/>\n<meta property=\"article:modified_time\" content=\"2024-12-05T19:48:09+00:00\" \/>\n<meta property=\"og:image\" content=\"https:\/\/footdavant.fr\/actualites\/wp-content\/uploads\/2024\/12\/Quels-joueurs-sont-inactifs-pour-Packers-contre-Lions-lors-du.jpg\" \/>\n\t<meta property=\"og:image:width\" content=\"696\" \/>\n\t<meta property=\"og:image:height\" content=\"464\" \/>\n\t<meta property=\"og:image:type\" content=\"image\/jpeg\" \/>\n<meta name=\"author\" content=\"Cl\u00e9ment\" \/>\n<meta name=\"twitter:card\" content=\"summary_large_image\" \/>\n<meta name=\"twitter:creator\" content=\"@FootdavantFr\" \/>\n<meta name=\"twitter:site\" content=\"@FootdavantFr\" \/>\n<meta name=\"twitter:label1\" content=\"\u00c9crit par\" \/>\n\t<meta name=\"twitter:data1\" content=\"Cl\u00e9ment\" \/>\n\t<meta name=\"twitter:label2\" content=\"Dur\u00e9e de lecture estim\u00e9e\" \/>\n\t<meta name=\"twitter:data2\" content=\"2 minutes\" \/>\n<script type=\"application\/ld+json\" class=\"yoast-schema-graph\">{\"@context\":\"https:\/\/schema.org\",\"@graph\":[{\"@type\":\"Article\",\"@id\":\"https:\/\/footdavant.fr\/actualites\/quels-joueurs-sont-inactifs-pour-packers-contre-lions-lors-du-football-du-jeudi-soir-au-cours-de-la-semaine-14\/#article\",\"isPartOf\":{\"@id\":\"https:\/\/footdavant.fr\/actualites\/quels-joueurs-sont-inactifs-pour-packers-contre-lions-lors-du-football-du-jeudi-soir-au-cours-de-la-semaine-14\/\"},\"author\":{\"name\":\"Cl\u00e9ment\",\"@id\":\"https:\/\/footdavant.fr\/actualites\/#\/schema\/person\/bc222566d95871b37e597b3ed3ba5e1d\"},\"headline\":\"Quels joueurs sont inactifs pour Packers contre Lions lors du football du jeudi soir au cours de la semaine 14 ?\",\"datePublished\":\"2024-12-05T19:48:08+00:00\",\"dateModified\":\"2024-12-05T19:48:09+00:00\",\"mainEntityOfPage\":{\"@id\":\"https:\/\/footdavant.fr\/actualites\/quels-joueurs-sont-inactifs-pour-packers-contre-lions-lors-du-football-du-jeudi-soir-au-cours-de-la-semaine-14\/\"},\"wordCount\":410,\"publisher\":{\"@id\":\"https:\/\/footdavant.fr\/actualites\/#organization\"},\"keywords\":[\"contre\",\"cours\",\"Football\",\"inactifs\",\"jeudi\",\"joueurs\",\"Lions\",\"lors\",\"Packers\",\"pour\",\"Quels\",\"semaine\",\"soir\",\"sont\"],\"articleSection\":[\"Football\"],\"inLanguage\":\"fr-FR\"},{\"@type\":\"WebPage\",\"@id\":\"https:\/\/footdavant.fr\/actualites\/quels-joueurs-sont-inactifs-pour-packers-contre-lions-lors-du-football-du-jeudi-soir-au-cours-de-la-semaine-14\/\",\"url\":\"https:\/\/footdavant.fr\/actualites\/quels-joueurs-sont-inactifs-pour-packers-contre-lions-lors-du-football-du-jeudi-soir-au-cours-de-la-semaine-14\/\",\"name\":\"Quels joueurs sont inactifs pour Packers contre Lions lors du football du jeudi soir au cours de la semaine 14 ?\",\"isPartOf\":{\"@id\":\"https:\/\/footdavant.fr\/actualites\/#website\"},\"datePublished\":\"2024-12-05T19:48:08+00:00\",\"dateModified\":\"2024-12-05T19:48:09+00:00\",\"breadcrumb\":{\"@id\":\"https:\/\/footdavant.fr\/actualites\/quels-joueurs-sont-inactifs-pour-packers-contre-lions-lors-du-football-du-jeudi-soir-au-cours-de-la-semaine-14\/#breadcrumb\"},\"inLanguage\":\"fr-FR\",\"potentialAction\":[{\"@type\":\"ReadAction\",\"target\":[\"https:\/\/footdavant.fr\/actualites\/quels-joueurs-sont-inactifs-pour-packers-contre-lions-lors-du-football-du-jeudi-soir-au-cours-de-la-semaine-14\/\"]}]},{\"@type\":\"BreadcrumbList\",\"@id\":\"https:\/\/footdavant.fr\/actualites\/quels-joueurs-sont-inactifs-pour-packers-contre-lions-lors-du-football-du-jeudi-soir-au-cours-de-la-semaine-14\/#breadcrumb\",\"itemListElement\":[{\"@type\":\"ListItem\",\"position\":1,\"name\":\"Accueil\",\"item\":\"https:\/\/footdavant.fr\/actualites\/\"},{\"@type\":\"ListItem\",\"position\":2,\"name\":\"Quels joueurs sont inactifs pour Packers contre Lions lors du football du jeudi soir au cours de la semaine 14 ?\"}]},{\"@type\":\"WebSite\",\"@id\":\"https:\/\/footdavant.fr\/actualites\/#website\",\"url\":\"https:\/\/footdavant.fr\/actualites\/\",\"name\":\"Foot d'avant\",\"description\":\"\",\"publisher\":{\"@id\":\"https:\/\/footdavant.fr\/actualites\/#organization\"},\"potentialAction\":[{\"@type\":\"SearchAction\",\"target\":{\"@type\":\"EntryPoint\",\"urlTemplate\":\"https:\/\/footdavant.fr\/actualites\/?s={search_term_string}\"},\"query-input\":\"required name=search_term_string\"}],\"inLanguage\":\"fr-FR\"},{\"@type\":\"Organization\",\"@id\":\"https:\/\/footdavant.fr\/actualites\/#organization\",\"name\":\"Foot d'avant\",\"url\":\"https:\/\/footdavant.fr\/actualites\/\",\"logo\":{\"@type\":\"ImageObject\",\"inLanguage\":\"fr-FR\",\"@id\":\"https:\/\/footdavant.fr\/actualites\/#\/schema\/logo\/image\/\",\"url\":\"https:\/\/footdavant.fr\/actualites\/wp-content\/uploads\/2023\/09\/Copy-of-FootDavant-Logo.png\",\"contentUrl\":\"https:\/\/footdavant.fr\/actualites\/wp-content\/uploads\/2023\/09\/Copy-of-FootDavant-Logo.png\",\"width\":936,\"height\":549,\"caption\":\"Foot d'avant\"},\"image\":{\"@id\":\"https:\/\/footdavant.fr\/actualites\/#\/schema\/logo\/image\/\"},\"sameAs\":[\"https:\/\/www.facebook.com\/Footdavant\/\",\"https:\/\/twitter.com\/FootdavantFr\",\"https:\/\/www.instagram.com\/footdavant.fr\/\"]},{\"@type\":\"Person\",\"@id\":\"https:\/\/footdavant.fr\/actualites\/#\/schema\/person\/bc222566d95871b37e597b3ed3ba5e1d\",\"name\":\"Cl\u00e9ment\",\"image\":{\"@type\":\"ImageObject\",\"inLanguage\":\"fr-FR\",\"@id\":\"https:\/\/footdavant.fr\/actualites\/#\/schema\/person\/image\/\",\"url\":\"https:\/\/secure.gravatar.com\/avatar\/7728b29aac2719421e1a9159b2254c44?s=96&d=mm&r=g\",\"contentUrl\":\"https:\/\/secure.gravatar.com\/avatar\/7728b29aac2719421e1a9159b2254c44?s=96&d=mm&r=g\",\"caption\":\"Cl\u00e9ment\"},\"sameAs\":[\"https:\/\/footdavant.fr\/\"]}]}<\/script>\n<!-- \/ Yoast SEO plugin. -->","yoast_head_json":{"title":"Quels joueurs sont inactifs pour Packers contre Lions lors du football du jeudi soir au cours de la semaine 14 ?","robots":{"index":"index","follow":"follow","max-snippet":"max-snippet:-1","max-image-preview":"max-image-preview:large","max-video-preview":"max-video-preview:-1"},"canonical":"https:\/\/footdavant.fr\/actualites\/quels-joueurs-sont-inactifs-pour-packers-contre-lions-lors-du-football-du-jeudi-soir-au-cours-de-la-semaine-14\/","og_locale":"fr_FR","og_type":"article","og_title":"Quels joueurs sont inactifs pour Packers contre Lions lors du football du jeudi soir au cours de la semaine 14 ?","og_description":"Lors du Thursday Night Football de la semaine 14, les Packers sont en route pour affronter les Lions. Avec une victoire contre leur rival de","og_url":"https:\/\/footdavant.fr\/actualites\/quels-joueurs-sont-inactifs-pour-packers-contre-lions-lors-du-football-du-jeudi-soir-au-cours-de-la-semaine-14\/","og_site_name":"Foot d&#039;avant","article_publisher":"https:\/\/www.facebook.com\/Footdavant\/","article_published_time":"2024-12-05T19:48:08+00:00","article_modified_time":"2024-12-05T19:48:09+00:00","og_image":[{"width":696,"height":464,"url":"https:\/\/footdavant.fr\/actualites\/wp-content\/uploads\/2024\/12\/Quels-joueurs-sont-inactifs-pour-Packers-contre-Lions-lors-du.jpg","type":"image\/jpeg"}],"author":"Cl\u00e9ment","twitter_card":"summary_large_image","twitter_creator":"@FootdavantFr","twitter_site":"@FootdavantFr","twitter_misc":{"\u00c9crit par":"Cl\u00e9ment","Dur\u00e9e de lecture estim\u00e9e":"2 minutes"},"schema":{"@context":"https:\/\/schema.org","@graph":[{"@type":"Article","@id":"https:\/\/footdavant.fr\/actualites\/quels-joueurs-sont-inactifs-pour-packers-contre-lions-lors-du-football-du-jeudi-soir-au-cours-de-la-semaine-14\/#article","isPartOf":{"@id":"https:\/\/footdavant.fr\/actualites\/quels-joueurs-sont-inactifs-pour-packers-contre-lions-lors-du-football-du-jeudi-soir-au-cours-de-la-semaine-14\/"},"author":{"name":"Cl\u00e9ment","@id":"https:\/\/footdavant.fr\/actualites\/#\/schema\/person\/bc222566d95871b37e597b3ed3ba5e1d"},"headline":"Quels joueurs sont inactifs pour Packers contre Lions lors du football du jeudi soir au cours de la semaine 14 ?","datePublished":"2024-12-05T19:48:08+00:00","dateModified":"2024-12-05T19:48:09+00:00","mainEntityOfPage":{"@id":"https:\/\/footdavant.fr\/actualites\/quels-joueurs-sont-inactifs-pour-packers-contre-lions-lors-du-football-du-jeudi-soir-au-cours-de-la-semaine-14\/"},"wordCount":410,"publisher":{"@id":"https:\/\/footdavant.fr\/actualites\/#organization"},"keywords":["contre","cours","Football","inactifs","jeudi","joueurs","Lions","lors","Packers","pour","Quels","semaine","soir","sont"],"articleSection":["Football"],"inLanguage":"fr-FR"},{"@type":"WebPage","@id":"https:\/\/footdavant.fr\/actualites\/quels-joueurs-sont-inactifs-pour-packers-contre-lions-lors-du-football-du-jeudi-soir-au-cours-de-la-semaine-14\/","url":"https:\/\/footdavant.fr\/actualites\/quels-joueurs-sont-inactifs-pour-packers-contre-lions-lors-du-football-du-jeudi-soir-au-cours-de-la-semaine-14\/","name":"Quels joueurs sont inactifs pour Packers contre Lions lors du football du jeudi soir au cours de la semaine 14 ?","isPartOf":{"@id":"https:\/\/footdavant.fr\/actualites\/#website"},"datePublished":"2024-12-05T19:48:08+00:00","dateModified":"2024-12-05T19:48:09+00:00","breadcrumb":{"@id":"https:\/\/footdavant.fr\/actualites\/quels-joueurs-sont-inactifs-pour-packers-contre-lions-lors-du-football-du-jeudi-soir-au-cours-de-la-semaine-14\/#breadcrumb"},"inLanguage":"fr-FR","potentialAction":[{"@type":"ReadAction","target":["https:\/\/footdavant.fr\/actualites\/quels-joueurs-sont-inactifs-pour-packers-contre-lions-lors-du-football-du-jeudi-soir-au-cours-de-la-semaine-14\/"]}]},{"@type":"BreadcrumbList","@id":"https:\/\/footdavant.fr\/actualites\/quels-joueurs-sont-inactifs-pour-packers-contre-lions-lors-du-football-du-jeudi-soir-au-cours-de-la-semaine-14\/#breadcrumb","itemListElement":[{"@type":"ListItem","position":1,"name":"Accueil","item":"https:\/\/footdavant.fr\/actualites\/"},{"@type":"ListItem","position":2,"name":"Quels joueurs sont inactifs pour Packers contre Lions lors du football du jeudi soir au cours de la semaine 14 ?"}]},{"@type":"WebSite","@id":"https:\/\/footdavant.fr\/actualites\/#website","url":"https:\/\/footdavant.fr\/actualites\/","name":"Foot d'avant","description":"","publisher":{"@id":"https:\/\/footdavant.fr\/actualites\/#organization"},"potentialAction":[{"@type":"SearchAction","target":{"@type":"EntryPoint","urlTemplate":"https:\/\/footdavant.fr\/actualites\/?s={search_term_string}"},"query-input":"required name=search_term_string"}],"inLanguage":"fr-FR"},{"@type":"Organization","@id":"https:\/\/footdavant.fr\/actualites\/#organization","name":"Foot d'avant","url":"https:\/\/footdavant.fr\/actualites\/","logo":{"@type":"ImageObject","inLanguage":"fr-FR","@id":"https:\/\/footdavant.fr\/actualites\/#\/schema\/logo\/image\/","url":"https:\/\/footdavant.fr\/actualites\/wp-content\/uploads\/2023\/09\/Copy-of-FootDavant-Logo.png","contentUrl":"https:\/\/footdavant.fr\/actualites\/wp-content\/uploads\/2023\/09\/Copy-of-FootDavant-Logo.png","width":936,"height":549,"caption":"Foot d'avant"},"image":{"@id":"https:\/\/footdavant.fr\/actualites\/#\/schema\/logo\/image\/"},"sameAs":["https:\/\/www.facebook.com\/Footdavant\/","https:\/\/twitter.com\/FootdavantFr","https:\/\/www.instagram.com\/footdavant.fr\/"]},{"@type":"Person","@id":"https:\/\/footdavant.fr\/actualites\/#\/schema\/person\/bc222566d95871b37e597b3ed3ba5e1d","name":"Cl\u00e9ment","image":{"@type":"ImageObject","inLanguage":"fr-FR","@id":"https:\/\/footdavant.fr\/actualites\/#\/schema\/person\/image\/","url":"https:\/\/secure.gravatar.com\/avatar\/7728b29aac2719421e1a9159b2254c44?s=96&d=mm&r=g","contentUrl":"https:\/\/secure.gravatar.com\/avatar\/7728b29aac2719421e1a9159b2254c44?s=96&d=mm&r=g","caption":"Cl\u00e9ment"},"sameAs":["https:\/\/footdavant.fr\/"]}]}},"_links":{"self":[{"href":"https:\/\/footdavant.fr\/actualites\/wp-json\/wp\/v2\/posts\/17073"}],"collection":[{"href":"https:\/\/footdavant.fr\/actualites\/wp-json\/wp\/v2\/posts"}],"about":[{"href":"https:\/\/footdavant.fr\/actualites\/wp-json\/wp\/v2\/types\/post"}],"author":[{"embeddable":true,"href":"https:\/\/footdavant.fr\/actualites\/wp-json\/wp\/v2\/users\/1"}],"replies":[{"embeddable":true,"href":"https:\/\/footdavant.fr\/actualites\/wp-json\/wp\/v2\/comments?post=17073"}],"version-history":[{"count":1,"href":"https:\/\/footdavant.fr\/actualites\/wp-json\/wp\/v2\/posts\/17073\/revisions"}],"predecessor-version":[{"id":17075,"href":"https:\/\/footdavant.fr\/actualites\/wp-json\/wp\/v2\/posts\/17073\/revisions\/17075"}],"wp:featuredmedia":[{"embeddable":true,"href":"https:\/\/footdavant.fr\/actualites\/wp-json\/wp\/v2\/media\/17074"}],"wp:attachment":[{"href":"https:\/\/footdavant.fr\/actualites\/wp-json\/wp\/v2\/media?parent=17073"}],"wp:term":[{"taxonomy":"category","embeddable":true,"href":"https:\/\/footdavant.fr\/actualites\/wp-json\/wp\/v2\/categories?post=17073"},{"taxonomy":"post_tag","embeddable":true,"href":"https:\/\/footdavant.fr\/actualites\/wp-json\/wp\/v2\/tags?post=17073"}],"curies":[{"name":"wp","href":"https:\/\/api.w.org\/{rel}","templated":true}]}}