{"id":17076,"date":"2024-12-05T22:48:11","date_gmt":"2024-12-05T21:48:11","guid":{"rendered":"https:\/\/footdavant.fr\/actualites\/composition-de-leicester-contre-west-ham-xi-prevu-pour-le-premier-match-de-ruud-van-nistelrooy\/"},"modified":"2024-12-05T22:48:11","modified_gmt":"2024-12-05T21:48:11","slug":"composition-de-leicester-contre-west-ham-xi-prevu-pour-le-premier-match-de-ruud-van-nistelrooy","status":"publish","type":"post","link":"https:\/\/footdavant.fr\/actualites\/composition-de-leicester-contre-west-ham-xi-prevu-pour-le-premier-match-de-ruud-van-nistelrooy\/","title":{"rendered":"Composition de Leicester contre West Ham\u00a0: XI pr\u00e9vu pour le premier match de Ruud van Nistelrooy"},"content":{"rendered":"<p>Sports Mole examine en profondeur la fa\u00e7on dont Leicester City pourrait s&#39;aligner pour le choc de Premier League de mardi avec West Ham United.<\/p>\n<div id=\"article_body\" itemprop=\"articleBody\">\n<p class=\"firstPara\">Nouvellement nomm\u00e9 <strong class=\"autotag\">Leicester City<\/strong> chef <strong class=\"autotag\">Ruud van Nistelrooy<\/strong> prend en charge son premier match des Foxes mardi soir, lorsque <strong class=\"autotag\">West Ham United<\/strong> rendez-vous au King Power Stadium de la Premier League.<\/p>\n<p>L&#39;ancien entra\u00eeneur-chef par int\u00e9rim de Manchester United a regard\u00e9 depuis les tribunes <strong>Brentford a battu son \u00e9quipe 4-1<\/strong> samedi, un match dans lequel <strong class=\"autotag\">Caleb Okoli<\/strong> a d\u00fb sortir t\u00f4t apr\u00e8s \u00eatre entr\u00e9 en collision avec son propre gardien.<\/p>\n<p>Le probl\u00e8me du d\u00e9fenseur n&#39;est pas grave, mais comme Leicester n&#39;a que 72 heures pour r\u00e9cup\u00e9rer de son d\u00e9placement au Gtech Community Stadium, ce serait un choc de le voir s&#39;aligner ici.<\/p>\n<p><strong class=\"autotag\">Abdoul Fatawu<\/strong> (LCA), <strong class=\"autotag\">Harry fait un clin d&#39;oeil<\/strong> (aine), <strong class=\"autotag\">Ricardo Pereira<\/strong> (cuisse) et <strong class=\"autotag\">Jakub Stolarczyk<\/strong> (cheville) ne sont pas non plus disponibles pour le premier match de Van Nistelrooy, o\u00f9 le N\u00e9erlandais devrait faire appel <strong class=\"autotag\">Jannik Vestergaard<\/strong> pour remplacer Okoli en d\u00e9fense.<\/p>\n<p>Patron int\u00e9rimaire <strong class=\"autotag\">Ben Dawson<\/strong> a opt\u00e9 pour trois d\u00e9fenseurs centraux \u00e0 Brentford, mais Van Nistelrooy a toujours privil\u00e9gi\u00e9 une arri\u00e8re-garde \u00e0 quatre et supprimera probablement <strong class=\"autotag\">Conor Coady<\/strong> de la formation de d\u00e9part au profit d&#39;un milieu de terrain ou d&#39;un attaquant suppl\u00e9mentaire.<\/p>\n<p><strong class=\"autotag\">Luc Thomas<\/strong> peut \u00e9galement s&#39;attendre \u00e0 \u00eatre \u00e9limin\u00e9 comme <strong class=\"autotag\">Victor Kristiansen<\/strong> retourne aux fonctions d&#39;arri\u00e8re gauche, tandis que soit <strong class=\"autotag\">Bobby Decordova-Reid<\/strong> ou <strong class=\"autotag\">St\u00e9phy Mavididi<\/strong> devraient b\u00e9n\u00e9ficier d\u2019un changement de syst\u00e8me \u00e0 grande \u00e9chelle.<\/p>\n<p>Quel que soit l&#39;ailier qui obtient le coup de pouce de Van Nistelrooy, il devrait constituer une attaque comportant \u00e9galement <strong class=\"autotag\">Jordan Ayew<\/strong>, <strong class=\"autotag\">Facundo Buonanotte<\/strong> et <strong class=\"autotag\">Jamie Vardy<\/strong>qui n\u2019a plus marqu\u00e9 de but contre West Ham depuis 2019.<\/p>\n<p><strong>Onze de d\u00e9part possible de Leicester City :<\/strong><br \/>Hermansen\u00a0; Justin, Faes, Vestergaard, Kristiansen\u00a0; Ndidi, Soumar\u00e9 ; Decordova-Reid, Buonanotte, Ayew; Vardy<\/p>\n<p><strong>> Cliquez ici pour voir comment West Ham pourrait s&#39;aligner pour ce match<\/strong><\/p>\n<div class=\"author_box\">\n<div class=\"author_box_banner\">\n<\/div>\n<\/div>\n<\/div>\n","protected":false},"excerpt":{"rendered":"<p>Sports Mole examine en profondeur la fa\u00e7on dont Leicester City pourrait s&#39;aligner pour le choc de Premier League de mardi avec West Ham United. Nouvellement<\/p>\n","protected":false},"author":1,"featured_media":17077,"comment_status":"closed","ping_status":"","sticky":false,"template":"","format":"standard","meta":{"footnotes":""},"categories":[5],"tags":[2291,20,286,1293,257,4169,51,201,3924,4168,783,285],"yoast_head":"<!-- This site is optimized with the Yoast SEO plugin v21.0 - https:\/\/yoast.com\/wordpress\/plugins\/seo\/ -->\n<title>Composition de Leicester contre West Ham\u00a0: XI pr\u00e9vu pour le premier match de Ruud van Nistelrooy<\/title>\n<meta name=\"robots\" content=\"index, follow, max-snippet:-1, max-image-preview:large, max-video-preview:-1\" \/>\n<link rel=\"canonical\" href=\"https:\/\/footdavant.fr\/actualites\/composition-de-leicester-contre-west-ham-xi-prevu-pour-le-premier-match-de-ruud-van-nistelrooy\/\" \/>\n<meta property=\"og:locale\" content=\"fr_FR\" \/>\n<meta property=\"og:type\" content=\"article\" \/>\n<meta property=\"og:title\" content=\"Composition de Leicester contre West Ham\u00a0: XI pr\u00e9vu pour le premier match de Ruud van Nistelrooy\" \/>\n<meta property=\"og:description\" content=\"Sports Mole examine en profondeur la fa\u00e7on dont Leicester City pourrait s&#039;aligner pour le choc de Premier League de mardi avec West Ham United. Nouvellement\" \/>\n<meta property=\"og:url\" content=\"https:\/\/footdavant.fr\/actualites\/composition-de-leicester-contre-west-ham-xi-prevu-pour-le-premier-match-de-ruud-van-nistelrooy\/\" \/>\n<meta property=\"og:site_name\" content=\"Foot d&#039;avant\" \/>\n<meta property=\"article:publisher\" content=\"https:\/\/www.facebook.com\/Footdavant\/\" \/>\n<meta property=\"article:published_time\" content=\"2024-12-05T21:48:11+00:00\" \/>\n<meta property=\"og:image\" content=\"https:\/\/footdavant.fr\/actualites\/wp-content\/uploads\/2024\/12\/Composition-de-Leicester-contre-West-Ham-XI-prevu-pour-le.jpg\" \/>\n\t<meta property=\"og:image:width\" content=\"100\" \/>\n\t<meta property=\"og:image:height\" content=\"120\" \/>\n\t<meta property=\"og:image:type\" content=\"image\/jpeg\" \/>\n<meta name=\"author\" content=\"Cl\u00e9ment\" \/>\n<meta name=\"twitter:card\" content=\"summary_large_image\" \/>\n<meta name=\"twitter:creator\" content=\"@FootdavantFr\" \/>\n<meta name=\"twitter:site\" content=\"@FootdavantFr\" \/>\n<meta name=\"twitter:label1\" content=\"\u00c9crit par\" \/>\n\t<meta name=\"twitter:data1\" content=\"Cl\u00e9ment\" \/>\n\t<meta name=\"twitter:label2\" content=\"Dur\u00e9e de lecture estim\u00e9e\" \/>\n\t<meta name=\"twitter:data2\" content=\"2 minutes\" \/>\n<script type=\"application\/ld+json\" class=\"yoast-schema-graph\">{\"@context\":\"https:\/\/schema.org\",\"@graph\":[{\"@type\":\"Article\",\"@id\":\"https:\/\/footdavant.fr\/actualites\/composition-de-leicester-contre-west-ham-xi-prevu-pour-le-premier-match-de-ruud-van-nistelrooy\/#article\",\"isPartOf\":{\"@id\":\"https:\/\/footdavant.fr\/actualites\/composition-de-leicester-contre-west-ham-xi-prevu-pour-le-premier-match-de-ruud-van-nistelrooy\/\"},\"author\":{\"name\":\"Cl\u00e9ment\",\"@id\":\"https:\/\/footdavant.fr\/actualites\/#\/schema\/person\/bc222566d95871b37e597b3ed3ba5e1d\"},\"headline\":\"Composition de Leicester contre West Ham\u00a0: XI pr\u00e9vu pour le premier match de Ruud van Nistelrooy\",\"datePublished\":\"2024-12-05T21:48:11+00:00\",\"dateModified\":\"2024-12-05T21:48:11+00:00\",\"mainEntityOfPage\":{\"@id\":\"https:\/\/footdavant.fr\/actualites\/composition-de-leicester-contre-west-ham-xi-prevu-pour-le-premier-match-de-ruud-van-nistelrooy\/\"},\"wordCount\":358,\"publisher\":{\"@id\":\"https:\/\/footdavant.fr\/actualites\/#organization\"},\"keywords\":[\"composition\",\"contre\",\"Ham\",\"Leicester\",\"match\",\"Nistelrooy\",\"pour\",\"Premier\",\"pr\u00e9vu\",\"Ruud\",\"van\",\"West\"],\"articleSection\":[\"Premier League\"],\"inLanguage\":\"fr-FR\"},{\"@type\":\"WebPage\",\"@id\":\"https:\/\/footdavant.fr\/actualites\/composition-de-leicester-contre-west-ham-xi-prevu-pour-le-premier-match-de-ruud-van-nistelrooy\/\",\"url\":\"https:\/\/footdavant.fr\/actualites\/composition-de-leicester-contre-west-ham-xi-prevu-pour-le-premier-match-de-ruud-van-nistelrooy\/\",\"name\":\"Composition de Leicester contre West Ham\u00a0: XI pr\u00e9vu pour le premier match de Ruud van Nistelrooy\",\"isPartOf\":{\"@id\":\"https:\/\/footdavant.fr\/actualites\/#website\"},\"datePublished\":\"2024-12-05T21:48:11+00:00\",\"dateModified\":\"2024-12-05T21:48:11+00:00\",\"breadcrumb\":{\"@id\":\"https:\/\/footdavant.fr\/actualites\/composition-de-leicester-contre-west-ham-xi-prevu-pour-le-premier-match-de-ruud-van-nistelrooy\/#breadcrumb\"},\"inLanguage\":\"fr-FR\",\"potentialAction\":[{\"@type\":\"ReadAction\",\"target\":[\"https:\/\/footdavant.fr\/actualites\/composition-de-leicester-contre-west-ham-xi-prevu-pour-le-premier-match-de-ruud-van-nistelrooy\/\"]}]},{\"@type\":\"BreadcrumbList\",\"@id\":\"https:\/\/footdavant.fr\/actualites\/composition-de-leicester-contre-west-ham-xi-prevu-pour-le-premier-match-de-ruud-van-nistelrooy\/#breadcrumb\",\"itemListElement\":[{\"@type\":\"ListItem\",\"position\":1,\"name\":\"Accueil\",\"item\":\"https:\/\/footdavant.fr\/actualites\/\"},{\"@type\":\"ListItem\",\"position\":2,\"name\":\"Composition de Leicester contre West Ham\u00a0: XI pr\u00e9vu pour le premier match de Ruud van Nistelrooy\"}]},{\"@type\":\"WebSite\",\"@id\":\"https:\/\/footdavant.fr\/actualites\/#website\",\"url\":\"https:\/\/footdavant.fr\/actualites\/\",\"name\":\"Foot d'avant\",\"description\":\"\",\"publisher\":{\"@id\":\"https:\/\/footdavant.fr\/actualites\/#organization\"},\"potentialAction\":[{\"@type\":\"SearchAction\",\"target\":{\"@type\":\"EntryPoint\",\"urlTemplate\":\"https:\/\/footdavant.fr\/actualites\/?s={search_term_string}\"},\"query-input\":\"required name=search_term_string\"}],\"inLanguage\":\"fr-FR\"},{\"@type\":\"Organization\",\"@id\":\"https:\/\/footdavant.fr\/actualites\/#organization\",\"name\":\"Foot d'avant\",\"url\":\"https:\/\/footdavant.fr\/actualites\/\",\"logo\":{\"@type\":\"ImageObject\",\"inLanguage\":\"fr-FR\",\"@id\":\"https:\/\/footdavant.fr\/actualites\/#\/schema\/logo\/image\/\",\"url\":\"https:\/\/footdavant.fr\/actualites\/wp-content\/uploads\/2023\/09\/Copy-of-FootDavant-Logo.png\",\"contentUrl\":\"https:\/\/footdavant.fr\/actualites\/wp-content\/uploads\/2023\/09\/Copy-of-FootDavant-Logo.png\",\"width\":936,\"height\":549,\"caption\":\"Foot d'avant\"},\"image\":{\"@id\":\"https:\/\/footdavant.fr\/actualites\/#\/schema\/logo\/image\/\"},\"sameAs\":[\"https:\/\/www.facebook.com\/Footdavant\/\",\"https:\/\/twitter.com\/FootdavantFr\",\"https:\/\/www.instagram.com\/footdavant.fr\/\"]},{\"@type\":\"Person\",\"@id\":\"https:\/\/footdavant.fr\/actualites\/#\/schema\/person\/bc222566d95871b37e597b3ed3ba5e1d\",\"name\":\"Cl\u00e9ment\",\"image\":{\"@type\":\"ImageObject\",\"inLanguage\":\"fr-FR\",\"@id\":\"https:\/\/footdavant.fr\/actualites\/#\/schema\/person\/image\/\",\"url\":\"https:\/\/secure.gravatar.com\/avatar\/7728b29aac2719421e1a9159b2254c44?s=96&d=mm&r=g\",\"contentUrl\":\"https:\/\/secure.gravatar.com\/avatar\/7728b29aac2719421e1a9159b2254c44?s=96&d=mm&r=g\",\"caption\":\"Cl\u00e9ment\"},\"sameAs\":[\"https:\/\/footdavant.fr\/\"]}]}<\/script>\n<!-- \/ Yoast SEO plugin. -->","yoast_head_json":{"title":"Composition de Leicester contre West Ham\u00a0: XI pr\u00e9vu pour le premier match de Ruud van Nistelrooy","robots":{"index":"index","follow":"follow","max-snippet":"max-snippet:-1","max-image-preview":"max-image-preview:large","max-video-preview":"max-video-preview:-1"},"canonical":"https:\/\/footdavant.fr\/actualites\/composition-de-leicester-contre-west-ham-xi-prevu-pour-le-premier-match-de-ruud-van-nistelrooy\/","og_locale":"fr_FR","og_type":"article","og_title":"Composition de Leicester contre West Ham\u00a0: XI pr\u00e9vu pour le premier match de Ruud van Nistelrooy","og_description":"Sports Mole examine en profondeur la fa\u00e7on dont Leicester City pourrait s&#39;aligner pour le choc de Premier League de mardi avec West Ham United. Nouvellement","og_url":"https:\/\/footdavant.fr\/actualites\/composition-de-leicester-contre-west-ham-xi-prevu-pour-le-premier-match-de-ruud-van-nistelrooy\/","og_site_name":"Foot d&#039;avant","article_publisher":"https:\/\/www.facebook.com\/Footdavant\/","article_published_time":"2024-12-05T21:48:11+00:00","og_image":[{"width":100,"height":120,"url":"https:\/\/footdavant.fr\/actualites\/wp-content\/uploads\/2024\/12\/Composition-de-Leicester-contre-West-Ham-XI-prevu-pour-le.jpg","type":"image\/jpeg"}],"author":"Cl\u00e9ment","twitter_card":"summary_large_image","twitter_creator":"@FootdavantFr","twitter_site":"@FootdavantFr","twitter_misc":{"\u00c9crit par":"Cl\u00e9ment","Dur\u00e9e de lecture estim\u00e9e":"2 minutes"},"schema":{"@context":"https:\/\/schema.org","@graph":[{"@type":"Article","@id":"https:\/\/footdavant.fr\/actualites\/composition-de-leicester-contre-west-ham-xi-prevu-pour-le-premier-match-de-ruud-van-nistelrooy\/#article","isPartOf":{"@id":"https:\/\/footdavant.fr\/actualites\/composition-de-leicester-contre-west-ham-xi-prevu-pour-le-premier-match-de-ruud-van-nistelrooy\/"},"author":{"name":"Cl\u00e9ment","@id":"https:\/\/footdavant.fr\/actualites\/#\/schema\/person\/bc222566d95871b37e597b3ed3ba5e1d"},"headline":"Composition de Leicester contre West Ham\u00a0: XI pr\u00e9vu pour le premier match de Ruud van Nistelrooy","datePublished":"2024-12-05T21:48:11+00:00","dateModified":"2024-12-05T21:48:11+00:00","mainEntityOfPage":{"@id":"https:\/\/footdavant.fr\/actualites\/composition-de-leicester-contre-west-ham-xi-prevu-pour-le-premier-match-de-ruud-van-nistelrooy\/"},"wordCount":358,"publisher":{"@id":"https:\/\/footdavant.fr\/actualites\/#organization"},"keywords":["composition","contre","Ham","Leicester","match","Nistelrooy","pour","Premier","pr\u00e9vu","Ruud","van","West"],"articleSection":["Premier League"],"inLanguage":"fr-FR"},{"@type":"WebPage","@id":"https:\/\/footdavant.fr\/actualites\/composition-de-leicester-contre-west-ham-xi-prevu-pour-le-premier-match-de-ruud-van-nistelrooy\/","url":"https:\/\/footdavant.fr\/actualites\/composition-de-leicester-contre-west-ham-xi-prevu-pour-le-premier-match-de-ruud-van-nistelrooy\/","name":"Composition de Leicester contre West Ham\u00a0: XI pr\u00e9vu pour le premier match de Ruud van Nistelrooy","isPartOf":{"@id":"https:\/\/footdavant.fr\/actualites\/#website"},"datePublished":"2024-12-05T21:48:11+00:00","dateModified":"2024-12-05T21:48:11+00:00","breadcrumb":{"@id":"https:\/\/footdavant.fr\/actualites\/composition-de-leicester-contre-west-ham-xi-prevu-pour-le-premier-match-de-ruud-van-nistelrooy\/#breadcrumb"},"inLanguage":"fr-FR","potentialAction":[{"@type":"ReadAction","target":["https:\/\/footdavant.fr\/actualites\/composition-de-leicester-contre-west-ham-xi-prevu-pour-le-premier-match-de-ruud-van-nistelrooy\/"]}]},{"@type":"BreadcrumbList","@id":"https:\/\/footdavant.fr\/actualites\/composition-de-leicester-contre-west-ham-xi-prevu-pour-le-premier-match-de-ruud-van-nistelrooy\/#breadcrumb","itemListElement":[{"@type":"ListItem","position":1,"name":"Accueil","item":"https:\/\/footdavant.fr\/actualites\/"},{"@type":"ListItem","position":2,"name":"Composition de Leicester contre West Ham\u00a0: XI pr\u00e9vu pour le premier match de Ruud van Nistelrooy"}]},{"@type":"WebSite","@id":"https:\/\/footdavant.fr\/actualites\/#website","url":"https:\/\/footdavant.fr\/actualites\/","name":"Foot d'avant","description":"","publisher":{"@id":"https:\/\/footdavant.fr\/actualites\/#organization"},"potentialAction":[{"@type":"SearchAction","target":{"@type":"EntryPoint","urlTemplate":"https:\/\/footdavant.fr\/actualites\/?s={search_term_string}"},"query-input":"required name=search_term_string"}],"inLanguage":"fr-FR"},{"@type":"Organization","@id":"https:\/\/footdavant.fr\/actualites\/#organization","name":"Foot d'avant","url":"https:\/\/footdavant.fr\/actualites\/","logo":{"@type":"ImageObject","inLanguage":"fr-FR","@id":"https:\/\/footdavant.fr\/actualites\/#\/schema\/logo\/image\/","url":"https:\/\/footdavant.fr\/actualites\/wp-content\/uploads\/2023\/09\/Copy-of-FootDavant-Logo.png","contentUrl":"https:\/\/footdavant.fr\/actualites\/wp-content\/uploads\/2023\/09\/Copy-of-FootDavant-Logo.png","width":936,"height":549,"caption":"Foot d'avant"},"image":{"@id":"https:\/\/footdavant.fr\/actualites\/#\/schema\/logo\/image\/"},"sameAs":["https:\/\/www.facebook.com\/Footdavant\/","https:\/\/twitter.com\/FootdavantFr","https:\/\/www.instagram.com\/footdavant.fr\/"]},{"@type":"Person","@id":"https:\/\/footdavant.fr\/actualites\/#\/schema\/person\/bc222566d95871b37e597b3ed3ba5e1d","name":"Cl\u00e9ment","image":{"@type":"ImageObject","inLanguage":"fr-FR","@id":"https:\/\/footdavant.fr\/actualites\/#\/schema\/person\/image\/","url":"https:\/\/secure.gravatar.com\/avatar\/7728b29aac2719421e1a9159b2254c44?s=96&d=mm&r=g","contentUrl":"https:\/\/secure.gravatar.com\/avatar\/7728b29aac2719421e1a9159b2254c44?s=96&d=mm&r=g","caption":"Cl\u00e9ment"},"sameAs":["https:\/\/footdavant.fr\/"]}]}},"_links":{"self":[{"href":"https:\/\/footdavant.fr\/actualites\/wp-json\/wp\/v2\/posts\/17076"}],"collection":[{"href":"https:\/\/footdavant.fr\/actualites\/wp-json\/wp\/v2\/posts"}],"about":[{"href":"https:\/\/footdavant.fr\/actualites\/wp-json\/wp\/v2\/types\/post"}],"author":[{"embeddable":true,"href":"https:\/\/footdavant.fr\/actualites\/wp-json\/wp\/v2\/users\/1"}],"replies":[{"embeddable":true,"href":"https:\/\/footdavant.fr\/actualites\/wp-json\/wp\/v2\/comments?post=17076"}],"version-history":[{"count":1,"href":"https:\/\/footdavant.fr\/actualites\/wp-json\/wp\/v2\/posts\/17076\/revisions"}],"predecessor-version":[{"id":17078,"href":"https:\/\/footdavant.fr\/actualites\/wp-json\/wp\/v2\/posts\/17076\/revisions\/17078"}],"wp:featuredmedia":[{"embeddable":true,"href":"https:\/\/footdavant.fr\/actualites\/wp-json\/wp\/v2\/media\/17077"}],"wp:attachment":[{"href":"https:\/\/footdavant.fr\/actualites\/wp-json\/wp\/v2\/media?parent=17076"}],"wp:term":[{"taxonomy":"category","embeddable":true,"href":"https:\/\/footdavant.fr\/actualites\/wp-json\/wp\/v2\/categories?post=17076"},{"taxonomy":"post_tag","embeddable":true,"href":"https:\/\/footdavant.fr\/actualites\/wp-json\/wp\/v2\/tags?post=17076"}],"curies":[{"name":"wp","href":"https:\/\/api.w.org\/{rel}","templated":true}]}}